{"id":4043,"date":"2010-06-03T00:11:14","date_gmt":"2010-06-02T23:11:14","guid":{"rendered":"http:\/\/www.kobler-margreid.com\/blog\/?p=4043"},"modified":"2010-06-03T00:19:17","modified_gmt":"2010-06-02T23:19:17","slug":"beta-tester","status":"publish","type":"post","link":"https:\/\/www.kobler-margreid.com\/blog\/blog\/2010\/06\/03\/beta-tester\/","title":{"rendered":"Beta Tester"},"content":{"rendered":"<p><a href=\"http:\/\/www.kobler-margreid.com\/blog\/wp-content\/2010\/06\/2010-05-31_19-22-55.jpg\" rel=\"lightbox[4043]\"><br \/>\n<img loading=\"lazy\" decoding=\"async\" class=\"float left size-full wp-image-4045   alignnone\" style=\"border: 0pt none; margin: 0px 5px;\" title=\"2010-05-31_19-22-55\" src=\"http:\/\/www.kobler-margreid.com\/blog\/wp-content\/2010\/06\/2010-05-31_19-22-55-e1275517039401.jpg\" alt=\"\" width=\"528\" height=\"396\" \/><\/a><\/p>\n<p>Es fehlen weniger als zwei Wochen, und anl\u00e4sslich der <a href=\"http:\/\/www.suedtiroler-weinstrasse.it\/deutsch\/aktuelle-veranstaltungen\/nacht-der-keller.html\" target=\"_blank\">Nacht der Keller<\/a> wird der <a href=\"http:\/\/www.kobler-margreid.com\/blog\/tag\/weinraum-kobler\/\" target=\"_blank\">weinraum KOBLER<\/a> erstmals eine erste offizielle und zugleich massive Bew\u00e4hrungsprobe ausgesetzt sein. In der Zwischenzeit proben wir mit kleineren Veranstaltungen den Ernstfall, an bereitwilligen <a href=\"http:\/\/de.wikipedia.org\/wiki\/Betatest\" target=\"_blank\">Beta Testern<\/a> fehlt es zum Gl\u00fcck nicht. Nach dem Besuch von Winzern aus dem Burgenland und B\u00e4uerinnen aus Frangart waren vorgesten Weininteressierte zu Gast, welche die Veranstaltung\u00a0&#8222;<a href=\"http:\/\/www.suedtiroler-weinstrasse.it\/deutsch\/veranstaltungen\/das-verkostungsarchiv-im-kopf.html\" target=\"_blank\">Wie schaffe ich mir mein Verkostungsarchiv?<\/a>&#8222;, veranstaltet von der <a href=\"http:\/\/www.suedtiroler-weinstrasse.it\/deutsch\/\" target=\"_blank\">S\u00fcdtiroler Weinstra\u00dfe<\/a> und der\u00a0<a href=\"http:\/\/www.sommeliervereinigung.it\/\" target=\"_blank\">Sommeliervereinigung<\/a> (Wolfgang Kager als Referent), besuchten. Heute wird die <a href=\"http:\/\/www.suedtiroler-weinstrasse.it\/deutsch\/aktuelle-veranstaltungen\/weinsafari.html\" target=\"_blank\">Weinsafari<\/a> zu Gast sein, dann m\u00fcssen die letzten allf\u00e4lligen Verbesserungen durchgef\u00fchrt werden. Nach dem 12.Juni werden wir mehr wissen.<\/p>\n<p><em>Mancano meno di due settimane ed in occasione della <a href=\"http:\/\/www.suedtiroler-weinstrasse.it\/italiano\/manifestazioni-attuali\/notte-delle-cantine.html\" target=\"_blank\">Notte delle Cantine<\/a><\/em><em> il <\/em><a href=\"http:\/\/www.kobler-margreid.com\/blog\/tag\/weinraum-kobler\/\" target=\"_blank\"><em>weinraum KOBLER<\/em><\/a><em> verr\u00e0 sottoposto alla prima ufficiale e massiccia prova del fuoco. Nel frattempo proviamo l&#8217;emergenza con manifestazioni pi\u00f9 piccole, per fortuna ci sono abbastanza <a href=\"http:\/\/it.wikipedia.org\/wiki\/Beta_testing\" target=\"_blank\">Beta Tester<\/a><\/em><em>. Dopo la visita di vignaioli del Burgenland austriaco e di Donne Rurali di Frangart l&#8217;altro ieri abbiamo dato il benvenuto agli interessati che hanno frequentato il seminario &#8222;<\/em><a href=\"http:\/\/http:\/\/www.suedtiroler-weinstrasse.it\/italiano\/manifestazioni\/come-creare-il-proprio-archivio-sensoriale.html\" target=\"_blank\"><em>Come creare il proprio archivio sensoriale<\/em><\/a><em>&#8222;, che \u00e8 stato organizzato d<\/em><em>a <a href=\"http:\/\/www.suedtiroler-weinstrasse.it\/italiano\/\" target=\"_blank\">La Strada del Vino<\/a><\/em><em> e dall&#8216;<\/em><a href=\"http:\/\/www.sommeliervereinigung.it\/index.php?sys[lang]=it\" target=\"_blank\"><em>Associazione Sommelier dell\u2019Alto Adige<\/em><\/a><em> (relatore Wolfgang Kager). Oggi sar\u00e0 ospite la <a href=\"http:\/\/www.suedtiroler-weinstrasse.it\/italiano\/manifestazioni-attuali\/vinosafari.html\" target=\"_blank\">VinoSafari<\/a><\/em><em>, in seguito dovranno essere eseguiti gli ultimi eventuali perfezionamenti. Dopo il 12 giugno sapremo di pi\u00f9.<\/em><\/p>\n<p><em><br \/>\n<\/em><\/p>\n","protected":false},"excerpt":{"rendered":"<p>Es fehlen weniger als zwei Wochen, und anl\u00e4sslich der Nacht der Keller wird der weinraum KOBLER erstmals eine erste offizielle und zugleich massive Bew\u00e4hrungsprobe ausgesetzt sein. In der Zwischenzeit proben wir mit kleineren Veranstaltungen den Ernstfall, an bereitwilligen Beta Testern &hellip; <a href=\"https:\/\/www.kobler-margreid.com\/blog\/blog\/2010\/06\/03\/beta-tester\/\">Weiterlesen <span class=\"meta-nav\">&rarr;<\/span><\/a><\/p>\n","protected":false},"author":6,"featured_media":0,"comment_status":"open","ping_status":"open","sticky":false,"template":"","format":"standard","meta":{"ngg_post_thumbnail":0,"footnotes":"","_links_to":"","_links_to_target":""},"categories":[632],"tags":[81,436,564,563,682,1482,683],"class_list":["post-4043","post","type-post","status-publish","format-standard","hentry","category-weinraum-kobler","tag-nacht-der-keller","tag-notte-delle-cantine","tag-strada-del-vino","tag-sudtiroler-weinstrase","tag-vinosafari","tag-weinraum-kobler","tag-weinsafari"],"yoast_head":"<!-- This site is optimized with the Yoast SEO plugin v27.5 - https:\/\/yoast.com\/product\/yoast-seo-wordpress\/ -->\n<title>Beta Tester - weinhof KOBLER weblog<\/title>\n<meta name=\"robots\" content=\"index, follow, max-snippet:-1, max-image-preview:large, max-video-preview:-1\" \/>\n<link rel=\"canonical\" href=\"https:\/\/www.kobler-margreid.com\/blog\/blog\/2010\/06\/03\/beta-tester\/\" \/>\n<meta property=\"og:locale\" content=\"de_DE\" \/>\n<meta property=\"og:type\" content=\"article\" \/>\n<meta property=\"og:title\" content=\"Beta Tester - weinhof KOBLER weblog\" \/>\n<meta property=\"og:description\" content=\"Es fehlen weniger als zwei Wochen, und anl\u00e4sslich der Nacht der Keller wird der weinraum KOBLER erstmals eine erste offizielle und zugleich massive Bew\u00e4hrungsprobe ausgesetzt sein. In der Zwischenzeit proben wir mit kleineren Veranstaltungen den Ernstfall, an bereitwilligen Beta Testern &hellip; Weiterlesen &rarr;\" \/>\n<meta property=\"og:url\" content=\"https:\/\/www.kobler-margreid.com\/blog\/blog\/2010\/06\/03\/beta-tester\/\" \/>\n<meta property=\"og:site_name\" content=\"weinhof KOBLER weblog\" \/>\n<meta property=\"article:publisher\" content=\"https:\/\/www.facebook.com\/armin.kobler\/\" \/>\n<meta property=\"article:published_time\" content=\"2010-06-02T23:11:14+00:00\" \/>\n<meta property=\"article:modified_time\" content=\"2010-06-02T23:19:17+00:00\" \/>\n<meta property=\"og:image\" content=\"http:\/\/www.kobler-margreid.com\/blog\/wp-content\/2010\/06\/2010-05-31_19-22-55-e1275517039401.jpg\" \/>\n<meta name=\"author\" content=\"armin kobler\" \/>\n<meta name=\"twitter:card\" content=\"summary_large_image\" \/>\n<meta name=\"twitter:label1\" content=\"Verfasst von\" \/>\n\t<meta name=\"twitter:data1\" content=\"armin kobler\" \/>\n\t<meta name=\"twitter:label2\" content=\"Gesch\u00e4tzte Lesezeit\" \/>\n\t<meta name=\"twitter:data2\" content=\"1\u00a0Minute\" \/>\n<script type=\"application\/ld+json\" class=\"yoast-schema-graph\">{\"@context\":\"https:\\\/\\\/schema.org\",\"@graph\":[{\"@type\":\"Article\",\"@id\":\"https:\\\/\\\/www.kobler-margreid.com\\\/blog\\\/blog\\\/2010\\\/06\\\/03\\\/beta-tester\\\/#article\",\"isPartOf\":{\"@id\":\"https:\\\/\\\/www.kobler-margreid.com\\\/blog\\\/blog\\\/2010\\\/06\\\/03\\\/beta-tester\\\/\"},\"author\":{\"name\":\"armin kobler\",\"@id\":\"https:\\\/\\\/www.kobler-margreid.com\\\/blog\\\/#\\\/schema\\\/person\\\/fcca96145437484793adb0529dc48706\"},\"headline\":\"Beta Tester\",\"datePublished\":\"2010-06-02T23:11:14+00:00\",\"dateModified\":\"2010-06-02T23:19:17+00:00\",\"mainEntityOfPage\":{\"@id\":\"https:\\\/\\\/www.kobler-margreid.com\\\/blog\\\/blog\\\/2010\\\/06\\\/03\\\/beta-tester\\\/\"},\"wordCount\":229,\"commentCount\":1,\"publisher\":{\"@id\":\"https:\\\/\\\/www.kobler-margreid.com\\\/blog\\\/#\\\/schema\\\/person\\\/6a2290c17f680f59c1fa7e1c7a36df3a\"},\"image\":{\"@id\":\"https:\\\/\\\/www.kobler-margreid.com\\\/blog\\\/blog\\\/2010\\\/06\\\/03\\\/beta-tester\\\/#primaryimage\"},\"thumbnailUrl\":\"http:\\\/\\\/www.kobler-margreid.com\\\/blog\\\/wp-content\\\/2010\\\/06\\\/2010-05-31_19-22-55-e1275517039401.jpg\",\"keywords\":[\"Nacht der Keller\",\"Notte delle Cantine\",\"Strada del Vino\",\"S\u00fcdtiroler Weinstra\u00dfe\",\"VinoSafari\",\"weinraum KOBLER\",\"Weinsafari\"],\"articleSection\":[\"weinraum KOBLER\"],\"inLanguage\":\"de\",\"potentialAction\":[{\"@type\":\"CommentAction\",\"name\":\"Comment\",\"target\":[\"https:\\\/\\\/www.kobler-margreid.com\\\/blog\\\/blog\\\/2010\\\/06\\\/03\\\/beta-tester\\\/#respond\"]}]},{\"@type\":\"WebPage\",\"@id\":\"https:\\\/\\\/www.kobler-margreid.com\\\/blog\\\/blog\\\/2010\\\/06\\\/03\\\/beta-tester\\\/\",\"url\":\"https:\\\/\\\/www.kobler-margreid.com\\\/blog\\\/blog\\\/2010\\\/06\\\/03\\\/beta-tester\\\/\",\"name\":\"Beta Tester - weinhof KOBLER weblog\",\"isPartOf\":{\"@id\":\"https:\\\/\\\/www.kobler-margreid.com\\\/blog\\\/#website\"},\"primaryImageOfPage\":{\"@id\":\"https:\\\/\\\/www.kobler-margreid.com\\\/blog\\\/blog\\\/2010\\\/06\\\/03\\\/beta-tester\\\/#primaryimage\"},\"image\":{\"@id\":\"https:\\\/\\\/www.kobler-margreid.com\\\/blog\\\/blog\\\/2010\\\/06\\\/03\\\/beta-tester\\\/#primaryimage\"},\"thumbnailUrl\":\"http:\\\/\\\/www.kobler-margreid.com\\\/blog\\\/wp-content\\\/2010\\\/06\\\/2010-05-31_19-22-55-e1275517039401.jpg\",\"datePublished\":\"2010-06-02T23:11:14+00:00\",\"dateModified\":\"2010-06-02T23:19:17+00:00\",\"breadcrumb\":{\"@id\":\"https:\\\/\\\/www.kobler-margreid.com\\\/blog\\\/blog\\\/2010\\\/06\\\/03\\\/beta-tester\\\/#breadcrumb\"},\"inLanguage\":\"de\",\"potentialAction\":[{\"@type\":\"ReadAction\",\"target\":[\"https:\\\/\\\/www.kobler-margreid.com\\\/blog\\\/blog\\\/2010\\\/06\\\/03\\\/beta-tester\\\/\"]}]},{\"@type\":\"ImageObject\",\"inLanguage\":\"de\",\"@id\":\"https:\\\/\\\/www.kobler-margreid.com\\\/blog\\\/blog\\\/2010\\\/06\\\/03\\\/beta-tester\\\/#primaryimage\",\"url\":\"https:\\\/\\\/www.kobler-margreid.com\\\/blog\\\/wp-content\\\/2010\\\/06\\\/2010-05-31_19-22-55-e1275517039401.jpg\",\"contentUrl\":\"https:\\\/\\\/www.kobler-margreid.com\\\/blog\\\/wp-content\\\/2010\\\/06\\\/2010-05-31_19-22-55-e1275517039401.jpg\",\"width\":\"800\",\"height\":\"600\"},{\"@type\":\"BreadcrumbList\",\"@id\":\"https:\\\/\\\/www.kobler-margreid.com\\\/blog\\\/blog\\\/2010\\\/06\\\/03\\\/beta-tester\\\/#breadcrumb\",\"itemListElement\":[{\"@type\":\"ListItem\",\"position\":1,\"name\":\"Startseite\",\"item\":\"https:\\\/\\\/www.kobler-margreid.com\\\/blog\\\/\"},{\"@type\":\"ListItem\",\"position\":2,\"name\":\"Beta Tester\"}]},{\"@type\":\"WebSite\",\"@id\":\"https:\\\/\\\/www.kobler-margreid.com\\\/blog\\\/#website\",\"url\":\"https:\\\/\\\/www.kobler-margreid.com\\\/blog\\\/\",\"name\":\"weinhof KOBLER weblog\",\"description\":\"dem wein ganz nah \u2013 all&#039;interno del vino\",\"publisher\":{\"@id\":\"https:\\\/\\\/www.kobler-margreid.com\\\/blog\\\/#\\\/schema\\\/person\\\/6a2290c17f680f59c1fa7e1c7a36df3a\"},\"potentialAction\":[{\"@type\":\"SearchAction\",\"target\":{\"@type\":\"EntryPoint\",\"urlTemplate\":\"https:\\\/\\\/www.kobler-margreid.com\\\/blog\\\/?s={search_term_string}\"},\"query-input\":{\"@type\":\"PropertyValueSpecification\",\"valueRequired\":true,\"valueName\":\"search_term_string\"}}],\"inLanguage\":\"de\"},{\"@type\":[\"Person\",\"Organization\"],\"@id\":\"https:\\\/\\\/www.kobler-margreid.com\\\/blog\\\/#\\\/schema\\\/person\\\/6a2290c17f680f59c1fa7e1c7a36df3a\",\"name\":\"armin kobler\",\"image\":{\"@type\":\"ImageObject\",\"inLanguage\":\"de\",\"@id\":\"https:\\\/\\\/www.kobler-margreid.com\\\/blog\\\/wp-content\\\/2023\\\/11\\\/2012-05-08_09-33-03a.jpg\",\"url\":\"https:\\\/\\\/www.kobler-margreid.com\\\/blog\\\/wp-content\\\/2023\\\/11\\\/2012-05-08_09-33-03a.jpg\",\"contentUrl\":\"https:\\\/\\\/www.kobler-margreid.com\\\/blog\\\/wp-content\\\/2023\\\/11\\\/2012-05-08_09-33-03a.jpg\",\"width\":1088,\"height\":1184,\"caption\":\"armin kobler\"},\"logo\":{\"@id\":\"https:\\\/\\\/www.kobler-margreid.com\\\/blog\\\/wp-content\\\/2023\\\/11\\\/2012-05-08_09-33-03a.jpg\"},\"sameAs\":[\"http:\\\/\\\/www.kobler-margreid.com\",\"https:\\\/\\\/www.facebook.com\\\/armin.kobler\\\/\"]},{\"@type\":\"Person\",\"@id\":\"https:\\\/\\\/www.kobler-margreid.com\\\/blog\\\/#\\\/schema\\\/person\\\/fcca96145437484793adb0529dc48706\",\"name\":\"armin kobler\",\"image\":{\"@type\":\"ImageObject\",\"inLanguage\":\"de\",\"@id\":\"https:\\\/\\\/secure.gravatar.com\\\/avatar\\\/7ed75d18f117c58598b89fcf3ec9fda3311f3fbda827ac1502944a0804d87b7f?s=96&d=mm&r=g\",\"url\":\"https:\\\/\\\/secure.gravatar.com\\\/avatar\\\/7ed75d18f117c58598b89fcf3ec9fda3311f3fbda827ac1502944a0804d87b7f?s=96&d=mm&r=g\",\"contentUrl\":\"https:\\\/\\\/secure.gravatar.com\\\/avatar\\\/7ed75d18f117c58598b89fcf3ec9fda3311f3fbda827ac1502944a0804d87b7f?s=96&d=mm&r=g\",\"caption\":\"armin kobler\"},\"sameAs\":[\"http:\\\/\\\/\"],\"url\":\"https:\\\/\\\/www.kobler-margreid.com\\\/blog\\\/blog\\\/author\\\/armin-kobler\\\/\"}]}<\/script>\n<!-- \/ Yoast SEO plugin. -->","yoast_head_json":{"title":"Beta Tester - weinhof KOBLER weblog","robots":{"index":"index","follow":"follow","max-snippet":"max-snippet:-1","max-image-preview":"max-image-preview:large","max-video-preview":"max-video-preview:-1"},"canonical":"https:\/\/www.kobler-margreid.com\/blog\/blog\/2010\/06\/03\/beta-tester\/","og_locale":"de_DE","og_type":"article","og_title":"Beta Tester - weinhof KOBLER weblog","og_description":"Es fehlen weniger als zwei Wochen, und anl\u00e4sslich der Nacht der Keller wird der weinraum KOBLER erstmals eine erste offizielle und zugleich massive Bew\u00e4hrungsprobe ausgesetzt sein. In der Zwischenzeit proben wir mit kleineren Veranstaltungen den Ernstfall, an bereitwilligen Beta Testern &hellip; Weiterlesen &rarr;","og_url":"https:\/\/www.kobler-margreid.com\/blog\/blog\/2010\/06\/03\/beta-tester\/","og_site_name":"weinhof KOBLER weblog","article_publisher":"https:\/\/www.facebook.com\/armin.kobler\/","article_published_time":"2010-06-02T23:11:14+00:00","article_modified_time":"2010-06-02T23:19:17+00:00","og_image":[{"url":"http:\/\/www.kobler-margreid.com\/blog\/wp-content\/2010\/06\/2010-05-31_19-22-55-e1275517039401.jpg","type":"","width":"","height":""}],"author":"armin kobler","twitter_card":"summary_large_image","twitter_misc":{"Verfasst von":"armin kobler","Gesch\u00e4tzte Lesezeit":"1\u00a0Minute"},"schema":{"@context":"https:\/\/schema.org","@graph":[{"@type":"Article","@id":"https:\/\/www.kobler-margreid.com\/blog\/blog\/2010\/06\/03\/beta-tester\/#article","isPartOf":{"@id":"https:\/\/www.kobler-margreid.com\/blog\/blog\/2010\/06\/03\/beta-tester\/"},"author":{"name":"armin kobler","@id":"https:\/\/www.kobler-margreid.com\/blog\/#\/schema\/person\/fcca96145437484793adb0529dc48706"},"headline":"Beta Tester","datePublished":"2010-06-02T23:11:14+00:00","dateModified":"2010-06-02T23:19:17+00:00","mainEntityOfPage":{"@id":"https:\/\/www.kobler-margreid.com\/blog\/blog\/2010\/06\/03\/beta-tester\/"},"wordCount":229,"commentCount":1,"publisher":{"@id":"https:\/\/www.kobler-margreid.com\/blog\/#\/schema\/person\/6a2290c17f680f59c1fa7e1c7a36df3a"},"image":{"@id":"https:\/\/www.kobler-margreid.com\/blog\/blog\/2010\/06\/03\/beta-tester\/#primaryimage"},"thumbnailUrl":"http:\/\/www.kobler-margreid.com\/blog\/wp-content\/2010\/06\/2010-05-31_19-22-55-e1275517039401.jpg","keywords":["Nacht der Keller","Notte delle Cantine","Strada del Vino","S\u00fcdtiroler Weinstra\u00dfe","VinoSafari","weinraum KOBLER","Weinsafari"],"articleSection":["weinraum KOBLER"],"inLanguage":"de","potentialAction":[{"@type":"CommentAction","name":"Comment","target":["https:\/\/www.kobler-margreid.com\/blog\/blog\/2010\/06\/03\/beta-tester\/#respond"]}]},{"@type":"WebPage","@id":"https:\/\/www.kobler-margreid.com\/blog\/blog\/2010\/06\/03\/beta-tester\/","url":"https:\/\/www.kobler-margreid.com\/blog\/blog\/2010\/06\/03\/beta-tester\/","name":"Beta Tester - weinhof KOBLER weblog","isPartOf":{"@id":"https:\/\/www.kobler-margreid.com\/blog\/#website"},"primaryImageOfPage":{"@id":"https:\/\/www.kobler-margreid.com\/blog\/blog\/2010\/06\/03\/beta-tester\/#primaryimage"},"image":{"@id":"https:\/\/www.kobler-margreid.com\/blog\/blog\/2010\/06\/03\/beta-tester\/#primaryimage"},"thumbnailUrl":"http:\/\/www.kobler-margreid.com\/blog\/wp-content\/2010\/06\/2010-05-31_19-22-55-e1275517039401.jpg","datePublished":"2010-06-02T23:11:14+00:00","dateModified":"2010-06-02T23:19:17+00:00","breadcrumb":{"@id":"https:\/\/www.kobler-margreid.com\/blog\/blog\/2010\/06\/03\/beta-tester\/#breadcrumb"},"inLanguage":"de","potentialAction":[{"@type":"ReadAction","target":["https:\/\/www.kobler-margreid.com\/blog\/blog\/2010\/06\/03\/beta-tester\/"]}]},{"@type":"ImageObject","inLanguage":"de","@id":"https:\/\/www.kobler-margreid.com\/blog\/blog\/2010\/06\/03\/beta-tester\/#primaryimage","url":"https:\/\/www.kobler-margreid.com\/blog\/wp-content\/2010\/06\/2010-05-31_19-22-55-e1275517039401.jpg","contentUrl":"https:\/\/www.kobler-margreid.com\/blog\/wp-content\/2010\/06\/2010-05-31_19-22-55-e1275517039401.jpg","width":"800","height":"600"},{"@type":"BreadcrumbList","@id":"https:\/\/www.kobler-margreid.com\/blog\/blog\/2010\/06\/03\/beta-tester\/#breadcrumb","itemListElement":[{"@type":"ListItem","position":1,"name":"Startseite","item":"https:\/\/www.kobler-margreid.com\/blog\/"},{"@type":"ListItem","position":2,"name":"Beta Tester"}]},{"@type":"WebSite","@id":"https:\/\/www.kobler-margreid.com\/blog\/#website","url":"https:\/\/www.kobler-margreid.com\/blog\/","name":"weinhof KOBLER weblog","description":"dem wein ganz nah \u2013 all&#039;interno del vino","publisher":{"@id":"https:\/\/www.kobler-margreid.com\/blog\/#\/schema\/person\/6a2290c17f680f59c1fa7e1c7a36df3a"},"potentialAction":[{"@type":"SearchAction","target":{"@type":"EntryPoint","urlTemplate":"https:\/\/www.kobler-margreid.com\/blog\/?s={search_term_string}"},"query-input":{"@type":"PropertyValueSpecification","valueRequired":true,"valueName":"search_term_string"}}],"inLanguage":"de"},{"@type":["Person","Organization"],"@id":"https:\/\/www.kobler-margreid.com\/blog\/#\/schema\/person\/6a2290c17f680f59c1fa7e1c7a36df3a","name":"armin kobler","image":{"@type":"ImageObject","inLanguage":"de","@id":"https:\/\/www.kobler-margreid.com\/blog\/wp-content\/2023\/11\/2012-05-08_09-33-03a.jpg","url":"https:\/\/www.kobler-margreid.com\/blog\/wp-content\/2023\/11\/2012-05-08_09-33-03a.jpg","contentUrl":"https:\/\/www.kobler-margreid.com\/blog\/wp-content\/2023\/11\/2012-05-08_09-33-03a.jpg","width":1088,"height":1184,"caption":"armin kobler"},"logo":{"@id":"https:\/\/www.kobler-margreid.com\/blog\/wp-content\/2023\/11\/2012-05-08_09-33-03a.jpg"},"sameAs":["http:\/\/www.kobler-margreid.com","https:\/\/www.facebook.com\/armin.kobler\/"]},{"@type":"Person","@id":"https:\/\/www.kobler-margreid.com\/blog\/#\/schema\/person\/fcca96145437484793adb0529dc48706","name":"armin kobler","image":{"@type":"ImageObject","inLanguage":"de","@id":"https:\/\/secure.gravatar.com\/avatar\/7ed75d18f117c58598b89fcf3ec9fda3311f3fbda827ac1502944a0804d87b7f?s=96&d=mm&r=g","url":"https:\/\/secure.gravatar.com\/avatar\/7ed75d18f117c58598b89fcf3ec9fda3311f3fbda827ac1502944a0804d87b7f?s=96&d=mm&r=g","contentUrl":"https:\/\/secure.gravatar.com\/avatar\/7ed75d18f117c58598b89fcf3ec9fda3311f3fbda827ac1502944a0804d87b7f?s=96&d=mm&r=g","caption":"armin kobler"},"sameAs":["http:\/\/"],"url":"https:\/\/www.kobler-margreid.com\/blog\/blog\/author\/armin-kobler\/"}]}},"_links":{"self":[{"href":"https:\/\/www.kobler-margreid.com\/blog\/wp-json\/wp\/v2\/posts\/4043","targetHints":{"allow":["GET"]}}],"collection":[{"href":"https:\/\/www.kobler-margreid.com\/blog\/wp-json\/wp\/v2\/posts"}],"about":[{"href":"https:\/\/www.kobler-margreid.com\/blog\/wp-json\/wp\/v2\/types\/post"}],"author":[{"embeddable":true,"href":"https:\/\/www.kobler-margreid.com\/blog\/wp-json\/wp\/v2\/users\/6"}],"replies":[{"embeddable":true,"href":"https:\/\/www.kobler-margreid.com\/blog\/wp-json\/wp\/v2\/comments?post=4043"}],"version-history":[{"count":0,"href":"https:\/\/www.kobler-margreid.com\/blog\/wp-json\/wp\/v2\/posts\/4043\/revisions"}],"wp:attachment":[{"href":"https:\/\/www.kobler-margreid.com\/blog\/wp-json\/wp\/v2\/media?parent=4043"}],"wp:term":[{"taxonomy":"category","embeddable":true,"href":"https:\/\/www.kobler-margreid.com\/blog\/wp-json\/wp\/v2\/categories?post=4043"},{"taxonomy":"post_tag","embeddable":true,"href":"https:\/\/www.kobler-margreid.com\/blog\/wp-json\/wp\/v2\/tags?post=4043"}],"curies":[{"name":"wp","href":"https:\/\/api.w.org\/{rel}","templated":true}]}}