{"id":4112,"date":"2010-06-16T16:46:43","date_gmt":"2010-06-16T15:46:43","guid":{"rendered":"http:\/\/www.kobler-margreid.com\/blog\/?p=4112"},"modified":"2013-11-06T16:29:11","modified_gmt":"2013-11-06T15:29:11","slug":"weinraum-kobler","status":"publish","type":"post","link":"https:\/\/www.kobler-margreid.com\/blog\/blog\/2010\/06\/16\/weinraum-kobler\/","title":{"rendered":"weinraum KOBLER: Die Er\u00f6ffnung \u2014 L&#8217;inaugurazione"},"content":{"rendered":"<p style=\"text-align: center;\"><a href=\"http:\/\/www.kobler-margreid.com\/blog\/wp-content\/2010\/06\/2010-06-15_19-25-13.jpg\" rel=\"lightbox[4112]\"><img loading=\"lazy\" decoding=\"async\" class=\"aligncenter size-full wp-image-4116\" style=\"border: 0pt none; margin: 0px 5px;\" title=\"2010-06-15_19-25-13\" alt=\"\" src=\"http:\/\/www.kobler-margreid.com\/blog\/wp-content\/2010\/06\/2010-06-15_19-25-13-e1276639307842.jpg\" width=\"486\" height=\"320\" srcset=\"https:\/\/www.kobler-margreid.com\/blog\/wp-content\/2010\/06\/2010-06-15_19-25-13-e1276639307842.jpg 900w, https:\/\/www.kobler-margreid.com\/blog\/wp-content\/2010\/06\/2010-06-15_19-25-13-e1276639307842-300x197.jpg 300w\" sizes=\"auto, (max-width: 486px) 100vw, 486px\" \/><\/a><\/p>\n<p style=\"text-align: justify;\">Die Bilder sind freundlicherweise von Michael Schgraffer (Margreid) und dem <a href=\"http:\/\/www.weinlese.it\" target=\"_blank\">weinlese.it<\/a>-Team zur Verf\u00fcgung gestellt worden. Auf deren Seite kann auch ihr <a href=\"http:\/\/www.weinlese.it\/index.php?option=com_content&amp;task=view&amp;id=1221&amp;Itemid=1\" target=\"_blank\">Bericht<\/a> \u00fcber die Er\u00f6ffnung gelesen werden.<\/p>\n<p style=\"text-align: justify;\"><em>Le foto sono state messe gentilmente\u00a0a disposizione da Michael Schgraffer (Magr\u00e8) ed dal team di <\/em><a href=\"http:\/\/www.weinlese.it\" target=\"_blank\"><em>weinlese.it<\/em><\/a><em>. L\u00ec si pu\u00f2 leggere anche il loro <a href=\"http:\/\/www.weinlese.it\/index.php?option=com_content&amp;task=view&amp;id=1221&amp;Itemid=1\" target=\"_blank\">servizio<\/a><\/em><em> sull&#8217;inaugurazione (in lingua tedesca).<\/em><\/p>\n<p style=\"text-align: justify;\"><em><!--more--> <\/em><\/p>\n<p style=\"text-align: left;\"><a href=\"http:\/\/www.kobler-margreid.com\/download_blog\/einladung_wr_dt.jpg\" target=\"_blank\" rel=\"lightbox[4112]\"><img loading=\"lazy\" decoding=\"async\" class=\"float left alignleft size-full wp-image-4146\" style=\"border: 0pt none; margin: 0px 5px;\" title=\"einladung_dt_ausschnitt\" alt=\"\" src=\"http:\/\/www.kobler-margreid.com\/blog\/wp-content\/2010\/06\/einladung_dt_ausschnitt.jpg\" width=\"237\" height=\"236\" srcset=\"https:\/\/www.kobler-margreid.com\/blog\/wp-content\/2010\/06\/einladung_dt_ausschnitt.jpg 338w, https:\/\/www.kobler-margreid.com\/blog\/wp-content\/2010\/06\/einladung_dt_ausschnitt-150x150.jpg 150w, https:\/\/www.kobler-margreid.com\/blog\/wp-content\/2010\/06\/einladung_dt_ausschnitt-300x299.jpg 300w\" sizes=\"auto, (max-width: 237px) 100vw, 237px\" \/><\/a>&#8222;Mit dem <strong>weinraum KOBLER<\/strong> erf\u00fcllen sich die Winzer Armin und Monika Kobler den Wunsch, in einem eigens daf\u00fcr gebauten Raum einerseits Wein professionell zu verkosten und andererseits entspannt zu genie\u00dfen. Nat\u00fcrlich soll der Wein auch, in einem zum Qualit\u00e4tsanspruch der Winzer passenden Ambiente, verkauft werden.<\/p>\n<p style=\"text-align: left;\">F\u00fcr uns ging es darum, m\u00f6glichst pointiert die Philosophie, die Substanz und die Intensit\u00e4t der Marke Kobler, m\u00f6glichst viel von dem was hinter und in den \u201eb\u00f6sen Weinen\u201c steckt, in Gebautes zu transferieren.<\/p>\n<p style=\"text-align: left;\">Die Architektur reagiert radikal und zeitlos auf die Aufgabe: Der Wein r\u00fcckt kompromisslos in den Vordergrund. Das r\u00e4umliche Konzept, die Materialit\u00e4t und die Farbwahl sind vollkommen auf das Thema \u201eWein\u201c fokussiert. Zeitgem\u00e4\u00df aber abseits von kurzfristigen Trends.<\/p>\n<p style=\"text-align: left;\">Zun\u00e4chst ging es darum, den Raum in den Bestand zu integrieren. Wir haben uns entschieden, eine eindeutige Z\u00e4sur vorzunehmen und den Raum sozusagen erkennbar in den Bestand zu schieben. Insgesamt pr\u00e4sentiert sich der Raum an sich unpr\u00e4tenti\u00f6s, schlicht. Das klare, geradlinige, das eckige und kantige, steht im Vordergrund.<\/p>\n<p style=\"text-align: left;\">Die Hebescheibe erweitert den Raum nach au\u00dfen, das au\u00dfen r\u00fcckt n\u00e4her nach innen. Manchmal sitzt man drinnen drau\u00dfen, manchmal drau\u00dfen drinnen.<\/p>\n<p style=\"text-align: left;\">Das Materialkonzept folgt dem Anspruch an Nat\u00fcrlichkeit und Nachhaltigkeit: Die Wand- und Deckenfl\u00e4chen bestehen aus einem sogenannten \u201eMarmorino\u201c, einem eigens gemischten h\u00e4ndisch aufgebrachten und polierten Putz aus Marmormehl und lufth\u00e4rtenden Kalk. Der Bodenbelag ist ein traditionsreicher venezianischer Gussterrazzo, mit einer Marmor- Zementmischung fl\u00fcssig eingebracht und nach Aush\u00e4rtung in mehreren Arbeitsg\u00e4ngen geschliffen und poliert.<\/p>\n<p style=\"text-align: left;\">Warum Wei\u00df?\u00a0Was ist Wei\u00df? Bei genauerer Betrachtung gibt es eine Sensibilit\u00e4t, Wei\u00df zu empfinden. Wenn wir Wei\u00df an sich wirken lassen, wirken die Umgebung, das farbige und auch die Schatten intensiver. Wir gehen davon aus, dass die Nuancen des Weins, die Farb- aber auch die Geschmacksnuancen in wei\u00dfer Umgebung deutlich intensiver empfunden werden k\u00f6nnen.<\/p>\n<p style=\"text-align: left;\">Zum Lichtkonzept:<\/p>\n<p style=\"text-align: left;\">Wei\u00df ist in der Lage warm zu wirken oder auch eine labor\u00e4hnliche Situation zu erzeugen. Es eignet sich ideal f\u00fcr die Erzeugung atmosph\u00e4risch unterschiedlichster Dramaturgien und Abl\u00e4ufe. Unser Lichtkonzept f\u00f6rdert die Schaffung verschiedener Flairs: Mit den Neonr\u00f6hren kann ein scharfes reinwei\u00dfes \u201eLabor\u201c erzeugt werden, wenn die R\u00fcckwand mit bewegten Bildern aus der Weinproduktion bespielt wird ist man pl\u00f6tzlich entweder mitten in den, zum Beispiel gr\u00fcnen, Rebfl\u00e4chen oder live bei der Produktion dabei \u2013 mit den seitlichen R\u00f6hrenlampen kann eine Kerzenlichtatmosph\u00e4re f\u00fcr entspanntes Genie\u00dfen und angeregte Diskussionen erzeugt werden.<\/p>\n<p style=\"text-align: left;\">Lassen Sie den Raum auf sich wirken, wie Sie Wein degustieren, mit allen Sinnen!<\/p>\n<p style=\"text-align: left;\">Wir bedanken uns bei den Handwerkern f\u00fcr die gute Zusammenarbeit: Beim Baumeister Gortana daf\u00fcr, dass die Struktur des Bestandsgeb\u00e4udes keine statisch relevanten Risse bekommen hat, beim Schlosser Haitec dass die Hebescheibe reibungslos funktioniert, beim Tischler Amegg f\u00fcr die einwandfreie Ausf\u00fchrung der Theke, der Anrichte und der T\u00fcren, beim Elektroteam f\u00fcr den pers\u00f6nlichen Einsatz f\u00fcr das einmalige handgemachte Lichtkonzept, beim Terrazzoleger Sgarbossa aus Bassano del Grappa, beim Maler Oberlechner f\u00fcr die feine Handarbeit, beim Tischler Haidacher f\u00fcr die Lieferung der Tische mit Gasfederung und beim Installateur Christoforetti daf\u00fcr, dass es im Winter warm wird.<\/p>\n<p style=\"text-align: left;\">Abschlie\u00dfend w\u00fcnschen wir den Bauherren Armin und Monika viel Erfolg mit ihren neuen R\u00e4umen und bedanken uns f\u00fcr die Offenheit gegen\u00fcber unseren Ideen!&#8220;<\/p>\n<p style=\"text-align: left;\"><em><span style=\"font-style: normal;\">Theodor Gallmetzer und Lukas Mayr Architekten<\/span> <\/em>Percha-Bozen, im Juni 2010<\/p>\n<p style=\"text-align: left;\">\n<p><em><a href=\"http:\/\/www.kobler-margreid.com\/download_blog\/einladung_wr_it.jpg\" rel=\"lightbox[4112]\"><img loading=\"lazy\" decoding=\"async\" class=\"float left alignleft size-full wp-image-4150\" style=\"border: 0pt none; margin: 0px 5px;\" title=\"einladung_it_ausschnitt\" alt=\"\" src=\"http:\/\/www.kobler-margreid.com\/blog\/wp-content\/2010\/06\/einladung_it_ausschnitt1.jpg\" width=\"238\" height=\"238\" srcset=\"https:\/\/www.kobler-margreid.com\/blog\/wp-content\/2010\/06\/einladung_it_ausschnitt1.jpg 340w, https:\/\/www.kobler-margreid.com\/blog\/wp-content\/2010\/06\/einladung_it_ausschnitt1-150x150.jpg 150w, https:\/\/www.kobler-margreid.com\/blog\/wp-content\/2010\/06\/einladung_it_ausschnitt1-300x300.jpg 300w\" sizes=\"auto, (max-width: 238px) 100vw, 238px\" \/><\/a>&#8222;Con il <\/em><strong><em>weinraum KOBLER <\/em><\/strong><em>i vignaioli Armin e Monika Kobler si esaudiscono il loro desiderio di possedere un luogo appositamente creato per la degustazione tecnica e per il consumo in piacevolezza. Naturalmente dovr\u00e0 essere possibile che in quello spazio, sempre con le pretese qualitative del produttore, si possano anche vendere i suoi vini.<\/em> <em>Per noi si trattava di trasferire in modo mirato il pi\u00f9 possibile della filosofia, della sostanza e dell&#8217;intensit\u00e0 del marchio Kobler, insomma di quello che sta dietro i &#8222;vini malvagi&#8220;, in strutture edificate.<\/em> <em>L&#8217;architettura reagisce in modo radicale e non soggetta alle tendenze a questo compito: il vino avanza al centro dell&#8217;attenzione, senza compromessi. Il concetto spaziale, la materialit\u00e0 e la scelta dei colori sono focalizzati sulla tematica &#8222;vino&#8220;.\u00a0Conforme allo spirito del tempo ma lontano da mode passeggere.<\/em> <em>All&#8217;inizio si trattava di inserire lo spazio nell&#8217;edificio esistente. Noi abbiamo deciso di effettuare un taglio netto e di spingere in modo riconoscibile il nuovo locale nella casa esistente. Alla fine lo spazio si presenta sobrio, senza particolari pretese. Caratteristiche come schietto, conseguente e angoloso sono in primo piano.<\/em> <em>La vetrata chiudevole allarga lo spazio verso l&#8217;esterno, il &#8222;fuori&#8220; si avvicina al &#8222;dentro&#8220;. Qualche volta si siede dentro fuori, altre volte fuori dentro.<\/em> <em>Il concetto dei materiali segue la pretesa della naturalit\u00e0 e della sostenibilit\u00e0: le superfici delle pareti e del soffitto sono fatte di marmorino detto anche stucco veneziano, che consiste in un intonaco preparato appositamente sulla base di calce spenta e polvere di marmo\u00a0ed applicato e lucidato a mano. Il pavimento \u00e8 invece un terrazzo veneziano, una tecnica ricca di tradizione, dove viene applicato\u00a0un miscuglio di marmo e cemento che dopo un periodo di indurimento viene lucidato a pi\u00f9 riprese.<\/em> <em>Perch\u00e8 bianco? Cos&#8217;\u00e8 il bianco?\u00a0Ad un esame pi\u00f9 attento ci accorgiamo della sensibilit\u00e0 di provare cosa sia il bianco. Se lasciamo fare effetto il bianco di per s\u00e8, l&#8217;ambiente circostante ma anche i colori e le ombre sembrano molto pi\u00f9 intense. Noi siamo convinti che le sfumature dei vini, dei loro colori ma anche dei loro sapori vengano percepite decisamente pi\u00f9 intensamente in un ambiente bianco.<\/em> <em>A proposito del piano di illuminazione:<\/em> <em>Il bianco ha la possibilit\u00e0 di dare un effetto caldo ma anche di poter generare una situazione da laboratorio. \u00c8 ideale per la creazione di dramaturgie e svolgimenti anche molto vari dal punto di vista scenografico. Il nostro progetto aiuta a creare differenti atmosfere: Con i tubi al neon si pu\u00f2 creare un &#8222;laboratorio&#8220; di un bianco puro e se sulla parete di fondo e vengono proiettato le immagini della produzione del vino si \u00e8 in un colpo in mezzo ai vigneti verdi o in cantina. Con l&#8217;illuminazione laterale a tubi viene creata invece un ambiente da lume di candela per gustare rilassati o per discutere animatamente.<\/em> <em>Permettete che lo spazio faccia il suo effetto su di Voi, come il vino, che gustate con tutti i vostri sensi!<\/em> <em>Ringraziamo gli artigiani per la buona collaborazione: Il muratore Gortana perch\u00e8 la statica dell&#8217;edificio esistente non ha subito crepe rilevanti, il fabbro Haitec perch\u00e8 la vetrata chiudevole funziona senza problemi, il falegname Amegg per la realizzazione impeccabile del banco, della credenza e delle porte, l&#8217;Elektroteam per l&#8217;impegno personale nel progetto unico d&#8217;illuminazione , il posatore di terrazzo Sgarbossa di Bassano del Grappa, il pittore Oberlechner per il lavoro manuale molto fine, il falegname Haidacher per la fornitura dei tavoli con amortizzatori a gas e l&#8217;idraulico Christoforetti che garantisce che in inverno non faccia freddo.<\/em> <em>Infine auguriamo ai committenti Armin e Monika tanto successo con i loro nuovi locali e ringraziamo per la loro apertura nei confronti delle nostre nuove idee!&#8220;<\/em> <em>Theodor Gallmetzer e Lukas Mayr architetti <\/em><em>Percha-Bolzano, \u00a0giugno 2010<\/em> ngg_shortcode_0_placeholder<\/p>\n","protected":false},"excerpt":{"rendered":"<p>Die Bilder sind freundlicherweise von Michael Schgraffer (Margreid) und dem weinlese.it-Team zur Verf\u00fcgung gestellt worden. Auf deren Seite kann auch ihr Bericht \u00fcber die Er\u00f6ffnung gelesen werden. Le foto sono state messe gentilmente\u00a0a disposizione da Michael Schgraffer (Magr\u00e8) ed dal &hellip; <a href=\"https:\/\/www.kobler-margreid.com\/blog\/blog\/2010\/06\/16\/weinraum-kobler\/\">Weiterlesen <span class=\"meta-nav\">&rarr;<\/span><\/a><\/p>\n","protected":false},"author":6,"featured_media":0,"comment_status":"open","ping_status":"open","sticky":false,"template":"","format":"standard","meta":{"ngg_post_thumbnail":0,"footnotes":"","_links_to":"","_links_to_target":""},"categories":[9,632],"tags":[693,692,691,689,695,694,639,690,688,640,1482],"class_list":["post-4112","post","type-post","status-publish","format-standard","hentry","category-oeffentlichkeitsarbeit","category-weinraum-kobler","tag-christian-oberlechner","tag-dino-sgarbossa","tag-elektroteam","tag-haitec","tag-herbert-christoforetti","tag-jochen-haidacher","tag-lukas-mayr","tag-peter-amegg","tag-roland-gortana","tag-theodor-gallmetzer","tag-weinraum-kobler"],"yoast_head":"<!-- This site is optimized with the Yoast SEO plugin v27.5 - https:\/\/yoast.com\/product\/yoast-seo-wordpress\/ -->\n<title>weinraum KOBLER: Die Er\u00f6ffnung \u2014 L&#039;inaugurazione - weinhof KOBLER weblog<\/title>\n<meta name=\"robots\" content=\"index, follow, max-snippet:-1, max-image-preview:large, max-video-preview:-1\" \/>\n<link rel=\"canonical\" href=\"https:\/\/www.kobler-margreid.com\/blog\/blog\/2010\/06\/16\/weinraum-kobler\/\" \/>\n<meta property=\"og:locale\" content=\"de_DE\" \/>\n<meta property=\"og:type\" content=\"article\" \/>\n<meta property=\"og:title\" content=\"weinraum KOBLER: Die Er\u00f6ffnung \u2014 L&#039;inaugurazione - weinhof KOBLER weblog\" \/>\n<meta property=\"og:description\" content=\"Die Bilder sind freundlicherweise von Michael Schgraffer (Margreid) und dem weinlese.it-Team zur Verf\u00fcgung gestellt worden. Auf deren Seite kann auch ihr Bericht \u00fcber die Er\u00f6ffnung gelesen werden. Le foto sono state messe gentilmente\u00a0a disposizione da Michael Schgraffer (Magr\u00e8) ed dal &hellip; Weiterlesen &rarr;\" \/>\n<meta property=\"og:url\" content=\"https:\/\/www.kobler-margreid.com\/blog\/blog\/2010\/06\/16\/weinraum-kobler\/\" \/>\n<meta property=\"og:site_name\" content=\"weinhof KOBLER weblog\" \/>\n<meta property=\"article:publisher\" content=\"https:\/\/www.facebook.com\/armin.kobler\/\" \/>\n<meta property=\"article:published_time\" content=\"2010-06-16T15:46:43+00:00\" \/>\n<meta property=\"article:modified_time\" content=\"2013-11-06T15:29:11+00:00\" \/>\n<meta property=\"og:image\" content=\"http:\/\/www.kobler-margreid.com\/blog\/wp-content\/2010\/06\/2010-06-15_19-25-13-e1276639307842.jpg\" \/>\n<meta name=\"author\" content=\"armin kobler\" \/>\n<meta name=\"twitter:card\" content=\"summary_large_image\" \/>\n<meta name=\"twitter:label1\" content=\"Verfasst von\" \/>\n\t<meta name=\"twitter:data1\" content=\"armin kobler\" \/>\n\t<meta name=\"twitter:label2\" content=\"Gesch\u00e4tzte Lesezeit\" \/>\n\t<meta name=\"twitter:data2\" content=\"6\u00a0Minuten\" \/>\n<script type=\"application\/ld+json\" class=\"yoast-schema-graph\">{\"@context\":\"https:\\\/\\\/schema.org\",\"@graph\":[{\"@type\":\"Article\",\"@id\":\"https:\\\/\\\/www.kobler-margreid.com\\\/blog\\\/blog\\\/2010\\\/06\\\/16\\\/weinraum-kobler\\\/#article\",\"isPartOf\":{\"@id\":\"https:\\\/\\\/www.kobler-margreid.com\\\/blog\\\/blog\\\/2010\\\/06\\\/16\\\/weinraum-kobler\\\/\"},\"author\":{\"name\":\"armin kobler\",\"@id\":\"https:\\\/\\\/www.kobler-margreid.com\\\/blog\\\/#\\\/schema\\\/person\\\/fcca96145437484793adb0529dc48706\"},\"headline\":\"weinraum KOBLER: Die Er\u00f6ffnung \u2014 L&#8217;inaugurazione\",\"datePublished\":\"2010-06-16T15:46:43+00:00\",\"dateModified\":\"2013-11-06T15:29:11+00:00\",\"mainEntityOfPage\":{\"@id\":\"https:\\\/\\\/www.kobler-margreid.com\\\/blog\\\/blog\\\/2010\\\/06\\\/16\\\/weinraum-kobler\\\/\"},\"wordCount\":1265,\"commentCount\":2,\"publisher\":{\"@id\":\"https:\\\/\\\/www.kobler-margreid.com\\\/blog\\\/#\\\/schema\\\/person\\\/6a2290c17f680f59c1fa7e1c7a36df3a\"},\"image\":{\"@id\":\"https:\\\/\\\/www.kobler-margreid.com\\\/blog\\\/blog\\\/2010\\\/06\\\/16\\\/weinraum-kobler\\\/#primaryimage\"},\"thumbnailUrl\":\"http:\\\/\\\/www.kobler-margreid.com\\\/blog\\\/wp-content\\\/2010\\\/06\\\/2010-06-15_19-25-13-e1276639307842.jpg\",\"keywords\":[\"Christian Oberlechner\",\"Dino Sgarbossa\",\"Elektroteam\",\"Haitec\",\"Herbert Christoforetti\",\"Jochen Haidacher\",\"Lukas Mayr\",\"Peter Amegg\",\"Roland Gortana\",\"Theodor Gallmetzer\",\"weinraum KOBLER\"],\"articleSection\":[\"\u00d6ffentlichkeitsarbeit - Pubbliche relazioni\",\"weinraum KOBLER\"],\"inLanguage\":\"de\",\"potentialAction\":[{\"@type\":\"CommentAction\",\"name\":\"Comment\",\"target\":[\"https:\\\/\\\/www.kobler-margreid.com\\\/blog\\\/blog\\\/2010\\\/06\\\/16\\\/weinraum-kobler\\\/#respond\"]}]},{\"@type\":\"WebPage\",\"@id\":\"https:\\\/\\\/www.kobler-margreid.com\\\/blog\\\/blog\\\/2010\\\/06\\\/16\\\/weinraum-kobler\\\/\",\"url\":\"https:\\\/\\\/www.kobler-margreid.com\\\/blog\\\/blog\\\/2010\\\/06\\\/16\\\/weinraum-kobler\\\/\",\"name\":\"weinraum KOBLER: Die Er\u00f6ffnung \u2014 L'inaugurazione - weinhof KOBLER weblog\",\"isPartOf\":{\"@id\":\"https:\\\/\\\/www.kobler-margreid.com\\\/blog\\\/#website\"},\"primaryImageOfPage\":{\"@id\":\"https:\\\/\\\/www.kobler-margreid.com\\\/blog\\\/blog\\\/2010\\\/06\\\/16\\\/weinraum-kobler\\\/#primaryimage\"},\"image\":{\"@id\":\"https:\\\/\\\/www.kobler-margreid.com\\\/blog\\\/blog\\\/2010\\\/06\\\/16\\\/weinraum-kobler\\\/#primaryimage\"},\"thumbnailUrl\":\"http:\\\/\\\/www.kobler-margreid.com\\\/blog\\\/wp-content\\\/2010\\\/06\\\/2010-06-15_19-25-13-e1276639307842.jpg\",\"datePublished\":\"2010-06-16T15:46:43+00:00\",\"dateModified\":\"2013-11-06T15:29:11+00:00\",\"breadcrumb\":{\"@id\":\"https:\\\/\\\/www.kobler-margreid.com\\\/blog\\\/blog\\\/2010\\\/06\\\/16\\\/weinraum-kobler\\\/#breadcrumb\"},\"inLanguage\":\"de\",\"potentialAction\":[{\"@type\":\"ReadAction\",\"target\":[\"https:\\\/\\\/www.kobler-margreid.com\\\/blog\\\/blog\\\/2010\\\/06\\\/16\\\/weinraum-kobler\\\/\"]}]},{\"@type\":\"ImageObject\",\"inLanguage\":\"de\",\"@id\":\"https:\\\/\\\/www.kobler-margreid.com\\\/blog\\\/blog\\\/2010\\\/06\\\/16\\\/weinraum-kobler\\\/#primaryimage\",\"url\":\"https:\\\/\\\/www.kobler-margreid.com\\\/blog\\\/wp-content\\\/2010\\\/06\\\/2010-06-15_19-25-13-e1276639307842.jpg\",\"contentUrl\":\"https:\\\/\\\/www.kobler-margreid.com\\\/blog\\\/wp-content\\\/2010\\\/06\\\/2010-06-15_19-25-13-e1276639307842.jpg\",\"width\":\"900\",\"height\":\"592\"},{\"@type\":\"BreadcrumbList\",\"@id\":\"https:\\\/\\\/www.kobler-margreid.com\\\/blog\\\/blog\\\/2010\\\/06\\\/16\\\/weinraum-kobler\\\/#breadcrumb\",\"itemListElement\":[{\"@type\":\"ListItem\",\"position\":1,\"name\":\"Startseite\",\"item\":\"https:\\\/\\\/www.kobler-margreid.com\\\/blog\\\/\"},{\"@type\":\"ListItem\",\"position\":2,\"name\":\"weinraum KOBLER: Die Er\u00f6ffnung \u2014 L&#8217;inaugurazione\"}]},{\"@type\":\"WebSite\",\"@id\":\"https:\\\/\\\/www.kobler-margreid.com\\\/blog\\\/#website\",\"url\":\"https:\\\/\\\/www.kobler-margreid.com\\\/blog\\\/\",\"name\":\"weinhof KOBLER weblog\",\"description\":\"dem wein ganz nah \u2013 all&#039;interno del vino\",\"publisher\":{\"@id\":\"https:\\\/\\\/www.kobler-margreid.com\\\/blog\\\/#\\\/schema\\\/person\\\/6a2290c17f680f59c1fa7e1c7a36df3a\"},\"potentialAction\":[{\"@type\":\"SearchAction\",\"target\":{\"@type\":\"EntryPoint\",\"urlTemplate\":\"https:\\\/\\\/www.kobler-margreid.com\\\/blog\\\/?s={search_term_string}\"},\"query-input\":{\"@type\":\"PropertyValueSpecification\",\"valueRequired\":true,\"valueName\":\"search_term_string\"}}],\"inLanguage\":\"de\"},{\"@type\":[\"Person\",\"Organization\"],\"@id\":\"https:\\\/\\\/www.kobler-margreid.com\\\/blog\\\/#\\\/schema\\\/person\\\/6a2290c17f680f59c1fa7e1c7a36df3a\",\"name\":\"armin kobler\",\"image\":{\"@type\":\"ImageObject\",\"inLanguage\":\"de\",\"@id\":\"https:\\\/\\\/www.kobler-margreid.com\\\/blog\\\/wp-content\\\/2023\\\/11\\\/2012-05-08_09-33-03a.jpg\",\"url\":\"https:\\\/\\\/www.kobler-margreid.com\\\/blog\\\/wp-content\\\/2023\\\/11\\\/2012-05-08_09-33-03a.jpg\",\"contentUrl\":\"https:\\\/\\\/www.kobler-margreid.com\\\/blog\\\/wp-content\\\/2023\\\/11\\\/2012-05-08_09-33-03a.jpg\",\"width\":1088,\"height\":1184,\"caption\":\"armin kobler\"},\"logo\":{\"@id\":\"https:\\\/\\\/www.kobler-margreid.com\\\/blog\\\/wp-content\\\/2023\\\/11\\\/2012-05-08_09-33-03a.jpg\"},\"sameAs\":[\"http:\\\/\\\/www.kobler-margreid.com\",\"https:\\\/\\\/www.facebook.com\\\/armin.kobler\\\/\"]},{\"@type\":\"Person\",\"@id\":\"https:\\\/\\\/www.kobler-margreid.com\\\/blog\\\/#\\\/schema\\\/person\\\/fcca96145437484793adb0529dc48706\",\"name\":\"armin kobler\",\"image\":{\"@type\":\"ImageObject\",\"inLanguage\":\"de\",\"@id\":\"https:\\\/\\\/secure.gravatar.com\\\/avatar\\\/7ed75d18f117c58598b89fcf3ec9fda3311f3fbda827ac1502944a0804d87b7f?s=96&d=mm&r=g\",\"url\":\"https:\\\/\\\/secure.gravatar.com\\\/avatar\\\/7ed75d18f117c58598b89fcf3ec9fda3311f3fbda827ac1502944a0804d87b7f?s=96&d=mm&r=g\",\"contentUrl\":\"https:\\\/\\\/secure.gravatar.com\\\/avatar\\\/7ed75d18f117c58598b89fcf3ec9fda3311f3fbda827ac1502944a0804d87b7f?s=96&d=mm&r=g\",\"caption\":\"armin kobler\"},\"sameAs\":[\"http:\\\/\\\/\"],\"url\":\"https:\\\/\\\/www.kobler-margreid.com\\\/blog\\\/blog\\\/author\\\/armin-kobler\\\/\"}]}<\/script>\n<!-- \/ Yoast SEO plugin. -->","yoast_head_json":{"title":"weinraum KOBLER: Die Er\u00f6ffnung \u2014 L'inaugurazione - weinhof KOBLER weblog","robots":{"index":"index","follow":"follow","max-snippet":"max-snippet:-1","max-image-preview":"max-image-preview:large","max-video-preview":"max-video-preview:-1"},"canonical":"https:\/\/www.kobler-margreid.com\/blog\/blog\/2010\/06\/16\/weinraum-kobler\/","og_locale":"de_DE","og_type":"article","og_title":"weinraum KOBLER: Die Er\u00f6ffnung \u2014 L'inaugurazione - weinhof KOBLER weblog","og_description":"Die Bilder sind freundlicherweise von Michael Schgraffer (Margreid) und dem weinlese.it-Team zur Verf\u00fcgung gestellt worden. Auf deren Seite kann auch ihr Bericht \u00fcber die Er\u00f6ffnung gelesen werden. Le foto sono state messe gentilmente\u00a0a disposizione da Michael Schgraffer (Magr\u00e8) ed dal &hellip; Weiterlesen &rarr;","og_url":"https:\/\/www.kobler-margreid.com\/blog\/blog\/2010\/06\/16\/weinraum-kobler\/","og_site_name":"weinhof KOBLER weblog","article_publisher":"https:\/\/www.facebook.com\/armin.kobler\/","article_published_time":"2010-06-16T15:46:43+00:00","article_modified_time":"2013-11-06T15:29:11+00:00","og_image":[{"url":"http:\/\/www.kobler-margreid.com\/blog\/wp-content\/2010\/06\/2010-06-15_19-25-13-e1276639307842.jpg","type":"","width":"","height":""}],"author":"armin kobler","twitter_card":"summary_large_image","twitter_misc":{"Verfasst von":"armin kobler","Gesch\u00e4tzte Lesezeit":"6\u00a0Minuten"},"schema":{"@context":"https:\/\/schema.org","@graph":[{"@type":"Article","@id":"https:\/\/www.kobler-margreid.com\/blog\/blog\/2010\/06\/16\/weinraum-kobler\/#article","isPartOf":{"@id":"https:\/\/www.kobler-margreid.com\/blog\/blog\/2010\/06\/16\/weinraum-kobler\/"},"author":{"name":"armin kobler","@id":"https:\/\/www.kobler-margreid.com\/blog\/#\/schema\/person\/fcca96145437484793adb0529dc48706"},"headline":"weinraum KOBLER: Die Er\u00f6ffnung \u2014 L&#8217;inaugurazione","datePublished":"2010-06-16T15:46:43+00:00","dateModified":"2013-11-06T15:29:11+00:00","mainEntityOfPage":{"@id":"https:\/\/www.kobler-margreid.com\/blog\/blog\/2010\/06\/16\/weinraum-kobler\/"},"wordCount":1265,"commentCount":2,"publisher":{"@id":"https:\/\/www.kobler-margreid.com\/blog\/#\/schema\/person\/6a2290c17f680f59c1fa7e1c7a36df3a"},"image":{"@id":"https:\/\/www.kobler-margreid.com\/blog\/blog\/2010\/06\/16\/weinraum-kobler\/#primaryimage"},"thumbnailUrl":"http:\/\/www.kobler-margreid.com\/blog\/wp-content\/2010\/06\/2010-06-15_19-25-13-e1276639307842.jpg","keywords":["Christian Oberlechner","Dino Sgarbossa","Elektroteam","Haitec","Herbert Christoforetti","Jochen Haidacher","Lukas Mayr","Peter Amegg","Roland Gortana","Theodor Gallmetzer","weinraum KOBLER"],"articleSection":["\u00d6ffentlichkeitsarbeit - Pubbliche relazioni","weinraum KOBLER"],"inLanguage":"de","potentialAction":[{"@type":"CommentAction","name":"Comment","target":["https:\/\/www.kobler-margreid.com\/blog\/blog\/2010\/06\/16\/weinraum-kobler\/#respond"]}]},{"@type":"WebPage","@id":"https:\/\/www.kobler-margreid.com\/blog\/blog\/2010\/06\/16\/weinraum-kobler\/","url":"https:\/\/www.kobler-margreid.com\/blog\/blog\/2010\/06\/16\/weinraum-kobler\/","name":"weinraum KOBLER: Die Er\u00f6ffnung \u2014 L'inaugurazione - weinhof KOBLER weblog","isPartOf":{"@id":"https:\/\/www.kobler-margreid.com\/blog\/#website"},"primaryImageOfPage":{"@id":"https:\/\/www.kobler-margreid.com\/blog\/blog\/2010\/06\/16\/weinraum-kobler\/#primaryimage"},"image":{"@id":"https:\/\/www.kobler-margreid.com\/blog\/blog\/2010\/06\/16\/weinraum-kobler\/#primaryimage"},"thumbnailUrl":"http:\/\/www.kobler-margreid.com\/blog\/wp-content\/2010\/06\/2010-06-15_19-25-13-e1276639307842.jpg","datePublished":"2010-06-16T15:46:43+00:00","dateModified":"2013-11-06T15:29:11+00:00","breadcrumb":{"@id":"https:\/\/www.kobler-margreid.com\/blog\/blog\/2010\/06\/16\/weinraum-kobler\/#breadcrumb"},"inLanguage":"de","potentialAction":[{"@type":"ReadAction","target":["https:\/\/www.kobler-margreid.com\/blog\/blog\/2010\/06\/16\/weinraum-kobler\/"]}]},{"@type":"ImageObject","inLanguage":"de","@id":"https:\/\/www.kobler-margreid.com\/blog\/blog\/2010\/06\/16\/weinraum-kobler\/#primaryimage","url":"https:\/\/www.kobler-margreid.com\/blog\/wp-content\/2010\/06\/2010-06-15_19-25-13-e1276639307842.jpg","contentUrl":"https:\/\/www.kobler-margreid.com\/blog\/wp-content\/2010\/06\/2010-06-15_19-25-13-e1276639307842.jpg","width":"900","height":"592"},{"@type":"BreadcrumbList","@id":"https:\/\/www.kobler-margreid.com\/blog\/blog\/2010\/06\/16\/weinraum-kobler\/#breadcrumb","itemListElement":[{"@type":"ListItem","position":1,"name":"Startseite","item":"https:\/\/www.kobler-margreid.com\/blog\/"},{"@type":"ListItem","position":2,"name":"weinraum KOBLER: Die Er\u00f6ffnung \u2014 L&#8217;inaugurazione"}]},{"@type":"WebSite","@id":"https:\/\/www.kobler-margreid.com\/blog\/#website","url":"https:\/\/www.kobler-margreid.com\/blog\/","name":"weinhof KOBLER weblog","description":"dem wein ganz nah \u2013 all&#039;interno del vino","publisher":{"@id":"https:\/\/www.kobler-margreid.com\/blog\/#\/schema\/person\/6a2290c17f680f59c1fa7e1c7a36df3a"},"potentialAction":[{"@type":"SearchAction","target":{"@type":"EntryPoint","urlTemplate":"https:\/\/www.kobler-margreid.com\/blog\/?s={search_term_string}"},"query-input":{"@type":"PropertyValueSpecification","valueRequired":true,"valueName":"search_term_string"}}],"inLanguage":"de"},{"@type":["Person","Organization"],"@id":"https:\/\/www.kobler-margreid.com\/blog\/#\/schema\/person\/6a2290c17f680f59c1fa7e1c7a36df3a","name":"armin kobler","image":{"@type":"ImageObject","inLanguage":"de","@id":"https:\/\/www.kobler-margreid.com\/blog\/wp-content\/2023\/11\/2012-05-08_09-33-03a.jpg","url":"https:\/\/www.kobler-margreid.com\/blog\/wp-content\/2023\/11\/2012-05-08_09-33-03a.jpg","contentUrl":"https:\/\/www.kobler-margreid.com\/blog\/wp-content\/2023\/11\/2012-05-08_09-33-03a.jpg","width":1088,"height":1184,"caption":"armin kobler"},"logo":{"@id":"https:\/\/www.kobler-margreid.com\/blog\/wp-content\/2023\/11\/2012-05-08_09-33-03a.jpg"},"sameAs":["http:\/\/www.kobler-margreid.com","https:\/\/www.facebook.com\/armin.kobler\/"]},{"@type":"Person","@id":"https:\/\/www.kobler-margreid.com\/blog\/#\/schema\/person\/fcca96145437484793adb0529dc48706","name":"armin kobler","image":{"@type":"ImageObject","inLanguage":"de","@id":"https:\/\/secure.gravatar.com\/avatar\/7ed75d18f117c58598b89fcf3ec9fda3311f3fbda827ac1502944a0804d87b7f?s=96&d=mm&r=g","url":"https:\/\/secure.gravatar.com\/avatar\/7ed75d18f117c58598b89fcf3ec9fda3311f3fbda827ac1502944a0804d87b7f?s=96&d=mm&r=g","contentUrl":"https:\/\/secure.gravatar.com\/avatar\/7ed75d18f117c58598b89fcf3ec9fda3311f3fbda827ac1502944a0804d87b7f?s=96&d=mm&r=g","caption":"armin kobler"},"sameAs":["http:\/\/"],"url":"https:\/\/www.kobler-margreid.com\/blog\/blog\/author\/armin-kobler\/"}]}},"_links":{"self":[{"href":"https:\/\/www.kobler-margreid.com\/blog\/wp-json\/wp\/v2\/posts\/4112","targetHints":{"allow":["GET"]}}],"collection":[{"href":"https:\/\/www.kobler-margreid.com\/blog\/wp-json\/wp\/v2\/posts"}],"about":[{"href":"https:\/\/www.kobler-margreid.com\/blog\/wp-json\/wp\/v2\/types\/post"}],"author":[{"embeddable":true,"href":"https:\/\/www.kobler-margreid.com\/blog\/wp-json\/wp\/v2\/users\/6"}],"replies":[{"embeddable":true,"href":"https:\/\/www.kobler-margreid.com\/blog\/wp-json\/wp\/v2\/comments?post=4112"}],"version-history":[{"count":0,"href":"https:\/\/www.kobler-margreid.com\/blog\/wp-json\/wp\/v2\/posts\/4112\/revisions"}],"wp:attachment":[{"href":"https:\/\/www.kobler-margreid.com\/blog\/wp-json\/wp\/v2\/media?parent=4112"}],"wp:term":[{"taxonomy":"category","embeddable":true,"href":"https:\/\/www.kobler-margreid.com\/blog\/wp-json\/wp\/v2\/categories?post=4112"},{"taxonomy":"post_tag","embeddable":true,"href":"https:\/\/www.kobler-margreid.com\/blog\/wp-json\/wp\/v2\/tags?post=4112"}],"curies":[{"name":"wp","href":"https:\/\/api.w.org\/{rel}","templated":true}]}}