{"id":4185,"date":"2010-07-14T23:00:47","date_gmt":"2010-07-14T22:00:47","guid":{"rendered":"http:\/\/www.kobler-margreid.com\/blog\/?p=4185"},"modified":"2013-08-02T14:22:15","modified_gmt":"2013-08-02T12:22:15","slug":"ist-das-die-zukunft-e-questo-il-futuro","status":"publish","type":"post","link":"https:\/\/www.kobler-margreid.com\/blog\/blog\/2010\/07\/14\/ist-das-die-zukunft-e-questo-il-futuro\/","title":{"rendered":"Ist das die Zukunft? \u2014 \u00c8 questo il futuro?"},"content":{"rendered":"<p><a href=\"http:\/\/www.kobler-margreid.com\/blog\/wp-content\/2010\/07\/2010-07-14_11-58-32.jpg\" rel=\"lightbox[4185]\"><img loading=\"lazy\" decoding=\"async\" class=\"float left alignleft size-full wp-image-4190\" style=\"border: 0pt none; margin: 0px 5px;\" title=\"2010-07-14_11-58-32\" alt=\"\" src=\"http:\/\/www.kobler-margreid.com\/blog\/wp-content\/2010\/07\/2010-07-14_11-58-32-e1279141926860.jpg\" width=\"252\" height=\"336\" srcset=\"https:\/\/www.kobler-margreid.com\/blog\/wp-content\/2010\/07\/2010-07-14_11-58-32-e1279141926860.jpg 600w, https:\/\/www.kobler-margreid.com\/blog\/wp-content\/2010\/07\/2010-07-14_11-58-32-e1279141926860-225x300.jpg 225w\" sizes=\"auto, (max-width: 252px) 100vw, 252px\" \/><\/a>Die Gesamt-\u00d6kobilanz der sehr schmalen Streifenbehandlung mir Roundup (Wirkstoff Glyphosat)\u00a0maximal zwei Mal im Jahr soll ja gar nicht so schlecht sein. In den begr\u00fcnten Fahrgassen haben wir immer sehr nahe an die Stockzeile gemulcht, der Rest des Bewuchses wurde mit dem obgenannten Herbizid in Schach gehalten.<\/p>\n<p><em>Il bilancio ecologico complessivo di due trattamenti al massimo,\u00a0molto stretti, con Roundup (principio attivo Glifosate) non sembra neanche essere male. Gli interfilari sono da sempre inverditi, ci siamo sempre avvicinati molto col tagliaerba al filare, il resto \u00e8 stato gestito con l&#8217;erbicida sopracitato.<\/em><\/p>\n<p><em><!--more--><\/em><\/p>\n<p><em><br \/>\n<\/em><\/p>\n<p><a href=\"http:\/\/www.kobler-margreid.com\/blog\/wp-content\/2010\/07\/2010-07-13_13-52-13.jpg\" rel=\"lightbox[4185]\"><img loading=\"lazy\" decoding=\"async\" class=\"float right alignright size-full wp-image-4195\" style=\"border: 0pt none; margin: 0px 5px;\" title=\"2010-07-13_13-52-13\" alt=\"\" src=\"http:\/\/www.kobler-margreid.com\/blog\/wp-content\/2010\/07\/2010-07-13_13-52-13-e1279143020985.jpg\" width=\"233\" height=\"311\" \/><\/a>Besonders gut haben sie uns aber nie gefallen, die gelben, wenn auch engen Streifen unter den Reben. Und wenn auch die alternativen Methoden nicht unbedingt \u2014 so sagen es mehrere Untersuchungen \u2014 umweltfreundlicher sind, so ist doch der Druck der \u00d6ffentlichkeit, von den Herbiziden ganz allgemein wegzukommen, da. Deshalb wurden letztlich immer mehr Maschinen zur effizienten Unkrautbek\u00e4mpfung im Stockbereich entwickelt, wobei die B\u00fcrstenger\u00e4te momentan stark angesagt sind. Ein befreundeter Weinbauer hat sich so eines zugelegt und ich habe ihn gefragt, ob er uns probeweise ein paar Weing\u00e4rten damit behandeln w\u00fcrde. Hier die ersten visuellen Ergebnisse.<\/p>\n<p><em>Non ci sono mai piaciuti, queste strisce gialle anche se strette. E anche se i metodi alternativi di contenimento della flora, cos\u00ec lo dicono diversi studi, non sono veramente migliori dal punto di vista ecologico, si avverte la pressione di abbandonare in generale gli erbicidi chimici. Per questo sono stati sviluppati recentemente molte macchine per la gestione del sottofilare; al momento si parla molto delle spollonatrici tagliaerba. Un viticoltore amico ha comprato da poco una macchina del genere e gli ho domandato se ce lavorerebbe per prova qualche vigneto. Qui i primi resultati visivi.<\/em><\/p>\n<p><em>[youtube width=&#8220;500&#8243; height=&#8220;400&#8243;]http:\/\/www.youtube.com\/watch?v=9MnDEyONz6w[\/youtube]<\/em><\/p>\n<p><em>[youtube width=&#8220;500&#8243; height=&#8220;400&#8243;]http:\/\/www.youtube.com\/watch?v=U9HZi2Y3L6Y[\/youtube]<\/em><\/p>\n<p>Wesentlich elegantere Ergebnisse gibt es <a href=\"http:\/\/www.youtube.com\/watch?v=c1sj6rBj-Kg\" target=\"_blank\">hier<\/a> zu sehen. Oder sind Herstellerfilme immer vielversprechender?<\/p>\n<p><em>Risultati molto pi\u00f9 soddisfacenti si vedono <a href=\"http:\/\/www.youtube.com\/watch?v=c1sj6rBj-Kg\" target=\"_blank\">qu\u00ec<\/a>. O i filmati delle ditte sono sempre pi\u00f9 promettenti?<\/em><\/p>\n<p>Nachtrag (6.8.2010): Hier kann man ein anderes Ger\u00e4t bei der Arbeit anschauen. Dieses \u2014 ich habe am 5.8. einer Vorf\u00fchrung beigewohnt \u2014 ist kein Stammputzer, sondern speziell f\u00fcr die Unterwuchsregulierung gebaut. Mit diesen Ergebnissen k\u00f6nnte ich leben, ihr nicht?<\/p>\n<p><em>Completamento (6\/8\/2010): Qu\u00ec si pu\u00f2 vedere un&#8217;altra macchina al lavoro, l&#8217;ho ripresa io ieri. Non si tratta di una spollonatrice ma di una rotante orizzontale a spazzole che \u00e8 specializzata nel trinciare l&#8217;erba nel filare. Questi risultati per me sarebbero anche soddisfacienti. E per voi?<\/em><\/p>\n<p>[youtube width=&#8220;500&#8243; height=&#8220;400&#8243;]http:\/\/www.youtube.com\/watch?v=6gt5j2JWlM8[\/youtube]<\/p>\n<p>[youtube width=&#8220;500&#8243; height=&#8220;400&#8243;]http:\/\/www.youtube.com\/watch?v=dmS_h_7UKaY[\/youtube]<\/p>\n<p><em><br \/>\n<\/em><\/p>\n<p><em><br \/>\n<\/em><!-- pingbacker_start --><\/p>\n<h4>Related Blogs<\/h4>\n<ul class=\"pc_pingback\"><\/ul>\n<p><!-- pingbacker_end --><\/p>\n","protected":false},"excerpt":{"rendered":"<p>Die Gesamt-\u00d6kobilanz der sehr schmalen Streifenbehandlung mir Roundup (Wirkstoff Glyphosat)\u00a0maximal zwei Mal im Jahr soll ja gar nicht so schlecht sein. In den begr\u00fcnten Fahrgassen haben wir immer sehr nahe an die Stockzeile gemulcht, der Rest des Bewuchses wurde mit &hellip; <a href=\"https:\/\/www.kobler-margreid.com\/blog\/blog\/2010\/07\/14\/ist-das-die-zukunft-e-questo-il-futuro\/\">Weiterlesen <span class=\"meta-nav\">&rarr;<\/span><\/a><\/p>\n","protected":false},"author":1,"featured_media":0,"comment_status":"open","ping_status":"open","sticky":false,"template":"","format":"standard","meta":{"ngg_post_thumbnail":0,"footnotes":"","_links_to":"","_links_to_target":""},"categories":[14],"tags":[703,706,705,1265,1264,701,704,702],"class_list":["post-4185","post","type-post","status-publish","format-standard","hentry","category-weingarten","tag-buerstengeraet","tag-erbicida","tag-gestione-del-filare","tag-glifosate","tag-glyphosat","tag-herbizid","tag-spollonatrice","tag-unterstockpflege"],"yoast_head":"<!-- This site is optimized with the Yoast SEO plugin v27.5 - https:\/\/yoast.com\/product\/yoast-seo-wordpress\/ -->\n<title>Ist das die Zukunft? \u2014 \u00c8 questo il futuro? - weinhof KOBLER weblog<\/title>\n<meta name=\"robots\" content=\"index, follow, max-snippet:-1, max-image-preview:large, max-video-preview:-1\" \/>\n<link rel=\"canonical\" href=\"https:\/\/www.kobler-margreid.com\/blog\/blog\/2010\/07\/14\/ist-das-die-zukunft-e-questo-il-futuro\/\" \/>\n<meta property=\"og:locale\" content=\"de_DE\" \/>\n<meta property=\"og:type\" content=\"article\" \/>\n<meta property=\"og:title\" content=\"Ist das die Zukunft? \u2014 \u00c8 questo il futuro? - weinhof KOBLER weblog\" \/>\n<meta property=\"og:description\" content=\"Die Gesamt-\u00d6kobilanz der sehr schmalen Streifenbehandlung mir Roundup (Wirkstoff Glyphosat)\u00a0maximal zwei Mal im Jahr soll ja gar nicht so schlecht sein. In den begr\u00fcnten Fahrgassen haben wir immer sehr nahe an die Stockzeile gemulcht, der Rest des Bewuchses wurde mit &hellip; Weiterlesen &rarr;\" \/>\n<meta property=\"og:url\" content=\"https:\/\/www.kobler-margreid.com\/blog\/blog\/2010\/07\/14\/ist-das-die-zukunft-e-questo-il-futuro\/\" \/>\n<meta property=\"og:site_name\" content=\"weinhof KOBLER weblog\" \/>\n<meta property=\"article:publisher\" content=\"https:\/\/www.facebook.com\/armin.kobler\/\" \/>\n<meta property=\"article:author\" content=\"https:\/\/www.facebook.com\/armin.kobler\/\" \/>\n<meta property=\"article:published_time\" content=\"2010-07-14T22:00:47+00:00\" \/>\n<meta property=\"article:modified_time\" content=\"2013-08-02T12:22:15+00:00\" \/>\n<meta property=\"og:image\" content=\"http:\/\/www.kobler-margreid.com\/blog\/wp-content\/2010\/07\/2010-07-14_11-58-32-e1279141926860.jpg\" \/>\n<meta name=\"author\" content=\"armin kobler\" \/>\n<meta name=\"twitter:card\" content=\"summary_large_image\" \/>\n<meta name=\"twitter:label1\" content=\"Verfasst von\" \/>\n\t<meta name=\"twitter:data1\" content=\"armin kobler\" \/>\n\t<meta name=\"twitter:label2\" content=\"Gesch\u00e4tzte Lesezeit\" \/>\n\t<meta name=\"twitter:data2\" content=\"2\u00a0Minuten\" \/>\n<script type=\"application\/ld+json\" class=\"yoast-schema-graph\">{\"@context\":\"https:\\\/\\\/schema.org\",\"@graph\":[{\"@type\":\"Article\",\"@id\":\"https:\\\/\\\/www.kobler-margreid.com\\\/blog\\\/blog\\\/2010\\\/07\\\/14\\\/ist-das-die-zukunft-e-questo-il-futuro\\\/#article\",\"isPartOf\":{\"@id\":\"https:\\\/\\\/www.kobler-margreid.com\\\/blog\\\/blog\\\/2010\\\/07\\\/14\\\/ist-das-die-zukunft-e-questo-il-futuro\\\/\"},\"author\":{\"name\":\"armin kobler\",\"@id\":\"https:\\\/\\\/www.kobler-margreid.com\\\/blog\\\/#\\\/schema\\\/person\\\/6a2290c17f680f59c1fa7e1c7a36df3a\"},\"headline\":\"Ist das die Zukunft? \u2014 \u00c8 questo il futuro?\",\"datePublished\":\"2010-07-14T22:00:47+00:00\",\"dateModified\":\"2013-08-02T12:22:15+00:00\",\"mainEntityOfPage\":{\"@id\":\"https:\\\/\\\/www.kobler-margreid.com\\\/blog\\\/blog\\\/2010\\\/07\\\/14\\\/ist-das-die-zukunft-e-questo-il-futuro\\\/\"},\"wordCount\":457,\"commentCount\":18,\"publisher\":{\"@id\":\"https:\\\/\\\/www.kobler-margreid.com\\\/blog\\\/#\\\/schema\\\/person\\\/6a2290c17f680f59c1fa7e1c7a36df3a\"},\"image\":{\"@id\":\"https:\\\/\\\/www.kobler-margreid.com\\\/blog\\\/blog\\\/2010\\\/07\\\/14\\\/ist-das-die-zukunft-e-questo-il-futuro\\\/#primaryimage\"},\"thumbnailUrl\":\"http:\\\/\\\/www.kobler-margreid.com\\\/blog\\\/wp-content\\\/2010\\\/07\\\/2010-07-14_11-58-32-e1279141926860.jpg\",\"keywords\":[\"B\u00fcrstenger\u00e4t\",\"Erbicida\",\"Gestione del filare\",\"Glifosate\",\"Glyphosat\",\"Herbizid\",\"Spollonatrice\",\"Unterstockpflege\"],\"articleSection\":[\"Weingarten - Vigneto\"],\"inLanguage\":\"de\",\"potentialAction\":[{\"@type\":\"CommentAction\",\"name\":\"Comment\",\"target\":[\"https:\\\/\\\/www.kobler-margreid.com\\\/blog\\\/blog\\\/2010\\\/07\\\/14\\\/ist-das-die-zukunft-e-questo-il-futuro\\\/#respond\"]}]},{\"@type\":\"WebPage\",\"@id\":\"https:\\\/\\\/www.kobler-margreid.com\\\/blog\\\/blog\\\/2010\\\/07\\\/14\\\/ist-das-die-zukunft-e-questo-il-futuro\\\/\",\"url\":\"https:\\\/\\\/www.kobler-margreid.com\\\/blog\\\/blog\\\/2010\\\/07\\\/14\\\/ist-das-die-zukunft-e-questo-il-futuro\\\/\",\"name\":\"Ist das die Zukunft? \u2014 \u00c8 questo il futuro? - weinhof KOBLER weblog\",\"isPartOf\":{\"@id\":\"https:\\\/\\\/www.kobler-margreid.com\\\/blog\\\/#website\"},\"primaryImageOfPage\":{\"@id\":\"https:\\\/\\\/www.kobler-margreid.com\\\/blog\\\/blog\\\/2010\\\/07\\\/14\\\/ist-das-die-zukunft-e-questo-il-futuro\\\/#primaryimage\"},\"image\":{\"@id\":\"https:\\\/\\\/www.kobler-margreid.com\\\/blog\\\/blog\\\/2010\\\/07\\\/14\\\/ist-das-die-zukunft-e-questo-il-futuro\\\/#primaryimage\"},\"thumbnailUrl\":\"http:\\\/\\\/www.kobler-margreid.com\\\/blog\\\/wp-content\\\/2010\\\/07\\\/2010-07-14_11-58-32-e1279141926860.jpg\",\"datePublished\":\"2010-07-14T22:00:47+00:00\",\"dateModified\":\"2013-08-02T12:22:15+00:00\",\"breadcrumb\":{\"@id\":\"https:\\\/\\\/www.kobler-margreid.com\\\/blog\\\/blog\\\/2010\\\/07\\\/14\\\/ist-das-die-zukunft-e-questo-il-futuro\\\/#breadcrumb\"},\"inLanguage\":\"de\",\"potentialAction\":[{\"@type\":\"ReadAction\",\"target\":[\"https:\\\/\\\/www.kobler-margreid.com\\\/blog\\\/blog\\\/2010\\\/07\\\/14\\\/ist-das-die-zukunft-e-questo-il-futuro\\\/\"]}]},{\"@type\":\"ImageObject\",\"inLanguage\":\"de\",\"@id\":\"https:\\\/\\\/www.kobler-margreid.com\\\/blog\\\/blog\\\/2010\\\/07\\\/14\\\/ist-das-die-zukunft-e-questo-il-futuro\\\/#primaryimage\",\"url\":\"https:\\\/\\\/www.kobler-margreid.com\\\/blog\\\/wp-content\\\/2010\\\/07\\\/2010-07-14_11-58-32-e1279141926860.jpg\",\"contentUrl\":\"https:\\\/\\\/www.kobler-margreid.com\\\/blog\\\/wp-content\\\/2010\\\/07\\\/2010-07-14_11-58-32-e1279141926860.jpg\",\"width\":\"600\",\"height\":\"800\"},{\"@type\":\"BreadcrumbList\",\"@id\":\"https:\\\/\\\/www.kobler-margreid.com\\\/blog\\\/blog\\\/2010\\\/07\\\/14\\\/ist-das-die-zukunft-e-questo-il-futuro\\\/#breadcrumb\",\"itemListElement\":[{\"@type\":\"ListItem\",\"position\":1,\"name\":\"Startseite\",\"item\":\"https:\\\/\\\/www.kobler-margreid.com\\\/blog\\\/\"},{\"@type\":\"ListItem\",\"position\":2,\"name\":\"Ist das die Zukunft? \u2014 \u00c8 questo il futuro?\"}]},{\"@type\":\"WebSite\",\"@id\":\"https:\\\/\\\/www.kobler-margreid.com\\\/blog\\\/#website\",\"url\":\"https:\\\/\\\/www.kobler-margreid.com\\\/blog\\\/\",\"name\":\"weinhof KOBLER weblog\",\"description\":\"dem wein ganz nah \u2013 all&#039;interno del vino\",\"publisher\":{\"@id\":\"https:\\\/\\\/www.kobler-margreid.com\\\/blog\\\/#\\\/schema\\\/person\\\/6a2290c17f680f59c1fa7e1c7a36df3a\"},\"potentialAction\":[{\"@type\":\"SearchAction\",\"target\":{\"@type\":\"EntryPoint\",\"urlTemplate\":\"https:\\\/\\\/www.kobler-margreid.com\\\/blog\\\/?s={search_term_string}\"},\"query-input\":{\"@type\":\"PropertyValueSpecification\",\"valueRequired\":true,\"valueName\":\"search_term_string\"}}],\"inLanguage\":\"de\"},{\"@type\":[\"Person\",\"Organization\"],\"@id\":\"https:\\\/\\\/www.kobler-margreid.com\\\/blog\\\/#\\\/schema\\\/person\\\/6a2290c17f680f59c1fa7e1c7a36df3a\",\"name\":\"armin kobler\",\"image\":{\"@type\":\"ImageObject\",\"inLanguage\":\"de\",\"@id\":\"https:\\\/\\\/www.kobler-margreid.com\\\/blog\\\/wp-content\\\/2023\\\/11\\\/2012-05-08_09-33-03a.jpg\",\"url\":\"https:\\\/\\\/www.kobler-margreid.com\\\/blog\\\/wp-content\\\/2023\\\/11\\\/2012-05-08_09-33-03a.jpg\",\"contentUrl\":\"https:\\\/\\\/www.kobler-margreid.com\\\/blog\\\/wp-content\\\/2023\\\/11\\\/2012-05-08_09-33-03a.jpg\",\"width\":1088,\"height\":1184,\"caption\":\"armin kobler\"},\"logo\":{\"@id\":\"https:\\\/\\\/www.kobler-margreid.com\\\/blog\\\/wp-content\\\/2023\\\/11\\\/2012-05-08_09-33-03a.jpg\"},\"sameAs\":[\"http:\\\/\\\/www.kobler-margreid.com\",\"https:\\\/\\\/www.facebook.com\\\/armin.kobler\\\/\"],\"url\":\"https:\\\/\\\/www.kobler-margreid.com\\\/blog\\\/blog\\\/author\\\/admin\\\/\"}]}<\/script>\n<!-- \/ Yoast SEO plugin. -->","yoast_head_json":{"title":"Ist das die Zukunft? \u2014 \u00c8 questo il futuro? - weinhof KOBLER weblog","robots":{"index":"index","follow":"follow","max-snippet":"max-snippet:-1","max-image-preview":"max-image-preview:large","max-video-preview":"max-video-preview:-1"},"canonical":"https:\/\/www.kobler-margreid.com\/blog\/blog\/2010\/07\/14\/ist-das-die-zukunft-e-questo-il-futuro\/","og_locale":"de_DE","og_type":"article","og_title":"Ist das die Zukunft? \u2014 \u00c8 questo il futuro? - weinhof KOBLER weblog","og_description":"Die Gesamt-\u00d6kobilanz der sehr schmalen Streifenbehandlung mir Roundup (Wirkstoff Glyphosat)\u00a0maximal zwei Mal im Jahr soll ja gar nicht so schlecht sein. In den begr\u00fcnten Fahrgassen haben wir immer sehr nahe an die Stockzeile gemulcht, der Rest des Bewuchses wurde mit &hellip; Weiterlesen &rarr;","og_url":"https:\/\/www.kobler-margreid.com\/blog\/blog\/2010\/07\/14\/ist-das-die-zukunft-e-questo-il-futuro\/","og_site_name":"weinhof KOBLER weblog","article_publisher":"https:\/\/www.facebook.com\/armin.kobler\/","article_author":"https:\/\/www.facebook.com\/armin.kobler\/","article_published_time":"2010-07-14T22:00:47+00:00","article_modified_time":"2013-08-02T12:22:15+00:00","og_image":[{"url":"http:\/\/www.kobler-margreid.com\/blog\/wp-content\/2010\/07\/2010-07-14_11-58-32-e1279141926860.jpg","type":"","width":"","height":""}],"author":"armin kobler","twitter_card":"summary_large_image","twitter_misc":{"Verfasst von":"armin kobler","Gesch\u00e4tzte Lesezeit":"2\u00a0Minuten"},"schema":{"@context":"https:\/\/schema.org","@graph":[{"@type":"Article","@id":"https:\/\/www.kobler-margreid.com\/blog\/blog\/2010\/07\/14\/ist-das-die-zukunft-e-questo-il-futuro\/#article","isPartOf":{"@id":"https:\/\/www.kobler-margreid.com\/blog\/blog\/2010\/07\/14\/ist-das-die-zukunft-e-questo-il-futuro\/"},"author":{"name":"armin kobler","@id":"https:\/\/www.kobler-margreid.com\/blog\/#\/schema\/person\/6a2290c17f680f59c1fa7e1c7a36df3a"},"headline":"Ist das die Zukunft? \u2014 \u00c8 questo il futuro?","datePublished":"2010-07-14T22:00:47+00:00","dateModified":"2013-08-02T12:22:15+00:00","mainEntityOfPage":{"@id":"https:\/\/www.kobler-margreid.com\/blog\/blog\/2010\/07\/14\/ist-das-die-zukunft-e-questo-il-futuro\/"},"wordCount":457,"commentCount":18,"publisher":{"@id":"https:\/\/www.kobler-margreid.com\/blog\/#\/schema\/person\/6a2290c17f680f59c1fa7e1c7a36df3a"},"image":{"@id":"https:\/\/www.kobler-margreid.com\/blog\/blog\/2010\/07\/14\/ist-das-die-zukunft-e-questo-il-futuro\/#primaryimage"},"thumbnailUrl":"http:\/\/www.kobler-margreid.com\/blog\/wp-content\/2010\/07\/2010-07-14_11-58-32-e1279141926860.jpg","keywords":["B\u00fcrstenger\u00e4t","Erbicida","Gestione del filare","Glifosate","Glyphosat","Herbizid","Spollonatrice","Unterstockpflege"],"articleSection":["Weingarten - Vigneto"],"inLanguage":"de","potentialAction":[{"@type":"CommentAction","name":"Comment","target":["https:\/\/www.kobler-margreid.com\/blog\/blog\/2010\/07\/14\/ist-das-die-zukunft-e-questo-il-futuro\/#respond"]}]},{"@type":"WebPage","@id":"https:\/\/www.kobler-margreid.com\/blog\/blog\/2010\/07\/14\/ist-das-die-zukunft-e-questo-il-futuro\/","url":"https:\/\/www.kobler-margreid.com\/blog\/blog\/2010\/07\/14\/ist-das-die-zukunft-e-questo-il-futuro\/","name":"Ist das die Zukunft? \u2014 \u00c8 questo il futuro? - weinhof KOBLER weblog","isPartOf":{"@id":"https:\/\/www.kobler-margreid.com\/blog\/#website"},"primaryImageOfPage":{"@id":"https:\/\/www.kobler-margreid.com\/blog\/blog\/2010\/07\/14\/ist-das-die-zukunft-e-questo-il-futuro\/#primaryimage"},"image":{"@id":"https:\/\/www.kobler-margreid.com\/blog\/blog\/2010\/07\/14\/ist-das-die-zukunft-e-questo-il-futuro\/#primaryimage"},"thumbnailUrl":"http:\/\/www.kobler-margreid.com\/blog\/wp-content\/2010\/07\/2010-07-14_11-58-32-e1279141926860.jpg","datePublished":"2010-07-14T22:00:47+00:00","dateModified":"2013-08-02T12:22:15+00:00","breadcrumb":{"@id":"https:\/\/www.kobler-margreid.com\/blog\/blog\/2010\/07\/14\/ist-das-die-zukunft-e-questo-il-futuro\/#breadcrumb"},"inLanguage":"de","potentialAction":[{"@type":"ReadAction","target":["https:\/\/www.kobler-margreid.com\/blog\/blog\/2010\/07\/14\/ist-das-die-zukunft-e-questo-il-futuro\/"]}]},{"@type":"ImageObject","inLanguage":"de","@id":"https:\/\/www.kobler-margreid.com\/blog\/blog\/2010\/07\/14\/ist-das-die-zukunft-e-questo-il-futuro\/#primaryimage","url":"https:\/\/www.kobler-margreid.com\/blog\/wp-content\/2010\/07\/2010-07-14_11-58-32-e1279141926860.jpg","contentUrl":"https:\/\/www.kobler-margreid.com\/blog\/wp-content\/2010\/07\/2010-07-14_11-58-32-e1279141926860.jpg","width":"600","height":"800"},{"@type":"BreadcrumbList","@id":"https:\/\/www.kobler-margreid.com\/blog\/blog\/2010\/07\/14\/ist-das-die-zukunft-e-questo-il-futuro\/#breadcrumb","itemListElement":[{"@type":"ListItem","position":1,"name":"Startseite","item":"https:\/\/www.kobler-margreid.com\/blog\/"},{"@type":"ListItem","position":2,"name":"Ist das die Zukunft? \u2014 \u00c8 questo il futuro?"}]},{"@type":"WebSite","@id":"https:\/\/www.kobler-margreid.com\/blog\/#website","url":"https:\/\/www.kobler-margreid.com\/blog\/","name":"weinhof KOBLER weblog","description":"dem wein ganz nah \u2013 all&#039;interno del vino","publisher":{"@id":"https:\/\/www.kobler-margreid.com\/blog\/#\/schema\/person\/6a2290c17f680f59c1fa7e1c7a36df3a"},"potentialAction":[{"@type":"SearchAction","target":{"@type":"EntryPoint","urlTemplate":"https:\/\/www.kobler-margreid.com\/blog\/?s={search_term_string}"},"query-input":{"@type":"PropertyValueSpecification","valueRequired":true,"valueName":"search_term_string"}}],"inLanguage":"de"},{"@type":["Person","Organization"],"@id":"https:\/\/www.kobler-margreid.com\/blog\/#\/schema\/person\/6a2290c17f680f59c1fa7e1c7a36df3a","name":"armin kobler","image":{"@type":"ImageObject","inLanguage":"de","@id":"https:\/\/www.kobler-margreid.com\/blog\/wp-content\/2023\/11\/2012-05-08_09-33-03a.jpg","url":"https:\/\/www.kobler-margreid.com\/blog\/wp-content\/2023\/11\/2012-05-08_09-33-03a.jpg","contentUrl":"https:\/\/www.kobler-margreid.com\/blog\/wp-content\/2023\/11\/2012-05-08_09-33-03a.jpg","width":1088,"height":1184,"caption":"armin kobler"},"logo":{"@id":"https:\/\/www.kobler-margreid.com\/blog\/wp-content\/2023\/11\/2012-05-08_09-33-03a.jpg"},"sameAs":["http:\/\/www.kobler-margreid.com","https:\/\/www.facebook.com\/armin.kobler\/"],"url":"https:\/\/www.kobler-margreid.com\/blog\/blog\/author\/admin\/"}]}},"_links":{"self":[{"href":"https:\/\/www.kobler-margreid.com\/blog\/wp-json\/wp\/v2\/posts\/4185","targetHints":{"allow":["GET"]}}],"collection":[{"href":"https:\/\/www.kobler-margreid.com\/blog\/wp-json\/wp\/v2\/posts"}],"about":[{"href":"https:\/\/www.kobler-margreid.com\/blog\/wp-json\/wp\/v2\/types\/post"}],"author":[{"embeddable":true,"href":"https:\/\/www.kobler-margreid.com\/blog\/wp-json\/wp\/v2\/users\/1"}],"replies":[{"embeddable":true,"href":"https:\/\/www.kobler-margreid.com\/blog\/wp-json\/wp\/v2\/comments?post=4185"}],"version-history":[{"count":0,"href":"https:\/\/www.kobler-margreid.com\/blog\/wp-json\/wp\/v2\/posts\/4185\/revisions"}],"wp:attachment":[{"href":"https:\/\/www.kobler-margreid.com\/blog\/wp-json\/wp\/v2\/media?parent=4185"}],"wp:term":[{"taxonomy":"category","embeddable":true,"href":"https:\/\/www.kobler-margreid.com\/blog\/wp-json\/wp\/v2\/categories?post=4185"},{"taxonomy":"post_tag","embeddable":true,"href":"https:\/\/www.kobler-margreid.com\/blog\/wp-json\/wp\/v2\/tags?post=4185"}],"curies":[{"name":"wp","href":"https:\/\/api.w.org\/{rel}","templated":true}]}}