{"id":4214,"date":"2010-07-25T21:58:05","date_gmt":"2010-07-25T20:58:05","guid":{"rendered":"http:\/\/www.kobler-margreid.com\/blog\/?p=4214"},"modified":"2010-07-27T22:32:39","modified_gmt":"2010-07-27T21:32:39","slug":"vino-trentino_trentiner-wein","status":"publish","type":"post","link":"https:\/\/www.kobler-margreid.com\/blog\/blog\/2010\/07\/25\/vino-trentino_trentiner-wein\/","title":{"rendered":"Vino Trentino, Identit\u00e0 e Crisi Globale \u2014 Trentiner Wein, Identit\u00e4t und globale Krise"},"content":{"rendered":"<p style=\"text-align: center;\"><a href=\"http:\/\/www.kobler-margreid.com\/download_blog\/vino_trentino.pdf\"><img loading=\"lazy\" decoding=\"async\" class=\"size-full wp-image-4222  aligncenter\" style=\"border: 0pt none; margin: 0px 5px;\" title=\"2010-07-25_18-37-04a\" src=\"http:\/\/www.kobler-margreid.com\/blog\/wp-content\/2010\/07\/2010-07-25_18-37-04a.jpg\" alt=\"\" width=\"527\" height=\"233\" srcset=\"https:\/\/www.kobler-margreid.com\/blog\/wp-content\/2010\/07\/2010-07-25_18-37-04a.jpg 799w, https:\/\/www.kobler-margreid.com\/blog\/wp-content\/2010\/07\/2010-07-25_18-37-04a-300x132.jpg 300w\" sizes=\"auto, (max-width: 527px) 100vw, 527px\" \/><\/a><\/p>\n<p style=\"text-align: left;\">Nella provincia a noi vicina le struttute portanti dell&#8217;economia vitivinicola schricchiolano, e non poco. Per anni, quasi decenni, i viticoltori trentini sono stati invidiati dai colleghi sudtirolesi per i maggiori ricavi per ettaro e per i minori requisiti qualitativi che a loro si richiedevano in vigna. Adesso sembra che questa politica unilaterale di produzione e vendita cominci a farsi pagare cara.<\/p>\n<p style=\"text-align: left;\"><em>In der s\u00fcdlichen Nachbarprovinz kracht es ordentlich im weinwirtschaftlichen Geb\u00e4lk. Jahre-, fast jahrzehntelang wurden die dortigen Weinbauern von den in S\u00fcdtirol beheimateten ob ihrer regelm\u00e4\u00dfig h\u00f6heren Hektarerl\u00f6se und geringeren Qualit\u00e4tsauflagen beneidet. Jetzt scheint sich die einseitige Anbau- und Verkaufspolitik zu r\u00e4chen.<\/em><\/p>\n<p style=\"text-align: left;\"><em><!--more--><\/em><\/p>\n<p style=\"text-align: left;\">Il motivo per questo post consiste negli sviluppi drammatici  (<a href=\"https:\/\/webmail.ftcoop.it\/altridb\/rassta.nsf\/28d834a7efbbeba5c1256c14004d742d\/2b390a679805bed1c1257769002d509e\/$FILE\/44284.pdf\" target=\"_blank\">1<\/a>, <a href=\"https:\/\/webmail.ftcoop.it\/altridb\/rassta.nsf\/28d834a7efbbeba5c1256c14004d742d\/413b8888c004bfbcc1257769002d5026\/$FILE\/44280.pdf\" target=\"_blank\">2<\/a>, <a href=\"https:\/\/webmail.ftcoop.it\/altridb\/rassta.nsf\/28d834a7efbbeba5c1256c14004d742d\/ff09d0d3906f124bc1257750002fc2c9\/$FILE\/43718.pdf\" target=\"_blank\">3<\/a>, <a href=\"http:\/\/geishagourmet.wordpress.com\/2010\/07\/23\/rimandati-ad-ottobre\/\" target=\"_blank\">4<\/a>) che hanno messo in serie difficolt\u00e0 la Cantina sociale di\u00a0<a href=\"http:\/\/www.la-vis.com\/default.aspx?IDL=1\" target=\"_blank\">LA-VIS<\/a>. Risvolti che per dire la verit\u00e0 cos\u00ec nuovi non sono, in quanti i problemi sono venuti a galla gi\u00e0 da diverso tempo e riguardano anche altre strutture come quelle di <a href=\"https:\/\/webmail.ftcoop.it\/altridb\/rassta.nsf\/8f3f5dc3ca9f79fdc1256c3f0031b063\/c86ad8e3b76392bfc1257607002dc139\/$FILE\/37215.pdf\" target=\"_blank\">Avio<\/a>, per cui Emilo Pedron, ex responsabile del <em>Gruppo Italiano Vini<\/em> , \u00e8 stato chiamato a presentare un <a href=\"https:\/\/webmail.ftcoop.it\/altridb\/rassta.nsf\/28d834a7efbbeba5c1256c14004d742d\/935858a06ce0709fc12577280031254b\/$FILE\/42933.pdf\" target=\"_blank\">piano<\/a>,\u00a0peraltro molto discusso, per la riforma dell&#8216; economia vitivinicola locale.<\/p>\n<p style=\"text-align: left;\"><em> Der Anlass f\u00fcr diesen Beitrag sind die letzten dramatischen Entwicklungen (<\/em><a href=\"https:\/\/webmail.ftcoop.it\/altridb\/rassta.nsf\/28d834a7efbbeba5c1256c14004d742d\/2b390a679805bed1c1257769002d509e\/$FILE\/44284.pdf\" target=\"_blank\"><em>1<\/em><\/a><em>, <\/em><a href=\"https:\/\/webmail.ftcoop.it\/altridb\/rassta.nsf\/28d834a7efbbeba5c1256c14004d742d\/413b8888c004bfbcc1257769002d5026\/$FILE\/44280.pdf\" target=\"_blank\"><em>2<\/em><\/a><em>, <\/em><a href=\"https:\/\/webmail.ftcoop.it\/altridb\/rassta.nsf\/28d834a7efbbeba5c1256c14004d742d\/ff09d0d3906f124bc1257750002fc2c9\/$FILE\/43718.pdf\" target=\"_blank\"><em>3<\/em><\/a><em>, <\/em><a href=\"http:\/\/geishagourmet.wordpress.com\/2010\/07\/23\/rimandati-ad-ottobre\/\" target=\"_blank\"><em>4<\/em><\/a><em>, alle in ital. Sprache) welche die <\/em><em>Kellereigenossenschaft <a href=\"http:\/\/www.la-vis.com\/default.aspx?IDL=3\" target=\"_blank\">LA-VIS<\/a><\/em><em> in arge Bedr\u00e4ngnis gebracht haben. Ver\u00e4nderungen, welche aber eigentlich so \u00fcberraschend nicht sind, zeichneten sich die Probleme der gro\u00dfen Genossenschaftskellerei schon <\/em><a href=\"https:\/\/webmail.ftcoop.it\/altridb\/rassta.nsf\/28d834a7efbbeba5c1256c14004d742d\/ff09d0d3906f124bc1257750002fc2c9\/$FILE\/43718.pdf\" target=\"_blank\"><em>vorher<\/em><\/a><em> ab bzw. betreffen sie auch andere gro\u00dfe Strukturen, wie jene z.B. in <\/em><a href=\"https:\/\/webmail.ftcoop.it\/altridb\/rassta.nsf\/8f3f5dc3ca9f79fdc1256c3f0031b063\/c86ad8e3b76392bfc1257607002dc139\/$FILE\/37215.pdf\" target=\"_blank\"><em>Avio<\/em><\/a><em>, weshalb Emilio Pedron, seines Zeichens ehemaliger Vorstandsvorsitzender des <\/em>Gruppo Italiano Vini<em>, einen \u00e4u\u00dferst kontrovers diskutierten <\/em><em><a href=\"https:\/\/webmail.ftcoop.it\/altridb\/rassta.nsf\/28d834a7efbbeba5c1256c14004d742d\/935858a06ce0709fc12577280031254b\/$FILE\/42933.pdf\" target=\"_blank\">Plan<\/a> <\/em><em>f\u00fcr die Reform der Welschtiroler Weinwirtschaft entworfen hat.<\/em><\/p>\n<p style=\"text-align: left;\"><em><span style=\"font-style: normal;\">Un spiegazione interessante del sistema trentino degli anni scorsi che in effetti era incentrato sulla sovvenzione dei prezzi dell&#8217;uva attraverso il commercio con provenienze esterne alla provincia si pu\u00f2 leggere qu\u00ec. Inoltre volevo da tempo rendere accessibili in rete gli atti del convegno che l&#8217;UDIAS (Unione diplomati dell&#8216;<a href=\"http:\/\/www.iasma.it\" target=\"_blank\">Istituto Agrario San Michele a\/A<\/a>) ha organizzato sul questa tematica. Anche se questo incontro che non \u00e8 piaciuto a tutti si \u00e8 svolto gi\u00e0 un po&#8216; pi\u00f9 di un anno fa, i fatti recenti hanno dato ancora pi\u00f9 attualit\u00e0 agli argomenti trattati.<\/span><\/em><\/p>\n<p style=\"text-align: left;\"><em>Einen guten \u00dcberblick hinsichtlich des dortigen Systems der vergangenen Jahre, welches im Kern eine starke Subventionierung der Traubenpreise durch Handelst\u00e4tigkeit mit Trauben anderer Herkunft \u00a0beinhaltet, wird hingegen <\/em><a href=\"http:\/\/www.kobler-margreid.com\/download_blog\/questotrentino_08_06_2010.pdf\" target=\"_blank\"><em>hier<\/em><\/a><em> geboten. <\/em><em>Zudem wollte ich schon fr\u00fcher die <\/em><a href=\"http:\/\/www.kobler-margreid.com\/download_blog\/vino_trentino.pdf\"><em>Ergebnisse<\/em><\/a><em> einer Tagung der UDIAS (Absolventenverein des <\/em><a href=\"http:\/\/www.iasma.it\" target=\"_blank\"><em>Istituto Agrario San Michele a\/A<\/em><\/a><em>) zum Thema, welche \u00fcbrigens nicht allen gefallen hat, ver\u00f6ffentlichen, die zwar vor etwas mehr als einem Jahr stattgefunden hat, aber gerade im Lichte der letzten Ereignisse an Aktualit\u00e4t eher gewonnen als verloren hat.<\/em><\/p>\n<p style=\"text-align: left;\">Ringrazio la <em>Federazione Trentina delle Cooperative<\/em> per la <a href=\"https:\/\/webmail.ftcoop.it\/altridb\/rassta.nsf\/\" target=\"_blank\">rassegna stampa<\/a> utlizzata e il presidente dell&#8217;UDIAS <a href=\"http:\/\/www.google.com\/search?num=100&amp;hl=de&amp;newwindow=1&amp;safe=off&amp;client=safari&amp;rls=en&amp;q=%22angelo+rossi%22+vino+trentino&amp;cts=1280140304980&amp;aq=f&amp;aqi=&amp;aql=&amp;oq=&amp;gs_rfai=\" target=\"_blank\">Angelo Rossi<\/a> per la messa a disposizione degli atti in forma digitale.<\/p>\n<p style=\"text-align: left;\"><em>Ich bedanke mich bei der <\/em>Federazione Trentina delle Cooperative<em> f\u00fcr den verwendeten <\/em><em><a href=\"https:\/\/webmail.ftcoop.it\/altridb\/rassta.nsf\/\" target=\"_blank\">Pressespiegel<\/a><\/em><em> und beim Pr\u00e4sidenten des Absolventenvereins UDIAS <a href=\"http:\/\/www.google.com\/search?num=100&amp;hl=de&amp;newwindow=1&amp;safe=off&amp;client=safari&amp;rls=en&amp;q=%22angelo+rossi%22+vino+trentino&amp;cts=1280140304980&amp;aq=f&amp;aqi=&amp;aql=&amp;oq=&amp;gs_rfai=\" target=\"_blank\">Angelo Rossi<\/a><\/em><em> f\u00fcr die digitale Bereitstellung der Tagungsunterlagen.<\/em><\/p>\n<p style=\"text-align: left;\"><em><br \/>\n<\/em><\/p>\n","protected":false},"excerpt":{"rendered":"<p>Nella provincia a noi vicina le struttute portanti dell&#8217;economia vitivinicola schricchiolano, e non poco. Per anni, quasi decenni, i viticoltori trentini sono stati invidiati dai colleghi sudtirolesi per i maggiori ricavi per ettaro e per i minori requisiti qualitativi che &hellip; <a href=\"https:\/\/www.kobler-margreid.com\/blog\/blog\/2010\/07\/25\/vino-trentino_trentiner-wein\/\">Weiterlesen <span class=\"meta-nav\">&rarr;<\/span><\/a><\/p>\n","protected":false},"author":1,"featured_media":0,"comment_status":"open","ping_status":"open","sticky":false,"template":"","format":"standard","meta":{"ngg_post_thumbnail":0,"footnotes":"","_links_to":"","_links_to_target":""},"categories":[708],"tags":[718,728,710,717,719,724,721,731,727,716,726,709,722,712,711,725,714,713,720,715,723,730,229,729],"class_list":["post-4214","post","type-post","status-publish","format-standard","hentry","category-weinwirtschaft-economia-vitivinicola-weinwirtschaft-economia-vitivinicola","tag-albino-armani","tag-andreas-koessler","tag-angelo-rossi","tag-armin-kobler","tag-arrigo-pisoni","tag-bruno-trentini","tag-christian-scrinzi","tag-emilio-pedron","tag-enzo-merz","tag-fabrizio-dagostin","tag-fausto-campostrini","tag-flavio-salvetti","tag-francesca-negri","tag-giorgio-flessati","tag-giovanni-gius","tag-luca-rigotti","tag-luigi-togn","tag-mario-poier","tag-paolo-dorigati","tag-roberto-giacomoni","tag-roberto-zeni","tag-san-michele","tag-trentino","tag-udias"],"yoast_head":"<!-- This site is optimized with the Yoast SEO plugin v27.5 - https:\/\/yoast.com\/product\/yoast-seo-wordpress\/ -->\n<title>Vino Trentino, Identit\u00e0 e Crisi Globale \u2014 Trentiner Wein, Identit\u00e4t und globale Krise - weinhof KOBLER weblog<\/title>\n<meta name=\"robots\" content=\"index, follow, max-snippet:-1, max-image-preview:large, max-video-preview:-1\" \/>\n<link rel=\"canonical\" href=\"https:\/\/www.kobler-margreid.com\/blog\/blog\/2010\/07\/25\/vino-trentino_trentiner-wein\/\" \/>\n<meta property=\"og:locale\" content=\"de_DE\" \/>\n<meta property=\"og:type\" content=\"article\" \/>\n<meta property=\"og:title\" content=\"Vino Trentino, Identit\u00e0 e Crisi Globale \u2014 Trentiner Wein, Identit\u00e4t und globale Krise - weinhof KOBLER weblog\" \/>\n<meta property=\"og:description\" content=\"Nella provincia a noi vicina le struttute portanti dell&#8217;economia vitivinicola schricchiolano, e non poco. Per anni, quasi decenni, i viticoltori trentini sono stati invidiati dai colleghi sudtirolesi per i maggiori ricavi per ettaro e per i minori requisiti qualitativi che &hellip; Weiterlesen &rarr;\" \/>\n<meta property=\"og:url\" content=\"https:\/\/www.kobler-margreid.com\/blog\/blog\/2010\/07\/25\/vino-trentino_trentiner-wein\/\" \/>\n<meta property=\"og:site_name\" content=\"weinhof KOBLER weblog\" \/>\n<meta property=\"article:publisher\" content=\"https:\/\/www.facebook.com\/armin.kobler\/\" \/>\n<meta property=\"article:author\" content=\"https:\/\/www.facebook.com\/armin.kobler\/\" \/>\n<meta property=\"article:published_time\" content=\"2010-07-25T20:58:05+00:00\" \/>\n<meta property=\"article:modified_time\" content=\"2010-07-27T21:32:39+00:00\" \/>\n<meta property=\"og:image\" content=\"http:\/\/www.kobler-margreid.com\/blog\/wp-content\/2010\/07\/2010-07-25_18-37-04a.jpg\" \/>\n<meta name=\"author\" content=\"armin kobler\" \/>\n<meta name=\"twitter:card\" content=\"summary_large_image\" \/>\n<meta name=\"twitter:label1\" content=\"Verfasst von\" \/>\n\t<meta name=\"twitter:data1\" content=\"armin kobler\" \/>\n\t<meta name=\"twitter:label2\" content=\"Gesch\u00e4tzte Lesezeit\" \/>\n\t<meta name=\"twitter:data2\" content=\"3\u00a0Minuten\" \/>\n<script type=\"application\/ld+json\" class=\"yoast-schema-graph\">{\"@context\":\"https:\\\/\\\/schema.org\",\"@graph\":[{\"@type\":\"Article\",\"@id\":\"https:\\\/\\\/www.kobler-margreid.com\\\/blog\\\/blog\\\/2010\\\/07\\\/25\\\/vino-trentino_trentiner-wein\\\/#article\",\"isPartOf\":{\"@id\":\"https:\\\/\\\/www.kobler-margreid.com\\\/blog\\\/blog\\\/2010\\\/07\\\/25\\\/vino-trentino_trentiner-wein\\\/\"},\"author\":{\"name\":\"armin kobler\",\"@id\":\"https:\\\/\\\/www.kobler-margreid.com\\\/blog\\\/#\\\/schema\\\/person\\\/6a2290c17f680f59c1fa7e1c7a36df3a\"},\"headline\":\"Vino Trentino, Identit\u00e0 e Crisi Globale \u2014 Trentiner Wein, Identit\u00e4t und globale Krise\",\"datePublished\":\"2010-07-25T20:58:05+00:00\",\"dateModified\":\"2010-07-27T21:32:39+00:00\",\"mainEntityOfPage\":{\"@id\":\"https:\\\/\\\/www.kobler-margreid.com\\\/blog\\\/blog\\\/2010\\\/07\\\/25\\\/vino-trentino_trentiner-wein\\\/\"},\"wordCount\":515,\"commentCount\":8,\"publisher\":{\"@id\":\"https:\\\/\\\/www.kobler-margreid.com\\\/blog\\\/#\\\/schema\\\/person\\\/6a2290c17f680f59c1fa7e1c7a36df3a\"},\"image\":{\"@id\":\"https:\\\/\\\/www.kobler-margreid.com\\\/blog\\\/blog\\\/2010\\\/07\\\/25\\\/vino-trentino_trentiner-wein\\\/#primaryimage\"},\"thumbnailUrl\":\"http:\\\/\\\/www.kobler-margreid.com\\\/blog\\\/wp-content\\\/2010\\\/07\\\/2010-07-25_18-37-04a.jpg\",\"keywords\":[\"Albino Armani\",\"Andreas K\u00f6ssler\",\"Angelo Rossi\",\"Armin Kobler\",\"Arrigo Pisoni\",\"Bruno Trentini\",\"Christian Scrinzi\",\"Emilio Pedron\",\"Enzo Merz\",\"Fabrizio Dagostin\",\"Fausto Campostrini\",\"Flavio Salvetti\",\"Francesca Negri\",\"Giorgio Flessati\",\"Giovanni Gius\",\"Luca Rigotti\",\"Luigi Togn\",\"Mario Poier\",\"Paolo Dorigati\",\"Roberto Giacomoni\",\"Roberto Zeni\",\"San Michele\",\"Trentino\",\"UDIAS\"],\"articleSection\":[\"Weinwirtschaft - Economia vitivinicola\"],\"inLanguage\":\"de\",\"potentialAction\":[{\"@type\":\"CommentAction\",\"name\":\"Comment\",\"target\":[\"https:\\\/\\\/www.kobler-margreid.com\\\/blog\\\/blog\\\/2010\\\/07\\\/25\\\/vino-trentino_trentiner-wein\\\/#respond\"]}]},{\"@type\":\"WebPage\",\"@id\":\"https:\\\/\\\/www.kobler-margreid.com\\\/blog\\\/blog\\\/2010\\\/07\\\/25\\\/vino-trentino_trentiner-wein\\\/\",\"url\":\"https:\\\/\\\/www.kobler-margreid.com\\\/blog\\\/blog\\\/2010\\\/07\\\/25\\\/vino-trentino_trentiner-wein\\\/\",\"name\":\"Vino Trentino, Identit\u00e0 e Crisi Globale \u2014 Trentiner Wein, Identit\u00e4t und globale Krise - weinhof KOBLER weblog\",\"isPartOf\":{\"@id\":\"https:\\\/\\\/www.kobler-margreid.com\\\/blog\\\/#website\"},\"primaryImageOfPage\":{\"@id\":\"https:\\\/\\\/www.kobler-margreid.com\\\/blog\\\/blog\\\/2010\\\/07\\\/25\\\/vino-trentino_trentiner-wein\\\/#primaryimage\"},\"image\":{\"@id\":\"https:\\\/\\\/www.kobler-margreid.com\\\/blog\\\/blog\\\/2010\\\/07\\\/25\\\/vino-trentino_trentiner-wein\\\/#primaryimage\"},\"thumbnailUrl\":\"http:\\\/\\\/www.kobler-margreid.com\\\/blog\\\/wp-content\\\/2010\\\/07\\\/2010-07-25_18-37-04a.jpg\",\"datePublished\":\"2010-07-25T20:58:05+00:00\",\"dateModified\":\"2010-07-27T21:32:39+00:00\",\"breadcrumb\":{\"@id\":\"https:\\\/\\\/www.kobler-margreid.com\\\/blog\\\/blog\\\/2010\\\/07\\\/25\\\/vino-trentino_trentiner-wein\\\/#breadcrumb\"},\"inLanguage\":\"de\",\"potentialAction\":[{\"@type\":\"ReadAction\",\"target\":[\"https:\\\/\\\/www.kobler-margreid.com\\\/blog\\\/blog\\\/2010\\\/07\\\/25\\\/vino-trentino_trentiner-wein\\\/\"]}]},{\"@type\":\"ImageObject\",\"inLanguage\":\"de\",\"@id\":\"https:\\\/\\\/www.kobler-margreid.com\\\/blog\\\/blog\\\/2010\\\/07\\\/25\\\/vino-trentino_trentiner-wein\\\/#primaryimage\",\"url\":\"https:\\\/\\\/www.kobler-margreid.com\\\/blog\\\/wp-content\\\/2010\\\/07\\\/2010-07-25_18-37-04a.jpg\",\"contentUrl\":\"https:\\\/\\\/www.kobler-margreid.com\\\/blog\\\/wp-content\\\/2010\\\/07\\\/2010-07-25_18-37-04a.jpg\",\"width\":\"799\",\"height\":\"353\"},{\"@type\":\"BreadcrumbList\",\"@id\":\"https:\\\/\\\/www.kobler-margreid.com\\\/blog\\\/blog\\\/2010\\\/07\\\/25\\\/vino-trentino_trentiner-wein\\\/#breadcrumb\",\"itemListElement\":[{\"@type\":\"ListItem\",\"position\":1,\"name\":\"Startseite\",\"item\":\"https:\\\/\\\/www.kobler-margreid.com\\\/blog\\\/\"},{\"@type\":\"ListItem\",\"position\":2,\"name\":\"Vino Trentino, Identit\u00e0 e Crisi Globale \u2014 Trentiner Wein, Identit\u00e4t und globale Krise\"}]},{\"@type\":\"WebSite\",\"@id\":\"https:\\\/\\\/www.kobler-margreid.com\\\/blog\\\/#website\",\"url\":\"https:\\\/\\\/www.kobler-margreid.com\\\/blog\\\/\",\"name\":\"weinhof KOBLER weblog\",\"description\":\"dem wein ganz nah \u2013 all&#039;interno del vino\",\"publisher\":{\"@id\":\"https:\\\/\\\/www.kobler-margreid.com\\\/blog\\\/#\\\/schema\\\/person\\\/6a2290c17f680f59c1fa7e1c7a36df3a\"},\"potentialAction\":[{\"@type\":\"SearchAction\",\"target\":{\"@type\":\"EntryPoint\",\"urlTemplate\":\"https:\\\/\\\/www.kobler-margreid.com\\\/blog\\\/?s={search_term_string}\"},\"query-input\":{\"@type\":\"PropertyValueSpecification\",\"valueRequired\":true,\"valueName\":\"search_term_string\"}}],\"inLanguage\":\"de\"},{\"@type\":[\"Person\",\"Organization\"],\"@id\":\"https:\\\/\\\/www.kobler-margreid.com\\\/blog\\\/#\\\/schema\\\/person\\\/6a2290c17f680f59c1fa7e1c7a36df3a\",\"name\":\"armin kobler\",\"image\":{\"@type\":\"ImageObject\",\"inLanguage\":\"de\",\"@id\":\"https:\\\/\\\/www.kobler-margreid.com\\\/blog\\\/wp-content\\\/2023\\\/11\\\/2012-05-08_09-33-03a.jpg\",\"url\":\"https:\\\/\\\/www.kobler-margreid.com\\\/blog\\\/wp-content\\\/2023\\\/11\\\/2012-05-08_09-33-03a.jpg\",\"contentUrl\":\"https:\\\/\\\/www.kobler-margreid.com\\\/blog\\\/wp-content\\\/2023\\\/11\\\/2012-05-08_09-33-03a.jpg\",\"width\":1088,\"height\":1184,\"caption\":\"armin kobler\"},\"logo\":{\"@id\":\"https:\\\/\\\/www.kobler-margreid.com\\\/blog\\\/wp-content\\\/2023\\\/11\\\/2012-05-08_09-33-03a.jpg\"},\"sameAs\":[\"http:\\\/\\\/www.kobler-margreid.com\",\"https:\\\/\\\/www.facebook.com\\\/armin.kobler\\\/\"],\"url\":\"https:\\\/\\\/www.kobler-margreid.com\\\/blog\\\/blog\\\/author\\\/admin\\\/\"}]}<\/script>\n<!-- \/ Yoast SEO plugin. -->","yoast_head_json":{"title":"Vino Trentino, Identit\u00e0 e Crisi Globale \u2014 Trentiner Wein, Identit\u00e4t und globale Krise - weinhof KOBLER weblog","robots":{"index":"index","follow":"follow","max-snippet":"max-snippet:-1","max-image-preview":"max-image-preview:large","max-video-preview":"max-video-preview:-1"},"canonical":"https:\/\/www.kobler-margreid.com\/blog\/blog\/2010\/07\/25\/vino-trentino_trentiner-wein\/","og_locale":"de_DE","og_type":"article","og_title":"Vino Trentino, Identit\u00e0 e Crisi Globale \u2014 Trentiner Wein, Identit\u00e4t und globale Krise - weinhof KOBLER weblog","og_description":"Nella provincia a noi vicina le struttute portanti dell&#8217;economia vitivinicola schricchiolano, e non poco. Per anni, quasi decenni, i viticoltori trentini sono stati invidiati dai colleghi sudtirolesi per i maggiori ricavi per ettaro e per i minori requisiti qualitativi che &hellip; Weiterlesen &rarr;","og_url":"https:\/\/www.kobler-margreid.com\/blog\/blog\/2010\/07\/25\/vino-trentino_trentiner-wein\/","og_site_name":"weinhof KOBLER weblog","article_publisher":"https:\/\/www.facebook.com\/armin.kobler\/","article_author":"https:\/\/www.facebook.com\/armin.kobler\/","article_published_time":"2010-07-25T20:58:05+00:00","article_modified_time":"2010-07-27T21:32:39+00:00","og_image":[{"url":"http:\/\/www.kobler-margreid.com\/blog\/wp-content\/2010\/07\/2010-07-25_18-37-04a.jpg","type":"","width":"","height":""}],"author":"armin kobler","twitter_card":"summary_large_image","twitter_misc":{"Verfasst von":"armin kobler","Gesch\u00e4tzte Lesezeit":"3\u00a0Minuten"},"schema":{"@context":"https:\/\/schema.org","@graph":[{"@type":"Article","@id":"https:\/\/www.kobler-margreid.com\/blog\/blog\/2010\/07\/25\/vino-trentino_trentiner-wein\/#article","isPartOf":{"@id":"https:\/\/www.kobler-margreid.com\/blog\/blog\/2010\/07\/25\/vino-trentino_trentiner-wein\/"},"author":{"name":"armin kobler","@id":"https:\/\/www.kobler-margreid.com\/blog\/#\/schema\/person\/6a2290c17f680f59c1fa7e1c7a36df3a"},"headline":"Vino Trentino, Identit\u00e0 e Crisi Globale \u2014 Trentiner Wein, Identit\u00e4t und globale Krise","datePublished":"2010-07-25T20:58:05+00:00","dateModified":"2010-07-27T21:32:39+00:00","mainEntityOfPage":{"@id":"https:\/\/www.kobler-margreid.com\/blog\/blog\/2010\/07\/25\/vino-trentino_trentiner-wein\/"},"wordCount":515,"commentCount":8,"publisher":{"@id":"https:\/\/www.kobler-margreid.com\/blog\/#\/schema\/person\/6a2290c17f680f59c1fa7e1c7a36df3a"},"image":{"@id":"https:\/\/www.kobler-margreid.com\/blog\/blog\/2010\/07\/25\/vino-trentino_trentiner-wein\/#primaryimage"},"thumbnailUrl":"http:\/\/www.kobler-margreid.com\/blog\/wp-content\/2010\/07\/2010-07-25_18-37-04a.jpg","keywords":["Albino Armani","Andreas K\u00f6ssler","Angelo Rossi","Armin Kobler","Arrigo Pisoni","Bruno Trentini","Christian Scrinzi","Emilio Pedron","Enzo Merz","Fabrizio Dagostin","Fausto Campostrini","Flavio Salvetti","Francesca Negri","Giorgio Flessati","Giovanni Gius","Luca Rigotti","Luigi Togn","Mario Poier","Paolo Dorigati","Roberto Giacomoni","Roberto Zeni","San Michele","Trentino","UDIAS"],"articleSection":["Weinwirtschaft - Economia vitivinicola"],"inLanguage":"de","potentialAction":[{"@type":"CommentAction","name":"Comment","target":["https:\/\/www.kobler-margreid.com\/blog\/blog\/2010\/07\/25\/vino-trentino_trentiner-wein\/#respond"]}]},{"@type":"WebPage","@id":"https:\/\/www.kobler-margreid.com\/blog\/blog\/2010\/07\/25\/vino-trentino_trentiner-wein\/","url":"https:\/\/www.kobler-margreid.com\/blog\/blog\/2010\/07\/25\/vino-trentino_trentiner-wein\/","name":"Vino Trentino, Identit\u00e0 e Crisi Globale \u2014 Trentiner Wein, Identit\u00e4t und globale Krise - weinhof KOBLER weblog","isPartOf":{"@id":"https:\/\/www.kobler-margreid.com\/blog\/#website"},"primaryImageOfPage":{"@id":"https:\/\/www.kobler-margreid.com\/blog\/blog\/2010\/07\/25\/vino-trentino_trentiner-wein\/#primaryimage"},"image":{"@id":"https:\/\/www.kobler-margreid.com\/blog\/blog\/2010\/07\/25\/vino-trentino_trentiner-wein\/#primaryimage"},"thumbnailUrl":"http:\/\/www.kobler-margreid.com\/blog\/wp-content\/2010\/07\/2010-07-25_18-37-04a.jpg","datePublished":"2010-07-25T20:58:05+00:00","dateModified":"2010-07-27T21:32:39+00:00","breadcrumb":{"@id":"https:\/\/www.kobler-margreid.com\/blog\/blog\/2010\/07\/25\/vino-trentino_trentiner-wein\/#breadcrumb"},"inLanguage":"de","potentialAction":[{"@type":"ReadAction","target":["https:\/\/www.kobler-margreid.com\/blog\/blog\/2010\/07\/25\/vino-trentino_trentiner-wein\/"]}]},{"@type":"ImageObject","inLanguage":"de","@id":"https:\/\/www.kobler-margreid.com\/blog\/blog\/2010\/07\/25\/vino-trentino_trentiner-wein\/#primaryimage","url":"https:\/\/www.kobler-margreid.com\/blog\/wp-content\/2010\/07\/2010-07-25_18-37-04a.jpg","contentUrl":"https:\/\/www.kobler-margreid.com\/blog\/wp-content\/2010\/07\/2010-07-25_18-37-04a.jpg","width":"799","height":"353"},{"@type":"BreadcrumbList","@id":"https:\/\/www.kobler-margreid.com\/blog\/blog\/2010\/07\/25\/vino-trentino_trentiner-wein\/#breadcrumb","itemListElement":[{"@type":"ListItem","position":1,"name":"Startseite","item":"https:\/\/www.kobler-margreid.com\/blog\/"},{"@type":"ListItem","position":2,"name":"Vino Trentino, Identit\u00e0 e Crisi Globale \u2014 Trentiner Wein, Identit\u00e4t und globale Krise"}]},{"@type":"WebSite","@id":"https:\/\/www.kobler-margreid.com\/blog\/#website","url":"https:\/\/www.kobler-margreid.com\/blog\/","name":"weinhof KOBLER weblog","description":"dem wein ganz nah \u2013 all&#039;interno del vino","publisher":{"@id":"https:\/\/www.kobler-margreid.com\/blog\/#\/schema\/person\/6a2290c17f680f59c1fa7e1c7a36df3a"},"potentialAction":[{"@type":"SearchAction","target":{"@type":"EntryPoint","urlTemplate":"https:\/\/www.kobler-margreid.com\/blog\/?s={search_term_string}"},"query-input":{"@type":"PropertyValueSpecification","valueRequired":true,"valueName":"search_term_string"}}],"inLanguage":"de"},{"@type":["Person","Organization"],"@id":"https:\/\/www.kobler-margreid.com\/blog\/#\/schema\/person\/6a2290c17f680f59c1fa7e1c7a36df3a","name":"armin kobler","image":{"@type":"ImageObject","inLanguage":"de","@id":"https:\/\/www.kobler-margreid.com\/blog\/wp-content\/2023\/11\/2012-05-08_09-33-03a.jpg","url":"https:\/\/www.kobler-margreid.com\/blog\/wp-content\/2023\/11\/2012-05-08_09-33-03a.jpg","contentUrl":"https:\/\/www.kobler-margreid.com\/blog\/wp-content\/2023\/11\/2012-05-08_09-33-03a.jpg","width":1088,"height":1184,"caption":"armin kobler"},"logo":{"@id":"https:\/\/www.kobler-margreid.com\/blog\/wp-content\/2023\/11\/2012-05-08_09-33-03a.jpg"},"sameAs":["http:\/\/www.kobler-margreid.com","https:\/\/www.facebook.com\/armin.kobler\/"],"url":"https:\/\/www.kobler-margreid.com\/blog\/blog\/author\/admin\/"}]}},"_links":{"self":[{"href":"https:\/\/www.kobler-margreid.com\/blog\/wp-json\/wp\/v2\/posts\/4214","targetHints":{"allow":["GET"]}}],"collection":[{"href":"https:\/\/www.kobler-margreid.com\/blog\/wp-json\/wp\/v2\/posts"}],"about":[{"href":"https:\/\/www.kobler-margreid.com\/blog\/wp-json\/wp\/v2\/types\/post"}],"author":[{"embeddable":true,"href":"https:\/\/www.kobler-margreid.com\/blog\/wp-json\/wp\/v2\/users\/1"}],"replies":[{"embeddable":true,"href":"https:\/\/www.kobler-margreid.com\/blog\/wp-json\/wp\/v2\/comments?post=4214"}],"version-history":[{"count":0,"href":"https:\/\/www.kobler-margreid.com\/blog\/wp-json\/wp\/v2\/posts\/4214\/revisions"}],"wp:attachment":[{"href":"https:\/\/www.kobler-margreid.com\/blog\/wp-json\/wp\/v2\/media?parent=4214"}],"wp:term":[{"taxonomy":"category","embeddable":true,"href":"https:\/\/www.kobler-margreid.com\/blog\/wp-json\/wp\/v2\/categories?post=4214"},{"taxonomy":"post_tag","embeddable":true,"href":"https:\/\/www.kobler-margreid.com\/blog\/wp-json\/wp\/v2\/tags?post=4214"}],"curies":[{"name":"wp","href":"https:\/\/api.w.org\/{rel}","templated":true}]}}