{"id":4297,"date":"2010-08-08T23:05:37","date_gmt":"2010-08-08T22:05:37","guid":{"rendered":"http:\/\/www.kobler-margreid.com\/blog\/?p=4297"},"modified":"2010-08-10T06:52:43","modified_gmt":"2010-08-10T05:52:43","slug":"trentino2weinakademische-ratschlaege_consigli-enoaccademici","status":"publish","type":"post","link":"https:\/\/www.kobler-margreid.com\/blog\/blog\/2010\/08\/08\/trentino2weinakademische-ratschlaege_consigli-enoaccademici\/","title":{"rendered":"Trentino 2: Weinakademische Ratschl\u00e4ge \u2014 Consigli enoaccademici"},"content":{"rendered":"<p><a href=\"http:\/\/www.kobler-margreid.com\/blog\/wp-content\/2010\/08\/mariadaniel_20101.jpg\" rel=\"lightbox[4297]\"><img loading=\"lazy\" decoding=\"async\" class=\"float left alignleft size-large wp-image-4247\" style=\"border: 0pt none; margin: 0px 5px;\" title=\"mariadaniel_2010\" src=\"http:\/\/www.kobler-margreid.com\/blog\/wp-content\/2010\/08\/mariadaniel_20101.jpg\" alt=\"\" width=\"350\" height=\"248\" \/><\/a>Sich von einem Gespr\u00e4ch mit Maria Daniel loszurei\u00dfen ist immer schwer. Nicht nur, weil sie mit ihrem Gesch\u00e4ft <a href=\"http:\/\/www.reschenpass.com\/default.asp\" target=\"_blank\">Mary&#8217;s Market<\/a> eine r\u00fchrige Kundin von mir ist, sondern weil sie auch eine profunde Kennerin der europ\u00e4ischen Weine ist. Diese Kenntnisse hat sie sich durch die Arbeit im Gesch\u00e4ft \u2014 sie betreut Engros-Kunden wie auch private Weingenie\u00dfer \u2014 und nat\u00fcrlich durch ihre Ausbildung zur AIS-Sommeli\u00e8re angeeignet.<\/p>\n<p><em>Terminare un discorso con Maria Daniel \u00e8 sempre difficile. Non solo perch\u00e8 lei con il suo <a href=\"http:\/\/www.reschenpass.com\/it\/default.asp\" target=\"_blank\">Mary&#8217;s Market<\/a> \u00e8 una mia cliente molto attiva, ma soprattutto perch\u00e8 \u00e8 un&#8217;ottima conoscitrice dei vini europei. Queste conoscenze le ha acquisite con il suo esercizio trattando clienti all&#8217;ingrosso ed al dettaglio ma anche con il conseguimento di sommeli\u00e8re AIS.<\/em><\/p>\n<p><em><!--more--><\/em>Letztlich ist ein weiterer Wissensbaustein dazugekommen, Maria ist der Titel einer <a href=\"http:\/\/www.kobler-margreid.com\/download_blog\/DerVinschger_Daniel.jpg\" target=\"_blank\" rel=\"lightbox[4297]\">Weinakademikerin<\/a> verliehen worden. Bei der <a href=\"http:\/\/www.kobler-margreid.com\/download_blog\/Einladung_Graduierung_Schweiz_2010.jpg\" target=\"_blank\" rel=\"lightbox[4297]\">Graduierungsfeier<\/a> im <a href=\"http:\/\/www.schloss-au.ch\/\" target=\"_blank\">Schloss Au<\/a> in Z\u00fcrich konnte ich dabei sein, hatte Maria mich doch als &#8222;ihren&#8220; Winzer ausgesucht. Jeder Diplomempf\u00e4nger hatte n\u00e4mlich einen Betrieb seiner Gegend mitzubringen, welche im Anschluss an der Diplomverleihung in diesem edlen Rahmen dem Publikum seine Weine pr\u00e4sentieren durfte.<\/p>\n<p><em>Ultimamente ha aggiunto un altro tassello alle sue conoscenze conseguendo il diploma di Weinakademikerin (Accademica del vino). Alla <a href=\"http:\/\/www.kobler-margreid.com\/download_blog\/Einladung_Graduierung_Schweiz_2010.jpg\" target=\"_blank\" rel=\"lightbox[4297]\">cerimonia<\/a> di consegna dei diplomi nello <a href=\"http:\/\/www.schloss-au.ch\/\" target=\"_blank\">Schloss Au<\/a> a Zurigo ho potuto esserci anch&#8217;io in quanto Maria mi ha scelto come il &#8222;suo&#8220; produttore. Infatti in quest&#8217;occasione ogni allievo doveva portarsi dietro un&#8217;azienda\u00a0che a seguito della consegna dei diplomi aveva la possibilit\u00e0 di presentare i suoi vini al pubblico presente.<\/em><\/p>\n<p>Neben dem Ablegen verschiedener Pr\u00fcfungen ist auch das Schreiben einer Facharbeit f\u00fcr die Erlangung des Titels der Weinakademikerin notwendig. Maria hat sich im letzten Winter intensiv mit der schon bemerkbaren Weinkrise (ich <a href=\"http:\/\/www.kobler-margreid.com\/blog\/2010\/07\/25\/vino-trentino_trentiner-wein\/\" target=\"_blank\">berichtete<\/a>) in der Provinz Trient befasst. Das Thema lautet: &#8222;Wege aus der Namenlosigkeit \u2014 Strategische Ans\u00e4tze zur Imageaufwertung der Weine im Trentino&#8220;. Die komplette Arbeit kann <a href=\"http:\/\/www.kobler-margreid.com\/download_blog\/Diplomarbeit_Trentino_17.12.2009.pdf\" target=\"_blank\">hier<\/a> angesehen werden. Ich ma\u00dfe es mir nicht an, die Ergebnisse wirklich richtig zusammenzufassen, hebe aber nur drei Stichw\u00f6rter hervor: <strong>Qualit\u00e4t, Herkunft, Identit\u00e4t<\/strong>.<\/p>\n<p><em>Per conseguire il titolo di <\/em>Weinakademiker<em> oltre a dare diversi esami bisogna anche presentare una tesi. Maria si \u00e8 confrontata intensamente l&#8217;inverno scorso con la crisi del vino nella provincia di Trento che gi\u00e0 allara si avvertiva (ne ho parlato <a href=\"http:\/\/www.kobler-margreid.com\/blog\/2010\/07\/25\/vino-trentino_trentiner-wein\/\" target=\"_blank\">qu\u00ec<\/a>). Il titolo \u00e8 &#8222;Wege aus der Namenlosigkeit \u2014 Strategische Ans\u00e4tze zur Imageaufwertung der Weine im Trentino&#8220; (&#8222;Vie per uscire dall&#8217;anonimato \u2014 Cenni strategici per rivalutare i vini del Trentino&#8220;). Il lavoro completo si pu\u00f2 leggere (in tedesco) <a href=\"http:\/\/www.kobler-margreid.com\/download_blog\/Diplomarbeit_Trentino_17.12.2009.pdf\" target=\"_blank\">qu\u00ec<\/a>. Non mi azzardo a riassumere correttamente i risultati, sottolineo per\u00f2 tre termini: <strong>Qualit\u00e0, origine, identit\u00e0<\/strong><\/em><em>.<\/em><\/p>\n","protected":false},"excerpt":{"rendered":"<p>Sich von einem Gespr\u00e4ch mit Maria Daniel loszurei\u00dfen ist immer schwer. Nicht nur, weil sie mit ihrem Gesch\u00e4ft Mary&#8217;s Market eine r\u00fchrige Kundin von mir ist, sondern weil sie auch eine profunde Kennerin der europ\u00e4ischen Weine ist. Diese Kenntnisse hat &hellip; <a href=\"https:\/\/www.kobler-margreid.com\/blog\/blog\/2010\/08\/08\/trentino2weinakademische-ratschlaege_consigli-enoaccademici\/\">Weiterlesen <span class=\"meta-nav\">&rarr;<\/span><\/a><\/p>\n","protected":false},"author":1,"featured_media":0,"comment_status":"open","ping_status":"open","sticky":false,"template":"","format":"standard","meta":{"ngg_post_thumbnail":0,"footnotes":"","_links_to":"","_links_to_target":""},"categories":[708],"tags":[468,733,735,229,734,467],"class_list":["post-4297","post","type-post","status-publish","format-standard","hentry","category-weinwirtschaft-economia-vitivinicola-weinwirtschaft-economia-vitivinicola","tag-crisi-del-vino","tag-maria-daniel","tag-marys-market","tag-trentino","tag-weinakademie","tag-weinkrise"],"yoast_head":"<!-- This site is optimized with the Yoast SEO plugin v27.5 - https:\/\/yoast.com\/product\/yoast-seo-wordpress\/ -->\n<title>Trentino 2: Weinakademische Ratschl\u00e4ge \u2014 Consigli enoaccademici - weinhof KOBLER weblog<\/title>\n<meta name=\"robots\" content=\"index, follow, max-snippet:-1, max-image-preview:large, max-video-preview:-1\" \/>\n<link rel=\"canonical\" href=\"https:\/\/www.kobler-margreid.com\/blog\/blog\/2010\/08\/08\/trentino2weinakademische-ratschlaege_consigli-enoaccademici\/\" \/>\n<meta property=\"og:locale\" content=\"de_DE\" \/>\n<meta property=\"og:type\" content=\"article\" \/>\n<meta property=\"og:title\" content=\"Trentino 2: Weinakademische Ratschl\u00e4ge \u2014 Consigli enoaccademici - weinhof KOBLER weblog\" \/>\n<meta property=\"og:description\" content=\"Sich von einem Gespr\u00e4ch mit Maria Daniel loszurei\u00dfen ist immer schwer. Nicht nur, weil sie mit ihrem Gesch\u00e4ft Mary&#8217;s Market eine r\u00fchrige Kundin von mir ist, sondern weil sie auch eine profunde Kennerin der europ\u00e4ischen Weine ist. Diese Kenntnisse hat &hellip; Weiterlesen &rarr;\" \/>\n<meta property=\"og:url\" content=\"https:\/\/www.kobler-margreid.com\/blog\/blog\/2010\/08\/08\/trentino2weinakademische-ratschlaege_consigli-enoaccademici\/\" \/>\n<meta property=\"og:site_name\" content=\"weinhof KOBLER weblog\" \/>\n<meta property=\"article:publisher\" content=\"https:\/\/www.facebook.com\/armin.kobler\/\" \/>\n<meta property=\"article:author\" content=\"https:\/\/www.facebook.com\/armin.kobler\/\" \/>\n<meta property=\"article:published_time\" content=\"2010-08-08T22:05:37+00:00\" \/>\n<meta property=\"article:modified_time\" content=\"2010-08-10T05:52:43+00:00\" \/>\n<meta property=\"og:image\" content=\"http:\/\/www.kobler-margreid.com\/blog\/wp-content\/2010\/08\/mariadaniel_20101.jpg\" \/>\n<meta name=\"author\" content=\"armin kobler\" \/>\n<meta name=\"twitter:card\" content=\"summary_large_image\" \/>\n<meta name=\"twitter:label1\" content=\"Verfasst von\" \/>\n\t<meta name=\"twitter:data1\" content=\"armin kobler\" \/>\n\t<meta name=\"twitter:label2\" content=\"Gesch\u00e4tzte Lesezeit\" \/>\n\t<meta name=\"twitter:data2\" content=\"2\u00a0Minuten\" \/>\n<script type=\"application\/ld+json\" class=\"yoast-schema-graph\">{\"@context\":\"https:\\\/\\\/schema.org\",\"@graph\":[{\"@type\":\"Article\",\"@id\":\"https:\\\/\\\/www.kobler-margreid.com\\\/blog\\\/blog\\\/2010\\\/08\\\/08\\\/trentino2weinakademische-ratschlaege_consigli-enoaccademici\\\/#article\",\"isPartOf\":{\"@id\":\"https:\\\/\\\/www.kobler-margreid.com\\\/blog\\\/blog\\\/2010\\\/08\\\/08\\\/trentino2weinakademische-ratschlaege_consigli-enoaccademici\\\/\"},\"author\":{\"name\":\"armin kobler\",\"@id\":\"https:\\\/\\\/www.kobler-margreid.com\\\/blog\\\/#\\\/schema\\\/person\\\/6a2290c17f680f59c1fa7e1c7a36df3a\"},\"headline\":\"Trentino 2: Weinakademische Ratschl\u00e4ge \u2014 Consigli enoaccademici\",\"datePublished\":\"2010-08-08T22:05:37+00:00\",\"dateModified\":\"2010-08-10T05:52:43+00:00\",\"mainEntityOfPage\":{\"@id\":\"https:\\\/\\\/www.kobler-margreid.com\\\/blog\\\/blog\\\/2010\\\/08\\\/08\\\/trentino2weinakademische-ratschlaege_consigli-enoaccademici\\\/\"},\"wordCount\":441,\"commentCount\":0,\"publisher\":{\"@id\":\"https:\\\/\\\/www.kobler-margreid.com\\\/blog\\\/#\\\/schema\\\/person\\\/6a2290c17f680f59c1fa7e1c7a36df3a\"},\"image\":{\"@id\":\"https:\\\/\\\/www.kobler-margreid.com\\\/blog\\\/blog\\\/2010\\\/08\\\/08\\\/trentino2weinakademische-ratschlaege_consigli-enoaccademici\\\/#primaryimage\"},\"thumbnailUrl\":\"http:\\\/\\\/www.kobler-margreid.com\\\/blog\\\/wp-content\\\/2010\\\/08\\\/mariadaniel_20101.jpg\",\"keywords\":[\"Crisi del vino\",\"Maria Daniel\",\"Mary's Market\",\"Trentino\",\"Weinakademie\",\"Weinkrise\"],\"articleSection\":[\"Weinwirtschaft - Economia vitivinicola\"],\"inLanguage\":\"de\",\"potentialAction\":[{\"@type\":\"CommentAction\",\"name\":\"Comment\",\"target\":[\"https:\\\/\\\/www.kobler-margreid.com\\\/blog\\\/blog\\\/2010\\\/08\\\/08\\\/trentino2weinakademische-ratschlaege_consigli-enoaccademici\\\/#respond\"]}]},{\"@type\":\"WebPage\",\"@id\":\"https:\\\/\\\/www.kobler-margreid.com\\\/blog\\\/blog\\\/2010\\\/08\\\/08\\\/trentino2weinakademische-ratschlaege_consigli-enoaccademici\\\/\",\"url\":\"https:\\\/\\\/www.kobler-margreid.com\\\/blog\\\/blog\\\/2010\\\/08\\\/08\\\/trentino2weinakademische-ratschlaege_consigli-enoaccademici\\\/\",\"name\":\"Trentino 2: Weinakademische Ratschl\u00e4ge \u2014 Consigli enoaccademici - weinhof KOBLER weblog\",\"isPartOf\":{\"@id\":\"https:\\\/\\\/www.kobler-margreid.com\\\/blog\\\/#website\"},\"primaryImageOfPage\":{\"@id\":\"https:\\\/\\\/www.kobler-margreid.com\\\/blog\\\/blog\\\/2010\\\/08\\\/08\\\/trentino2weinakademische-ratschlaege_consigli-enoaccademici\\\/#primaryimage\"},\"image\":{\"@id\":\"https:\\\/\\\/www.kobler-margreid.com\\\/blog\\\/blog\\\/2010\\\/08\\\/08\\\/trentino2weinakademische-ratschlaege_consigli-enoaccademici\\\/#primaryimage\"},\"thumbnailUrl\":\"http:\\\/\\\/www.kobler-margreid.com\\\/blog\\\/wp-content\\\/2010\\\/08\\\/mariadaniel_20101.jpg\",\"datePublished\":\"2010-08-08T22:05:37+00:00\",\"dateModified\":\"2010-08-10T05:52:43+00:00\",\"breadcrumb\":{\"@id\":\"https:\\\/\\\/www.kobler-margreid.com\\\/blog\\\/blog\\\/2010\\\/08\\\/08\\\/trentino2weinakademische-ratschlaege_consigli-enoaccademici\\\/#breadcrumb\"},\"inLanguage\":\"de\",\"potentialAction\":[{\"@type\":\"ReadAction\",\"target\":[\"https:\\\/\\\/www.kobler-margreid.com\\\/blog\\\/blog\\\/2010\\\/08\\\/08\\\/trentino2weinakademische-ratschlaege_consigli-enoaccademici\\\/\"]}]},{\"@type\":\"ImageObject\",\"inLanguage\":\"de\",\"@id\":\"https:\\\/\\\/www.kobler-margreid.com\\\/blog\\\/blog\\\/2010\\\/08\\\/08\\\/trentino2weinakademische-ratschlaege_consigli-enoaccademici\\\/#primaryimage\",\"url\":\"http:\\\/\\\/www.kobler-margreid.com\\\/blog\\\/wp-content\\\/2010\\\/08\\\/mariadaniel_20101.jpg\",\"contentUrl\":\"http:\\\/\\\/www.kobler-margreid.com\\\/blog\\\/wp-content\\\/2010\\\/08\\\/mariadaniel_20101.jpg\"},{\"@type\":\"BreadcrumbList\",\"@id\":\"https:\\\/\\\/www.kobler-margreid.com\\\/blog\\\/blog\\\/2010\\\/08\\\/08\\\/trentino2weinakademische-ratschlaege_consigli-enoaccademici\\\/#breadcrumb\",\"itemListElement\":[{\"@type\":\"ListItem\",\"position\":1,\"name\":\"Startseite\",\"item\":\"https:\\\/\\\/www.kobler-margreid.com\\\/blog\\\/\"},{\"@type\":\"ListItem\",\"position\":2,\"name\":\"Trentino 2: Weinakademische Ratschl\u00e4ge \u2014 Consigli enoaccademici\"}]},{\"@type\":\"WebSite\",\"@id\":\"https:\\\/\\\/www.kobler-margreid.com\\\/blog\\\/#website\",\"url\":\"https:\\\/\\\/www.kobler-margreid.com\\\/blog\\\/\",\"name\":\"weinhof KOBLER weblog\",\"description\":\"dem wein ganz nah \u2013 all&#039;interno del vino\",\"publisher\":{\"@id\":\"https:\\\/\\\/www.kobler-margreid.com\\\/blog\\\/#\\\/schema\\\/person\\\/6a2290c17f680f59c1fa7e1c7a36df3a\"},\"potentialAction\":[{\"@type\":\"SearchAction\",\"target\":{\"@type\":\"EntryPoint\",\"urlTemplate\":\"https:\\\/\\\/www.kobler-margreid.com\\\/blog\\\/?s={search_term_string}\"},\"query-input\":{\"@type\":\"PropertyValueSpecification\",\"valueRequired\":true,\"valueName\":\"search_term_string\"}}],\"inLanguage\":\"de\"},{\"@type\":[\"Person\",\"Organization\"],\"@id\":\"https:\\\/\\\/www.kobler-margreid.com\\\/blog\\\/#\\\/schema\\\/person\\\/6a2290c17f680f59c1fa7e1c7a36df3a\",\"name\":\"armin kobler\",\"image\":{\"@type\":\"ImageObject\",\"inLanguage\":\"de\",\"@id\":\"https:\\\/\\\/www.kobler-margreid.com\\\/blog\\\/wp-content\\\/2023\\\/11\\\/2012-05-08_09-33-03a.jpg\",\"url\":\"https:\\\/\\\/www.kobler-margreid.com\\\/blog\\\/wp-content\\\/2023\\\/11\\\/2012-05-08_09-33-03a.jpg\",\"contentUrl\":\"https:\\\/\\\/www.kobler-margreid.com\\\/blog\\\/wp-content\\\/2023\\\/11\\\/2012-05-08_09-33-03a.jpg\",\"width\":1088,\"height\":1184,\"caption\":\"armin kobler\"},\"logo\":{\"@id\":\"https:\\\/\\\/www.kobler-margreid.com\\\/blog\\\/wp-content\\\/2023\\\/11\\\/2012-05-08_09-33-03a.jpg\"},\"sameAs\":[\"http:\\\/\\\/www.kobler-margreid.com\",\"https:\\\/\\\/www.facebook.com\\\/armin.kobler\\\/\"],\"url\":\"https:\\\/\\\/www.kobler-margreid.com\\\/blog\\\/blog\\\/author\\\/admin\\\/\"}]}<\/script>\n<!-- \/ Yoast SEO plugin. -->","yoast_head_json":{"title":"Trentino 2: Weinakademische Ratschl\u00e4ge \u2014 Consigli enoaccademici - weinhof KOBLER weblog","robots":{"index":"index","follow":"follow","max-snippet":"max-snippet:-1","max-image-preview":"max-image-preview:large","max-video-preview":"max-video-preview:-1"},"canonical":"https:\/\/www.kobler-margreid.com\/blog\/blog\/2010\/08\/08\/trentino2weinakademische-ratschlaege_consigli-enoaccademici\/","og_locale":"de_DE","og_type":"article","og_title":"Trentino 2: Weinakademische Ratschl\u00e4ge \u2014 Consigli enoaccademici - weinhof KOBLER weblog","og_description":"Sich von einem Gespr\u00e4ch mit Maria Daniel loszurei\u00dfen ist immer schwer. Nicht nur, weil sie mit ihrem Gesch\u00e4ft Mary&#8217;s Market eine r\u00fchrige Kundin von mir ist, sondern weil sie auch eine profunde Kennerin der europ\u00e4ischen Weine ist. Diese Kenntnisse hat &hellip; Weiterlesen &rarr;","og_url":"https:\/\/www.kobler-margreid.com\/blog\/blog\/2010\/08\/08\/trentino2weinakademische-ratschlaege_consigli-enoaccademici\/","og_site_name":"weinhof KOBLER weblog","article_publisher":"https:\/\/www.facebook.com\/armin.kobler\/","article_author":"https:\/\/www.facebook.com\/armin.kobler\/","article_published_time":"2010-08-08T22:05:37+00:00","article_modified_time":"2010-08-10T05:52:43+00:00","og_image":[{"url":"http:\/\/www.kobler-margreid.com\/blog\/wp-content\/2010\/08\/mariadaniel_20101.jpg","type":"","width":"","height":""}],"author":"armin kobler","twitter_card":"summary_large_image","twitter_misc":{"Verfasst von":"armin kobler","Gesch\u00e4tzte Lesezeit":"2\u00a0Minuten"},"schema":{"@context":"https:\/\/schema.org","@graph":[{"@type":"Article","@id":"https:\/\/www.kobler-margreid.com\/blog\/blog\/2010\/08\/08\/trentino2weinakademische-ratschlaege_consigli-enoaccademici\/#article","isPartOf":{"@id":"https:\/\/www.kobler-margreid.com\/blog\/blog\/2010\/08\/08\/trentino2weinakademische-ratschlaege_consigli-enoaccademici\/"},"author":{"name":"armin kobler","@id":"https:\/\/www.kobler-margreid.com\/blog\/#\/schema\/person\/6a2290c17f680f59c1fa7e1c7a36df3a"},"headline":"Trentino 2: Weinakademische Ratschl\u00e4ge \u2014 Consigli enoaccademici","datePublished":"2010-08-08T22:05:37+00:00","dateModified":"2010-08-10T05:52:43+00:00","mainEntityOfPage":{"@id":"https:\/\/www.kobler-margreid.com\/blog\/blog\/2010\/08\/08\/trentino2weinakademische-ratschlaege_consigli-enoaccademici\/"},"wordCount":441,"commentCount":0,"publisher":{"@id":"https:\/\/www.kobler-margreid.com\/blog\/#\/schema\/person\/6a2290c17f680f59c1fa7e1c7a36df3a"},"image":{"@id":"https:\/\/www.kobler-margreid.com\/blog\/blog\/2010\/08\/08\/trentino2weinakademische-ratschlaege_consigli-enoaccademici\/#primaryimage"},"thumbnailUrl":"http:\/\/www.kobler-margreid.com\/blog\/wp-content\/2010\/08\/mariadaniel_20101.jpg","keywords":["Crisi del vino","Maria Daniel","Mary's Market","Trentino","Weinakademie","Weinkrise"],"articleSection":["Weinwirtschaft - Economia vitivinicola"],"inLanguage":"de","potentialAction":[{"@type":"CommentAction","name":"Comment","target":["https:\/\/www.kobler-margreid.com\/blog\/blog\/2010\/08\/08\/trentino2weinakademische-ratschlaege_consigli-enoaccademici\/#respond"]}]},{"@type":"WebPage","@id":"https:\/\/www.kobler-margreid.com\/blog\/blog\/2010\/08\/08\/trentino2weinakademische-ratschlaege_consigli-enoaccademici\/","url":"https:\/\/www.kobler-margreid.com\/blog\/blog\/2010\/08\/08\/trentino2weinakademische-ratschlaege_consigli-enoaccademici\/","name":"Trentino 2: Weinakademische Ratschl\u00e4ge \u2014 Consigli enoaccademici - weinhof KOBLER weblog","isPartOf":{"@id":"https:\/\/www.kobler-margreid.com\/blog\/#website"},"primaryImageOfPage":{"@id":"https:\/\/www.kobler-margreid.com\/blog\/blog\/2010\/08\/08\/trentino2weinakademische-ratschlaege_consigli-enoaccademici\/#primaryimage"},"image":{"@id":"https:\/\/www.kobler-margreid.com\/blog\/blog\/2010\/08\/08\/trentino2weinakademische-ratschlaege_consigli-enoaccademici\/#primaryimage"},"thumbnailUrl":"http:\/\/www.kobler-margreid.com\/blog\/wp-content\/2010\/08\/mariadaniel_20101.jpg","datePublished":"2010-08-08T22:05:37+00:00","dateModified":"2010-08-10T05:52:43+00:00","breadcrumb":{"@id":"https:\/\/www.kobler-margreid.com\/blog\/blog\/2010\/08\/08\/trentino2weinakademische-ratschlaege_consigli-enoaccademici\/#breadcrumb"},"inLanguage":"de","potentialAction":[{"@type":"ReadAction","target":["https:\/\/www.kobler-margreid.com\/blog\/blog\/2010\/08\/08\/trentino2weinakademische-ratschlaege_consigli-enoaccademici\/"]}]},{"@type":"ImageObject","inLanguage":"de","@id":"https:\/\/www.kobler-margreid.com\/blog\/blog\/2010\/08\/08\/trentino2weinakademische-ratschlaege_consigli-enoaccademici\/#primaryimage","url":"http:\/\/www.kobler-margreid.com\/blog\/wp-content\/2010\/08\/mariadaniel_20101.jpg","contentUrl":"http:\/\/www.kobler-margreid.com\/blog\/wp-content\/2010\/08\/mariadaniel_20101.jpg"},{"@type":"BreadcrumbList","@id":"https:\/\/www.kobler-margreid.com\/blog\/blog\/2010\/08\/08\/trentino2weinakademische-ratschlaege_consigli-enoaccademici\/#breadcrumb","itemListElement":[{"@type":"ListItem","position":1,"name":"Startseite","item":"https:\/\/www.kobler-margreid.com\/blog\/"},{"@type":"ListItem","position":2,"name":"Trentino 2: Weinakademische Ratschl\u00e4ge \u2014 Consigli enoaccademici"}]},{"@type":"WebSite","@id":"https:\/\/www.kobler-margreid.com\/blog\/#website","url":"https:\/\/www.kobler-margreid.com\/blog\/","name":"weinhof KOBLER weblog","description":"dem wein ganz nah \u2013 all&#039;interno del vino","publisher":{"@id":"https:\/\/www.kobler-margreid.com\/blog\/#\/schema\/person\/6a2290c17f680f59c1fa7e1c7a36df3a"},"potentialAction":[{"@type":"SearchAction","target":{"@type":"EntryPoint","urlTemplate":"https:\/\/www.kobler-margreid.com\/blog\/?s={search_term_string}"},"query-input":{"@type":"PropertyValueSpecification","valueRequired":true,"valueName":"search_term_string"}}],"inLanguage":"de"},{"@type":["Person","Organization"],"@id":"https:\/\/www.kobler-margreid.com\/blog\/#\/schema\/person\/6a2290c17f680f59c1fa7e1c7a36df3a","name":"armin kobler","image":{"@type":"ImageObject","inLanguage":"de","@id":"https:\/\/www.kobler-margreid.com\/blog\/wp-content\/2023\/11\/2012-05-08_09-33-03a.jpg","url":"https:\/\/www.kobler-margreid.com\/blog\/wp-content\/2023\/11\/2012-05-08_09-33-03a.jpg","contentUrl":"https:\/\/www.kobler-margreid.com\/blog\/wp-content\/2023\/11\/2012-05-08_09-33-03a.jpg","width":1088,"height":1184,"caption":"armin kobler"},"logo":{"@id":"https:\/\/www.kobler-margreid.com\/blog\/wp-content\/2023\/11\/2012-05-08_09-33-03a.jpg"},"sameAs":["http:\/\/www.kobler-margreid.com","https:\/\/www.facebook.com\/armin.kobler\/"],"url":"https:\/\/www.kobler-margreid.com\/blog\/blog\/author\/admin\/"}]}},"_links":{"self":[{"href":"https:\/\/www.kobler-margreid.com\/blog\/wp-json\/wp\/v2\/posts\/4297","targetHints":{"allow":["GET"]}}],"collection":[{"href":"https:\/\/www.kobler-margreid.com\/blog\/wp-json\/wp\/v2\/posts"}],"about":[{"href":"https:\/\/www.kobler-margreid.com\/blog\/wp-json\/wp\/v2\/types\/post"}],"author":[{"embeddable":true,"href":"https:\/\/www.kobler-margreid.com\/blog\/wp-json\/wp\/v2\/users\/1"}],"replies":[{"embeddable":true,"href":"https:\/\/www.kobler-margreid.com\/blog\/wp-json\/wp\/v2\/comments?post=4297"}],"version-history":[{"count":0,"href":"https:\/\/www.kobler-margreid.com\/blog\/wp-json\/wp\/v2\/posts\/4297\/revisions"}],"wp:attachment":[{"href":"https:\/\/www.kobler-margreid.com\/blog\/wp-json\/wp\/v2\/media?parent=4297"}],"wp:term":[{"taxonomy":"category","embeddable":true,"href":"https:\/\/www.kobler-margreid.com\/blog\/wp-json\/wp\/v2\/categories?post=4297"},{"taxonomy":"post_tag","embeddable":true,"href":"https:\/\/www.kobler-margreid.com\/blog\/wp-json\/wp\/v2\/tags?post=4297"}],"curies":[{"name":"wp","href":"https:\/\/api.w.org\/{rel}","templated":true}]}}