{"id":4394,"date":"2010-08-21T22:48:22","date_gmt":"2010-08-21T21:48:22","guid":{"rendered":"http:\/\/www.kobler-margreid.com\/blog\/?p=4394"},"modified":"2010-08-22T08:07:11","modified_gmt":"2010-08-22T07:07:11","slug":"trentino-3-bittere-wahrheit_verita-amara","status":"publish","type":"post","link":"https:\/\/www.kobler-margreid.com\/blog\/blog\/2010\/08\/21\/trentino-3-bittere-wahrheit_verita-amara\/","title":{"rendered":"Trentino 3: Verit\u00e0 amara e guai a chi la dice \u2014 Bittere Wahrheit und wehe dem, der sie ausspricht"},"content":{"rendered":"<p><a href=\"http:\/\/www.kobler-margreid.com\/download_blog\/trentino_19-08-2010_dipoli.jpg\" rel=\"lightbox[4394]\"><img loading=\"lazy\" decoding=\"async\" class=\"float center aligncenter size-large wp-image-4408\" style=\"border: 0pt none; margin: 0px 5px;\" title=\"Trentino 19-08-2010\" src=\"http:\/\/www.kobler-margreid.com\/blog\/wp-content\/2010\/08\/scoppia-la-guerra.jpg\" alt=\"\" width=\"530\" height=\"77\" \/><\/a><\/p>\n<p>Certo, il vicepresidente dei Vignaioli sudtirolesi <a href=\"http:\/\/www.peterdipoli.com\" target=\"_blank\">Peter Dipoli<\/a> non \u00e8 conosciuto per una forte inclinazione alla diplomazia e lo ammette lui stesso. Indipendentemente da ci\u00f2 viene ascoltato attentamente in quanto analizza in modo molto acuto ed si esprime in modo nudo e crudo. Comunque non ha detto altro che quello che si discute nella nostra provincia limitrofa da diverso tempo e che si denuncia anche apertamente (a proposito i miei post \u00a0<a href=\"http:\/\/www.kobler-margreid.com\/blog\/2010\/07\/25\/vino-trentino_trentiner-wein\/\" target=\"_blank\">qu\u00ec<\/a> e\u00a0<a href=\"http:\/\/www.kobler-margreid.com\/blog\/2010\/08\/08\/trentino2weinakademische-ratschlaege_consigli-enoaccademici\/\" target=\"_blank\">qu\u00ec<\/a>). Che da queste sue osservazioni parte un polemica esagerata \u00e8 sostanzialmente inutile, come lo sono anche i titoli dei giornali di una espressione <a href=\"http:\/\/www.kobler-margreid.com\/download_blog\/trentino_19-08-2010_dipoli.jpg\" rel=\"lightbox[4394]\">pi\u00f9<\/a> o <a href=\"http:\/\/www.kobler-margreid.com\/download_blog\/corriere-altoadige_19-08-2010_dipoli.jpg\" rel=\"lightbox[4394]\">meno<\/a> bellicosa.<\/p>\n<p><a href=\"http:\/\/www.kobler-margreid.com\/download_blog\/corriere-altoadige_19-08-2010_dipoli.jpg\" rel=\"lightbox[4394]\"><img loading=\"lazy\" decoding=\"async\" class=\"float left alignleft size-full wp-image-4430\" style=\"border: 0pt none; margin: 0px 5px;\" title=\"Corriere dell'Alto Adige 19-08-2010\" src=\"http:\/\/www.kobler-margreid.com\/blog\/wp-content\/2010\/08\/vino-altoadige.jpg\" alt=\"\" width=\"300\" height=\"78\" srcset=\"https:\/\/www.kobler-margreid.com\/blog\/wp-content\/2010\/08\/vino-altoadige.jpg 375w, https:\/\/www.kobler-margreid.com\/blog\/wp-content\/2010\/08\/vino-altoadige-300x78.jpg 300w\" sizes=\"auto, (max-width: 300px) 100vw, 300px\" \/><\/a><\/p>\n<p><em>Nat\u00fcrlich, der Vizeobmann der Freien Weinbauern S\u00fcdtirols, <a href=\"http:\/\/www.peterdipoli.com\" target=\"_blank\">Peter Dipoli<\/a><\/em><em>, ist nicht wegen seiner ausgepr\u00e4gten diplomatischen Vorgangsweise bekannt und er gibt es auch zu. Sehr wohl wird ihm aber sehr aufmerksam Geh\u00f6r geschenkt; wegen seiner messerscharfen Analysen und seiner Direktheit. Er hat nichts anderes gesagt als das, was in unserer Nachbarprovinz schon seit l\u00e4ngerem allgemein diskutiert und auch bem\u00e4ngelt wird (siehe meiner Berichte <\/em><a href=\"http:\/\/www.kobler-margreid.com\/blog\/2010\/07\/25\/vino-trentino_trentiner-wein\/\" target=\"_blank\"><em>hier<\/em><\/a><em> und <\/em><a href=\"http:\/\/www.kobler-margreid.com\/blog\/2010\/08\/08\/trentino2weinakademische-ratschlaege_consigli-enoaccademici\/\" target=\"_blank\"><em>hier<\/em><\/a><em>). Dass daraus gleich eine Polemik wird, ist eigentlich unn\u00f6tig, genauso die\u00a0<a href=\"http:\/\/www.kobler-margreid.com\/download_blog\/trentino_19-08-2010_dipoli.jpg\" rel=\"lightbox[4394]\">mehr<\/a> oder <a href=\"http:\/\/www.kobler-margreid.com\/download_blog\/corriere-altoadige_19-08-2010_dipoli.jpg\" rel=\"lightbox[4394]\">weniger<\/a><\/em><em> kriegerischen Zeitungs\u00fcberschriften, welche eigentlich nur der Eskalation dienen.<\/em><\/p>\n<p><em><!--more--><\/em>[youtube width=&#8220;320&#8243; height=&#8220;240&#8243;]http:\/\/www.youtube.com\/watch?v=g7MUyThhF5s[\/youtube]<br \/>\nAlla conferenza stampa che avrebbe dovuto soltanto\u00a0reclamizzare la <a href=\"http:\/\/vineatirolensis.com\/2010\/\" target=\"_blank\">Vinea tirolensis<\/a> c&#8217;era anche la televisione. Nel primo servizio dell&#8217;emittente <a href=\"http:\/\/www.tvtca.com\/\" target=\"_blank\">TCA<\/a> in data 18 agosto\u00a0Peter Dipoli parla a proposito della tematica. Bella coincidenza che in un altro filmato dello stesso canale e dello stesso giorno,\u00a0<em>Il Punto Verde<\/em>, Carlo Bridi dice sostanzialmente le stesse cose. Che ci siano state critiche anche a proposito di questo purtroppo non lo so. Due altre osservazioni da parte mia, un po&#8216; cattive: La trasmissione almeno questa volta critica nei confronti della grande cooperazione \u00e8 presentata dalla Cantina LaVis e poi avete notate la resa veramente vistosa del vigneto filmato in vendemmia? Solo un caso?<\/p>\n<p>[youtube width=&#8220;320&#8243; height=&#8220;240&#8243;]http:\/\/www.youtube.com\/watch?v=30wu-OUp-l8[\/youtube]Das Fernsehen\u00a0war bei der Pressekonferenz in Trient, welche eigentlich nur der Bekanntmachung der <a href=\"http:\/\/vineatirolensis.com\/2010\/\" target=\"_blank\"><em>Vinea tirolensis<\/em><\/a><em> dienen h\u00e4tte sollen, auch \u00a0mit dabei. Im ersten Bericht des Senders <a href=\"http:\/\/www.tvtca.com\" target=\"_blank\">TCA<\/a><\/em><em> vom 18. August spricht Peter Dipoli zum Thema. Bemerkenswert, dass am gleichen Tag in der auch vom TCA ausgestrahlten Sendung <\/em>Il Punto Verde<em> Carlo Bridi die gleichen Schl\u00fcsse zieht. Ob darauf auch mit Schrecken reagiert wurde, entzieht sich meiner Kenntnis. Zwei Sachen sind mir an diesem Filmbericht aufgefallen: Diese zumindest dieses Mal gegen\u00fcber dem gro\u00dfen Genossenschaftswesen kritische Sendung wurde von der Genossenschaft LaVis gesponsort und der sehr auffallende Ertrag der Weing\u00e4rten, welche in der Sendung abgeerntet werden. Nur ein Zufall?<\/em><\/p>\n<p>[youtube width=&#8220;320&#8243; height=&#8220;240&#8243;]http:\/\/www.youtube.com\/watch?v=zcKGaJ-Bp58[\/youtube]Le reazioni non hanno tardato: Nel terzo filmino (19 agosto) la situazione critica ed i rimedi vengono spiegati da un socio celebre di una cantina sociale (Ermann Bona)\u00a0e nel quarto (20 agosto) l&#8217;assessore all&#8217;agricoltura Tiziano Mellarini promette incentivi ai produttori che vogliono migliorare la qualit\u00e0 dei loro vini. A dire il vero adesso la viticoltura trentina dovrebbe applaudire il nostro vicepresidente!<\/p>\n<p><em>[youtube width=&#8220;320&#8243; height=&#8220;240&#8243;]http:\/\/www.youtube.com\/watch?v=xgDKzg_Q0dI[\/youtube]Die Reaktionen sind nicht ausgeblieben: Im dritten Filmbericht (19. August) werden die kritische Situation und deren L\u00f6sungsans\u00e4tze aus dem Blickwinkel eines prominenten Genossenschaftsmitgliedes (Ermann Bona) beleuchtet. Im vierten vom 20. August verspricht der Landesrat f\u00fcr Landwirtschaft den Produzenten, welche die Qualit\u00e4t ihrer Weine verbessern wollen, finanzielle Beitr\u00e4ge. Sp\u00e4testens jetzt m\u00fcsste die Trentiner Weinwelt unserem Vizepr\u00e4sidenten Applaus spenden!<\/em><\/p>\n","protected":false},"excerpt":{"rendered":"<p>Certo, il vicepresidente dei Vignaioli sudtirolesi Peter Dipoli non \u00e8 conosciuto per una forte inclinazione alla diplomazia e lo ammette lui stesso. Indipendentemente da ci\u00f2 viene ascoltato attentamente in quanto analizza in modo molto acuto ed si esprime in modo &hellip; <a href=\"https:\/\/www.kobler-margreid.com\/blog\/blog\/2010\/08\/21\/trentino-3-bittere-wahrheit_verita-amara\/\">Weiterlesen <span class=\"meta-nav\">&rarr;<\/span><\/a><\/p>\n","protected":false},"author":1,"featured_media":4408,"comment_status":"open","ping_status":"open","sticky":false,"template":"","format":"standard","meta":{"ngg_post_thumbnail":0,"footnotes":"","_links_to":"","_links_to_target":""},"categories":[708],"tags":[742,743,740,738,739,741,229,139],"class_list":["post-4394","post","type-post","status-publish","format-standard","has-post-thumbnail","hentry","category-weinwirtschaft-economia-vitivinicola-weinwirtschaft-economia-vitivinicola","tag-carlo-bridi","tag-ermann-bona","tag-il-punto-verde","tag-peter-dipoli","tag-tca","tag-tiziano-mellarini","tag-trentino","tag-vinea-tirolensis"],"yoast_head":"<!-- This site is optimized with the Yoast SEO plugin v27.5 - https:\/\/yoast.com\/product\/yoast-seo-wordpress\/ -->\n<title>Trentino 3: Verit\u00e0 amara e guai a chi la dice \u2014 Bittere Wahrheit und wehe dem, der sie ausspricht - weinhof KOBLER weblog<\/title>\n<meta name=\"robots\" content=\"index, follow, max-snippet:-1, max-image-preview:large, max-video-preview:-1\" \/>\n<link rel=\"canonical\" href=\"https:\/\/www.kobler-margreid.com\/blog\/blog\/2010\/08\/21\/trentino-3-bittere-wahrheit_verita-amara\/\" \/>\n<meta property=\"og:locale\" content=\"de_DE\" \/>\n<meta property=\"og:type\" content=\"article\" \/>\n<meta property=\"og:title\" content=\"Trentino 3: Verit\u00e0 amara e guai a chi la dice \u2014 Bittere Wahrheit und wehe dem, der sie ausspricht - weinhof KOBLER weblog\" \/>\n<meta property=\"og:description\" content=\"Certo, il vicepresidente dei Vignaioli sudtirolesi Peter Dipoli non \u00e8 conosciuto per una forte inclinazione alla diplomazia e lo ammette lui stesso. Indipendentemente da ci\u00f2 viene ascoltato attentamente in quanto analizza in modo molto acuto ed si esprime in modo &hellip; Weiterlesen &rarr;\" \/>\n<meta property=\"og:url\" content=\"https:\/\/www.kobler-margreid.com\/blog\/blog\/2010\/08\/21\/trentino-3-bittere-wahrheit_verita-amara\/\" \/>\n<meta property=\"og:site_name\" content=\"weinhof KOBLER weblog\" \/>\n<meta property=\"article:publisher\" content=\"https:\/\/www.facebook.com\/armin.kobler\/\" \/>\n<meta property=\"article:author\" content=\"https:\/\/www.facebook.com\/armin.kobler\/\" \/>\n<meta property=\"article:published_time\" content=\"2010-08-21T21:48:22+00:00\" \/>\n<meta property=\"article:modified_time\" content=\"2010-08-22T07:07:11+00:00\" \/>\n<meta property=\"og:image\" content=\"https:\/\/www.kobler-margreid.com\/blog\/wp-content\/2010\/08\/scoppia-la-guerra-e1282413841720.jpg\" \/>\n\t<meta property=\"og:image:width\" content=\"800\" \/>\n\t<meta property=\"og:image:height\" content=\"116\" \/>\n\t<meta property=\"og:image:type\" content=\"image\/jpeg\" \/>\n<meta name=\"author\" content=\"armin kobler\" \/>\n<meta name=\"twitter:card\" content=\"summary_large_image\" \/>\n<meta name=\"twitter:label1\" content=\"Verfasst von\" \/>\n\t<meta name=\"twitter:data1\" content=\"armin kobler\" \/>\n\t<meta name=\"twitter:label2\" content=\"Gesch\u00e4tzte Lesezeit\" \/>\n\t<meta name=\"twitter:data2\" content=\"3\u00a0Minuten\" \/>\n<script type=\"application\/ld+json\" class=\"yoast-schema-graph\">{\"@context\":\"https:\\\/\\\/schema.org\",\"@graph\":[{\"@type\":\"Article\",\"@id\":\"https:\\\/\\\/www.kobler-margreid.com\\\/blog\\\/blog\\\/2010\\\/08\\\/21\\\/trentino-3-bittere-wahrheit_verita-amara\\\/#article\",\"isPartOf\":{\"@id\":\"https:\\\/\\\/www.kobler-margreid.com\\\/blog\\\/blog\\\/2010\\\/08\\\/21\\\/trentino-3-bittere-wahrheit_verita-amara\\\/\"},\"author\":{\"name\":\"armin kobler\",\"@id\":\"https:\\\/\\\/www.kobler-margreid.com\\\/blog\\\/#\\\/schema\\\/person\\\/6a2290c17f680f59c1fa7e1c7a36df3a\"},\"headline\":\"Trentino 3: Verit\u00e0 amara e guai a chi la dice \u2014 Bittere Wahrheit und wehe dem, der sie ausspricht\",\"datePublished\":\"2010-08-21T21:48:22+00:00\",\"dateModified\":\"2010-08-22T07:07:11+00:00\",\"mainEntityOfPage\":{\"@id\":\"https:\\\/\\\/www.kobler-margreid.com\\\/blog\\\/blog\\\/2010\\\/08\\\/21\\\/trentino-3-bittere-wahrheit_verita-amara\\\/\"},\"wordCount\":602,\"commentCount\":7,\"publisher\":{\"@id\":\"https:\\\/\\\/www.kobler-margreid.com\\\/blog\\\/#\\\/schema\\\/person\\\/6a2290c17f680f59c1fa7e1c7a36df3a\"},\"image\":{\"@id\":\"https:\\\/\\\/www.kobler-margreid.com\\\/blog\\\/blog\\\/2010\\\/08\\\/21\\\/trentino-3-bittere-wahrheit_verita-amara\\\/#primaryimage\"},\"thumbnailUrl\":\"https:\\\/\\\/www.kobler-margreid.com\\\/blog\\\/wp-content\\\/2010\\\/08\\\/scoppia-la-guerra-e1282413841720.jpg\",\"keywords\":[\"Carlo Bridi\",\"Ermann Bona\",\"Il Punto Verde\",\"Peter Dipoli\",\"TCA\",\"Tiziano Mellarini\",\"Trentino\",\"Vinea tirolensis\"],\"articleSection\":[\"Weinwirtschaft - Economia vitivinicola\"],\"inLanguage\":\"de\",\"potentialAction\":[{\"@type\":\"CommentAction\",\"name\":\"Comment\",\"target\":[\"https:\\\/\\\/www.kobler-margreid.com\\\/blog\\\/blog\\\/2010\\\/08\\\/21\\\/trentino-3-bittere-wahrheit_verita-amara\\\/#respond\"]}]},{\"@type\":\"WebPage\",\"@id\":\"https:\\\/\\\/www.kobler-margreid.com\\\/blog\\\/blog\\\/2010\\\/08\\\/21\\\/trentino-3-bittere-wahrheit_verita-amara\\\/\",\"url\":\"https:\\\/\\\/www.kobler-margreid.com\\\/blog\\\/blog\\\/2010\\\/08\\\/21\\\/trentino-3-bittere-wahrheit_verita-amara\\\/\",\"name\":\"Trentino 3: Verit\u00e0 amara e guai a chi la dice \u2014 Bittere Wahrheit und wehe dem, der sie ausspricht - weinhof KOBLER weblog\",\"isPartOf\":{\"@id\":\"https:\\\/\\\/www.kobler-margreid.com\\\/blog\\\/#website\"},\"primaryImageOfPage\":{\"@id\":\"https:\\\/\\\/www.kobler-margreid.com\\\/blog\\\/blog\\\/2010\\\/08\\\/21\\\/trentino-3-bittere-wahrheit_verita-amara\\\/#primaryimage\"},\"image\":{\"@id\":\"https:\\\/\\\/www.kobler-margreid.com\\\/blog\\\/blog\\\/2010\\\/08\\\/21\\\/trentino-3-bittere-wahrheit_verita-amara\\\/#primaryimage\"},\"thumbnailUrl\":\"https:\\\/\\\/www.kobler-margreid.com\\\/blog\\\/wp-content\\\/2010\\\/08\\\/scoppia-la-guerra-e1282413841720.jpg\",\"datePublished\":\"2010-08-21T21:48:22+00:00\",\"dateModified\":\"2010-08-22T07:07:11+00:00\",\"breadcrumb\":{\"@id\":\"https:\\\/\\\/www.kobler-margreid.com\\\/blog\\\/blog\\\/2010\\\/08\\\/21\\\/trentino-3-bittere-wahrheit_verita-amara\\\/#breadcrumb\"},\"inLanguage\":\"de\",\"potentialAction\":[{\"@type\":\"ReadAction\",\"target\":[\"https:\\\/\\\/www.kobler-margreid.com\\\/blog\\\/blog\\\/2010\\\/08\\\/21\\\/trentino-3-bittere-wahrheit_verita-amara\\\/\"]}]},{\"@type\":\"ImageObject\",\"inLanguage\":\"de\",\"@id\":\"https:\\\/\\\/www.kobler-margreid.com\\\/blog\\\/blog\\\/2010\\\/08\\\/21\\\/trentino-3-bittere-wahrheit_verita-amara\\\/#primaryimage\",\"url\":\"https:\\\/\\\/www.kobler-margreid.com\\\/blog\\\/wp-content\\\/2010\\\/08\\\/scoppia-la-guerra-e1282413841720.jpg\",\"contentUrl\":\"https:\\\/\\\/www.kobler-margreid.com\\\/blog\\\/wp-content\\\/2010\\\/08\\\/scoppia-la-guerra-e1282413841720.jpg\",\"width\":\"800\",\"height\":\"116\"},{\"@type\":\"BreadcrumbList\",\"@id\":\"https:\\\/\\\/www.kobler-margreid.com\\\/blog\\\/blog\\\/2010\\\/08\\\/21\\\/trentino-3-bittere-wahrheit_verita-amara\\\/#breadcrumb\",\"itemListElement\":[{\"@type\":\"ListItem\",\"position\":1,\"name\":\"Startseite\",\"item\":\"https:\\\/\\\/www.kobler-margreid.com\\\/blog\\\/\"},{\"@type\":\"ListItem\",\"position\":2,\"name\":\"Trentino 3: Verit\u00e0 amara e guai a chi la dice \u2014 Bittere Wahrheit und wehe dem, der sie ausspricht\"}]},{\"@type\":\"WebSite\",\"@id\":\"https:\\\/\\\/www.kobler-margreid.com\\\/blog\\\/#website\",\"url\":\"https:\\\/\\\/www.kobler-margreid.com\\\/blog\\\/\",\"name\":\"weinhof KOBLER weblog\",\"description\":\"dem wein ganz nah \u2013 all&#039;interno del vino\",\"publisher\":{\"@id\":\"https:\\\/\\\/www.kobler-margreid.com\\\/blog\\\/#\\\/schema\\\/person\\\/6a2290c17f680f59c1fa7e1c7a36df3a\"},\"potentialAction\":[{\"@type\":\"SearchAction\",\"target\":{\"@type\":\"EntryPoint\",\"urlTemplate\":\"https:\\\/\\\/www.kobler-margreid.com\\\/blog\\\/?s={search_term_string}\"},\"query-input\":{\"@type\":\"PropertyValueSpecification\",\"valueRequired\":true,\"valueName\":\"search_term_string\"}}],\"inLanguage\":\"de\"},{\"@type\":[\"Person\",\"Organization\"],\"@id\":\"https:\\\/\\\/www.kobler-margreid.com\\\/blog\\\/#\\\/schema\\\/person\\\/6a2290c17f680f59c1fa7e1c7a36df3a\",\"name\":\"armin kobler\",\"image\":{\"@type\":\"ImageObject\",\"inLanguage\":\"de\",\"@id\":\"https:\\\/\\\/www.kobler-margreid.com\\\/blog\\\/wp-content\\\/2023\\\/11\\\/2012-05-08_09-33-03a.jpg\",\"url\":\"https:\\\/\\\/www.kobler-margreid.com\\\/blog\\\/wp-content\\\/2023\\\/11\\\/2012-05-08_09-33-03a.jpg\",\"contentUrl\":\"https:\\\/\\\/www.kobler-margreid.com\\\/blog\\\/wp-content\\\/2023\\\/11\\\/2012-05-08_09-33-03a.jpg\",\"width\":1088,\"height\":1184,\"caption\":\"armin kobler\"},\"logo\":{\"@id\":\"https:\\\/\\\/www.kobler-margreid.com\\\/blog\\\/wp-content\\\/2023\\\/11\\\/2012-05-08_09-33-03a.jpg\"},\"sameAs\":[\"http:\\\/\\\/www.kobler-margreid.com\",\"https:\\\/\\\/www.facebook.com\\\/armin.kobler\\\/\"],\"url\":\"https:\\\/\\\/www.kobler-margreid.com\\\/blog\\\/blog\\\/author\\\/admin\\\/\"}]}<\/script>\n<!-- \/ Yoast SEO plugin. -->","yoast_head_json":{"title":"Trentino 3: Verit\u00e0 amara e guai a chi la dice \u2014 Bittere Wahrheit und wehe dem, der sie ausspricht - weinhof KOBLER weblog","robots":{"index":"index","follow":"follow","max-snippet":"max-snippet:-1","max-image-preview":"max-image-preview:large","max-video-preview":"max-video-preview:-1"},"canonical":"https:\/\/www.kobler-margreid.com\/blog\/blog\/2010\/08\/21\/trentino-3-bittere-wahrheit_verita-amara\/","og_locale":"de_DE","og_type":"article","og_title":"Trentino 3: Verit\u00e0 amara e guai a chi la dice \u2014 Bittere Wahrheit und wehe dem, der sie ausspricht - weinhof KOBLER weblog","og_description":"Certo, il vicepresidente dei Vignaioli sudtirolesi Peter Dipoli non \u00e8 conosciuto per una forte inclinazione alla diplomazia e lo ammette lui stesso. Indipendentemente da ci\u00f2 viene ascoltato attentamente in quanto analizza in modo molto acuto ed si esprime in modo &hellip; Weiterlesen &rarr;","og_url":"https:\/\/www.kobler-margreid.com\/blog\/blog\/2010\/08\/21\/trentino-3-bittere-wahrheit_verita-amara\/","og_site_name":"weinhof KOBLER weblog","article_publisher":"https:\/\/www.facebook.com\/armin.kobler\/","article_author":"https:\/\/www.facebook.com\/armin.kobler\/","article_published_time":"2010-08-21T21:48:22+00:00","article_modified_time":"2010-08-22T07:07:11+00:00","og_image":[{"width":800,"height":116,"url":"https:\/\/www.kobler-margreid.com\/blog\/wp-content\/2010\/08\/scoppia-la-guerra-e1282413841720.jpg","type":"image\/jpeg"}],"author":"armin kobler","twitter_card":"summary_large_image","twitter_misc":{"Verfasst von":"armin kobler","Gesch\u00e4tzte Lesezeit":"3\u00a0Minuten"},"schema":{"@context":"https:\/\/schema.org","@graph":[{"@type":"Article","@id":"https:\/\/www.kobler-margreid.com\/blog\/blog\/2010\/08\/21\/trentino-3-bittere-wahrheit_verita-amara\/#article","isPartOf":{"@id":"https:\/\/www.kobler-margreid.com\/blog\/blog\/2010\/08\/21\/trentino-3-bittere-wahrheit_verita-amara\/"},"author":{"name":"armin kobler","@id":"https:\/\/www.kobler-margreid.com\/blog\/#\/schema\/person\/6a2290c17f680f59c1fa7e1c7a36df3a"},"headline":"Trentino 3: Verit\u00e0 amara e guai a chi la dice \u2014 Bittere Wahrheit und wehe dem, der sie ausspricht","datePublished":"2010-08-21T21:48:22+00:00","dateModified":"2010-08-22T07:07:11+00:00","mainEntityOfPage":{"@id":"https:\/\/www.kobler-margreid.com\/blog\/blog\/2010\/08\/21\/trentino-3-bittere-wahrheit_verita-amara\/"},"wordCount":602,"commentCount":7,"publisher":{"@id":"https:\/\/www.kobler-margreid.com\/blog\/#\/schema\/person\/6a2290c17f680f59c1fa7e1c7a36df3a"},"image":{"@id":"https:\/\/www.kobler-margreid.com\/blog\/blog\/2010\/08\/21\/trentino-3-bittere-wahrheit_verita-amara\/#primaryimage"},"thumbnailUrl":"https:\/\/www.kobler-margreid.com\/blog\/wp-content\/2010\/08\/scoppia-la-guerra-e1282413841720.jpg","keywords":["Carlo Bridi","Ermann Bona","Il Punto Verde","Peter Dipoli","TCA","Tiziano Mellarini","Trentino","Vinea tirolensis"],"articleSection":["Weinwirtschaft - Economia vitivinicola"],"inLanguage":"de","potentialAction":[{"@type":"CommentAction","name":"Comment","target":["https:\/\/www.kobler-margreid.com\/blog\/blog\/2010\/08\/21\/trentino-3-bittere-wahrheit_verita-amara\/#respond"]}]},{"@type":"WebPage","@id":"https:\/\/www.kobler-margreid.com\/blog\/blog\/2010\/08\/21\/trentino-3-bittere-wahrheit_verita-amara\/","url":"https:\/\/www.kobler-margreid.com\/blog\/blog\/2010\/08\/21\/trentino-3-bittere-wahrheit_verita-amara\/","name":"Trentino 3: Verit\u00e0 amara e guai a chi la dice \u2014 Bittere Wahrheit und wehe dem, der sie ausspricht - weinhof KOBLER weblog","isPartOf":{"@id":"https:\/\/www.kobler-margreid.com\/blog\/#website"},"primaryImageOfPage":{"@id":"https:\/\/www.kobler-margreid.com\/blog\/blog\/2010\/08\/21\/trentino-3-bittere-wahrheit_verita-amara\/#primaryimage"},"image":{"@id":"https:\/\/www.kobler-margreid.com\/blog\/blog\/2010\/08\/21\/trentino-3-bittere-wahrheit_verita-amara\/#primaryimage"},"thumbnailUrl":"https:\/\/www.kobler-margreid.com\/blog\/wp-content\/2010\/08\/scoppia-la-guerra-e1282413841720.jpg","datePublished":"2010-08-21T21:48:22+00:00","dateModified":"2010-08-22T07:07:11+00:00","breadcrumb":{"@id":"https:\/\/www.kobler-margreid.com\/blog\/blog\/2010\/08\/21\/trentino-3-bittere-wahrheit_verita-amara\/#breadcrumb"},"inLanguage":"de","potentialAction":[{"@type":"ReadAction","target":["https:\/\/www.kobler-margreid.com\/blog\/blog\/2010\/08\/21\/trentino-3-bittere-wahrheit_verita-amara\/"]}]},{"@type":"ImageObject","inLanguage":"de","@id":"https:\/\/www.kobler-margreid.com\/blog\/blog\/2010\/08\/21\/trentino-3-bittere-wahrheit_verita-amara\/#primaryimage","url":"https:\/\/www.kobler-margreid.com\/blog\/wp-content\/2010\/08\/scoppia-la-guerra-e1282413841720.jpg","contentUrl":"https:\/\/www.kobler-margreid.com\/blog\/wp-content\/2010\/08\/scoppia-la-guerra-e1282413841720.jpg","width":"800","height":"116"},{"@type":"BreadcrumbList","@id":"https:\/\/www.kobler-margreid.com\/blog\/blog\/2010\/08\/21\/trentino-3-bittere-wahrheit_verita-amara\/#breadcrumb","itemListElement":[{"@type":"ListItem","position":1,"name":"Startseite","item":"https:\/\/www.kobler-margreid.com\/blog\/"},{"@type":"ListItem","position":2,"name":"Trentino 3: Verit\u00e0 amara e guai a chi la dice \u2014 Bittere Wahrheit und wehe dem, der sie ausspricht"}]},{"@type":"WebSite","@id":"https:\/\/www.kobler-margreid.com\/blog\/#website","url":"https:\/\/www.kobler-margreid.com\/blog\/","name":"weinhof KOBLER weblog","description":"dem wein ganz nah \u2013 all&#039;interno del vino","publisher":{"@id":"https:\/\/www.kobler-margreid.com\/blog\/#\/schema\/person\/6a2290c17f680f59c1fa7e1c7a36df3a"},"potentialAction":[{"@type":"SearchAction","target":{"@type":"EntryPoint","urlTemplate":"https:\/\/www.kobler-margreid.com\/blog\/?s={search_term_string}"},"query-input":{"@type":"PropertyValueSpecification","valueRequired":true,"valueName":"search_term_string"}}],"inLanguage":"de"},{"@type":["Person","Organization"],"@id":"https:\/\/www.kobler-margreid.com\/blog\/#\/schema\/person\/6a2290c17f680f59c1fa7e1c7a36df3a","name":"armin kobler","image":{"@type":"ImageObject","inLanguage":"de","@id":"https:\/\/www.kobler-margreid.com\/blog\/wp-content\/2023\/11\/2012-05-08_09-33-03a.jpg","url":"https:\/\/www.kobler-margreid.com\/blog\/wp-content\/2023\/11\/2012-05-08_09-33-03a.jpg","contentUrl":"https:\/\/www.kobler-margreid.com\/blog\/wp-content\/2023\/11\/2012-05-08_09-33-03a.jpg","width":1088,"height":1184,"caption":"armin kobler"},"logo":{"@id":"https:\/\/www.kobler-margreid.com\/blog\/wp-content\/2023\/11\/2012-05-08_09-33-03a.jpg"},"sameAs":["http:\/\/www.kobler-margreid.com","https:\/\/www.facebook.com\/armin.kobler\/"],"url":"https:\/\/www.kobler-margreid.com\/blog\/blog\/author\/admin\/"}]}},"_links":{"self":[{"href":"https:\/\/www.kobler-margreid.com\/blog\/wp-json\/wp\/v2\/posts\/4394","targetHints":{"allow":["GET"]}}],"collection":[{"href":"https:\/\/www.kobler-margreid.com\/blog\/wp-json\/wp\/v2\/posts"}],"about":[{"href":"https:\/\/www.kobler-margreid.com\/blog\/wp-json\/wp\/v2\/types\/post"}],"author":[{"embeddable":true,"href":"https:\/\/www.kobler-margreid.com\/blog\/wp-json\/wp\/v2\/users\/1"}],"replies":[{"embeddable":true,"href":"https:\/\/www.kobler-margreid.com\/blog\/wp-json\/wp\/v2\/comments?post=4394"}],"version-history":[{"count":0,"href":"https:\/\/www.kobler-margreid.com\/blog\/wp-json\/wp\/v2\/posts\/4394\/revisions"}],"wp:featuredmedia":[{"embeddable":true,"href":"https:\/\/www.kobler-margreid.com\/blog\/wp-json\/wp\/v2\/media\/4408"}],"wp:attachment":[{"href":"https:\/\/www.kobler-margreid.com\/blog\/wp-json\/wp\/v2\/media?parent=4394"}],"wp:term":[{"taxonomy":"category","embeddable":true,"href":"https:\/\/www.kobler-margreid.com\/blog\/wp-json\/wp\/v2\/categories?post=4394"},{"taxonomy":"post_tag","embeddable":true,"href":"https:\/\/www.kobler-margreid.com\/blog\/wp-json\/wp\/v2\/tags?post=4394"}],"curies":[{"name":"wp","href":"https:\/\/api.w.org\/{rel}","templated":true}]}}