{"id":46,"date":"2008-04-06T23:11:03","date_gmt":"2008-04-06T22:11:03","guid":{"rendered":"http:\/\/www.kobler-margreid.com\/blog\/2008\/04\/06\/vinitaly-4-tag\/"},"modified":"2008-04-10T12:26:19","modified_gmt":"2008-04-10T11:26:19","slug":"vinitaly-4-tag","status":"publish","type":"post","link":"https:\/\/www.kobler-margreid.com\/blog\/blog\/2008\/04\/06\/vinitaly-4-tag\/","title":{"rendered":"Vinitaly &#8211; 4. Tag"},"content":{"rendered":"<p><img decoding=\"async\" src=\"http:\/\/www.kobler-margreid.com\/blog\/wp-content\/2008\/04\/2008-04-06_10-45-38a250.jpg\" alt=\"Maria Grazia Melegari\" align=\"left\" hspace=\"15\" \/>&#8222;Gl\u00fcck gehabt&#8220; oder &#8222;Nette Begegnungen&#8220; k\u00f6nnten die Untertitel zum heutigen Tag lauten. Zum einem blieb der bef\u00fcrchtete Ansturm jener, denen es wirklich nur um eine angenehme Alkoholaufnahme geht, fast aus und zum anderen traf ich nette Leute am Stand und anderswo.<!--more--><\/p>\n<p>Am Vormittag bekam ich Besuch von <a href=\"http:\/\/undiwine.typepad.com\/about.html\" target=\"_blank\">Mariagrazia Melegari<\/a>, welche den Blog <a href=\"http:\/\/undiwine.typepad.com\/soavemente\/\" target=\"_blank\">Soavemente<\/a> unterh\u00e4lt. Seit den letzten <a href=\"http:\/\/www.rieslingtage.com\" target=\"_blank\">Rieslingtagen<\/a>, wo sie als <a href=\"http:\/\/http:\/\/www.rieslingtage.com\/verkoster.php\" target=\"_blank\">Jurymitglied<\/a> wirkte, verbindet uns eine sehr angenehme Bekanntschaft.<\/p>\n<p><img decoding=\"async\" src=\"http:\/\/www.kobler-margreid.com\/blog\/wp-content\/2008\/04\/2008-04-06_17-23-44a250.jpg\" alt=\"Luigi Spagnolli\" align=\"left\" hspace=\"15\" \/>Am Nachmittag konnte ich mir, da mich meine Frau nach Verona begleitet hat, endlich einmal kurze was au\u00dferhalb des S\u00fcdtirolbereichs anschauen. Im Trentino-Sektor suchte ich u.a. Luigi Spagnolli vom Weingut <a href=\"http:\/\/www.vilar.it\" target=\"_blank\">Vilar<\/a> in Villalagarina auf, den ich auf dem letztj\u00e4hrigen <a href=\"http:\/\/www.tramin.it\/_Bottom.aspx?pid=55&amp;tabindex=0&amp;tabid=1159\" target=\"_blank\">Gew\u00fcrztraminer-Symposium<\/a> in Tramin kennengelernt habe. Luigi und seine Frau Ivana sind nicht nur sehr sympathisch, sondern sie leben ihr Dasein als kleine Selbstvermarkter (20.000 Flaschen) auch sehr intensiv. Eine m\u00f6glichst umweltschonende Produktion, die Suche nach der bestm\u00f6glichen Qualit\u00e4t und das Bestreben, m\u00f6glichst langlebige Wei\u00dfweine zu produzieren, die einen eigenst\u00e4ndigen Charakter haben, zeichnet sie aus. Interessant, mit ihnen z.B. verschiedene bestens erhaltene Gew\u00fcrztraminer-Jahrg\u00e4nge zu kosten, die er auf der Messe mithat, obwohl sie schon l\u00e4ngst ausverkauft sind. Auch der Nosiola \u00fcberzeugte, w\u00e4hrend der neu dazugekommene M\u00fcller-Thurgau sich noch etwas unharmonisch zeigt.<\/p>\n","protected":false},"excerpt":{"rendered":"<p>&#8222;Gl\u00fcck gehabt&#8220; oder &#8222;Nette Begegnungen&#8220; k\u00f6nnten die Untertitel zum heutigen Tag lauten. Zum einem blieb der bef\u00fcrchtete Ansturm jener, denen es wirklich nur um eine angenehme Alkoholaufnahme geht, fast aus und zum anderen traf ich nette Leute am Stand und &hellip; <a href=\"https:\/\/www.kobler-margreid.com\/blog\/blog\/2008\/04\/06\/vinitaly-4-tag\/\">Weiterlesen <span class=\"meta-nav\">&rarr;<\/span><\/a><\/p>\n","protected":false},"author":1,"featured_media":0,"comment_status":"open","ping_status":"open","sticky":false,"template":"","format":"standard","meta":{"ngg_post_thumbnail":0,"footnotes":"","_links_to":"","_links_to_target":""},"categories":[9],"tags":[38,37,57,58,59,39,20,21],"class_list":["post-46","post","type-post","status-publish","format-standard","hentry","category-oeffentlichkeitsarbeit","tag-luigi-spagnolli","tag-maria-grazia-melegari","tag-muller-thurgau","tag-nosiola","tag-suedtiroler-gewuerztraminer","tag-vilar","tag-vinitaly","tag-weinmesse"],"yoast_head":"<!-- This site is optimized with the Yoast SEO plugin v27.5 - https:\/\/yoast.com\/product\/yoast-seo-wordpress\/ -->\n<title>Vinitaly - 4. Tag - weinhof KOBLER weblog<\/title>\n<meta name=\"robots\" content=\"index, follow, max-snippet:-1, max-image-preview:large, max-video-preview:-1\" \/>\n<link rel=\"canonical\" href=\"https:\/\/www.kobler-margreid.com\/blog\/blog\/2008\/04\/06\/vinitaly-4-tag\/\" \/>\n<meta property=\"og:locale\" content=\"de_DE\" \/>\n<meta property=\"og:type\" content=\"article\" \/>\n<meta property=\"og:title\" content=\"Vinitaly - 4. Tag - weinhof KOBLER weblog\" \/>\n<meta property=\"og:description\" content=\"&#8222;Gl\u00fcck gehabt&#8220; oder &#8222;Nette Begegnungen&#8220; k\u00f6nnten die Untertitel zum heutigen Tag lauten. Zum einem blieb der bef\u00fcrchtete Ansturm jener, denen es wirklich nur um eine angenehme Alkoholaufnahme geht, fast aus und zum anderen traf ich nette Leute am Stand und &hellip; Weiterlesen &rarr;\" \/>\n<meta property=\"og:url\" content=\"https:\/\/www.kobler-margreid.com\/blog\/blog\/2008\/04\/06\/vinitaly-4-tag\/\" \/>\n<meta property=\"og:site_name\" content=\"weinhof KOBLER weblog\" \/>\n<meta property=\"article:publisher\" content=\"https:\/\/www.facebook.com\/armin.kobler\/\" \/>\n<meta property=\"article:author\" content=\"https:\/\/www.facebook.com\/armin.kobler\/\" \/>\n<meta property=\"article:published_time\" content=\"2008-04-06T22:11:03+00:00\" \/>\n<meta property=\"article:modified_time\" content=\"2008-04-10T11:26:19+00:00\" \/>\n<meta property=\"og:image\" content=\"http:\/\/www.kobler-margreid.com\/blog\/wp-content\/2008\/04\/2008-04-06_10-45-38a250.jpg\" \/>\n<meta name=\"author\" content=\"armin kobler\" \/>\n<meta name=\"twitter:card\" content=\"summary_large_image\" \/>\n<meta name=\"twitter:label1\" content=\"Verfasst von\" \/>\n\t<meta name=\"twitter:data1\" content=\"armin kobler\" \/>\n\t<meta name=\"twitter:label2\" content=\"Gesch\u00e4tzte Lesezeit\" \/>\n\t<meta name=\"twitter:data2\" content=\"1\u00a0Minute\" \/>\n<script type=\"application\/ld+json\" class=\"yoast-schema-graph\">{\"@context\":\"https:\\\/\\\/schema.org\",\"@graph\":[{\"@type\":\"Article\",\"@id\":\"https:\\\/\\\/www.kobler-margreid.com\\\/blog\\\/blog\\\/2008\\\/04\\\/06\\\/vinitaly-4-tag\\\/#article\",\"isPartOf\":{\"@id\":\"https:\\\/\\\/www.kobler-margreid.com\\\/blog\\\/blog\\\/2008\\\/04\\\/06\\\/vinitaly-4-tag\\\/\"},\"author\":{\"name\":\"armin kobler\",\"@id\":\"https:\\\/\\\/www.kobler-margreid.com\\\/blog\\\/#\\\/schema\\\/person\\\/6a2290c17f680f59c1fa7e1c7a36df3a\"},\"headline\":\"Vinitaly &#8211; 4. Tag\",\"datePublished\":\"2008-04-06T22:11:03+00:00\",\"dateModified\":\"2008-04-10T11:26:19+00:00\",\"mainEntityOfPage\":{\"@id\":\"https:\\\/\\\/www.kobler-margreid.com\\\/blog\\\/blog\\\/2008\\\/04\\\/06\\\/vinitaly-4-tag\\\/\"},\"wordCount\":221,\"commentCount\":1,\"publisher\":{\"@id\":\"https:\\\/\\\/www.kobler-margreid.com\\\/blog\\\/#\\\/schema\\\/person\\\/6a2290c17f680f59c1fa7e1c7a36df3a\"},\"image\":{\"@id\":\"https:\\\/\\\/www.kobler-margreid.com\\\/blog\\\/blog\\\/2008\\\/04\\\/06\\\/vinitaly-4-tag\\\/#primaryimage\"},\"thumbnailUrl\":\"http:\\\/\\\/www.kobler-margreid.com\\\/blog\\\/wp-content\\\/2008\\\/04\\\/2008-04-06_10-45-38a250.jpg\",\"keywords\":[\"Luigi Spagnolli\",\"Maria Grazia Melegari\",\"M\u00fcller-Thurgau\",\"Nosiola\",\"S\u00fcdtiroler Gew\u00fcrztraminer\",\"Vilar\",\"Vinitaly\",\"Weinmesse\"],\"articleSection\":[\"\u00d6ffentlichkeitsarbeit - Pubbliche relazioni\"],\"inLanguage\":\"de\",\"potentialAction\":[{\"@type\":\"CommentAction\",\"name\":\"Comment\",\"target\":[\"https:\\\/\\\/www.kobler-margreid.com\\\/blog\\\/blog\\\/2008\\\/04\\\/06\\\/vinitaly-4-tag\\\/#respond\"]}]},{\"@type\":\"WebPage\",\"@id\":\"https:\\\/\\\/www.kobler-margreid.com\\\/blog\\\/blog\\\/2008\\\/04\\\/06\\\/vinitaly-4-tag\\\/\",\"url\":\"https:\\\/\\\/www.kobler-margreid.com\\\/blog\\\/blog\\\/2008\\\/04\\\/06\\\/vinitaly-4-tag\\\/\",\"name\":\"Vinitaly - 4. Tag - weinhof KOBLER weblog\",\"isPartOf\":{\"@id\":\"https:\\\/\\\/www.kobler-margreid.com\\\/blog\\\/#website\"},\"primaryImageOfPage\":{\"@id\":\"https:\\\/\\\/www.kobler-margreid.com\\\/blog\\\/blog\\\/2008\\\/04\\\/06\\\/vinitaly-4-tag\\\/#primaryimage\"},\"image\":{\"@id\":\"https:\\\/\\\/www.kobler-margreid.com\\\/blog\\\/blog\\\/2008\\\/04\\\/06\\\/vinitaly-4-tag\\\/#primaryimage\"},\"thumbnailUrl\":\"http:\\\/\\\/www.kobler-margreid.com\\\/blog\\\/wp-content\\\/2008\\\/04\\\/2008-04-06_10-45-38a250.jpg\",\"datePublished\":\"2008-04-06T22:11:03+00:00\",\"dateModified\":\"2008-04-10T11:26:19+00:00\",\"breadcrumb\":{\"@id\":\"https:\\\/\\\/www.kobler-margreid.com\\\/blog\\\/blog\\\/2008\\\/04\\\/06\\\/vinitaly-4-tag\\\/#breadcrumb\"},\"inLanguage\":\"de\",\"potentialAction\":[{\"@type\":\"ReadAction\",\"target\":[\"https:\\\/\\\/www.kobler-margreid.com\\\/blog\\\/blog\\\/2008\\\/04\\\/06\\\/vinitaly-4-tag\\\/\"]}]},{\"@type\":\"ImageObject\",\"inLanguage\":\"de\",\"@id\":\"https:\\\/\\\/www.kobler-margreid.com\\\/blog\\\/blog\\\/2008\\\/04\\\/06\\\/vinitaly-4-tag\\\/#primaryimage\",\"url\":\"http:\\\/\\\/www.kobler-margreid.com\\\/blog\\\/wp-content\\\/2008\\\/04\\\/2008-04-06_10-45-38a250.jpg\",\"contentUrl\":\"http:\\\/\\\/www.kobler-margreid.com\\\/blog\\\/wp-content\\\/2008\\\/04\\\/2008-04-06_10-45-38a250.jpg\"},{\"@type\":\"BreadcrumbList\",\"@id\":\"https:\\\/\\\/www.kobler-margreid.com\\\/blog\\\/blog\\\/2008\\\/04\\\/06\\\/vinitaly-4-tag\\\/#breadcrumb\",\"itemListElement\":[{\"@type\":\"ListItem\",\"position\":1,\"name\":\"Startseite\",\"item\":\"https:\\\/\\\/www.kobler-margreid.com\\\/blog\\\/\"},{\"@type\":\"ListItem\",\"position\":2,\"name\":\"Vinitaly &#8211; 4. Tag\"}]},{\"@type\":\"WebSite\",\"@id\":\"https:\\\/\\\/www.kobler-margreid.com\\\/blog\\\/#website\",\"url\":\"https:\\\/\\\/www.kobler-margreid.com\\\/blog\\\/\",\"name\":\"weinhof KOBLER weblog\",\"description\":\"dem wein ganz nah \u2013 all&#039;interno del vino\",\"publisher\":{\"@id\":\"https:\\\/\\\/www.kobler-margreid.com\\\/blog\\\/#\\\/schema\\\/person\\\/6a2290c17f680f59c1fa7e1c7a36df3a\"},\"potentialAction\":[{\"@type\":\"SearchAction\",\"target\":{\"@type\":\"EntryPoint\",\"urlTemplate\":\"https:\\\/\\\/www.kobler-margreid.com\\\/blog\\\/?s={search_term_string}\"},\"query-input\":{\"@type\":\"PropertyValueSpecification\",\"valueRequired\":true,\"valueName\":\"search_term_string\"}}],\"inLanguage\":\"de\"},{\"@type\":[\"Person\",\"Organization\"],\"@id\":\"https:\\\/\\\/www.kobler-margreid.com\\\/blog\\\/#\\\/schema\\\/person\\\/6a2290c17f680f59c1fa7e1c7a36df3a\",\"name\":\"armin kobler\",\"image\":{\"@type\":\"ImageObject\",\"inLanguage\":\"de\",\"@id\":\"https:\\\/\\\/www.kobler-margreid.com\\\/blog\\\/wp-content\\\/2023\\\/11\\\/2012-05-08_09-33-03a.jpg\",\"url\":\"https:\\\/\\\/www.kobler-margreid.com\\\/blog\\\/wp-content\\\/2023\\\/11\\\/2012-05-08_09-33-03a.jpg\",\"contentUrl\":\"https:\\\/\\\/www.kobler-margreid.com\\\/blog\\\/wp-content\\\/2023\\\/11\\\/2012-05-08_09-33-03a.jpg\",\"width\":1088,\"height\":1184,\"caption\":\"armin kobler\"},\"logo\":{\"@id\":\"https:\\\/\\\/www.kobler-margreid.com\\\/blog\\\/wp-content\\\/2023\\\/11\\\/2012-05-08_09-33-03a.jpg\"},\"sameAs\":[\"http:\\\/\\\/www.kobler-margreid.com\",\"https:\\\/\\\/www.facebook.com\\\/armin.kobler\\\/\"],\"url\":\"https:\\\/\\\/www.kobler-margreid.com\\\/blog\\\/blog\\\/author\\\/admin\\\/\"}]}<\/script>\n<!-- \/ Yoast SEO plugin. -->","yoast_head_json":{"title":"Vinitaly - 4. Tag - weinhof KOBLER weblog","robots":{"index":"index","follow":"follow","max-snippet":"max-snippet:-1","max-image-preview":"max-image-preview:large","max-video-preview":"max-video-preview:-1"},"canonical":"https:\/\/www.kobler-margreid.com\/blog\/blog\/2008\/04\/06\/vinitaly-4-tag\/","og_locale":"de_DE","og_type":"article","og_title":"Vinitaly - 4. Tag - weinhof KOBLER weblog","og_description":"&#8222;Gl\u00fcck gehabt&#8220; oder &#8222;Nette Begegnungen&#8220; k\u00f6nnten die Untertitel zum heutigen Tag lauten. Zum einem blieb der bef\u00fcrchtete Ansturm jener, denen es wirklich nur um eine angenehme Alkoholaufnahme geht, fast aus und zum anderen traf ich nette Leute am Stand und &hellip; Weiterlesen &rarr;","og_url":"https:\/\/www.kobler-margreid.com\/blog\/blog\/2008\/04\/06\/vinitaly-4-tag\/","og_site_name":"weinhof KOBLER weblog","article_publisher":"https:\/\/www.facebook.com\/armin.kobler\/","article_author":"https:\/\/www.facebook.com\/armin.kobler\/","article_published_time":"2008-04-06T22:11:03+00:00","article_modified_time":"2008-04-10T11:26:19+00:00","og_image":[{"url":"http:\/\/www.kobler-margreid.com\/blog\/wp-content\/2008\/04\/2008-04-06_10-45-38a250.jpg","type":"","width":"","height":""}],"author":"armin kobler","twitter_card":"summary_large_image","twitter_misc":{"Verfasst von":"armin kobler","Gesch\u00e4tzte Lesezeit":"1\u00a0Minute"},"schema":{"@context":"https:\/\/schema.org","@graph":[{"@type":"Article","@id":"https:\/\/www.kobler-margreid.com\/blog\/blog\/2008\/04\/06\/vinitaly-4-tag\/#article","isPartOf":{"@id":"https:\/\/www.kobler-margreid.com\/blog\/blog\/2008\/04\/06\/vinitaly-4-tag\/"},"author":{"name":"armin kobler","@id":"https:\/\/www.kobler-margreid.com\/blog\/#\/schema\/person\/6a2290c17f680f59c1fa7e1c7a36df3a"},"headline":"Vinitaly &#8211; 4. Tag","datePublished":"2008-04-06T22:11:03+00:00","dateModified":"2008-04-10T11:26:19+00:00","mainEntityOfPage":{"@id":"https:\/\/www.kobler-margreid.com\/blog\/blog\/2008\/04\/06\/vinitaly-4-tag\/"},"wordCount":221,"commentCount":1,"publisher":{"@id":"https:\/\/www.kobler-margreid.com\/blog\/#\/schema\/person\/6a2290c17f680f59c1fa7e1c7a36df3a"},"image":{"@id":"https:\/\/www.kobler-margreid.com\/blog\/blog\/2008\/04\/06\/vinitaly-4-tag\/#primaryimage"},"thumbnailUrl":"http:\/\/www.kobler-margreid.com\/blog\/wp-content\/2008\/04\/2008-04-06_10-45-38a250.jpg","keywords":["Luigi Spagnolli","Maria Grazia Melegari","M\u00fcller-Thurgau","Nosiola","S\u00fcdtiroler Gew\u00fcrztraminer","Vilar","Vinitaly","Weinmesse"],"articleSection":["\u00d6ffentlichkeitsarbeit - Pubbliche relazioni"],"inLanguage":"de","potentialAction":[{"@type":"CommentAction","name":"Comment","target":["https:\/\/www.kobler-margreid.com\/blog\/blog\/2008\/04\/06\/vinitaly-4-tag\/#respond"]}]},{"@type":"WebPage","@id":"https:\/\/www.kobler-margreid.com\/blog\/blog\/2008\/04\/06\/vinitaly-4-tag\/","url":"https:\/\/www.kobler-margreid.com\/blog\/blog\/2008\/04\/06\/vinitaly-4-tag\/","name":"Vinitaly - 4. Tag - weinhof KOBLER weblog","isPartOf":{"@id":"https:\/\/www.kobler-margreid.com\/blog\/#website"},"primaryImageOfPage":{"@id":"https:\/\/www.kobler-margreid.com\/blog\/blog\/2008\/04\/06\/vinitaly-4-tag\/#primaryimage"},"image":{"@id":"https:\/\/www.kobler-margreid.com\/blog\/blog\/2008\/04\/06\/vinitaly-4-tag\/#primaryimage"},"thumbnailUrl":"http:\/\/www.kobler-margreid.com\/blog\/wp-content\/2008\/04\/2008-04-06_10-45-38a250.jpg","datePublished":"2008-04-06T22:11:03+00:00","dateModified":"2008-04-10T11:26:19+00:00","breadcrumb":{"@id":"https:\/\/www.kobler-margreid.com\/blog\/blog\/2008\/04\/06\/vinitaly-4-tag\/#breadcrumb"},"inLanguage":"de","potentialAction":[{"@type":"ReadAction","target":["https:\/\/www.kobler-margreid.com\/blog\/blog\/2008\/04\/06\/vinitaly-4-tag\/"]}]},{"@type":"ImageObject","inLanguage":"de","@id":"https:\/\/www.kobler-margreid.com\/blog\/blog\/2008\/04\/06\/vinitaly-4-tag\/#primaryimage","url":"http:\/\/www.kobler-margreid.com\/blog\/wp-content\/2008\/04\/2008-04-06_10-45-38a250.jpg","contentUrl":"http:\/\/www.kobler-margreid.com\/blog\/wp-content\/2008\/04\/2008-04-06_10-45-38a250.jpg"},{"@type":"BreadcrumbList","@id":"https:\/\/www.kobler-margreid.com\/blog\/blog\/2008\/04\/06\/vinitaly-4-tag\/#breadcrumb","itemListElement":[{"@type":"ListItem","position":1,"name":"Startseite","item":"https:\/\/www.kobler-margreid.com\/blog\/"},{"@type":"ListItem","position":2,"name":"Vinitaly &#8211; 4. Tag"}]},{"@type":"WebSite","@id":"https:\/\/www.kobler-margreid.com\/blog\/#website","url":"https:\/\/www.kobler-margreid.com\/blog\/","name":"weinhof KOBLER weblog","description":"dem wein ganz nah \u2013 all&#039;interno del vino","publisher":{"@id":"https:\/\/www.kobler-margreid.com\/blog\/#\/schema\/person\/6a2290c17f680f59c1fa7e1c7a36df3a"},"potentialAction":[{"@type":"SearchAction","target":{"@type":"EntryPoint","urlTemplate":"https:\/\/www.kobler-margreid.com\/blog\/?s={search_term_string}"},"query-input":{"@type":"PropertyValueSpecification","valueRequired":true,"valueName":"search_term_string"}}],"inLanguage":"de"},{"@type":["Person","Organization"],"@id":"https:\/\/www.kobler-margreid.com\/blog\/#\/schema\/person\/6a2290c17f680f59c1fa7e1c7a36df3a","name":"armin kobler","image":{"@type":"ImageObject","inLanguage":"de","@id":"https:\/\/www.kobler-margreid.com\/blog\/wp-content\/2023\/11\/2012-05-08_09-33-03a.jpg","url":"https:\/\/www.kobler-margreid.com\/blog\/wp-content\/2023\/11\/2012-05-08_09-33-03a.jpg","contentUrl":"https:\/\/www.kobler-margreid.com\/blog\/wp-content\/2023\/11\/2012-05-08_09-33-03a.jpg","width":1088,"height":1184,"caption":"armin kobler"},"logo":{"@id":"https:\/\/www.kobler-margreid.com\/blog\/wp-content\/2023\/11\/2012-05-08_09-33-03a.jpg"},"sameAs":["http:\/\/www.kobler-margreid.com","https:\/\/www.facebook.com\/armin.kobler\/"],"url":"https:\/\/www.kobler-margreid.com\/blog\/blog\/author\/admin\/"}]}},"_links":{"self":[{"href":"https:\/\/www.kobler-margreid.com\/blog\/wp-json\/wp\/v2\/posts\/46","targetHints":{"allow":["GET"]}}],"collection":[{"href":"https:\/\/www.kobler-margreid.com\/blog\/wp-json\/wp\/v2\/posts"}],"about":[{"href":"https:\/\/www.kobler-margreid.com\/blog\/wp-json\/wp\/v2\/types\/post"}],"author":[{"embeddable":true,"href":"https:\/\/www.kobler-margreid.com\/blog\/wp-json\/wp\/v2\/users\/1"}],"replies":[{"embeddable":true,"href":"https:\/\/www.kobler-margreid.com\/blog\/wp-json\/wp\/v2\/comments?post=46"}],"version-history":[{"count":0,"href":"https:\/\/www.kobler-margreid.com\/blog\/wp-json\/wp\/v2\/posts\/46\/revisions"}],"wp:attachment":[{"href":"https:\/\/www.kobler-margreid.com\/blog\/wp-json\/wp\/v2\/media?parent=46"}],"wp:term":[{"taxonomy":"category","embeddable":true,"href":"https:\/\/www.kobler-margreid.com\/blog\/wp-json\/wp\/v2\/categories?post=46"},{"taxonomy":"post_tag","embeddable":true,"href":"https:\/\/www.kobler-margreid.com\/blog\/wp-json\/wp\/v2\/tags?post=46"}],"curies":[{"name":"wp","href":"https:\/\/api.w.org\/{rel}","templated":true}]}}