{"id":5239,"date":"2010-11-27T17:05:08","date_gmt":"2010-11-27T16:05:08","guid":{"rendered":"http:\/\/www.kobler-margreid.com\/blog\/?p=5239"},"modified":"2010-12-02T16:03:57","modified_gmt":"2010-12-02T15:03:57","slug":"global-denken-lokal-pflanzen_pensare-globalmente-piantare-localmente","status":"publish","type":"post","link":"https:\/\/www.kobler-margreid.com\/blog\/blog\/2010\/11\/27\/global-denken-lokal-pflanzen_pensare-globalmente-piantare-localmente\/","title":{"rendered":"Global denken, lokal pflanzen \u2014 Pensare globalmente, piantare localmente"},"content":{"rendered":"<p><a href=\"http:\/\/www.kobler-margreid.com\/blog\/wp-content\/2010\/11\/panorama_diskussion.jpg\" rel=\"lightbox[5239]\"><img loading=\"lazy\" decoding=\"async\" class=\"float center aligncenter size-full wp-image-5249\" style=\"border: 0pt none; margin: 0px 0px;\" title=\"panorama_diskussion\" src=\"http:\/\/www.kobler-margreid.com\/blog\/wp-content\/2010\/11\/panorama_diskussion.jpg\" alt=\"\" width=\"520\" height=\"316\" srcset=\"https:\/\/www.kobler-margreid.com\/blog\/wp-content\/2010\/11\/panorama_diskussion.jpg 520w, https:\/\/www.kobler-margreid.com\/blog\/wp-content\/2010\/11\/panorama_diskussion-300x182.jpg 300w\" sizes=\"auto, (max-width: 520px) 100vw, 520px\" \/><\/a><\/p>\n<p><strong>\u201eS\u00fcdtiroler Wein: die richtige Vermarktung f\u00fcr einen Markt mit Zukunft\u201c<\/strong> \u2013 so der Titel der von <a href=\"http:\/\/www.panorama-online.com\/ge\/home.asp\" target=\"_blank\">S\u00fcdtirol Panorama<\/a> initiierten Diskussionrunde \u00fcber Aussichten, Chancen und Risiken des S\u00fcdtiroler Weines. Eine kontrovers gef\u00fchrte Diskussion mit den polarisierendsten K\u00f6pfen der Weinwirtschaft .<br \/>\nIch erlaube mir, diesen wertvollen Beitrag (im <a href=\"http:\/\/www.panorama-online.com\/ge\/content.asp?ZID=10331&amp;CID=10380&amp;ZIDINX=11&amp;CIDINX=5&amp;RID=10383&amp;AID=2169\" target=\"_blank\">Netz<\/a> oder als <a href=\"http:\/\/www.kobler-margreid.com\/download_blog\/panorama_2010-11.pdf\">pdf<\/a> mit 4,2 MB) in meinem Blog vollinhaltlich wiederzugeben, da er einen ungesch\u00f6nten Blick auf unsere Weinwirtschaft wirft. Zudem sind die Betrachtungen umfassend, konnten doch alle Verb\u00e4nde gleichberechtigt zu Wort kommen. Es w\u00e4re schade, so eine wertvolle von Redakteurin <a href=\"http:\/\/www.ff-online.com\/download_file.php?filename=verena-pliger.pdf&amp;file=files\/4cecc91f3c0bf.pdf\">Verena Pliger<\/a> erm\u00f6glichte Standortbestimmung den interssierten Lesern, welche diese Zeitschrift vielleicht noch nicht kennen bzw. beziehen, vorzuenthalten.<\/p>\n<p><em><strong>&#8222;Vino sudtirolese: la commercializzazione giusta per il mercato del futuro&#8220; <\/strong><\/em><em>\u2013 questo il titolo di una discussione organizzato da <a href=\"http:\/\/www.panorama-online.com\/it\/home.asp\" target=\"_blank\">S\u00fcdtirol Panorama<\/a> su prospettive, opportunit\u00e0 e rischi per il vino altoatesino. Una discussione controversa tra le teste polarizzanti dell&#8217;economia viticola.<br \/>\nMi permetto di riproporre sul mio blog interamente in originale questo prezioso contributo (in <\/em><a href=\"http:\/\/www.panorama-online.com\/ge\/content.asp?ZID=10331&amp;CID=10380&amp;ZIDINX=11&amp;CIDINX=5&amp;RID=10383&amp;AID=2169\" target=\"_blank\"><em>rete<\/em><\/a><em> o come <\/em><a href=\"http:\/\/www.kobler-margreid.com\/download_blog\/panorama_2010-11.pdf\"><em>pdf<\/em><\/a><em> di 4,2 MB) in quanto offre una panoramica autentica dell&#8217;economia viticola locale. Inoltre le considerazioni sono a 360 gradi in quanto tutte le associazioni di categoria si sono potute esprime in modo equiparato. Sarebbe un peccato omettere queste prese di posizione, evidenziate dalla redattrice <a href=\"http:\/\/www.facebook.com\/profile.php?id=1587154231\" target=\"_blank\">Verena Pliger<\/a><\/em><em>, a quei lettori del blog che per un motivo o l&#8217;altro non sono ancora in possesso della rivista.<\/em><\/p>\n","protected":false},"excerpt":{"rendered":"<p>\u201eS\u00fcdtiroler Wein: die richtige Vermarktung f\u00fcr einen Markt mit Zukunft\u201c \u2013 so der Titel der von S\u00fcdtirol Panorama initiierten Diskussionrunde \u00fcber Aussichten, Chancen und Risiken des S\u00fcdtiroler Weines. Eine kontrovers gef\u00fchrte Diskussion mit den polarisierendsten K\u00f6pfen der Weinwirtschaft . Ich &hellip; <a href=\"https:\/\/www.kobler-margreid.com\/blog\/blog\/2010\/11\/27\/global-denken-lokal-pflanzen_pensare-globalmente-piantare-localmente\/\">Weiterlesen <span class=\"meta-nav\">&rarr;<\/span><\/a><\/p>\n","protected":false},"author":1,"featured_media":0,"comment_status":"open","ping_status":"open","sticky":false,"template":"","format":"standard","meta":{"ngg_post_thumbnail":0,"footnotes":"","_links_to":"","_links_to_target":""},"categories":[708],"tags":[615,798,804,799,738,802,801,800],"class_list":["post-5239","post","type-post","status-publish","format-standard","hentry","category-weinwirtschaft-economia-vitivinicola-weinwirtschaft-economia-vitivinicola","tag-alois-lageder","tag-armin-dissertori","tag-economia-vitivinicola-sudtirolese","tag-klaus-gasser","tag-peter-dipoli","tag-suedtiroler-wein","tag-suedtiroler-weinwirtschaft","tag-verena-pliger"],"yoast_head":"<!-- This site is optimized with the Yoast SEO plugin v27.5 - https:\/\/yoast.com\/product\/yoast-seo-wordpress\/ -->\n<title>Global denken, lokal pflanzen \u2014 Pensare globalmente, piantare localmente - weinhof KOBLER weblog<\/title>\n<meta name=\"robots\" content=\"index, follow, max-snippet:-1, max-image-preview:large, max-video-preview:-1\" \/>\n<link rel=\"canonical\" href=\"https:\/\/www.kobler-margreid.com\/blog\/blog\/2010\/11\/27\/global-denken-lokal-pflanzen_pensare-globalmente-piantare-localmente\/\" \/>\n<meta property=\"og:locale\" content=\"de_DE\" \/>\n<meta property=\"og:type\" content=\"article\" \/>\n<meta property=\"og:title\" content=\"Global denken, lokal pflanzen \u2014 Pensare globalmente, piantare localmente - weinhof KOBLER weblog\" \/>\n<meta property=\"og:description\" content=\"\u201eS\u00fcdtiroler Wein: die richtige Vermarktung f\u00fcr einen Markt mit Zukunft\u201c \u2013 so der Titel der von S\u00fcdtirol Panorama initiierten Diskussionrunde \u00fcber Aussichten, Chancen und Risiken des S\u00fcdtiroler Weines. Eine kontrovers gef\u00fchrte Diskussion mit den polarisierendsten K\u00f6pfen der Weinwirtschaft . Ich &hellip; Weiterlesen &rarr;\" \/>\n<meta property=\"og:url\" content=\"https:\/\/www.kobler-margreid.com\/blog\/blog\/2010\/11\/27\/global-denken-lokal-pflanzen_pensare-globalmente-piantare-localmente\/\" \/>\n<meta property=\"og:site_name\" content=\"weinhof KOBLER weblog\" \/>\n<meta property=\"article:publisher\" content=\"https:\/\/www.facebook.com\/armin.kobler\/\" \/>\n<meta property=\"article:author\" content=\"https:\/\/www.facebook.com\/armin.kobler\/\" \/>\n<meta property=\"article:published_time\" content=\"2010-11-27T16:05:08+00:00\" \/>\n<meta property=\"article:modified_time\" content=\"2010-12-02T15:03:57+00:00\" \/>\n<meta property=\"og:image\" content=\"http:\/\/www.kobler-margreid.com\/blog\/wp-content\/2010\/11\/panorama_diskussion.jpg\" \/>\n<meta name=\"author\" content=\"armin kobler\" \/>\n<meta name=\"twitter:card\" content=\"summary_large_image\" \/>\n<meta name=\"twitter:label1\" content=\"Verfasst von\" \/>\n\t<meta name=\"twitter:data1\" content=\"armin kobler\" \/>\n\t<meta name=\"twitter:label2\" content=\"Gesch\u00e4tzte Lesezeit\" \/>\n\t<meta name=\"twitter:data2\" content=\"1\u00a0Minute\" \/>\n<script type=\"application\/ld+json\" class=\"yoast-schema-graph\">{\"@context\":\"https:\\\/\\\/schema.org\",\"@graph\":[{\"@type\":\"Article\",\"@id\":\"https:\\\/\\\/www.kobler-margreid.com\\\/blog\\\/blog\\\/2010\\\/11\\\/27\\\/global-denken-lokal-pflanzen_pensare-globalmente-piantare-localmente\\\/#article\",\"isPartOf\":{\"@id\":\"https:\\\/\\\/www.kobler-margreid.com\\\/blog\\\/blog\\\/2010\\\/11\\\/27\\\/global-denken-lokal-pflanzen_pensare-globalmente-piantare-localmente\\\/\"},\"author\":{\"name\":\"armin kobler\",\"@id\":\"https:\\\/\\\/www.kobler-margreid.com\\\/blog\\\/#\\\/schema\\\/person\\\/6a2290c17f680f59c1fa7e1c7a36df3a\"},\"headline\":\"Global denken, lokal pflanzen \u2014 Pensare globalmente, piantare localmente\",\"datePublished\":\"2010-11-27T16:05:08+00:00\",\"dateModified\":\"2010-12-02T15:03:57+00:00\",\"mainEntityOfPage\":{\"@id\":\"https:\\\/\\\/www.kobler-margreid.com\\\/blog\\\/blog\\\/2010\\\/11\\\/27\\\/global-denken-lokal-pflanzen_pensare-globalmente-piantare-localmente\\\/\"},\"wordCount\":239,\"commentCount\":0,\"publisher\":{\"@id\":\"https:\\\/\\\/www.kobler-margreid.com\\\/blog\\\/#\\\/schema\\\/person\\\/6a2290c17f680f59c1fa7e1c7a36df3a\"},\"image\":{\"@id\":\"https:\\\/\\\/www.kobler-margreid.com\\\/blog\\\/blog\\\/2010\\\/11\\\/27\\\/global-denken-lokal-pflanzen_pensare-globalmente-piantare-localmente\\\/#primaryimage\"},\"thumbnailUrl\":\"http:\\\/\\\/www.kobler-margreid.com\\\/blog\\\/wp-content\\\/2010\\\/11\\\/panorama_diskussion.jpg\",\"keywords\":[\"Alois Lageder\",\"Armin Dissertori\",\"Economia vitivinicola sudtirolese\",\"Klaus Gasser\",\"Peter Dipoli\",\"S\u00fcdtiroler Wein\",\"S\u00fcdtiroler Weinwirtschaft\",\"Verena Pliger\"],\"articleSection\":[\"Weinwirtschaft - Economia vitivinicola\"],\"inLanguage\":\"de\",\"potentialAction\":[{\"@type\":\"CommentAction\",\"name\":\"Comment\",\"target\":[\"https:\\\/\\\/www.kobler-margreid.com\\\/blog\\\/blog\\\/2010\\\/11\\\/27\\\/global-denken-lokal-pflanzen_pensare-globalmente-piantare-localmente\\\/#respond\"]}]},{\"@type\":\"WebPage\",\"@id\":\"https:\\\/\\\/www.kobler-margreid.com\\\/blog\\\/blog\\\/2010\\\/11\\\/27\\\/global-denken-lokal-pflanzen_pensare-globalmente-piantare-localmente\\\/\",\"url\":\"https:\\\/\\\/www.kobler-margreid.com\\\/blog\\\/blog\\\/2010\\\/11\\\/27\\\/global-denken-lokal-pflanzen_pensare-globalmente-piantare-localmente\\\/\",\"name\":\"Global denken, lokal pflanzen \u2014 Pensare globalmente, piantare localmente - weinhof KOBLER weblog\",\"isPartOf\":{\"@id\":\"https:\\\/\\\/www.kobler-margreid.com\\\/blog\\\/#website\"},\"primaryImageOfPage\":{\"@id\":\"https:\\\/\\\/www.kobler-margreid.com\\\/blog\\\/blog\\\/2010\\\/11\\\/27\\\/global-denken-lokal-pflanzen_pensare-globalmente-piantare-localmente\\\/#primaryimage\"},\"image\":{\"@id\":\"https:\\\/\\\/www.kobler-margreid.com\\\/blog\\\/blog\\\/2010\\\/11\\\/27\\\/global-denken-lokal-pflanzen_pensare-globalmente-piantare-localmente\\\/#primaryimage\"},\"thumbnailUrl\":\"http:\\\/\\\/www.kobler-margreid.com\\\/blog\\\/wp-content\\\/2010\\\/11\\\/panorama_diskussion.jpg\",\"datePublished\":\"2010-11-27T16:05:08+00:00\",\"dateModified\":\"2010-12-02T15:03:57+00:00\",\"breadcrumb\":{\"@id\":\"https:\\\/\\\/www.kobler-margreid.com\\\/blog\\\/blog\\\/2010\\\/11\\\/27\\\/global-denken-lokal-pflanzen_pensare-globalmente-piantare-localmente\\\/#breadcrumb\"},\"inLanguage\":\"de\",\"potentialAction\":[{\"@type\":\"ReadAction\",\"target\":[\"https:\\\/\\\/www.kobler-margreid.com\\\/blog\\\/blog\\\/2010\\\/11\\\/27\\\/global-denken-lokal-pflanzen_pensare-globalmente-piantare-localmente\\\/\"]}]},{\"@type\":\"ImageObject\",\"inLanguage\":\"de\",\"@id\":\"https:\\\/\\\/www.kobler-margreid.com\\\/blog\\\/blog\\\/2010\\\/11\\\/27\\\/global-denken-lokal-pflanzen_pensare-globalmente-piantare-localmente\\\/#primaryimage\",\"url\":\"http:\\\/\\\/www.kobler-margreid.com\\\/blog\\\/wp-content\\\/2010\\\/11\\\/panorama_diskussion.jpg\",\"contentUrl\":\"http:\\\/\\\/www.kobler-margreid.com\\\/blog\\\/wp-content\\\/2010\\\/11\\\/panorama_diskussion.jpg\"},{\"@type\":\"BreadcrumbList\",\"@id\":\"https:\\\/\\\/www.kobler-margreid.com\\\/blog\\\/blog\\\/2010\\\/11\\\/27\\\/global-denken-lokal-pflanzen_pensare-globalmente-piantare-localmente\\\/#breadcrumb\",\"itemListElement\":[{\"@type\":\"ListItem\",\"position\":1,\"name\":\"Startseite\",\"item\":\"https:\\\/\\\/www.kobler-margreid.com\\\/blog\\\/\"},{\"@type\":\"ListItem\",\"position\":2,\"name\":\"Global denken, lokal pflanzen \u2014 Pensare globalmente, piantare localmente\"}]},{\"@type\":\"WebSite\",\"@id\":\"https:\\\/\\\/www.kobler-margreid.com\\\/blog\\\/#website\",\"url\":\"https:\\\/\\\/www.kobler-margreid.com\\\/blog\\\/\",\"name\":\"weinhof KOBLER weblog\",\"description\":\"dem wein ganz nah \u2013 all&#039;interno del vino\",\"publisher\":{\"@id\":\"https:\\\/\\\/www.kobler-margreid.com\\\/blog\\\/#\\\/schema\\\/person\\\/6a2290c17f680f59c1fa7e1c7a36df3a\"},\"potentialAction\":[{\"@type\":\"SearchAction\",\"target\":{\"@type\":\"EntryPoint\",\"urlTemplate\":\"https:\\\/\\\/www.kobler-margreid.com\\\/blog\\\/?s={search_term_string}\"},\"query-input\":{\"@type\":\"PropertyValueSpecification\",\"valueRequired\":true,\"valueName\":\"search_term_string\"}}],\"inLanguage\":\"de\"},{\"@type\":[\"Person\",\"Organization\"],\"@id\":\"https:\\\/\\\/www.kobler-margreid.com\\\/blog\\\/#\\\/schema\\\/person\\\/6a2290c17f680f59c1fa7e1c7a36df3a\",\"name\":\"armin kobler\",\"image\":{\"@type\":\"ImageObject\",\"inLanguage\":\"de\",\"@id\":\"https:\\\/\\\/www.kobler-margreid.com\\\/blog\\\/wp-content\\\/2023\\\/11\\\/2012-05-08_09-33-03a.jpg\",\"url\":\"https:\\\/\\\/www.kobler-margreid.com\\\/blog\\\/wp-content\\\/2023\\\/11\\\/2012-05-08_09-33-03a.jpg\",\"contentUrl\":\"https:\\\/\\\/www.kobler-margreid.com\\\/blog\\\/wp-content\\\/2023\\\/11\\\/2012-05-08_09-33-03a.jpg\",\"width\":1088,\"height\":1184,\"caption\":\"armin kobler\"},\"logo\":{\"@id\":\"https:\\\/\\\/www.kobler-margreid.com\\\/blog\\\/wp-content\\\/2023\\\/11\\\/2012-05-08_09-33-03a.jpg\"},\"sameAs\":[\"http:\\\/\\\/www.kobler-margreid.com\",\"https:\\\/\\\/www.facebook.com\\\/armin.kobler\\\/\"],\"url\":\"https:\\\/\\\/www.kobler-margreid.com\\\/blog\\\/blog\\\/author\\\/admin\\\/\"}]}<\/script>\n<!-- \/ Yoast SEO plugin. -->","yoast_head_json":{"title":"Global denken, lokal pflanzen \u2014 Pensare globalmente, piantare localmente - weinhof KOBLER weblog","robots":{"index":"index","follow":"follow","max-snippet":"max-snippet:-1","max-image-preview":"max-image-preview:large","max-video-preview":"max-video-preview:-1"},"canonical":"https:\/\/www.kobler-margreid.com\/blog\/blog\/2010\/11\/27\/global-denken-lokal-pflanzen_pensare-globalmente-piantare-localmente\/","og_locale":"de_DE","og_type":"article","og_title":"Global denken, lokal pflanzen \u2014 Pensare globalmente, piantare localmente - weinhof KOBLER weblog","og_description":"\u201eS\u00fcdtiroler Wein: die richtige Vermarktung f\u00fcr einen Markt mit Zukunft\u201c \u2013 so der Titel der von S\u00fcdtirol Panorama initiierten Diskussionrunde \u00fcber Aussichten, Chancen und Risiken des S\u00fcdtiroler Weines. Eine kontrovers gef\u00fchrte Diskussion mit den polarisierendsten K\u00f6pfen der Weinwirtschaft . Ich &hellip; Weiterlesen &rarr;","og_url":"https:\/\/www.kobler-margreid.com\/blog\/blog\/2010\/11\/27\/global-denken-lokal-pflanzen_pensare-globalmente-piantare-localmente\/","og_site_name":"weinhof KOBLER weblog","article_publisher":"https:\/\/www.facebook.com\/armin.kobler\/","article_author":"https:\/\/www.facebook.com\/armin.kobler\/","article_published_time":"2010-11-27T16:05:08+00:00","article_modified_time":"2010-12-02T15:03:57+00:00","og_image":[{"url":"http:\/\/www.kobler-margreid.com\/blog\/wp-content\/2010\/11\/panorama_diskussion.jpg","type":"","width":"","height":""}],"author":"armin kobler","twitter_card":"summary_large_image","twitter_misc":{"Verfasst von":"armin kobler","Gesch\u00e4tzte Lesezeit":"1\u00a0Minute"},"schema":{"@context":"https:\/\/schema.org","@graph":[{"@type":"Article","@id":"https:\/\/www.kobler-margreid.com\/blog\/blog\/2010\/11\/27\/global-denken-lokal-pflanzen_pensare-globalmente-piantare-localmente\/#article","isPartOf":{"@id":"https:\/\/www.kobler-margreid.com\/blog\/blog\/2010\/11\/27\/global-denken-lokal-pflanzen_pensare-globalmente-piantare-localmente\/"},"author":{"name":"armin kobler","@id":"https:\/\/www.kobler-margreid.com\/blog\/#\/schema\/person\/6a2290c17f680f59c1fa7e1c7a36df3a"},"headline":"Global denken, lokal pflanzen \u2014 Pensare globalmente, piantare localmente","datePublished":"2010-11-27T16:05:08+00:00","dateModified":"2010-12-02T15:03:57+00:00","mainEntityOfPage":{"@id":"https:\/\/www.kobler-margreid.com\/blog\/blog\/2010\/11\/27\/global-denken-lokal-pflanzen_pensare-globalmente-piantare-localmente\/"},"wordCount":239,"commentCount":0,"publisher":{"@id":"https:\/\/www.kobler-margreid.com\/blog\/#\/schema\/person\/6a2290c17f680f59c1fa7e1c7a36df3a"},"image":{"@id":"https:\/\/www.kobler-margreid.com\/blog\/blog\/2010\/11\/27\/global-denken-lokal-pflanzen_pensare-globalmente-piantare-localmente\/#primaryimage"},"thumbnailUrl":"http:\/\/www.kobler-margreid.com\/blog\/wp-content\/2010\/11\/panorama_diskussion.jpg","keywords":["Alois Lageder","Armin Dissertori","Economia vitivinicola sudtirolese","Klaus Gasser","Peter Dipoli","S\u00fcdtiroler Wein","S\u00fcdtiroler Weinwirtschaft","Verena Pliger"],"articleSection":["Weinwirtschaft - Economia vitivinicola"],"inLanguage":"de","potentialAction":[{"@type":"CommentAction","name":"Comment","target":["https:\/\/www.kobler-margreid.com\/blog\/blog\/2010\/11\/27\/global-denken-lokal-pflanzen_pensare-globalmente-piantare-localmente\/#respond"]}]},{"@type":"WebPage","@id":"https:\/\/www.kobler-margreid.com\/blog\/blog\/2010\/11\/27\/global-denken-lokal-pflanzen_pensare-globalmente-piantare-localmente\/","url":"https:\/\/www.kobler-margreid.com\/blog\/blog\/2010\/11\/27\/global-denken-lokal-pflanzen_pensare-globalmente-piantare-localmente\/","name":"Global denken, lokal pflanzen \u2014 Pensare globalmente, piantare localmente - weinhof KOBLER weblog","isPartOf":{"@id":"https:\/\/www.kobler-margreid.com\/blog\/#website"},"primaryImageOfPage":{"@id":"https:\/\/www.kobler-margreid.com\/blog\/blog\/2010\/11\/27\/global-denken-lokal-pflanzen_pensare-globalmente-piantare-localmente\/#primaryimage"},"image":{"@id":"https:\/\/www.kobler-margreid.com\/blog\/blog\/2010\/11\/27\/global-denken-lokal-pflanzen_pensare-globalmente-piantare-localmente\/#primaryimage"},"thumbnailUrl":"http:\/\/www.kobler-margreid.com\/blog\/wp-content\/2010\/11\/panorama_diskussion.jpg","datePublished":"2010-11-27T16:05:08+00:00","dateModified":"2010-12-02T15:03:57+00:00","breadcrumb":{"@id":"https:\/\/www.kobler-margreid.com\/blog\/blog\/2010\/11\/27\/global-denken-lokal-pflanzen_pensare-globalmente-piantare-localmente\/#breadcrumb"},"inLanguage":"de","potentialAction":[{"@type":"ReadAction","target":["https:\/\/www.kobler-margreid.com\/blog\/blog\/2010\/11\/27\/global-denken-lokal-pflanzen_pensare-globalmente-piantare-localmente\/"]}]},{"@type":"ImageObject","inLanguage":"de","@id":"https:\/\/www.kobler-margreid.com\/blog\/blog\/2010\/11\/27\/global-denken-lokal-pflanzen_pensare-globalmente-piantare-localmente\/#primaryimage","url":"http:\/\/www.kobler-margreid.com\/blog\/wp-content\/2010\/11\/panorama_diskussion.jpg","contentUrl":"http:\/\/www.kobler-margreid.com\/blog\/wp-content\/2010\/11\/panorama_diskussion.jpg"},{"@type":"BreadcrumbList","@id":"https:\/\/www.kobler-margreid.com\/blog\/blog\/2010\/11\/27\/global-denken-lokal-pflanzen_pensare-globalmente-piantare-localmente\/#breadcrumb","itemListElement":[{"@type":"ListItem","position":1,"name":"Startseite","item":"https:\/\/www.kobler-margreid.com\/blog\/"},{"@type":"ListItem","position":2,"name":"Global denken, lokal pflanzen \u2014 Pensare globalmente, piantare localmente"}]},{"@type":"WebSite","@id":"https:\/\/www.kobler-margreid.com\/blog\/#website","url":"https:\/\/www.kobler-margreid.com\/blog\/","name":"weinhof KOBLER weblog","description":"dem wein ganz nah \u2013 all&#039;interno del vino","publisher":{"@id":"https:\/\/www.kobler-margreid.com\/blog\/#\/schema\/person\/6a2290c17f680f59c1fa7e1c7a36df3a"},"potentialAction":[{"@type":"SearchAction","target":{"@type":"EntryPoint","urlTemplate":"https:\/\/www.kobler-margreid.com\/blog\/?s={search_term_string}"},"query-input":{"@type":"PropertyValueSpecification","valueRequired":true,"valueName":"search_term_string"}}],"inLanguage":"de"},{"@type":["Person","Organization"],"@id":"https:\/\/www.kobler-margreid.com\/blog\/#\/schema\/person\/6a2290c17f680f59c1fa7e1c7a36df3a","name":"armin kobler","image":{"@type":"ImageObject","inLanguage":"de","@id":"https:\/\/www.kobler-margreid.com\/blog\/wp-content\/2023\/11\/2012-05-08_09-33-03a.jpg","url":"https:\/\/www.kobler-margreid.com\/blog\/wp-content\/2023\/11\/2012-05-08_09-33-03a.jpg","contentUrl":"https:\/\/www.kobler-margreid.com\/blog\/wp-content\/2023\/11\/2012-05-08_09-33-03a.jpg","width":1088,"height":1184,"caption":"armin kobler"},"logo":{"@id":"https:\/\/www.kobler-margreid.com\/blog\/wp-content\/2023\/11\/2012-05-08_09-33-03a.jpg"},"sameAs":["http:\/\/www.kobler-margreid.com","https:\/\/www.facebook.com\/armin.kobler\/"],"url":"https:\/\/www.kobler-margreid.com\/blog\/blog\/author\/admin\/"}]}},"_links":{"self":[{"href":"https:\/\/www.kobler-margreid.com\/blog\/wp-json\/wp\/v2\/posts\/5239","targetHints":{"allow":["GET"]}}],"collection":[{"href":"https:\/\/www.kobler-margreid.com\/blog\/wp-json\/wp\/v2\/posts"}],"about":[{"href":"https:\/\/www.kobler-margreid.com\/blog\/wp-json\/wp\/v2\/types\/post"}],"author":[{"embeddable":true,"href":"https:\/\/www.kobler-margreid.com\/blog\/wp-json\/wp\/v2\/users\/1"}],"replies":[{"embeddable":true,"href":"https:\/\/www.kobler-margreid.com\/blog\/wp-json\/wp\/v2\/comments?post=5239"}],"version-history":[{"count":0,"href":"https:\/\/www.kobler-margreid.com\/blog\/wp-json\/wp\/v2\/posts\/5239\/revisions"}],"wp:attachment":[{"href":"https:\/\/www.kobler-margreid.com\/blog\/wp-json\/wp\/v2\/media?parent=5239"}],"wp:term":[{"taxonomy":"category","embeddable":true,"href":"https:\/\/www.kobler-margreid.com\/blog\/wp-json\/wp\/v2\/categories?post=5239"},{"taxonomy":"post_tag","embeddable":true,"href":"https:\/\/www.kobler-margreid.com\/blog\/wp-json\/wp\/v2\/tags?post=5239"}],"curies":[{"name":"wp","href":"https:\/\/api.w.org\/{rel}","templated":true}]}}