{"id":5376,"date":"2010-12-26T20:54:58","date_gmt":"2010-12-26T19:54:58","guid":{"rendered":"http:\/\/www.kobler-margreid.com\/blog\/?p=5376"},"modified":"2013-01-09T18:20:26","modified_gmt":"2013-01-09T17:20:26","slug":"tasting-list-rocca-di-montemassi-symposio-casa-vinicola-zonin","status":"publish","type":"post","link":"https:\/\/www.kobler-margreid.com\/blog\/blog\/2010\/12\/26\/tasting-list-rocca-di-montemassi-symposio-casa-vinicola-zonin\/","title":{"rendered":"Tasting List: Rocca di Montemassi &#038; Symposio, Casa Vinicola Zonin"},"content":{"rendered":"<p><a href=\"http:\/\/www.kobler-margreid.com\/blog\/wp-content\/2010\/12\/2010-12-15_16-23-36a.jpg\" rel=\"lightbox[5376]\"><img loading=\"lazy\" decoding=\"async\" class=\"float left alignleft size-full wp-image-5378\" style=\"border: 0pt none; margin: 0px 5px;\" title=\"2010-12-15_16-23-36a\" alt=\"\" src=\"http:\/\/www.kobler-margreid.com\/blog\/wp-content\/2010\/12\/2010-12-15_16-23-36a.jpg\" width=\"230\" height=\"307\" srcset=\"https:\/\/www.kobler-margreid.com\/blog\/wp-content\/2010\/12\/2010-12-15_16-23-36a.jpg 600w, https:\/\/www.kobler-margreid.com\/blog\/wp-content\/2010\/12\/2010-12-15_16-23-36a-225x300.jpg 225w\" sizes=\"auto, (max-width: 230px) 100vw, 230px\" \/><\/a><\/p>\n<p>Wenn man von einem Betrieb gebeten wird, seine Weine zu kosten und das Ergebnis auch noch publik zu machen, dann f\u00fchlt man sich schon ein bi\u00dfchen als etwas Besonderes. Dementsprechend will man nicht ein individuelles, immer wieder auch von meinen\u00a0<a href=\"http:\/\/www.bernhard-fiedler.at\/weblog\/?p=3387\" target=\"_blank\">Selbstzweifeln<\/a> relativiertes Urteil abgeben, sondern eine sensorische Beschreibung, welche, wie in fr\u00fcheren Fragesstellungen dieser Art (<a href=\"http:\/\/www.kobler-margreid.com\/blog\/2008\/06\/19\/mi-provate-sti-vini\/\" target=\"_blank\">1<\/a>, <a href=\"http:\/\/www.kobler-margreid.com\/blog\/2008\/10\/23\/poggio-argentiera-tasting-panel-september-08\/\" target=\"_blank\">2<\/a>), auf mehreren S\u00e4ulen beruht. Dass die individuelle Pr\u00e4ferenz zus\u00e4tzlich dazu immer noch ordentlich abweichen kann, ist ein anderes Kapitel, auf das ich jetzt gar nicht eingehen will. Vor ein paar Tagen wurden jedenfalls von mir und meinen ehemaligen Arbeitskollegen <a href=\"http:\/\/www.laimburg.it\/de\/kellerwirtschaft.asp#anc748\" target=\"_blank\">Ulrich Pedri<\/a>, <a href=\"http:\/\/www.kobler-margreid.com\/blog\/weingut-andi-solva\/\" target=\"_blank\">Andreas S\u00f6lva<\/a> und <a href=\"http:\/\/www.kobler-margreid.com\/blog\/weingut-kiemberger\/\" target=\"_blank\">Norbert Kofler<\/a> zwei Weine, welche das Weinhaus <a href=\"http:\/\/www.zonin.it\/\" target=\"_blank\">Zonin<\/a> in der Netzgemeinschaft verteilt hat, eingehend verkostet.<\/p>\n<p><em>Se si viene pregato da un&#8217;azienda di degustare i suoi vini ed inoltre di pubblicare i risultati, allora ci si sente un poco speciali. Di conseguenza non si vuole esprimere un giudizio individuale, tormentato da frequenti dubbi, ma basato, almeno nell&#8217;analisi descrittiva su pi\u00f9 opinioni, come in esperienze analoghe precedenti (<a href=\"http:\/\/www.kobler-margreid.com\/blog\/2008\/06\/19\/mi-provate-sti-vini\/\" target=\"_blank\">1<\/a>,\u00a0<a href=\"http:\/\/www.kobler-margreid.com\/blog\/2008\/10\/23\/poggio-argentiera-tasting-panel-september-08\/\" target=\"_blank\">2<\/a>). Che le preferenze personali poi possano differire anche di molto \u00e8 un&#8217;altra questione la quale non vorrei approfondire al momento. Ad ogni modo, qualche giorno fa venivano degustati da me e dai miei ex colleghi di lavoro \u00a0<a href=\"http:\/\/www.laimburg.it\/it\/enologia.asp#anc748\" target=\"_blank\">Ulrich Pedri<\/a>,\u00a0<a href=\"http:\/\/www.kobler-margreid.com\/blog\/weingut-andi-solva\/\" target=\"_blank\">Andreas S\u00f6lva<\/a> e\u00a0<a href=\"http:\/\/www.kobler-margreid.com\/blog\/weingut-kiemberger\/\" target=\"_blank\">Norbert Kofler<\/a> due vini, che la casa vinicola <a href=\"http:\/\/www.zonin.it\/\" target=\"_blank\">Zonin<\/a> ha distribuito nella wine blogger community.<\/em><\/p>\n<p><em><!--more--><\/em><strong>Rocca di Montemassi 2008, <\/strong><a href=\"http:\/\/www.roccadimontemassi.it\/\" target=\"_blank\">Tenuta\u00a0di Montemassi<br \/>\n<\/a>40 % Merlot, 35 % Cabernet Sauvignon, 20 % Petit Verdot, 5 % Syrah<\/p>\n<p>Die Farbe des Weine zeigt sich im Glas als sehr dicht und dunkel, mit kaum Braunt\u00f6nen. Das Aroma ist gepr\u00e4gt einerseits von einer Fruchtkomponente, welche an eingelegte Kirsche\/Weichsel erinnert, andrerseits treten auch w\u00fcrzige Aromen zu Tage, wobei Zimt zumeist genannt wurde. Das Holz ist merkbar, aber gut eingebaut. Im Mund pr\u00e4sentiert sich der Wein sehr harmonisch, er hat n\u00e4mlich einen sehr feink\u00f6rnigen Gerbstoff und eine sehr trinkige F\u00fclle, welche von Anfang an bis zum lang anhaltenden Abgang wie Hand in Hand, ohne Eile, durch die Mundh\u00f6hle flanieren. Fazit: Ein Wein, der allen vieren sehr gut geschmeckt hat, der durch seine Frische und Harmonie besticht. Sollte es von jemanden als Mangel angesehen werden, keiner konnte den Wein geografisch (au\u00dfer &#8222;warme Gegend&#8220;) irgendwie zuordnen, Globalisierung in seiner angenehmeren Art.<\/p>\n<p><em>Il colore del vino si presenta molto denso, scuro, senza alcun&#8217;ombra di imbrunimento. L&#8217;aroma \u00e8 caratterizzato da un parte da componenti fruttati che ricordano la marasca e d&#8217;altra parte da elementi speziati come la cannella. Il legno \u00e8 percepibile ma ben inserito. In bocca il vino si presenta molto armonico, infatti possiede un tannino molto fine ed una pienezza consistente e nello stesso te<\/em><em>mpo bevibile che si accompagnano dall&#8217;inizio dell&#8217;assaggio fino al retrogusto durevole. Conclusioni: Un vino che \u00e8 piaciuto molto a tutti e quattro, che seduce con la sua freschezza ed armonia. Per qualcuno potrebbe sembrare un diffetto, ma nessuno di noi ha potuto assegnare questo vino ad una certa area geografica (meridionale a noi). Globalizzazione nel suo aspetto pi\u00f9 piacevole.<\/em><\/p>\n<p><strong>Symposio 2007, <\/strong><a href=\"http:\/\/www.feudobutera.it\/\" target=\"_blank\">Feudo Principi di Butera<br \/>\n<\/a>65 % Cabernet Sauvignon, 30 % Merlot, 5 % Petit Verdot<\/p>\n<p>Im Gegensatz zum vorigen, etwas j\u00fcngeren Wein, zeigt dieses Cabernet-lastige Produkt deutliche, aber noch nicht st\u00f6rende Braunt\u00f6ne. Im Geruch fallen zuerst \u00e4therische Noten, welche sogleich Zeder und Eukalyptus in Erinnerung rufen, auf; sp\u00e4ter gesellt sich auch eine deutliche Lakritzenote dazu. Es ergibt sich eine insgesamt leicht oxidativ gepr\u00e4gter Eindruck, was das Aroma betrifft. Auch hier merkbares, aber sehr gut eingebautes Holz. Die F\u00fclle im Mund am Beginn der Kost ist sehr m\u00e4chtig, fast zu viel des Guten, dann trennt sich aber der Gerbstoff davon ab, der zum Ende hin immer dominanter wird und einen leicht bitteren Nachgeschmack hinterl\u00e4sst. Fazit: Ein wertvoller Wein, der f\u00fcr seine Art einige Pluspunkte aufweist, auf Grund des nicht so harmonischen Mundgef\u00fchls (haupts\u00e4chlich) und der fehlenden Frische (teilweise) nicht so eindeutig wie im vorigen Fall begeistern konnte. Hinsichtlich Ursprung des Weines gilt das oben geschriebene.<\/p>\n<p><em>In contrasto al primo, piu giovane vino, questo presenta s\u00ec dei riflessi brunastri che per\u00f2 non disturbano tanto. Al naso si scoprono al primo impatto note eteriche che ricordano il cedro e l&#8217;eucalipto. Dopo si affiancano sentori marcati di liquirizia. Nel suo complessivo l&#8217;impressione dell&#8217;aroma \u00e8 leggermente ossidativa. Anche in questo caso si osserva l&#8217;uso di un legno ben inserito. La pienezza in bocca all&#8217;inizio \u00e8 massiccia, quasi troppa, dopo si distacca per\u00f2 il tannino che verso la fine predomina <\/em><em>sempre di pi\u00f9 e lascia un retrogusto un po&#8217;troppo amaro. Conclusioni: Un vino importante che presenta diversi punti a favore ma che a causa della bocca meno armoniosa (principalmente) e per la freschezza mancante (in parte) non ha entusiasmato in modo cos\u00ec univoco come il primo prodotto esaminato. Circa la provenienza del vino vale quello gi\u00e0 scritto per il vino precedente.<\/em><\/p>\n<p style=\"text-align: left;\"><a href=\"http:\/\/www.kobler-margreid.com\/blog\/wp-content\/2010\/12\/2010-12-15_17-23-57.jpg\" rel=\"lightbox[5376]\"><img loading=\"lazy\" decoding=\"async\" class=\"float center aligncenter size-full wp-image-5389\" style=\"border: 0pt none; margin: 5px 0px;\" title=\"2010-12-15_17-23-57\" alt=\"\" src=\"http:\/\/www.kobler-margreid.com\/blog\/wp-content\/2010\/12\/2010-12-15_17-23-57.jpg\" width=\"535\" height=\"402\" srcset=\"https:\/\/www.kobler-margreid.com\/blog\/wp-content\/2010\/12\/2010-12-15_17-23-57.jpg 1024w, https:\/\/www.kobler-margreid.com\/blog\/wp-content\/2010\/12\/2010-12-15_17-23-57-300x225.jpg 300w\" sizes=\"auto, (max-width: 535px) 100vw, 535px\" \/><\/a>Die inzwischen eingegangenen Beurteilungen k\u00f6nnen im <a href=\"http:\/\/www.wineislove.it\/i-vostri-commenti-sullultima-tasting-list\" target=\"_blank\">Blog<\/a> von Francesco Zonin nachgelesen werden.<\/p>\n<p style=\"text-align: left;\"><em>I giudizi espressi nel frattempo si possono leggere sul <a href=\"http:\/\/www.wineislove.it\/i-vostri-commenti-sullultima-tasting-list\" target=\"_blank\">blog<\/a> di Francesco Zonin.<\/em><\/p>\n<p style=\"text-align: left;\">\n","protected":false},"excerpt":{"rendered":"<p>Wenn man von einem Betrieb gebeten wird, seine Weine zu kosten und das Ergebnis auch noch publik zu machen, dann f\u00fchlt man sich schon ein bi\u00dfchen als etwas Besonderes. Dementsprechend will man nicht ein individuelles, immer wieder auch von meinen\u00a0Selbstzweifeln &hellip; <a href=\"https:\/\/www.kobler-margreid.com\/blog\/blog\/2010\/12\/26\/tasting-list-rocca-di-montemassi-symposio-casa-vinicola-zonin\/\">Weiterlesen <span class=\"meta-nav\">&rarr;<\/span><\/a><\/p>\n","protected":false},"author":6,"featured_media":0,"comment_status":"open","ping_status":"open","sticky":false,"template":"","format":"standard","meta":{"ngg_post_thumbnail":0,"footnotes":"","_links_to":"","_links_to_target":""},"categories":[16],"tags":[110,811,815,151,809,810,813,812,814,109],"class_list":["post-5376","post","type-post","status-publish","format-standard","hentry","category-weinkost","tag-andreas-solva","tag-casa-vinicola-zonin","tag-feudo-principi-di-butera","tag-norbert-kofler","tag-rocca-di-montemassi","tag-symposio","tag-tasting-list","tag-tasting-panel","tag-tenuta-di-montemassi","tag-ulrich-pedri"],"yoast_head":"<!-- This site is optimized with the Yoast SEO plugin v27.5 - https:\/\/yoast.com\/product\/yoast-seo-wordpress\/ -->\n<title>Tasting List: Rocca di Montemassi &amp; Symposio, Casa Vinicola Zonin - weinhof KOBLER weblog<\/title>\n<meta name=\"robots\" content=\"index, follow, max-snippet:-1, max-image-preview:large, max-video-preview:-1\" \/>\n<link rel=\"canonical\" href=\"https:\/\/www.kobler-margreid.com\/blog\/blog\/2010\/12\/26\/tasting-list-rocca-di-montemassi-symposio-casa-vinicola-zonin\/\" \/>\n<meta property=\"og:locale\" content=\"de_DE\" \/>\n<meta property=\"og:type\" content=\"article\" \/>\n<meta property=\"og:title\" content=\"Tasting List: Rocca di Montemassi &amp; Symposio, Casa Vinicola Zonin - weinhof KOBLER weblog\" \/>\n<meta property=\"og:description\" content=\"Wenn man von einem Betrieb gebeten wird, seine Weine zu kosten und das Ergebnis auch noch publik zu machen, dann f\u00fchlt man sich schon ein bi\u00dfchen als etwas Besonderes. Dementsprechend will man nicht ein individuelles, immer wieder auch von meinen\u00a0Selbstzweifeln &hellip; Weiterlesen &rarr;\" \/>\n<meta property=\"og:url\" content=\"https:\/\/www.kobler-margreid.com\/blog\/blog\/2010\/12\/26\/tasting-list-rocca-di-montemassi-symposio-casa-vinicola-zonin\/\" \/>\n<meta property=\"og:site_name\" content=\"weinhof KOBLER weblog\" \/>\n<meta property=\"article:publisher\" content=\"https:\/\/www.facebook.com\/armin.kobler\/\" \/>\n<meta property=\"article:published_time\" content=\"2010-12-26T19:54:58+00:00\" \/>\n<meta property=\"article:modified_time\" content=\"2013-01-09T17:20:26+00:00\" \/>\n<meta property=\"og:image\" content=\"http:\/\/www.kobler-margreid.com\/blog\/wp-content\/2010\/12\/2010-12-15_16-23-36a.jpg\" \/>\n<meta name=\"author\" content=\"armin kobler\" \/>\n<meta name=\"twitter:card\" content=\"summary_large_image\" \/>\n<meta name=\"twitter:label1\" content=\"Verfasst von\" \/>\n\t<meta name=\"twitter:data1\" content=\"armin kobler\" \/>\n\t<meta name=\"twitter:label2\" content=\"Gesch\u00e4tzte Lesezeit\" \/>\n\t<meta name=\"twitter:data2\" content=\"4\u00a0Minuten\" \/>\n<script type=\"application\/ld+json\" class=\"yoast-schema-graph\">{\"@context\":\"https:\\\/\\\/schema.org\",\"@graph\":[{\"@type\":\"Article\",\"@id\":\"https:\\\/\\\/www.kobler-margreid.com\\\/blog\\\/blog\\\/2010\\\/12\\\/26\\\/tasting-list-rocca-di-montemassi-symposio-casa-vinicola-zonin\\\/#article\",\"isPartOf\":{\"@id\":\"https:\\\/\\\/www.kobler-margreid.com\\\/blog\\\/blog\\\/2010\\\/12\\\/26\\\/tasting-list-rocca-di-montemassi-symposio-casa-vinicola-zonin\\\/\"},\"author\":{\"name\":\"armin kobler\",\"@id\":\"https:\\\/\\\/www.kobler-margreid.com\\\/blog\\\/#\\\/schema\\\/person\\\/fcca96145437484793adb0529dc48706\"},\"headline\":\"Tasting List: Rocca di Montemassi &#038; Symposio, Casa Vinicola Zonin\",\"datePublished\":\"2010-12-26T19:54:58+00:00\",\"dateModified\":\"2013-01-09T17:20:26+00:00\",\"mainEntityOfPage\":{\"@id\":\"https:\\\/\\\/www.kobler-margreid.com\\\/blog\\\/blog\\\/2010\\\/12\\\/26\\\/tasting-list-rocca-di-montemassi-symposio-casa-vinicola-zonin\\\/\"},\"wordCount\":831,\"commentCount\":2,\"publisher\":{\"@id\":\"https:\\\/\\\/www.kobler-margreid.com\\\/blog\\\/#\\\/schema\\\/person\\\/6a2290c17f680f59c1fa7e1c7a36df3a\"},\"image\":{\"@id\":\"https:\\\/\\\/www.kobler-margreid.com\\\/blog\\\/blog\\\/2010\\\/12\\\/26\\\/tasting-list-rocca-di-montemassi-symposio-casa-vinicola-zonin\\\/#primaryimage\"},\"thumbnailUrl\":\"http:\\\/\\\/www.kobler-margreid.com\\\/blog\\\/wp-content\\\/2010\\\/12\\\/2010-12-15_16-23-36a.jpg\",\"keywords\":[\"Andreas S\u00f6lva\",\"Casa Vinicola Zonin\",\"Feudo Principi di Butera\",\"Norbert Kofler\",\"Rocca di Montemassi\",\"Symposio\",\"Tasting List\",\"Tasting Panel\",\"Tenuta di Montemassi\",\"Ulrich Pedri\"],\"articleSection\":[\"Weinkost - Degustazione\"],\"inLanguage\":\"de\",\"potentialAction\":[{\"@type\":\"CommentAction\",\"name\":\"Comment\",\"target\":[\"https:\\\/\\\/www.kobler-margreid.com\\\/blog\\\/blog\\\/2010\\\/12\\\/26\\\/tasting-list-rocca-di-montemassi-symposio-casa-vinicola-zonin\\\/#respond\"]}]},{\"@type\":\"WebPage\",\"@id\":\"https:\\\/\\\/www.kobler-margreid.com\\\/blog\\\/blog\\\/2010\\\/12\\\/26\\\/tasting-list-rocca-di-montemassi-symposio-casa-vinicola-zonin\\\/\",\"url\":\"https:\\\/\\\/www.kobler-margreid.com\\\/blog\\\/blog\\\/2010\\\/12\\\/26\\\/tasting-list-rocca-di-montemassi-symposio-casa-vinicola-zonin\\\/\",\"name\":\"Tasting List: Rocca di Montemassi & Symposio, Casa Vinicola Zonin - weinhof KOBLER weblog\",\"isPartOf\":{\"@id\":\"https:\\\/\\\/www.kobler-margreid.com\\\/blog\\\/#website\"},\"primaryImageOfPage\":{\"@id\":\"https:\\\/\\\/www.kobler-margreid.com\\\/blog\\\/blog\\\/2010\\\/12\\\/26\\\/tasting-list-rocca-di-montemassi-symposio-casa-vinicola-zonin\\\/#primaryimage\"},\"image\":{\"@id\":\"https:\\\/\\\/www.kobler-margreid.com\\\/blog\\\/blog\\\/2010\\\/12\\\/26\\\/tasting-list-rocca-di-montemassi-symposio-casa-vinicola-zonin\\\/#primaryimage\"},\"thumbnailUrl\":\"http:\\\/\\\/www.kobler-margreid.com\\\/blog\\\/wp-content\\\/2010\\\/12\\\/2010-12-15_16-23-36a.jpg\",\"datePublished\":\"2010-12-26T19:54:58+00:00\",\"dateModified\":\"2013-01-09T17:20:26+00:00\",\"breadcrumb\":{\"@id\":\"https:\\\/\\\/www.kobler-margreid.com\\\/blog\\\/blog\\\/2010\\\/12\\\/26\\\/tasting-list-rocca-di-montemassi-symposio-casa-vinicola-zonin\\\/#breadcrumb\"},\"inLanguage\":\"de\",\"potentialAction\":[{\"@type\":\"ReadAction\",\"target\":[\"https:\\\/\\\/www.kobler-margreid.com\\\/blog\\\/blog\\\/2010\\\/12\\\/26\\\/tasting-list-rocca-di-montemassi-symposio-casa-vinicola-zonin\\\/\"]}]},{\"@type\":\"ImageObject\",\"inLanguage\":\"de\",\"@id\":\"https:\\\/\\\/www.kobler-margreid.com\\\/blog\\\/blog\\\/2010\\\/12\\\/26\\\/tasting-list-rocca-di-montemassi-symposio-casa-vinicola-zonin\\\/#primaryimage\",\"url\":\"http:\\\/\\\/www.kobler-margreid.com\\\/blog\\\/wp-content\\\/2010\\\/12\\\/2010-12-15_16-23-36a.jpg\",\"contentUrl\":\"http:\\\/\\\/www.kobler-margreid.com\\\/blog\\\/wp-content\\\/2010\\\/12\\\/2010-12-15_16-23-36a.jpg\"},{\"@type\":\"BreadcrumbList\",\"@id\":\"https:\\\/\\\/www.kobler-margreid.com\\\/blog\\\/blog\\\/2010\\\/12\\\/26\\\/tasting-list-rocca-di-montemassi-symposio-casa-vinicola-zonin\\\/#breadcrumb\",\"itemListElement\":[{\"@type\":\"ListItem\",\"position\":1,\"name\":\"Startseite\",\"item\":\"https:\\\/\\\/www.kobler-margreid.com\\\/blog\\\/\"},{\"@type\":\"ListItem\",\"position\":2,\"name\":\"Tasting List: Rocca di Montemassi &#038; Symposio, Casa Vinicola Zonin\"}]},{\"@type\":\"WebSite\",\"@id\":\"https:\\\/\\\/www.kobler-margreid.com\\\/blog\\\/#website\",\"url\":\"https:\\\/\\\/www.kobler-margreid.com\\\/blog\\\/\",\"name\":\"weinhof KOBLER weblog\",\"description\":\"dem wein ganz nah \u2013 all&#039;interno del vino\",\"publisher\":{\"@id\":\"https:\\\/\\\/www.kobler-margreid.com\\\/blog\\\/#\\\/schema\\\/person\\\/6a2290c17f680f59c1fa7e1c7a36df3a\"},\"potentialAction\":[{\"@type\":\"SearchAction\",\"target\":{\"@type\":\"EntryPoint\",\"urlTemplate\":\"https:\\\/\\\/www.kobler-margreid.com\\\/blog\\\/?s={search_term_string}\"},\"query-input\":{\"@type\":\"PropertyValueSpecification\",\"valueRequired\":true,\"valueName\":\"search_term_string\"}}],\"inLanguage\":\"de\"},{\"@type\":[\"Person\",\"Organization\"],\"@id\":\"https:\\\/\\\/www.kobler-margreid.com\\\/blog\\\/#\\\/schema\\\/person\\\/6a2290c17f680f59c1fa7e1c7a36df3a\",\"name\":\"armin kobler\",\"image\":{\"@type\":\"ImageObject\",\"inLanguage\":\"de\",\"@id\":\"https:\\\/\\\/www.kobler-margreid.com\\\/blog\\\/wp-content\\\/2023\\\/11\\\/2012-05-08_09-33-03a.jpg\",\"url\":\"https:\\\/\\\/www.kobler-margreid.com\\\/blog\\\/wp-content\\\/2023\\\/11\\\/2012-05-08_09-33-03a.jpg\",\"contentUrl\":\"https:\\\/\\\/www.kobler-margreid.com\\\/blog\\\/wp-content\\\/2023\\\/11\\\/2012-05-08_09-33-03a.jpg\",\"width\":1088,\"height\":1184,\"caption\":\"armin kobler\"},\"logo\":{\"@id\":\"https:\\\/\\\/www.kobler-margreid.com\\\/blog\\\/wp-content\\\/2023\\\/11\\\/2012-05-08_09-33-03a.jpg\"},\"sameAs\":[\"http:\\\/\\\/www.kobler-margreid.com\",\"https:\\\/\\\/www.facebook.com\\\/armin.kobler\\\/\"]},{\"@type\":\"Person\",\"@id\":\"https:\\\/\\\/www.kobler-margreid.com\\\/blog\\\/#\\\/schema\\\/person\\\/fcca96145437484793adb0529dc48706\",\"name\":\"armin kobler\",\"image\":{\"@type\":\"ImageObject\",\"inLanguage\":\"de\",\"@id\":\"https:\\\/\\\/secure.gravatar.com\\\/avatar\\\/7ed75d18f117c58598b89fcf3ec9fda3311f3fbda827ac1502944a0804d87b7f?s=96&d=mm&r=g\",\"url\":\"https:\\\/\\\/secure.gravatar.com\\\/avatar\\\/7ed75d18f117c58598b89fcf3ec9fda3311f3fbda827ac1502944a0804d87b7f?s=96&d=mm&r=g\",\"contentUrl\":\"https:\\\/\\\/secure.gravatar.com\\\/avatar\\\/7ed75d18f117c58598b89fcf3ec9fda3311f3fbda827ac1502944a0804d87b7f?s=96&d=mm&r=g\",\"caption\":\"armin kobler\"},\"sameAs\":[\"http:\\\/\\\/\"],\"url\":\"https:\\\/\\\/www.kobler-margreid.com\\\/blog\\\/blog\\\/author\\\/armin-kobler\\\/\"}]}<\/script>\n<!-- \/ Yoast SEO plugin. -->","yoast_head_json":{"title":"Tasting List: Rocca di Montemassi & Symposio, Casa Vinicola Zonin - weinhof KOBLER weblog","robots":{"index":"index","follow":"follow","max-snippet":"max-snippet:-1","max-image-preview":"max-image-preview:large","max-video-preview":"max-video-preview:-1"},"canonical":"https:\/\/www.kobler-margreid.com\/blog\/blog\/2010\/12\/26\/tasting-list-rocca-di-montemassi-symposio-casa-vinicola-zonin\/","og_locale":"de_DE","og_type":"article","og_title":"Tasting List: Rocca di Montemassi & Symposio, Casa Vinicola Zonin - weinhof KOBLER weblog","og_description":"Wenn man von einem Betrieb gebeten wird, seine Weine zu kosten und das Ergebnis auch noch publik zu machen, dann f\u00fchlt man sich schon ein bi\u00dfchen als etwas Besonderes. Dementsprechend will man nicht ein individuelles, immer wieder auch von meinen\u00a0Selbstzweifeln &hellip; Weiterlesen &rarr;","og_url":"https:\/\/www.kobler-margreid.com\/blog\/blog\/2010\/12\/26\/tasting-list-rocca-di-montemassi-symposio-casa-vinicola-zonin\/","og_site_name":"weinhof KOBLER weblog","article_publisher":"https:\/\/www.facebook.com\/armin.kobler\/","article_published_time":"2010-12-26T19:54:58+00:00","article_modified_time":"2013-01-09T17:20:26+00:00","og_image":[{"url":"http:\/\/www.kobler-margreid.com\/blog\/wp-content\/2010\/12\/2010-12-15_16-23-36a.jpg","type":"","width":"","height":""}],"author":"armin kobler","twitter_card":"summary_large_image","twitter_misc":{"Verfasst von":"armin kobler","Gesch\u00e4tzte Lesezeit":"4\u00a0Minuten"},"schema":{"@context":"https:\/\/schema.org","@graph":[{"@type":"Article","@id":"https:\/\/www.kobler-margreid.com\/blog\/blog\/2010\/12\/26\/tasting-list-rocca-di-montemassi-symposio-casa-vinicola-zonin\/#article","isPartOf":{"@id":"https:\/\/www.kobler-margreid.com\/blog\/blog\/2010\/12\/26\/tasting-list-rocca-di-montemassi-symposio-casa-vinicola-zonin\/"},"author":{"name":"armin kobler","@id":"https:\/\/www.kobler-margreid.com\/blog\/#\/schema\/person\/fcca96145437484793adb0529dc48706"},"headline":"Tasting List: Rocca di Montemassi &#038; Symposio, Casa Vinicola Zonin","datePublished":"2010-12-26T19:54:58+00:00","dateModified":"2013-01-09T17:20:26+00:00","mainEntityOfPage":{"@id":"https:\/\/www.kobler-margreid.com\/blog\/blog\/2010\/12\/26\/tasting-list-rocca-di-montemassi-symposio-casa-vinicola-zonin\/"},"wordCount":831,"commentCount":2,"publisher":{"@id":"https:\/\/www.kobler-margreid.com\/blog\/#\/schema\/person\/6a2290c17f680f59c1fa7e1c7a36df3a"},"image":{"@id":"https:\/\/www.kobler-margreid.com\/blog\/blog\/2010\/12\/26\/tasting-list-rocca-di-montemassi-symposio-casa-vinicola-zonin\/#primaryimage"},"thumbnailUrl":"http:\/\/www.kobler-margreid.com\/blog\/wp-content\/2010\/12\/2010-12-15_16-23-36a.jpg","keywords":["Andreas S\u00f6lva","Casa Vinicola Zonin","Feudo Principi di Butera","Norbert Kofler","Rocca di Montemassi","Symposio","Tasting List","Tasting Panel","Tenuta di Montemassi","Ulrich Pedri"],"articleSection":["Weinkost - Degustazione"],"inLanguage":"de","potentialAction":[{"@type":"CommentAction","name":"Comment","target":["https:\/\/www.kobler-margreid.com\/blog\/blog\/2010\/12\/26\/tasting-list-rocca-di-montemassi-symposio-casa-vinicola-zonin\/#respond"]}]},{"@type":"WebPage","@id":"https:\/\/www.kobler-margreid.com\/blog\/blog\/2010\/12\/26\/tasting-list-rocca-di-montemassi-symposio-casa-vinicola-zonin\/","url":"https:\/\/www.kobler-margreid.com\/blog\/blog\/2010\/12\/26\/tasting-list-rocca-di-montemassi-symposio-casa-vinicola-zonin\/","name":"Tasting List: Rocca di Montemassi & Symposio, Casa Vinicola Zonin - weinhof KOBLER weblog","isPartOf":{"@id":"https:\/\/www.kobler-margreid.com\/blog\/#website"},"primaryImageOfPage":{"@id":"https:\/\/www.kobler-margreid.com\/blog\/blog\/2010\/12\/26\/tasting-list-rocca-di-montemassi-symposio-casa-vinicola-zonin\/#primaryimage"},"image":{"@id":"https:\/\/www.kobler-margreid.com\/blog\/blog\/2010\/12\/26\/tasting-list-rocca-di-montemassi-symposio-casa-vinicola-zonin\/#primaryimage"},"thumbnailUrl":"http:\/\/www.kobler-margreid.com\/blog\/wp-content\/2010\/12\/2010-12-15_16-23-36a.jpg","datePublished":"2010-12-26T19:54:58+00:00","dateModified":"2013-01-09T17:20:26+00:00","breadcrumb":{"@id":"https:\/\/www.kobler-margreid.com\/blog\/blog\/2010\/12\/26\/tasting-list-rocca-di-montemassi-symposio-casa-vinicola-zonin\/#breadcrumb"},"inLanguage":"de","potentialAction":[{"@type":"ReadAction","target":["https:\/\/www.kobler-margreid.com\/blog\/blog\/2010\/12\/26\/tasting-list-rocca-di-montemassi-symposio-casa-vinicola-zonin\/"]}]},{"@type":"ImageObject","inLanguage":"de","@id":"https:\/\/www.kobler-margreid.com\/blog\/blog\/2010\/12\/26\/tasting-list-rocca-di-montemassi-symposio-casa-vinicola-zonin\/#primaryimage","url":"http:\/\/www.kobler-margreid.com\/blog\/wp-content\/2010\/12\/2010-12-15_16-23-36a.jpg","contentUrl":"http:\/\/www.kobler-margreid.com\/blog\/wp-content\/2010\/12\/2010-12-15_16-23-36a.jpg"},{"@type":"BreadcrumbList","@id":"https:\/\/www.kobler-margreid.com\/blog\/blog\/2010\/12\/26\/tasting-list-rocca-di-montemassi-symposio-casa-vinicola-zonin\/#breadcrumb","itemListElement":[{"@type":"ListItem","position":1,"name":"Startseite","item":"https:\/\/www.kobler-margreid.com\/blog\/"},{"@type":"ListItem","position":2,"name":"Tasting List: Rocca di Montemassi &#038; Symposio, Casa Vinicola Zonin"}]},{"@type":"WebSite","@id":"https:\/\/www.kobler-margreid.com\/blog\/#website","url":"https:\/\/www.kobler-margreid.com\/blog\/","name":"weinhof KOBLER weblog","description":"dem wein ganz nah \u2013 all&#039;interno del vino","publisher":{"@id":"https:\/\/www.kobler-margreid.com\/blog\/#\/schema\/person\/6a2290c17f680f59c1fa7e1c7a36df3a"},"potentialAction":[{"@type":"SearchAction","target":{"@type":"EntryPoint","urlTemplate":"https:\/\/www.kobler-margreid.com\/blog\/?s={search_term_string}"},"query-input":{"@type":"PropertyValueSpecification","valueRequired":true,"valueName":"search_term_string"}}],"inLanguage":"de"},{"@type":["Person","Organization"],"@id":"https:\/\/www.kobler-margreid.com\/blog\/#\/schema\/person\/6a2290c17f680f59c1fa7e1c7a36df3a","name":"armin kobler","image":{"@type":"ImageObject","inLanguage":"de","@id":"https:\/\/www.kobler-margreid.com\/blog\/wp-content\/2023\/11\/2012-05-08_09-33-03a.jpg","url":"https:\/\/www.kobler-margreid.com\/blog\/wp-content\/2023\/11\/2012-05-08_09-33-03a.jpg","contentUrl":"https:\/\/www.kobler-margreid.com\/blog\/wp-content\/2023\/11\/2012-05-08_09-33-03a.jpg","width":1088,"height":1184,"caption":"armin kobler"},"logo":{"@id":"https:\/\/www.kobler-margreid.com\/blog\/wp-content\/2023\/11\/2012-05-08_09-33-03a.jpg"},"sameAs":["http:\/\/www.kobler-margreid.com","https:\/\/www.facebook.com\/armin.kobler\/"]},{"@type":"Person","@id":"https:\/\/www.kobler-margreid.com\/blog\/#\/schema\/person\/fcca96145437484793adb0529dc48706","name":"armin kobler","image":{"@type":"ImageObject","inLanguage":"de","@id":"https:\/\/secure.gravatar.com\/avatar\/7ed75d18f117c58598b89fcf3ec9fda3311f3fbda827ac1502944a0804d87b7f?s=96&d=mm&r=g","url":"https:\/\/secure.gravatar.com\/avatar\/7ed75d18f117c58598b89fcf3ec9fda3311f3fbda827ac1502944a0804d87b7f?s=96&d=mm&r=g","contentUrl":"https:\/\/secure.gravatar.com\/avatar\/7ed75d18f117c58598b89fcf3ec9fda3311f3fbda827ac1502944a0804d87b7f?s=96&d=mm&r=g","caption":"armin kobler"},"sameAs":["http:\/\/"],"url":"https:\/\/www.kobler-margreid.com\/blog\/blog\/author\/armin-kobler\/"}]}},"_links":{"self":[{"href":"https:\/\/www.kobler-margreid.com\/blog\/wp-json\/wp\/v2\/posts\/5376","targetHints":{"allow":["GET"]}}],"collection":[{"href":"https:\/\/www.kobler-margreid.com\/blog\/wp-json\/wp\/v2\/posts"}],"about":[{"href":"https:\/\/www.kobler-margreid.com\/blog\/wp-json\/wp\/v2\/types\/post"}],"author":[{"embeddable":true,"href":"https:\/\/www.kobler-margreid.com\/blog\/wp-json\/wp\/v2\/users\/6"}],"replies":[{"embeddable":true,"href":"https:\/\/www.kobler-margreid.com\/blog\/wp-json\/wp\/v2\/comments?post=5376"}],"version-history":[{"count":0,"href":"https:\/\/www.kobler-margreid.com\/blog\/wp-json\/wp\/v2\/posts\/5376\/revisions"}],"wp:attachment":[{"href":"https:\/\/www.kobler-margreid.com\/blog\/wp-json\/wp\/v2\/media?parent=5376"}],"wp:term":[{"taxonomy":"category","embeddable":true,"href":"https:\/\/www.kobler-margreid.com\/blog\/wp-json\/wp\/v2\/categories?post=5376"},{"taxonomy":"post_tag","embeddable":true,"href":"https:\/\/www.kobler-margreid.com\/blog\/wp-json\/wp\/v2\/tags?post=5376"}],"curies":[{"name":"wp","href":"https:\/\/api.w.org\/{rel}","templated":true}]}}