{"id":5635,"date":"2011-01-30T20:52:59","date_gmt":"2011-01-30T19:52:59","guid":{"rendered":"http:\/\/www.kobler-margreid.com\/blog\/?p=5635"},"modified":"2011-01-30T22:43:16","modified_gmt":"2011-01-30T21:43:16","slug":"sag-es-mit-traminer_dillo-col-traminer","status":"publish","type":"post","link":"https:\/\/www.kobler-margreid.com\/blog\/blog\/2011\/01\/30\/sag-es-mit-traminer_dillo-col-traminer\/","title":{"rendered":"Sag es mit Traminer! \u2014 Dillo col Traminer!"},"content":{"rendered":"<p><a href=\"http:\/\/www.kobler-margreid.com\/blog\/tag\/gewurztraminer\/\"><img loading=\"lazy\" decoding=\"async\" class=\"float left alignleft size-full wp-image-5642\" style=\"border: 0pt none; margin: 0px 5px;\" title=\"2010-09-24_10-17-23\" src=\"http:\/\/www.kobler-margreid.com\/blog\/wp-content\/2011\/01\/2010-09-24_10-17-23.jpg\" alt=\"\" width=\"350\" height=\"246\" srcset=\"https:\/\/www.kobler-margreid.com\/blog\/wp-content\/2011\/01\/2010-09-24_10-17-23.jpg 350w, https:\/\/www.kobler-margreid.com\/blog\/wp-content\/2011\/01\/2010-09-24_10-17-23-300x210.jpg 300w\" sizes=\"auto, (max-width: 350px) 100vw, 350px\" \/><\/a><\/p>\n<p>Gew\u00fcrztraminer ist in meinen Augen jene Sorte, von der es die meisten und die unterschiedlichsten Weintypen gibt. Es gen\u00fcgt n\u00e4mlich nicht, dass die Sorte extrem diversifizierend im Geruch und Geschmack auf die verschiedenen Boden-Klima-Verh\u00e4ltnisse reagiert, nein, zus\u00e4tzlich dazu wird im Weinausbau diese Sorte sehr verschieden behandelt. Schon in S\u00fcdtirol z.B gibt es zwei sehr verschiedene Typen was die Herkunft betrifft. Der fette, im Aroma an Rosenbl\u00fcten erinnernde, mit allerhand Gew\u00fcrznoten\u00a0unterlegte Unterl\u00e4ndler Traminer findet seine Anh\u00e4nger genau so wie der viel filigranere, fruchtig frischere, wesentlich leichter strukturierte Pendant aus dem Eisacktal. Zus\u00e4tzlich zur Herkunft gibt es allein in S\u00fcdtirol Produkte dieser Sorte mit einem Restzuckergehalt von 4 bis 10 g\/L im sogenannten trockenen Bereich bis zu den \u00fcber 200 g\/L in jenen, welche als ausgesprochene S\u00fc\u00dfweine deklariert werden.<\/p>\n<p><em>Gew\u00fcrztraminer o Traminer aromatico \u00e8 secondo me il vitigno del quale esiste il maggior numero di tipologie e le stilistiche pi\u00f9 divergenti. Non basta infatti che questa variet\u00e0 reagisca in modo molto vario alle diverse realt\u00e0 pedoclimatiche, oltre a ci\u00f2 in cantina i vini derivanti vengono sottoposti a degli obiettivi molto diversificati. Gi\u00e0 in Sudtirolo esistono due tipologie abbastanza disuguali a colpa della loro provenienza: Il Traminer grasso della Bassa atesina che ricorda i petali di rosa e le diverse spezie ha i suoi appassionati come anche la tipologia della val d&#8217;Isarco che invece \u00e8 pi\u00f9 caratterizzata da un fruttato fresco e da una struttura pi\u00f9 elegante. Oltre a questa diversit\u00e0 dovuta all&#8217;origine esistono prodotti pi\u00f9 o meno secchi con valori di zuccheri residui che vanno dai 4 ai 10 g\/L ma anche vini esplicitamente da dessert con 200 g\/L.<\/em><\/p>\n<p><em><!--more--><\/em><\/p>\n<p><a href=\"http:\/\/www.kobler-margreid.com\/download\/wein_pur_1_11.pdf\"><img loading=\"lazy\" decoding=\"async\" class=\"float left alignleft size-full wp-image-5655\" style=\"border: 0pt none; margin: 0px 5px;\" title=\"sag_es_mit_traminer\" src=\"http:\/\/www.kobler-margreid.com\/blog\/wp-content\/2011\/01\/sag_es_mit_traminer.jpg\" alt=\"\" width=\"324\" height=\"361\" srcset=\"https:\/\/www.kobler-margreid.com\/blog\/wp-content\/2011\/01\/sag_es_mit_traminer.jpg 675w, https:\/\/www.kobler-margreid.com\/blog\/wp-content\/2011\/01\/sag_es_mit_traminer-269x300.jpg 269w\" sizes=\"auto, (max-width: 324px) 100vw, 324px\" \/><\/a><\/p>\n<p>Gew\u00fcrztraminer der Welt zu bewerten ist deshalb ein schwieriges Unterfangen. Um den verschiedenen Qualit\u00e4ten gerecht zu werden, braucht es in der Folge nicht nur sehr weinwelt-gewandte Koster sondern auch eine differenzierte Abgrenzung der Herk\u00fcnfte und der Weintypen. Wird dies nicht gemacht, entscheiden haupts\u00e4chlich die pers\u00f6nlichen Vorlieben oder die Herk\u00fcnfte der Jury \u00fcber die Klassifizierung der eingereichten Weine.\u00a0<a href=\"http:\/\/www.weinfluesterer.at\/\" target=\"_blank\">Elisabeth Eder<\/a>, Daniela Dejnega, Alexander Lupersb\u00f6ck, Ursula Ludwig, Pepe Perez und JasonTurner haben sich die geschilderten Eigenheiten dieser Sorte sehr zu Herzen genommen. F\u00fcr die Zeitschrift <a href=\"http:\/\/www.genuss-magazin.eu\/\" target=\"_blank\">wein.pur<\/a> haben sie \u00fcber 270 Traminer aus 10 L\u00e4ndern verkostet. <a href=\"http:\/\/www.kobler-margreid.com\/download\/wein_pur_1_11.pdf\">Hier<\/a> k\u00f6nnen sie sich die umfangreiche \u00dcbersicht zu Gem\u00fcte f\u00fchren. Ach ja, bevor ich es vergesse, wir haben an der Bewertung auch teilgenommen.<\/p>\n<p><em>Valutare Gew\u00fcrztraminer del mondo \u00e8 per questo un compito duro. Per rendere giustizia alle diverse qualit\u00e0 bisogna avere di conseguenza dei degustatori conoscitori dei vini del mondo ed una suddivisione chiara per regioni e tipologie. Se ci\u00f2 non avviene saranno le preferenze personali o le estrazioni geografiche dei giudici a determinare in gran parte la classifica dei vini. <a href=\"http:\/\/www.weinfluesterer.at\/\" target=\"_blank\">Elisabeth Eder<\/a>, Daniela Dejnega, Alexander Lupersb\u00f6ck, Ursula Ludwig, Pepe Perez e JasonTurner si sono impegnati a rispettare le particolarit\u00e0 sopraindicate quando hanno deciso di degustare per la rivista <a href=\"http:\/\/www.genuss-magazin.eu\/\" target=\"_blank\">wein.pur<\/a> pi\u00f9 di 270 campioni provenienti da 10 stati. <a href=\"http:\/\/www.kobler-margreid.com\/download\/wein_pur_1_11.pdf\">Qu\u00ec<\/a> potete vedere i risultati. Prima che lo dimentichi, abbiamo partecipato anche noi al confronto.<\/em><\/p>\n","protected":false},"excerpt":{"rendered":"<p>Gew\u00fcrztraminer ist in meinen Augen jene Sorte, von der es die meisten und die unterschiedlichsten Weintypen gibt. Es gen\u00fcgt n\u00e4mlich nicht, dass die Sorte extrem diversifizierend im Geruch und Geschmack auf die verschiedenen Boden-Klima-Verh\u00e4ltnisse reagiert, nein, zus\u00e4tzlich dazu wird im &hellip; <a href=\"https:\/\/www.kobler-margreid.com\/blog\/blog\/2011\/01\/30\/sag-es-mit-traminer_dillo-col-traminer\/\">Weiterlesen <span class=\"meta-nav\">&rarr;<\/span><\/a><\/p>\n","protected":false},"author":1,"featured_media":0,"comment_status":"open","ping_status":"open","sticky":false,"template":"","format":"standard","meta":{"ngg_post_thumbnail":0,"footnotes":"","_links_to":"","_links_to_target":""},"categories":[9],"tags":[835,841,840,834,842,460,838,837,293,836,843,839],"class_list":["post-5635","post","type-post","status-publish","format-standard","hentry","category-oeffentlichkeitsarbeit","tag-alexander-lupersboeck","tag-bassa-atesina","tag-bozner-unterland","tag-daniela-dejnega","tag-eisacktal","tag-elisabeth-eder","tag-jasonturner","tag-pepe-perez","tag-sudtiroler-gewurztraminer-feld","tag-ursula-ludwig","tag-val-disarco","tag-wein-pur"],"yoast_head":"<!-- This site is optimized with the Yoast SEO plugin v27.5 - https:\/\/yoast.com\/product\/yoast-seo-wordpress\/ -->\n<title>Sag es mit Traminer! \u2014 Dillo col Traminer! - weinhof KOBLER weblog<\/title>\n<meta name=\"robots\" content=\"index, follow, max-snippet:-1, max-image-preview:large, max-video-preview:-1\" \/>\n<link rel=\"canonical\" href=\"https:\/\/www.kobler-margreid.com\/blog\/blog\/2011\/01\/30\/sag-es-mit-traminer_dillo-col-traminer\/\" \/>\n<meta property=\"og:locale\" content=\"de_DE\" \/>\n<meta property=\"og:type\" content=\"article\" \/>\n<meta property=\"og:title\" content=\"Sag es mit Traminer! \u2014 Dillo col Traminer! - weinhof KOBLER weblog\" \/>\n<meta property=\"og:description\" content=\"Gew\u00fcrztraminer ist in meinen Augen jene Sorte, von der es die meisten und die unterschiedlichsten Weintypen gibt. Es gen\u00fcgt n\u00e4mlich nicht, dass die Sorte extrem diversifizierend im Geruch und Geschmack auf die verschiedenen Boden-Klima-Verh\u00e4ltnisse reagiert, nein, zus\u00e4tzlich dazu wird im &hellip; Weiterlesen &rarr;\" \/>\n<meta property=\"og:url\" content=\"https:\/\/www.kobler-margreid.com\/blog\/blog\/2011\/01\/30\/sag-es-mit-traminer_dillo-col-traminer\/\" \/>\n<meta property=\"og:site_name\" content=\"weinhof KOBLER weblog\" \/>\n<meta property=\"article:publisher\" content=\"https:\/\/www.facebook.com\/armin.kobler\/\" \/>\n<meta property=\"article:author\" content=\"https:\/\/www.facebook.com\/armin.kobler\/\" \/>\n<meta property=\"article:published_time\" content=\"2011-01-30T19:52:59+00:00\" \/>\n<meta property=\"article:modified_time\" content=\"2011-01-30T21:43:16+00:00\" \/>\n<meta property=\"og:image\" content=\"http:\/\/www.kobler-margreid.com\/blog\/wp-content\/2011\/01\/2010-09-24_10-17-23.jpg\" \/>\n<meta name=\"author\" content=\"armin kobler\" \/>\n<meta name=\"twitter:card\" content=\"summary_large_image\" \/>\n<meta name=\"twitter:label1\" content=\"Verfasst von\" \/>\n\t<meta name=\"twitter:data1\" content=\"armin kobler\" \/>\n\t<meta name=\"twitter:label2\" content=\"Gesch\u00e4tzte Lesezeit\" \/>\n\t<meta name=\"twitter:data2\" content=\"3\u00a0Minuten\" \/>\n<script type=\"application\/ld+json\" class=\"yoast-schema-graph\">{\"@context\":\"https:\\\/\\\/schema.org\",\"@graph\":[{\"@type\":\"Article\",\"@id\":\"https:\\\/\\\/www.kobler-margreid.com\\\/blog\\\/blog\\\/2011\\\/01\\\/30\\\/sag-es-mit-traminer_dillo-col-traminer\\\/#article\",\"isPartOf\":{\"@id\":\"https:\\\/\\\/www.kobler-margreid.com\\\/blog\\\/blog\\\/2011\\\/01\\\/30\\\/sag-es-mit-traminer_dillo-col-traminer\\\/\"},\"author\":{\"name\":\"armin kobler\",\"@id\":\"https:\\\/\\\/www.kobler-margreid.com\\\/blog\\\/#\\\/schema\\\/person\\\/6a2290c17f680f59c1fa7e1c7a36df3a\"},\"headline\":\"Sag es mit Traminer! \u2014 Dillo col Traminer!\",\"datePublished\":\"2011-01-30T19:52:59+00:00\",\"dateModified\":\"2011-01-30T21:43:16+00:00\",\"mainEntityOfPage\":{\"@id\":\"https:\\\/\\\/www.kobler-margreid.com\\\/blog\\\/blog\\\/2011\\\/01\\\/30\\\/sag-es-mit-traminer_dillo-col-traminer\\\/\"},\"wordCount\":523,\"commentCount\":2,\"publisher\":{\"@id\":\"https:\\\/\\\/www.kobler-margreid.com\\\/blog\\\/#\\\/schema\\\/person\\\/6a2290c17f680f59c1fa7e1c7a36df3a\"},\"image\":{\"@id\":\"https:\\\/\\\/www.kobler-margreid.com\\\/blog\\\/blog\\\/2011\\\/01\\\/30\\\/sag-es-mit-traminer_dillo-col-traminer\\\/#primaryimage\"},\"thumbnailUrl\":\"http:\\\/\\\/www.kobler-margreid.com\\\/blog\\\/wp-content\\\/2011\\\/01\\\/2010-09-24_10-17-23.jpg\",\"keywords\":[\"Alexander Lupersb\u00f6ck\",\"Bassa atesina\",\"Bozner Unterland\",\"Daniela Dejnega\",\"Eisacktal\",\"Elisabeth Eder\",\"JasonTurner\",\"Pepe Perez\",\"S\u00fcdtiroler Gew\u00fcrztraminer Feld\",\"Ursula Ludwig\",\"Val d'Isarco\",\"wein.pur\"],\"articleSection\":[\"\u00d6ffentlichkeitsarbeit - Pubbliche relazioni\"],\"inLanguage\":\"de\",\"potentialAction\":[{\"@type\":\"CommentAction\",\"name\":\"Comment\",\"target\":[\"https:\\\/\\\/www.kobler-margreid.com\\\/blog\\\/blog\\\/2011\\\/01\\\/30\\\/sag-es-mit-traminer_dillo-col-traminer\\\/#respond\"]}]},{\"@type\":\"WebPage\",\"@id\":\"https:\\\/\\\/www.kobler-margreid.com\\\/blog\\\/blog\\\/2011\\\/01\\\/30\\\/sag-es-mit-traminer_dillo-col-traminer\\\/\",\"url\":\"https:\\\/\\\/www.kobler-margreid.com\\\/blog\\\/blog\\\/2011\\\/01\\\/30\\\/sag-es-mit-traminer_dillo-col-traminer\\\/\",\"name\":\"Sag es mit Traminer! \u2014 Dillo col Traminer! - weinhof KOBLER weblog\",\"isPartOf\":{\"@id\":\"https:\\\/\\\/www.kobler-margreid.com\\\/blog\\\/#website\"},\"primaryImageOfPage\":{\"@id\":\"https:\\\/\\\/www.kobler-margreid.com\\\/blog\\\/blog\\\/2011\\\/01\\\/30\\\/sag-es-mit-traminer_dillo-col-traminer\\\/#primaryimage\"},\"image\":{\"@id\":\"https:\\\/\\\/www.kobler-margreid.com\\\/blog\\\/blog\\\/2011\\\/01\\\/30\\\/sag-es-mit-traminer_dillo-col-traminer\\\/#primaryimage\"},\"thumbnailUrl\":\"http:\\\/\\\/www.kobler-margreid.com\\\/blog\\\/wp-content\\\/2011\\\/01\\\/2010-09-24_10-17-23.jpg\",\"datePublished\":\"2011-01-30T19:52:59+00:00\",\"dateModified\":\"2011-01-30T21:43:16+00:00\",\"breadcrumb\":{\"@id\":\"https:\\\/\\\/www.kobler-margreid.com\\\/blog\\\/blog\\\/2011\\\/01\\\/30\\\/sag-es-mit-traminer_dillo-col-traminer\\\/#breadcrumb\"},\"inLanguage\":\"de\",\"potentialAction\":[{\"@type\":\"ReadAction\",\"target\":[\"https:\\\/\\\/www.kobler-margreid.com\\\/blog\\\/blog\\\/2011\\\/01\\\/30\\\/sag-es-mit-traminer_dillo-col-traminer\\\/\"]}]},{\"@type\":\"ImageObject\",\"inLanguage\":\"de\",\"@id\":\"https:\\\/\\\/www.kobler-margreid.com\\\/blog\\\/blog\\\/2011\\\/01\\\/30\\\/sag-es-mit-traminer_dillo-col-traminer\\\/#primaryimage\",\"url\":\"https:\\\/\\\/www.kobler-margreid.com\\\/blog\\\/wp-content\\\/2011\\\/01\\\/2010-09-24_10-17-23.jpg\",\"contentUrl\":\"https:\\\/\\\/www.kobler-margreid.com\\\/blog\\\/wp-content\\\/2011\\\/01\\\/2010-09-24_10-17-23.jpg\",\"width\":\"350\",\"height\":\"246\"},{\"@type\":\"BreadcrumbList\",\"@id\":\"https:\\\/\\\/www.kobler-margreid.com\\\/blog\\\/blog\\\/2011\\\/01\\\/30\\\/sag-es-mit-traminer_dillo-col-traminer\\\/#breadcrumb\",\"itemListElement\":[{\"@type\":\"ListItem\",\"position\":1,\"name\":\"Startseite\",\"item\":\"https:\\\/\\\/www.kobler-margreid.com\\\/blog\\\/\"},{\"@type\":\"ListItem\",\"position\":2,\"name\":\"Sag es mit Traminer! \u2014 Dillo col Traminer!\"}]},{\"@type\":\"WebSite\",\"@id\":\"https:\\\/\\\/www.kobler-margreid.com\\\/blog\\\/#website\",\"url\":\"https:\\\/\\\/www.kobler-margreid.com\\\/blog\\\/\",\"name\":\"weinhof KOBLER weblog\",\"description\":\"dem wein ganz nah \u2013 all&#039;interno del vino\",\"publisher\":{\"@id\":\"https:\\\/\\\/www.kobler-margreid.com\\\/blog\\\/#\\\/schema\\\/person\\\/6a2290c17f680f59c1fa7e1c7a36df3a\"},\"potentialAction\":[{\"@type\":\"SearchAction\",\"target\":{\"@type\":\"EntryPoint\",\"urlTemplate\":\"https:\\\/\\\/www.kobler-margreid.com\\\/blog\\\/?s={search_term_string}\"},\"query-input\":{\"@type\":\"PropertyValueSpecification\",\"valueRequired\":true,\"valueName\":\"search_term_string\"}}],\"inLanguage\":\"de\"},{\"@type\":[\"Person\",\"Organization\"],\"@id\":\"https:\\\/\\\/www.kobler-margreid.com\\\/blog\\\/#\\\/schema\\\/person\\\/6a2290c17f680f59c1fa7e1c7a36df3a\",\"name\":\"armin kobler\",\"image\":{\"@type\":\"ImageObject\",\"inLanguage\":\"de\",\"@id\":\"https:\\\/\\\/www.kobler-margreid.com\\\/blog\\\/wp-content\\\/2023\\\/11\\\/2012-05-08_09-33-03a.jpg\",\"url\":\"https:\\\/\\\/www.kobler-margreid.com\\\/blog\\\/wp-content\\\/2023\\\/11\\\/2012-05-08_09-33-03a.jpg\",\"contentUrl\":\"https:\\\/\\\/www.kobler-margreid.com\\\/blog\\\/wp-content\\\/2023\\\/11\\\/2012-05-08_09-33-03a.jpg\",\"width\":1088,\"height\":1184,\"caption\":\"armin kobler\"},\"logo\":{\"@id\":\"https:\\\/\\\/www.kobler-margreid.com\\\/blog\\\/wp-content\\\/2023\\\/11\\\/2012-05-08_09-33-03a.jpg\"},\"sameAs\":[\"http:\\\/\\\/www.kobler-margreid.com\",\"https:\\\/\\\/www.facebook.com\\\/armin.kobler\\\/\"],\"url\":\"https:\\\/\\\/www.kobler-margreid.com\\\/blog\\\/blog\\\/author\\\/admin\\\/\"}]}<\/script>\n<!-- \/ Yoast SEO plugin. -->","yoast_head_json":{"title":"Sag es mit Traminer! \u2014 Dillo col Traminer! - weinhof KOBLER weblog","robots":{"index":"index","follow":"follow","max-snippet":"max-snippet:-1","max-image-preview":"max-image-preview:large","max-video-preview":"max-video-preview:-1"},"canonical":"https:\/\/www.kobler-margreid.com\/blog\/blog\/2011\/01\/30\/sag-es-mit-traminer_dillo-col-traminer\/","og_locale":"de_DE","og_type":"article","og_title":"Sag es mit Traminer! \u2014 Dillo col Traminer! - weinhof KOBLER weblog","og_description":"Gew\u00fcrztraminer ist in meinen Augen jene Sorte, von der es die meisten und die unterschiedlichsten Weintypen gibt. Es gen\u00fcgt n\u00e4mlich nicht, dass die Sorte extrem diversifizierend im Geruch und Geschmack auf die verschiedenen Boden-Klima-Verh\u00e4ltnisse reagiert, nein, zus\u00e4tzlich dazu wird im &hellip; Weiterlesen &rarr;","og_url":"https:\/\/www.kobler-margreid.com\/blog\/blog\/2011\/01\/30\/sag-es-mit-traminer_dillo-col-traminer\/","og_site_name":"weinhof KOBLER weblog","article_publisher":"https:\/\/www.facebook.com\/armin.kobler\/","article_author":"https:\/\/www.facebook.com\/armin.kobler\/","article_published_time":"2011-01-30T19:52:59+00:00","article_modified_time":"2011-01-30T21:43:16+00:00","og_image":[{"url":"http:\/\/www.kobler-margreid.com\/blog\/wp-content\/2011\/01\/2010-09-24_10-17-23.jpg","type":"","width":"","height":""}],"author":"armin kobler","twitter_card":"summary_large_image","twitter_misc":{"Verfasst von":"armin kobler","Gesch\u00e4tzte Lesezeit":"3\u00a0Minuten"},"schema":{"@context":"https:\/\/schema.org","@graph":[{"@type":"Article","@id":"https:\/\/www.kobler-margreid.com\/blog\/blog\/2011\/01\/30\/sag-es-mit-traminer_dillo-col-traminer\/#article","isPartOf":{"@id":"https:\/\/www.kobler-margreid.com\/blog\/blog\/2011\/01\/30\/sag-es-mit-traminer_dillo-col-traminer\/"},"author":{"name":"armin kobler","@id":"https:\/\/www.kobler-margreid.com\/blog\/#\/schema\/person\/6a2290c17f680f59c1fa7e1c7a36df3a"},"headline":"Sag es mit Traminer! \u2014 Dillo col Traminer!","datePublished":"2011-01-30T19:52:59+00:00","dateModified":"2011-01-30T21:43:16+00:00","mainEntityOfPage":{"@id":"https:\/\/www.kobler-margreid.com\/blog\/blog\/2011\/01\/30\/sag-es-mit-traminer_dillo-col-traminer\/"},"wordCount":523,"commentCount":2,"publisher":{"@id":"https:\/\/www.kobler-margreid.com\/blog\/#\/schema\/person\/6a2290c17f680f59c1fa7e1c7a36df3a"},"image":{"@id":"https:\/\/www.kobler-margreid.com\/blog\/blog\/2011\/01\/30\/sag-es-mit-traminer_dillo-col-traminer\/#primaryimage"},"thumbnailUrl":"http:\/\/www.kobler-margreid.com\/blog\/wp-content\/2011\/01\/2010-09-24_10-17-23.jpg","keywords":["Alexander Lupersb\u00f6ck","Bassa atesina","Bozner Unterland","Daniela Dejnega","Eisacktal","Elisabeth Eder","JasonTurner","Pepe Perez","S\u00fcdtiroler Gew\u00fcrztraminer Feld","Ursula Ludwig","Val d'Isarco","wein.pur"],"articleSection":["\u00d6ffentlichkeitsarbeit - Pubbliche relazioni"],"inLanguage":"de","potentialAction":[{"@type":"CommentAction","name":"Comment","target":["https:\/\/www.kobler-margreid.com\/blog\/blog\/2011\/01\/30\/sag-es-mit-traminer_dillo-col-traminer\/#respond"]}]},{"@type":"WebPage","@id":"https:\/\/www.kobler-margreid.com\/blog\/blog\/2011\/01\/30\/sag-es-mit-traminer_dillo-col-traminer\/","url":"https:\/\/www.kobler-margreid.com\/blog\/blog\/2011\/01\/30\/sag-es-mit-traminer_dillo-col-traminer\/","name":"Sag es mit Traminer! \u2014 Dillo col Traminer! - weinhof KOBLER weblog","isPartOf":{"@id":"https:\/\/www.kobler-margreid.com\/blog\/#website"},"primaryImageOfPage":{"@id":"https:\/\/www.kobler-margreid.com\/blog\/blog\/2011\/01\/30\/sag-es-mit-traminer_dillo-col-traminer\/#primaryimage"},"image":{"@id":"https:\/\/www.kobler-margreid.com\/blog\/blog\/2011\/01\/30\/sag-es-mit-traminer_dillo-col-traminer\/#primaryimage"},"thumbnailUrl":"http:\/\/www.kobler-margreid.com\/blog\/wp-content\/2011\/01\/2010-09-24_10-17-23.jpg","datePublished":"2011-01-30T19:52:59+00:00","dateModified":"2011-01-30T21:43:16+00:00","breadcrumb":{"@id":"https:\/\/www.kobler-margreid.com\/blog\/blog\/2011\/01\/30\/sag-es-mit-traminer_dillo-col-traminer\/#breadcrumb"},"inLanguage":"de","potentialAction":[{"@type":"ReadAction","target":["https:\/\/www.kobler-margreid.com\/blog\/blog\/2011\/01\/30\/sag-es-mit-traminer_dillo-col-traminer\/"]}]},{"@type":"ImageObject","inLanguage":"de","@id":"https:\/\/www.kobler-margreid.com\/blog\/blog\/2011\/01\/30\/sag-es-mit-traminer_dillo-col-traminer\/#primaryimage","url":"https:\/\/www.kobler-margreid.com\/blog\/wp-content\/2011\/01\/2010-09-24_10-17-23.jpg","contentUrl":"https:\/\/www.kobler-margreid.com\/blog\/wp-content\/2011\/01\/2010-09-24_10-17-23.jpg","width":"350","height":"246"},{"@type":"BreadcrumbList","@id":"https:\/\/www.kobler-margreid.com\/blog\/blog\/2011\/01\/30\/sag-es-mit-traminer_dillo-col-traminer\/#breadcrumb","itemListElement":[{"@type":"ListItem","position":1,"name":"Startseite","item":"https:\/\/www.kobler-margreid.com\/blog\/"},{"@type":"ListItem","position":2,"name":"Sag es mit Traminer! \u2014 Dillo col Traminer!"}]},{"@type":"WebSite","@id":"https:\/\/www.kobler-margreid.com\/blog\/#website","url":"https:\/\/www.kobler-margreid.com\/blog\/","name":"weinhof KOBLER weblog","description":"dem wein ganz nah \u2013 all&#039;interno del vino","publisher":{"@id":"https:\/\/www.kobler-margreid.com\/blog\/#\/schema\/person\/6a2290c17f680f59c1fa7e1c7a36df3a"},"potentialAction":[{"@type":"SearchAction","target":{"@type":"EntryPoint","urlTemplate":"https:\/\/www.kobler-margreid.com\/blog\/?s={search_term_string}"},"query-input":{"@type":"PropertyValueSpecification","valueRequired":true,"valueName":"search_term_string"}}],"inLanguage":"de"},{"@type":["Person","Organization"],"@id":"https:\/\/www.kobler-margreid.com\/blog\/#\/schema\/person\/6a2290c17f680f59c1fa7e1c7a36df3a","name":"armin kobler","image":{"@type":"ImageObject","inLanguage":"de","@id":"https:\/\/www.kobler-margreid.com\/blog\/wp-content\/2023\/11\/2012-05-08_09-33-03a.jpg","url":"https:\/\/www.kobler-margreid.com\/blog\/wp-content\/2023\/11\/2012-05-08_09-33-03a.jpg","contentUrl":"https:\/\/www.kobler-margreid.com\/blog\/wp-content\/2023\/11\/2012-05-08_09-33-03a.jpg","width":1088,"height":1184,"caption":"armin kobler"},"logo":{"@id":"https:\/\/www.kobler-margreid.com\/blog\/wp-content\/2023\/11\/2012-05-08_09-33-03a.jpg"},"sameAs":["http:\/\/www.kobler-margreid.com","https:\/\/www.facebook.com\/armin.kobler\/"],"url":"https:\/\/www.kobler-margreid.com\/blog\/blog\/author\/admin\/"}]}},"_links":{"self":[{"href":"https:\/\/www.kobler-margreid.com\/blog\/wp-json\/wp\/v2\/posts\/5635","targetHints":{"allow":["GET"]}}],"collection":[{"href":"https:\/\/www.kobler-margreid.com\/blog\/wp-json\/wp\/v2\/posts"}],"about":[{"href":"https:\/\/www.kobler-margreid.com\/blog\/wp-json\/wp\/v2\/types\/post"}],"author":[{"embeddable":true,"href":"https:\/\/www.kobler-margreid.com\/blog\/wp-json\/wp\/v2\/users\/1"}],"replies":[{"embeddable":true,"href":"https:\/\/www.kobler-margreid.com\/blog\/wp-json\/wp\/v2\/comments?post=5635"}],"version-history":[{"count":0,"href":"https:\/\/www.kobler-margreid.com\/blog\/wp-json\/wp\/v2\/posts\/5635\/revisions"}],"wp:attachment":[{"href":"https:\/\/www.kobler-margreid.com\/blog\/wp-json\/wp\/v2\/media?parent=5635"}],"wp:term":[{"taxonomy":"category","embeddable":true,"href":"https:\/\/www.kobler-margreid.com\/blog\/wp-json\/wp\/v2\/categories?post=5635"},{"taxonomy":"post_tag","embeddable":true,"href":"https:\/\/www.kobler-margreid.com\/blog\/wp-json\/wp\/v2\/tags?post=5635"}],"curies":[{"name":"wp","href":"https:\/\/api.w.org\/{rel}","templated":true}]}}