{"id":6029,"date":"2011-03-25T13:15:28","date_gmt":"2011-03-25T12:15:28","guid":{"rendered":"http:\/\/www.kobler-margreid.com\/blog\/?p=6029"},"modified":"2011-03-25T13:43:23","modified_gmt":"2011-03-25T12:43:23","slug":"goess-enzenberg-neuer-praeseident-der-freien-weinbauern_nuovo-presidente-dei-vignaioli","status":"publish","type":"post","link":"https:\/\/www.kobler-margreid.com\/blog\/blog\/2011\/03\/25\/goess-enzenberg-neuer-praeseident-der-freien-weinbauern_nuovo-presidente-dei-vignaioli\/","title":{"rendered":"Michael Go\u00ebss-Enzenberg neuer Pr\u00e4sident der Freien Weinbauern \u2014 Michael Go\u00ebss-Enzenberg nuovo presidente dei Vignaioli"},"content":{"rendered":"<p><a href=\"http:\/\/www.manincor.com\/de\/michael-graf-goss-enzenberg-wein-sie.html\"><img loading=\"lazy\" decoding=\"async\" class=\"float left alignleft size-full wp-image-6031\" style=\"border: 0pt none; margin: 0px 3px;\" title=\"goess-enzenberg\" src=\"http:\/\/www.kobler-margreid.com\/blog\/wp-content\/2011\/03\/goess-enzenberg.jpg\" alt=\"\" width=\"312\" height=\"217\" srcset=\"https:\/\/www.kobler-margreid.com\/blog\/wp-content\/2011\/03\/goess-enzenberg.jpg 496w, https:\/\/www.kobler-margreid.com\/blog\/wp-content\/2011\/03\/goess-enzenberg-300x208.jpg 300w\" sizes=\"auto, (max-width: 312px) 100vw, 312px\" \/><\/a><\/p>\n<p>Am 17. M\u00e4rz haben die Freien Weinbauern S\u00fcdtirol (<a href=\"http:\/\/www.fws.it\" target=\"_blank\">FWS<\/a>) in ihrer Jahresvollversammlung einen neuen Vorstand und Aufsichtsrat gew\u00e4hlt.<\/p>\n<p><em>Il 17 marzo i Vignaioli dell Alto Adige (<a href=\"http:\/\/www.fws.it\/it\/\" target=\"_blank\">FWS<\/a>) nella loro assemblea annuale hanno eletto un nuovo direttivo e collegio dei revisori dei conti.<\/em><\/p>\n<p>Presse\/<em>Stampa:<\/em><\/p>\n<p><a href=\"http:\/\/www.kobler-margreid.com\/download_blog\/dolo_2011_03_24.jpg\" rel=\"lightbox[6029]\">Dolomiten 24.3.2011<\/a>,<br \/>\n<em><a href=\"http:\/\/www.kobler-margreid.com\/download_blog\/aa_2011_03_24.jpg\" rel=\"lightbox[6029]\">Alto Adige 24.3.2011<\/a><\/em>.<\/p>\n<p><em><br \/>\n<\/em><\/p>\n","protected":false},"excerpt":{"rendered":"<p>Am 17. M\u00e4rz haben die Freien Weinbauern S\u00fcdtirol (FWS) in ihrer Jahresvollversammlung einen neuen Vorstand und Aufsichtsrat gew\u00e4hlt. Il 17 marzo i Vignaioli dell Alto Adige (FWS) nella loro assemblea annuale hanno eletto un nuovo direttivo e collegio dei revisori &hellip; <a href=\"https:\/\/www.kobler-margreid.com\/blog\/blog\/2011\/03\/25\/goess-enzenberg-neuer-praeseident-der-freien-weinbauern_nuovo-presidente-dei-vignaioli\/\">Weiterlesen <span class=\"meta-nav\">&rarr;<\/span><\/a><\/p>\n","protected":false},"author":1,"featured_media":0,"comment_status":"open","ping_status":"open","sticky":false,"template":"","format":"standard","meta":{"ngg_post_thumbnail":0,"footnotes":"","_links_to":"","_links_to_target":""},"categories":[1],"tags":[891,893,892,219,140,889,888,890],"class_list":["post-6029","post","type-post","status-publish","format-standard","hentry","category-allgemein","tag-aufsichtsrat","tag-collegio-dei-revisori-dei-conti","tag-direttivo","tag-freie-weinbauern-sudtirol","tag-fws","tag-michael-goss-enzenberg","tag-vignaioli-dellalto-adige","tag-vorstand"],"yoast_head":"<!-- This site is optimized with the Yoast SEO plugin v27.5 - https:\/\/yoast.com\/product\/yoast-seo-wordpress\/ -->\n<title>Michael Go\u00ebss-Enzenberg neuer Pr\u00e4sident der Freien Weinbauern \u2014 Michael Go\u00ebss-Enzenberg nuovo presidente dei Vignaioli - weinhof KOBLER weblog<\/title>\n<meta name=\"robots\" content=\"index, follow, max-snippet:-1, max-image-preview:large, max-video-preview:-1\" \/>\n<link rel=\"canonical\" href=\"https:\/\/www.kobler-margreid.com\/blog\/blog\/2011\/03\/25\/goess-enzenberg-neuer-praeseident-der-freien-weinbauern_nuovo-presidente-dei-vignaioli\/\" \/>\n<meta property=\"og:locale\" content=\"de_DE\" \/>\n<meta property=\"og:type\" content=\"article\" \/>\n<meta property=\"og:title\" content=\"Michael Go\u00ebss-Enzenberg neuer Pr\u00e4sident der Freien Weinbauern \u2014 Michael Go\u00ebss-Enzenberg nuovo presidente dei Vignaioli - weinhof KOBLER weblog\" \/>\n<meta property=\"og:description\" content=\"Am 17. M\u00e4rz haben die Freien Weinbauern S\u00fcdtirol (FWS) in ihrer Jahresvollversammlung einen neuen Vorstand und Aufsichtsrat gew\u00e4hlt. Il 17 marzo i Vignaioli dell Alto Adige (FWS) nella loro assemblea annuale hanno eletto un nuovo direttivo e collegio dei revisori &hellip; Weiterlesen &rarr;\" \/>\n<meta property=\"og:url\" content=\"https:\/\/www.kobler-margreid.com\/blog\/blog\/2011\/03\/25\/goess-enzenberg-neuer-praeseident-der-freien-weinbauern_nuovo-presidente-dei-vignaioli\/\" \/>\n<meta property=\"og:site_name\" content=\"weinhof KOBLER weblog\" \/>\n<meta property=\"article:publisher\" content=\"https:\/\/www.facebook.com\/armin.kobler\/\" \/>\n<meta property=\"article:author\" content=\"https:\/\/www.facebook.com\/armin.kobler\/\" \/>\n<meta property=\"article:published_time\" content=\"2011-03-25T12:15:28+00:00\" \/>\n<meta property=\"article:modified_time\" content=\"2011-03-25T12:43:23+00:00\" \/>\n<meta property=\"og:image\" content=\"http:\/\/www.kobler-margreid.com\/blog\/wp-content\/2011\/03\/goess-enzenberg.jpg\" \/>\n<meta name=\"author\" content=\"armin kobler\" \/>\n<meta name=\"twitter:card\" content=\"summary_large_image\" \/>\n<meta name=\"twitter:label1\" content=\"Verfasst von\" \/>\n\t<meta name=\"twitter:data1\" content=\"armin kobler\" \/>\n<script type=\"application\/ld+json\" class=\"yoast-schema-graph\">{\"@context\":\"https:\\\/\\\/schema.org\",\"@graph\":[{\"@type\":\"Article\",\"@id\":\"https:\\\/\\\/www.kobler-margreid.com\\\/blog\\\/blog\\\/2011\\\/03\\\/25\\\/goess-enzenberg-neuer-praeseident-der-freien-weinbauern_nuovo-presidente-dei-vignaioli\\\/#article\",\"isPartOf\":{\"@id\":\"https:\\\/\\\/www.kobler-margreid.com\\\/blog\\\/blog\\\/2011\\\/03\\\/25\\\/goess-enzenberg-neuer-praeseident-der-freien-weinbauern_nuovo-presidente-dei-vignaioli\\\/\"},\"author\":{\"name\":\"armin kobler\",\"@id\":\"https:\\\/\\\/www.kobler-margreid.com\\\/blog\\\/#\\\/schema\\\/person\\\/6a2290c17f680f59c1fa7e1c7a36df3a\"},\"headline\":\"Michael Go\u00ebss-Enzenberg neuer Pr\u00e4sident der Freien Weinbauern \u2014 Michael Go\u00ebss-Enzenberg nuovo presidente dei Vignaioli\",\"datePublished\":\"2011-03-25T12:15:28+00:00\",\"dateModified\":\"2011-03-25T12:43:23+00:00\",\"mainEntityOfPage\":{\"@id\":\"https:\\\/\\\/www.kobler-margreid.com\\\/blog\\\/blog\\\/2011\\\/03\\\/25\\\/goess-enzenberg-neuer-praeseident-der-freien-weinbauern_nuovo-presidente-dei-vignaioli\\\/\"},\"wordCount\":64,\"commentCount\":3,\"publisher\":{\"@id\":\"https:\\\/\\\/www.kobler-margreid.com\\\/blog\\\/#\\\/schema\\\/person\\\/6a2290c17f680f59c1fa7e1c7a36df3a\"},\"image\":{\"@id\":\"https:\\\/\\\/www.kobler-margreid.com\\\/blog\\\/blog\\\/2011\\\/03\\\/25\\\/goess-enzenberg-neuer-praeseident-der-freien-weinbauern_nuovo-presidente-dei-vignaioli\\\/#primaryimage\"},\"thumbnailUrl\":\"http:\\\/\\\/www.kobler-margreid.com\\\/blog\\\/wp-content\\\/2011\\\/03\\\/goess-enzenberg.jpg\",\"keywords\":[\"Aufsichtsrat\",\"Collegio dei revisori dei conti\",\"Direttivo\",\"Freie Weinbauern S\u00fcdtirol\",\"FWS\",\"Michael Go\u00ebss-Enzenberg\",\"Vignaioli dell'Alto Adige\",\"Vorstand\"],\"articleSection\":[\"Allgemein - Generale\"],\"inLanguage\":\"de\",\"potentialAction\":[{\"@type\":\"CommentAction\",\"name\":\"Comment\",\"target\":[\"https:\\\/\\\/www.kobler-margreid.com\\\/blog\\\/blog\\\/2011\\\/03\\\/25\\\/goess-enzenberg-neuer-praeseident-der-freien-weinbauern_nuovo-presidente-dei-vignaioli\\\/#respond\"]}]},{\"@type\":\"WebPage\",\"@id\":\"https:\\\/\\\/www.kobler-margreid.com\\\/blog\\\/blog\\\/2011\\\/03\\\/25\\\/goess-enzenberg-neuer-praeseident-der-freien-weinbauern_nuovo-presidente-dei-vignaioli\\\/\",\"url\":\"https:\\\/\\\/www.kobler-margreid.com\\\/blog\\\/blog\\\/2011\\\/03\\\/25\\\/goess-enzenberg-neuer-praeseident-der-freien-weinbauern_nuovo-presidente-dei-vignaioli\\\/\",\"name\":\"Michael Go\u00ebss-Enzenberg neuer Pr\u00e4sident der Freien Weinbauern \u2014 Michael Go\u00ebss-Enzenberg nuovo presidente dei Vignaioli - weinhof KOBLER weblog\",\"isPartOf\":{\"@id\":\"https:\\\/\\\/www.kobler-margreid.com\\\/blog\\\/#website\"},\"primaryImageOfPage\":{\"@id\":\"https:\\\/\\\/www.kobler-margreid.com\\\/blog\\\/blog\\\/2011\\\/03\\\/25\\\/goess-enzenberg-neuer-praeseident-der-freien-weinbauern_nuovo-presidente-dei-vignaioli\\\/#primaryimage\"},\"image\":{\"@id\":\"https:\\\/\\\/www.kobler-margreid.com\\\/blog\\\/blog\\\/2011\\\/03\\\/25\\\/goess-enzenberg-neuer-praeseident-der-freien-weinbauern_nuovo-presidente-dei-vignaioli\\\/#primaryimage\"},\"thumbnailUrl\":\"http:\\\/\\\/www.kobler-margreid.com\\\/blog\\\/wp-content\\\/2011\\\/03\\\/goess-enzenberg.jpg\",\"datePublished\":\"2011-03-25T12:15:28+00:00\",\"dateModified\":\"2011-03-25T12:43:23+00:00\",\"breadcrumb\":{\"@id\":\"https:\\\/\\\/www.kobler-margreid.com\\\/blog\\\/blog\\\/2011\\\/03\\\/25\\\/goess-enzenberg-neuer-praeseident-der-freien-weinbauern_nuovo-presidente-dei-vignaioli\\\/#breadcrumb\"},\"inLanguage\":\"de\",\"potentialAction\":[{\"@type\":\"ReadAction\",\"target\":[\"https:\\\/\\\/www.kobler-margreid.com\\\/blog\\\/blog\\\/2011\\\/03\\\/25\\\/goess-enzenberg-neuer-praeseident-der-freien-weinbauern_nuovo-presidente-dei-vignaioli\\\/\"]}]},{\"@type\":\"ImageObject\",\"inLanguage\":\"de\",\"@id\":\"https:\\\/\\\/www.kobler-margreid.com\\\/blog\\\/blog\\\/2011\\\/03\\\/25\\\/goess-enzenberg-neuer-praeseident-der-freien-weinbauern_nuovo-presidente-dei-vignaioli\\\/#primaryimage\",\"url\":\"https:\\\/\\\/www.kobler-margreid.com\\\/blog\\\/wp-content\\\/2011\\\/03\\\/goess-enzenberg.jpg\",\"contentUrl\":\"https:\\\/\\\/www.kobler-margreid.com\\\/blog\\\/wp-content\\\/2011\\\/03\\\/goess-enzenberg.jpg\",\"width\":\"496\",\"height\":\"345\"},{\"@type\":\"BreadcrumbList\",\"@id\":\"https:\\\/\\\/www.kobler-margreid.com\\\/blog\\\/blog\\\/2011\\\/03\\\/25\\\/goess-enzenberg-neuer-praeseident-der-freien-weinbauern_nuovo-presidente-dei-vignaioli\\\/#breadcrumb\",\"itemListElement\":[{\"@type\":\"ListItem\",\"position\":1,\"name\":\"Startseite\",\"item\":\"https:\\\/\\\/www.kobler-margreid.com\\\/blog\\\/\"},{\"@type\":\"ListItem\",\"position\":2,\"name\":\"Michael Go\u00ebss-Enzenberg neuer Pr\u00e4sident der Freien Weinbauern \u2014 Michael Go\u00ebss-Enzenberg nuovo presidente dei Vignaioli\"}]},{\"@type\":\"WebSite\",\"@id\":\"https:\\\/\\\/www.kobler-margreid.com\\\/blog\\\/#website\",\"url\":\"https:\\\/\\\/www.kobler-margreid.com\\\/blog\\\/\",\"name\":\"weinhof KOBLER weblog\",\"description\":\"dem wein ganz nah \u2013 all&#039;interno del vino\",\"publisher\":{\"@id\":\"https:\\\/\\\/www.kobler-margreid.com\\\/blog\\\/#\\\/schema\\\/person\\\/6a2290c17f680f59c1fa7e1c7a36df3a\"},\"potentialAction\":[{\"@type\":\"SearchAction\",\"target\":{\"@type\":\"EntryPoint\",\"urlTemplate\":\"https:\\\/\\\/www.kobler-margreid.com\\\/blog\\\/?s={search_term_string}\"},\"query-input\":{\"@type\":\"PropertyValueSpecification\",\"valueRequired\":true,\"valueName\":\"search_term_string\"}}],\"inLanguage\":\"de\"},{\"@type\":[\"Person\",\"Organization\"],\"@id\":\"https:\\\/\\\/www.kobler-margreid.com\\\/blog\\\/#\\\/schema\\\/person\\\/6a2290c17f680f59c1fa7e1c7a36df3a\",\"name\":\"armin kobler\",\"image\":{\"@type\":\"ImageObject\",\"inLanguage\":\"de\",\"@id\":\"https:\\\/\\\/www.kobler-margreid.com\\\/blog\\\/wp-content\\\/2023\\\/11\\\/2012-05-08_09-33-03a.jpg\",\"url\":\"https:\\\/\\\/www.kobler-margreid.com\\\/blog\\\/wp-content\\\/2023\\\/11\\\/2012-05-08_09-33-03a.jpg\",\"contentUrl\":\"https:\\\/\\\/www.kobler-margreid.com\\\/blog\\\/wp-content\\\/2023\\\/11\\\/2012-05-08_09-33-03a.jpg\",\"width\":1088,\"height\":1184,\"caption\":\"armin kobler\"},\"logo\":{\"@id\":\"https:\\\/\\\/www.kobler-margreid.com\\\/blog\\\/wp-content\\\/2023\\\/11\\\/2012-05-08_09-33-03a.jpg\"},\"sameAs\":[\"http:\\\/\\\/www.kobler-margreid.com\",\"https:\\\/\\\/www.facebook.com\\\/armin.kobler\\\/\"],\"url\":\"https:\\\/\\\/www.kobler-margreid.com\\\/blog\\\/blog\\\/author\\\/admin\\\/\"}]}<\/script>\n<!-- \/ Yoast SEO plugin. -->","yoast_head_json":{"title":"Michael Go\u00ebss-Enzenberg neuer Pr\u00e4sident der Freien Weinbauern \u2014 Michael Go\u00ebss-Enzenberg nuovo presidente dei Vignaioli - weinhof KOBLER weblog","robots":{"index":"index","follow":"follow","max-snippet":"max-snippet:-1","max-image-preview":"max-image-preview:large","max-video-preview":"max-video-preview:-1"},"canonical":"https:\/\/www.kobler-margreid.com\/blog\/blog\/2011\/03\/25\/goess-enzenberg-neuer-praeseident-der-freien-weinbauern_nuovo-presidente-dei-vignaioli\/","og_locale":"de_DE","og_type":"article","og_title":"Michael Go\u00ebss-Enzenberg neuer Pr\u00e4sident der Freien Weinbauern \u2014 Michael Go\u00ebss-Enzenberg nuovo presidente dei Vignaioli - weinhof KOBLER weblog","og_description":"Am 17. M\u00e4rz haben die Freien Weinbauern S\u00fcdtirol (FWS) in ihrer Jahresvollversammlung einen neuen Vorstand und Aufsichtsrat gew\u00e4hlt. Il 17 marzo i Vignaioli dell Alto Adige (FWS) nella loro assemblea annuale hanno eletto un nuovo direttivo e collegio dei revisori &hellip; Weiterlesen &rarr;","og_url":"https:\/\/www.kobler-margreid.com\/blog\/blog\/2011\/03\/25\/goess-enzenberg-neuer-praeseident-der-freien-weinbauern_nuovo-presidente-dei-vignaioli\/","og_site_name":"weinhof KOBLER weblog","article_publisher":"https:\/\/www.facebook.com\/armin.kobler\/","article_author":"https:\/\/www.facebook.com\/armin.kobler\/","article_published_time":"2011-03-25T12:15:28+00:00","article_modified_time":"2011-03-25T12:43:23+00:00","og_image":[{"url":"http:\/\/www.kobler-margreid.com\/blog\/wp-content\/2011\/03\/goess-enzenberg.jpg","type":"","width":"","height":""}],"author":"armin kobler","twitter_card":"summary_large_image","twitter_misc":{"Verfasst von":"armin kobler"},"schema":{"@context":"https:\/\/schema.org","@graph":[{"@type":"Article","@id":"https:\/\/www.kobler-margreid.com\/blog\/blog\/2011\/03\/25\/goess-enzenberg-neuer-praeseident-der-freien-weinbauern_nuovo-presidente-dei-vignaioli\/#article","isPartOf":{"@id":"https:\/\/www.kobler-margreid.com\/blog\/blog\/2011\/03\/25\/goess-enzenberg-neuer-praeseident-der-freien-weinbauern_nuovo-presidente-dei-vignaioli\/"},"author":{"name":"armin kobler","@id":"https:\/\/www.kobler-margreid.com\/blog\/#\/schema\/person\/6a2290c17f680f59c1fa7e1c7a36df3a"},"headline":"Michael Go\u00ebss-Enzenberg neuer Pr\u00e4sident der Freien Weinbauern \u2014 Michael Go\u00ebss-Enzenberg nuovo presidente dei Vignaioli","datePublished":"2011-03-25T12:15:28+00:00","dateModified":"2011-03-25T12:43:23+00:00","mainEntityOfPage":{"@id":"https:\/\/www.kobler-margreid.com\/blog\/blog\/2011\/03\/25\/goess-enzenberg-neuer-praeseident-der-freien-weinbauern_nuovo-presidente-dei-vignaioli\/"},"wordCount":64,"commentCount":3,"publisher":{"@id":"https:\/\/www.kobler-margreid.com\/blog\/#\/schema\/person\/6a2290c17f680f59c1fa7e1c7a36df3a"},"image":{"@id":"https:\/\/www.kobler-margreid.com\/blog\/blog\/2011\/03\/25\/goess-enzenberg-neuer-praeseident-der-freien-weinbauern_nuovo-presidente-dei-vignaioli\/#primaryimage"},"thumbnailUrl":"http:\/\/www.kobler-margreid.com\/blog\/wp-content\/2011\/03\/goess-enzenberg.jpg","keywords":["Aufsichtsrat","Collegio dei revisori dei conti","Direttivo","Freie Weinbauern S\u00fcdtirol","FWS","Michael Go\u00ebss-Enzenberg","Vignaioli dell'Alto Adige","Vorstand"],"articleSection":["Allgemein - Generale"],"inLanguage":"de","potentialAction":[{"@type":"CommentAction","name":"Comment","target":["https:\/\/www.kobler-margreid.com\/blog\/blog\/2011\/03\/25\/goess-enzenberg-neuer-praeseident-der-freien-weinbauern_nuovo-presidente-dei-vignaioli\/#respond"]}]},{"@type":"WebPage","@id":"https:\/\/www.kobler-margreid.com\/blog\/blog\/2011\/03\/25\/goess-enzenberg-neuer-praeseident-der-freien-weinbauern_nuovo-presidente-dei-vignaioli\/","url":"https:\/\/www.kobler-margreid.com\/blog\/blog\/2011\/03\/25\/goess-enzenberg-neuer-praeseident-der-freien-weinbauern_nuovo-presidente-dei-vignaioli\/","name":"Michael Go\u00ebss-Enzenberg neuer Pr\u00e4sident der Freien Weinbauern \u2014 Michael Go\u00ebss-Enzenberg nuovo presidente dei Vignaioli - weinhof KOBLER weblog","isPartOf":{"@id":"https:\/\/www.kobler-margreid.com\/blog\/#website"},"primaryImageOfPage":{"@id":"https:\/\/www.kobler-margreid.com\/blog\/blog\/2011\/03\/25\/goess-enzenberg-neuer-praeseident-der-freien-weinbauern_nuovo-presidente-dei-vignaioli\/#primaryimage"},"image":{"@id":"https:\/\/www.kobler-margreid.com\/blog\/blog\/2011\/03\/25\/goess-enzenberg-neuer-praeseident-der-freien-weinbauern_nuovo-presidente-dei-vignaioli\/#primaryimage"},"thumbnailUrl":"http:\/\/www.kobler-margreid.com\/blog\/wp-content\/2011\/03\/goess-enzenberg.jpg","datePublished":"2011-03-25T12:15:28+00:00","dateModified":"2011-03-25T12:43:23+00:00","breadcrumb":{"@id":"https:\/\/www.kobler-margreid.com\/blog\/blog\/2011\/03\/25\/goess-enzenberg-neuer-praeseident-der-freien-weinbauern_nuovo-presidente-dei-vignaioli\/#breadcrumb"},"inLanguage":"de","potentialAction":[{"@type":"ReadAction","target":["https:\/\/www.kobler-margreid.com\/blog\/blog\/2011\/03\/25\/goess-enzenberg-neuer-praeseident-der-freien-weinbauern_nuovo-presidente-dei-vignaioli\/"]}]},{"@type":"ImageObject","inLanguage":"de","@id":"https:\/\/www.kobler-margreid.com\/blog\/blog\/2011\/03\/25\/goess-enzenberg-neuer-praeseident-der-freien-weinbauern_nuovo-presidente-dei-vignaioli\/#primaryimage","url":"https:\/\/www.kobler-margreid.com\/blog\/wp-content\/2011\/03\/goess-enzenberg.jpg","contentUrl":"https:\/\/www.kobler-margreid.com\/blog\/wp-content\/2011\/03\/goess-enzenberg.jpg","width":"496","height":"345"},{"@type":"BreadcrumbList","@id":"https:\/\/www.kobler-margreid.com\/blog\/blog\/2011\/03\/25\/goess-enzenberg-neuer-praeseident-der-freien-weinbauern_nuovo-presidente-dei-vignaioli\/#breadcrumb","itemListElement":[{"@type":"ListItem","position":1,"name":"Startseite","item":"https:\/\/www.kobler-margreid.com\/blog\/"},{"@type":"ListItem","position":2,"name":"Michael Go\u00ebss-Enzenberg neuer Pr\u00e4sident der Freien Weinbauern \u2014 Michael Go\u00ebss-Enzenberg nuovo presidente dei Vignaioli"}]},{"@type":"WebSite","@id":"https:\/\/www.kobler-margreid.com\/blog\/#website","url":"https:\/\/www.kobler-margreid.com\/blog\/","name":"weinhof KOBLER weblog","description":"dem wein ganz nah \u2013 all&#039;interno del vino","publisher":{"@id":"https:\/\/www.kobler-margreid.com\/blog\/#\/schema\/person\/6a2290c17f680f59c1fa7e1c7a36df3a"},"potentialAction":[{"@type":"SearchAction","target":{"@type":"EntryPoint","urlTemplate":"https:\/\/www.kobler-margreid.com\/blog\/?s={search_term_string}"},"query-input":{"@type":"PropertyValueSpecification","valueRequired":true,"valueName":"search_term_string"}}],"inLanguage":"de"},{"@type":["Person","Organization"],"@id":"https:\/\/www.kobler-margreid.com\/blog\/#\/schema\/person\/6a2290c17f680f59c1fa7e1c7a36df3a","name":"armin kobler","image":{"@type":"ImageObject","inLanguage":"de","@id":"https:\/\/www.kobler-margreid.com\/blog\/wp-content\/2023\/11\/2012-05-08_09-33-03a.jpg","url":"https:\/\/www.kobler-margreid.com\/blog\/wp-content\/2023\/11\/2012-05-08_09-33-03a.jpg","contentUrl":"https:\/\/www.kobler-margreid.com\/blog\/wp-content\/2023\/11\/2012-05-08_09-33-03a.jpg","width":1088,"height":1184,"caption":"armin kobler"},"logo":{"@id":"https:\/\/www.kobler-margreid.com\/blog\/wp-content\/2023\/11\/2012-05-08_09-33-03a.jpg"},"sameAs":["http:\/\/www.kobler-margreid.com","https:\/\/www.facebook.com\/armin.kobler\/"],"url":"https:\/\/www.kobler-margreid.com\/blog\/blog\/author\/admin\/"}]}},"_links":{"self":[{"href":"https:\/\/www.kobler-margreid.com\/blog\/wp-json\/wp\/v2\/posts\/6029","targetHints":{"allow":["GET"]}}],"collection":[{"href":"https:\/\/www.kobler-margreid.com\/blog\/wp-json\/wp\/v2\/posts"}],"about":[{"href":"https:\/\/www.kobler-margreid.com\/blog\/wp-json\/wp\/v2\/types\/post"}],"author":[{"embeddable":true,"href":"https:\/\/www.kobler-margreid.com\/blog\/wp-json\/wp\/v2\/users\/1"}],"replies":[{"embeddable":true,"href":"https:\/\/www.kobler-margreid.com\/blog\/wp-json\/wp\/v2\/comments?post=6029"}],"version-history":[{"count":0,"href":"https:\/\/www.kobler-margreid.com\/blog\/wp-json\/wp\/v2\/posts\/6029\/revisions"}],"wp:attachment":[{"href":"https:\/\/www.kobler-margreid.com\/blog\/wp-json\/wp\/v2\/media?parent=6029"}],"wp:term":[{"taxonomy":"category","embeddable":true,"href":"https:\/\/www.kobler-margreid.com\/blog\/wp-json\/wp\/v2\/categories?post=6029"},{"taxonomy":"post_tag","embeddable":true,"href":"https:\/\/www.kobler-margreid.com\/blog\/wp-json\/wp\/v2\/tags?post=6029"}],"curies":[{"name":"wp","href":"https:\/\/api.w.org\/{rel}","templated":true}]}}