{"id":64,"date":"2008-04-26T22:44:51","date_gmt":"2008-04-26T21:44:51","guid":{"rendered":"http:\/\/www.kobler-margreid.com\/blog\/?p=64"},"modified":"2008-04-27T20:32:56","modified_gmt":"2008-04-27T19:32:56","slug":"fullung-1-3-zentimeter","status":"publish","type":"post","link":"https:\/\/www.kobler-margreid.com\/blog\/blog\/2008\/04\/26\/fullung-1-3-zentimeter\/","title":{"rendered":"F\u00fcllung (1): &#8222;3 Zentimeter!&#8220;"},"content":{"rendered":"<p><a href=\"http:\/\/www.kobler-margreid.com\/blog\/wp-content\/2008\/04\/2008-04-26_21-46-21_a_800.jpg\" rel=\"lightbox[64]\"><img loading=\"lazy\" decoding=\"async\" class=\"alignleft\" style=\"float: left; margin: 5px;\" src=\"http:\/\/www.kobler-margreid.com\/blog\/wp-content\/imagescaler\/42557468dd85be808a6bb4fe83f995a6.jpg\" alt=\"R\u00fcckenetiketten\" width=\"500\" height=\"226\" \/><\/a><\/p>\n<p>Eigentlich h\u00e4tte jetzt, zum Zeitpunkt, wo ich ich dies Zeilen schreibe, unsere ganze Jahresproduktion abgef\u00fcllt, etikettiert und in Kartonen verpackt sein sollen. 3 cm haben dieses Vorhaben inzwischen verhindert. F\u00fcr wie lange, wei\u00df ich noch nicht.  <!--more-->War im vorigen Jahr diese Anordnung der Selbstklebeetiketten auf der Tr\u00e4gerfolie f\u00fcr die alte F\u00fcllanlage kein Problem, kam die neuere Maschine damit komplett nicht klar.  Nach mehreren  Stunden  und unz\u00e4hligen Telefonaten  unseres F\u00fclltechnikers bis nach Frankreich  wurde uns klar, dass  der Abstand der Etiketten zueinander f\u00fcr diese hochtechnische neue Maschine einfach zu gro\u00df ist.<\/p>\n<p>Am Nachmittag konnte ich die f\u00fcr die Gelegenheit bestellten Helfer endg\u00fcltig nach Hause schicken. Jetzt gilt es, die Druckerei davon zu \u00fcberzeugen, die R\u00fcckenetiketten m\u00f6glichst schnell wieder zu drucken und danach einen neuen F\u00fclltermin zu finden. Besonders letzteres wird angesichts des \u00fcbervollen F\u00fcllkalenders unseres Maschinenrings schwierig sein und die Solidarit\u00e4t der anderen Mitglieder auf eine harte Probe stellen.<\/p>\n<p>Es darf niemand wundern, dass in diesen Momenten die Nerven blank liegen&#8230;<\/p>\n","protected":false},"excerpt":{"rendered":"<p>Eigentlich h\u00e4tte jetzt, zum Zeitpunkt, wo ich ich dies Zeilen schreibe, unsere ganze Jahresproduktion abgef\u00fcllt, etikettiert und in Kartonen verpackt sein sollen. 3 cm haben dieses Vorhaben inzwischen verhindert. F\u00fcr wie lange, wei\u00df ich noch nicht.<\/p>\n","protected":false},"author":1,"featured_media":0,"comment_status":"open","ping_status":"open","sticky":false,"template":"","format":"standard","meta":{"ngg_post_thumbnail":0,"footnotes":"","_links_to":"","_links_to_target":""},"categories":[15],"tags":[61,76],"class_list":["post-64","post","type-post","status-publish","format-standard","hentry","category-keller","tag-fullung","tag-selbstklebe-etiketten"],"yoast_head":"<!-- This site is optimized with the Yoast SEO plugin v27.5 - https:\/\/yoast.com\/product\/yoast-seo-wordpress\/ -->\n<title>F\u00fcllung (1): &quot;3 Zentimeter!&quot; - weinhof KOBLER weblog<\/title>\n<meta name=\"robots\" content=\"index, follow, max-snippet:-1, max-image-preview:large, max-video-preview:-1\" \/>\n<link rel=\"canonical\" href=\"https:\/\/www.kobler-margreid.com\/blog\/blog\/2008\/04\/26\/fullung-1-3-zentimeter\/\" \/>\n<meta property=\"og:locale\" content=\"de_DE\" \/>\n<meta property=\"og:type\" content=\"article\" \/>\n<meta property=\"og:title\" content=\"F\u00fcllung (1): &quot;3 Zentimeter!&quot; - weinhof KOBLER weblog\" \/>\n<meta property=\"og:description\" content=\"Eigentlich h\u00e4tte jetzt, zum Zeitpunkt, wo ich ich dies Zeilen schreibe, unsere ganze Jahresproduktion abgef\u00fcllt, etikettiert und in Kartonen verpackt sein sollen. 3 cm haben dieses Vorhaben inzwischen verhindert. F\u00fcr wie lange, wei\u00df ich noch nicht.\" \/>\n<meta property=\"og:url\" content=\"https:\/\/www.kobler-margreid.com\/blog\/blog\/2008\/04\/26\/fullung-1-3-zentimeter\/\" \/>\n<meta property=\"og:site_name\" content=\"weinhof KOBLER weblog\" \/>\n<meta property=\"article:publisher\" content=\"https:\/\/www.facebook.com\/armin.kobler\/\" \/>\n<meta property=\"article:author\" content=\"https:\/\/www.facebook.com\/armin.kobler\/\" \/>\n<meta property=\"article:published_time\" content=\"2008-04-26T21:44:51+00:00\" \/>\n<meta property=\"article:modified_time\" content=\"2008-04-27T19:32:56+00:00\" \/>\n<meta property=\"og:image\" content=\"http:\/\/www.kobler-margreid.com\/blog\/wp-content\/imagescaler\/42557468dd85be808a6bb4fe83f995a6.jpg\" \/>\n<meta name=\"author\" content=\"armin kobler\" \/>\n<meta name=\"twitter:card\" content=\"summary_large_image\" \/>\n<meta name=\"twitter:label1\" content=\"Verfasst von\" \/>\n\t<meta name=\"twitter:data1\" content=\"armin kobler\" \/>\n\t<meta name=\"twitter:label2\" content=\"Gesch\u00e4tzte Lesezeit\" \/>\n\t<meta name=\"twitter:data2\" content=\"1\u00a0Minute\" \/>\n<script type=\"application\/ld+json\" class=\"yoast-schema-graph\">{\"@context\":\"https:\\\/\\\/schema.org\",\"@graph\":[{\"@type\":\"Article\",\"@id\":\"https:\\\/\\\/www.kobler-margreid.com\\\/blog\\\/blog\\\/2008\\\/04\\\/26\\\/fullung-1-3-zentimeter\\\/#article\",\"isPartOf\":{\"@id\":\"https:\\\/\\\/www.kobler-margreid.com\\\/blog\\\/blog\\\/2008\\\/04\\\/26\\\/fullung-1-3-zentimeter\\\/\"},\"author\":{\"name\":\"armin kobler\",\"@id\":\"https:\\\/\\\/www.kobler-margreid.com\\\/blog\\\/#\\\/schema\\\/person\\\/6a2290c17f680f59c1fa7e1c7a36df3a\"},\"headline\":\"F\u00fcllung (1): &#8222;3 Zentimeter!&#8220;\",\"datePublished\":\"2008-04-26T21:44:51+00:00\",\"dateModified\":\"2008-04-27T19:32:56+00:00\",\"mainEntityOfPage\":{\"@id\":\"https:\\\/\\\/www.kobler-margreid.com\\\/blog\\\/blog\\\/2008\\\/04\\\/26\\\/fullung-1-3-zentimeter\\\/\"},\"wordCount\":178,\"commentCount\":2,\"publisher\":{\"@id\":\"https:\\\/\\\/www.kobler-margreid.com\\\/blog\\\/#\\\/schema\\\/person\\\/6a2290c17f680f59c1fa7e1c7a36df3a\"},\"image\":{\"@id\":\"https:\\\/\\\/www.kobler-margreid.com\\\/blog\\\/blog\\\/2008\\\/04\\\/26\\\/fullung-1-3-zentimeter\\\/#primaryimage\"},\"thumbnailUrl\":\"http:\\\/\\\/www.kobler-margreid.com\\\/blog\\\/wp-content\\\/imagescaler\\\/42557468dd85be808a6bb4fe83f995a6.jpg\",\"keywords\":[\"F\u00fcllung\",\"Selbstklebe-Etiketten\"],\"articleSection\":[\"Keller - Cantina\"],\"inLanguage\":\"de\",\"potentialAction\":[{\"@type\":\"CommentAction\",\"name\":\"Comment\",\"target\":[\"https:\\\/\\\/www.kobler-margreid.com\\\/blog\\\/blog\\\/2008\\\/04\\\/26\\\/fullung-1-3-zentimeter\\\/#respond\"]}]},{\"@type\":\"WebPage\",\"@id\":\"https:\\\/\\\/www.kobler-margreid.com\\\/blog\\\/blog\\\/2008\\\/04\\\/26\\\/fullung-1-3-zentimeter\\\/\",\"url\":\"https:\\\/\\\/www.kobler-margreid.com\\\/blog\\\/blog\\\/2008\\\/04\\\/26\\\/fullung-1-3-zentimeter\\\/\",\"name\":\"F\u00fcllung (1): \\\"3 Zentimeter!\\\" - weinhof KOBLER weblog\",\"isPartOf\":{\"@id\":\"https:\\\/\\\/www.kobler-margreid.com\\\/blog\\\/#website\"},\"primaryImageOfPage\":{\"@id\":\"https:\\\/\\\/www.kobler-margreid.com\\\/blog\\\/blog\\\/2008\\\/04\\\/26\\\/fullung-1-3-zentimeter\\\/#primaryimage\"},\"image\":{\"@id\":\"https:\\\/\\\/www.kobler-margreid.com\\\/blog\\\/blog\\\/2008\\\/04\\\/26\\\/fullung-1-3-zentimeter\\\/#primaryimage\"},\"thumbnailUrl\":\"http:\\\/\\\/www.kobler-margreid.com\\\/blog\\\/wp-content\\\/imagescaler\\\/42557468dd85be808a6bb4fe83f995a6.jpg\",\"datePublished\":\"2008-04-26T21:44:51+00:00\",\"dateModified\":\"2008-04-27T19:32:56+00:00\",\"breadcrumb\":{\"@id\":\"https:\\\/\\\/www.kobler-margreid.com\\\/blog\\\/blog\\\/2008\\\/04\\\/26\\\/fullung-1-3-zentimeter\\\/#breadcrumb\"},\"inLanguage\":\"de\",\"potentialAction\":[{\"@type\":\"ReadAction\",\"target\":[\"https:\\\/\\\/www.kobler-margreid.com\\\/blog\\\/blog\\\/2008\\\/04\\\/26\\\/fullung-1-3-zentimeter\\\/\"]}]},{\"@type\":\"ImageObject\",\"inLanguage\":\"de\",\"@id\":\"https:\\\/\\\/www.kobler-margreid.com\\\/blog\\\/blog\\\/2008\\\/04\\\/26\\\/fullung-1-3-zentimeter\\\/#primaryimage\",\"url\":\"http:\\\/\\\/www.kobler-margreid.com\\\/blog\\\/wp-content\\\/imagescaler\\\/42557468dd85be808a6bb4fe83f995a6.jpg\",\"contentUrl\":\"http:\\\/\\\/www.kobler-margreid.com\\\/blog\\\/wp-content\\\/imagescaler\\\/42557468dd85be808a6bb4fe83f995a6.jpg\"},{\"@type\":\"BreadcrumbList\",\"@id\":\"https:\\\/\\\/www.kobler-margreid.com\\\/blog\\\/blog\\\/2008\\\/04\\\/26\\\/fullung-1-3-zentimeter\\\/#breadcrumb\",\"itemListElement\":[{\"@type\":\"ListItem\",\"position\":1,\"name\":\"Startseite\",\"item\":\"https:\\\/\\\/www.kobler-margreid.com\\\/blog\\\/\"},{\"@type\":\"ListItem\",\"position\":2,\"name\":\"F\u00fcllung (1): &#8222;3 Zentimeter!&#8220;\"}]},{\"@type\":\"WebSite\",\"@id\":\"https:\\\/\\\/www.kobler-margreid.com\\\/blog\\\/#website\",\"url\":\"https:\\\/\\\/www.kobler-margreid.com\\\/blog\\\/\",\"name\":\"weinhof KOBLER weblog\",\"description\":\"dem wein ganz nah \u2013 all&#039;interno del vino\",\"publisher\":{\"@id\":\"https:\\\/\\\/www.kobler-margreid.com\\\/blog\\\/#\\\/schema\\\/person\\\/6a2290c17f680f59c1fa7e1c7a36df3a\"},\"potentialAction\":[{\"@type\":\"SearchAction\",\"target\":{\"@type\":\"EntryPoint\",\"urlTemplate\":\"https:\\\/\\\/www.kobler-margreid.com\\\/blog\\\/?s={search_term_string}\"},\"query-input\":{\"@type\":\"PropertyValueSpecification\",\"valueRequired\":true,\"valueName\":\"search_term_string\"}}],\"inLanguage\":\"de\"},{\"@type\":[\"Person\",\"Organization\"],\"@id\":\"https:\\\/\\\/www.kobler-margreid.com\\\/blog\\\/#\\\/schema\\\/person\\\/6a2290c17f680f59c1fa7e1c7a36df3a\",\"name\":\"armin kobler\",\"image\":{\"@type\":\"ImageObject\",\"inLanguage\":\"de\",\"@id\":\"https:\\\/\\\/www.kobler-margreid.com\\\/blog\\\/wp-content\\\/2023\\\/11\\\/2012-05-08_09-33-03a.jpg\",\"url\":\"https:\\\/\\\/www.kobler-margreid.com\\\/blog\\\/wp-content\\\/2023\\\/11\\\/2012-05-08_09-33-03a.jpg\",\"contentUrl\":\"https:\\\/\\\/www.kobler-margreid.com\\\/blog\\\/wp-content\\\/2023\\\/11\\\/2012-05-08_09-33-03a.jpg\",\"width\":1088,\"height\":1184,\"caption\":\"armin kobler\"},\"logo\":{\"@id\":\"https:\\\/\\\/www.kobler-margreid.com\\\/blog\\\/wp-content\\\/2023\\\/11\\\/2012-05-08_09-33-03a.jpg\"},\"sameAs\":[\"http:\\\/\\\/www.kobler-margreid.com\",\"https:\\\/\\\/www.facebook.com\\\/armin.kobler\\\/\"],\"url\":\"https:\\\/\\\/www.kobler-margreid.com\\\/blog\\\/blog\\\/author\\\/admin\\\/\"}]}<\/script>\n<!-- \/ Yoast SEO plugin. -->","yoast_head_json":{"title":"F\u00fcllung (1): \"3 Zentimeter!\" - weinhof KOBLER weblog","robots":{"index":"index","follow":"follow","max-snippet":"max-snippet:-1","max-image-preview":"max-image-preview:large","max-video-preview":"max-video-preview:-1"},"canonical":"https:\/\/www.kobler-margreid.com\/blog\/blog\/2008\/04\/26\/fullung-1-3-zentimeter\/","og_locale":"de_DE","og_type":"article","og_title":"F\u00fcllung (1): \"3 Zentimeter!\" - weinhof KOBLER weblog","og_description":"Eigentlich h\u00e4tte jetzt, zum Zeitpunkt, wo ich ich dies Zeilen schreibe, unsere ganze Jahresproduktion abgef\u00fcllt, etikettiert und in Kartonen verpackt sein sollen. 3 cm haben dieses Vorhaben inzwischen verhindert. F\u00fcr wie lange, wei\u00df ich noch nicht.","og_url":"https:\/\/www.kobler-margreid.com\/blog\/blog\/2008\/04\/26\/fullung-1-3-zentimeter\/","og_site_name":"weinhof KOBLER weblog","article_publisher":"https:\/\/www.facebook.com\/armin.kobler\/","article_author":"https:\/\/www.facebook.com\/armin.kobler\/","article_published_time":"2008-04-26T21:44:51+00:00","article_modified_time":"2008-04-27T19:32:56+00:00","og_image":[{"url":"http:\/\/www.kobler-margreid.com\/blog\/wp-content\/imagescaler\/42557468dd85be808a6bb4fe83f995a6.jpg","type":"","width":"","height":""}],"author":"armin kobler","twitter_card":"summary_large_image","twitter_misc":{"Verfasst von":"armin kobler","Gesch\u00e4tzte Lesezeit":"1\u00a0Minute"},"schema":{"@context":"https:\/\/schema.org","@graph":[{"@type":"Article","@id":"https:\/\/www.kobler-margreid.com\/blog\/blog\/2008\/04\/26\/fullung-1-3-zentimeter\/#article","isPartOf":{"@id":"https:\/\/www.kobler-margreid.com\/blog\/blog\/2008\/04\/26\/fullung-1-3-zentimeter\/"},"author":{"name":"armin kobler","@id":"https:\/\/www.kobler-margreid.com\/blog\/#\/schema\/person\/6a2290c17f680f59c1fa7e1c7a36df3a"},"headline":"F\u00fcllung (1): &#8222;3 Zentimeter!&#8220;","datePublished":"2008-04-26T21:44:51+00:00","dateModified":"2008-04-27T19:32:56+00:00","mainEntityOfPage":{"@id":"https:\/\/www.kobler-margreid.com\/blog\/blog\/2008\/04\/26\/fullung-1-3-zentimeter\/"},"wordCount":178,"commentCount":2,"publisher":{"@id":"https:\/\/www.kobler-margreid.com\/blog\/#\/schema\/person\/6a2290c17f680f59c1fa7e1c7a36df3a"},"image":{"@id":"https:\/\/www.kobler-margreid.com\/blog\/blog\/2008\/04\/26\/fullung-1-3-zentimeter\/#primaryimage"},"thumbnailUrl":"http:\/\/www.kobler-margreid.com\/blog\/wp-content\/imagescaler\/42557468dd85be808a6bb4fe83f995a6.jpg","keywords":["F\u00fcllung","Selbstklebe-Etiketten"],"articleSection":["Keller - Cantina"],"inLanguage":"de","potentialAction":[{"@type":"CommentAction","name":"Comment","target":["https:\/\/www.kobler-margreid.com\/blog\/blog\/2008\/04\/26\/fullung-1-3-zentimeter\/#respond"]}]},{"@type":"WebPage","@id":"https:\/\/www.kobler-margreid.com\/blog\/blog\/2008\/04\/26\/fullung-1-3-zentimeter\/","url":"https:\/\/www.kobler-margreid.com\/blog\/blog\/2008\/04\/26\/fullung-1-3-zentimeter\/","name":"F\u00fcllung (1): \"3 Zentimeter!\" - weinhof KOBLER weblog","isPartOf":{"@id":"https:\/\/www.kobler-margreid.com\/blog\/#website"},"primaryImageOfPage":{"@id":"https:\/\/www.kobler-margreid.com\/blog\/blog\/2008\/04\/26\/fullung-1-3-zentimeter\/#primaryimage"},"image":{"@id":"https:\/\/www.kobler-margreid.com\/blog\/blog\/2008\/04\/26\/fullung-1-3-zentimeter\/#primaryimage"},"thumbnailUrl":"http:\/\/www.kobler-margreid.com\/blog\/wp-content\/imagescaler\/42557468dd85be808a6bb4fe83f995a6.jpg","datePublished":"2008-04-26T21:44:51+00:00","dateModified":"2008-04-27T19:32:56+00:00","breadcrumb":{"@id":"https:\/\/www.kobler-margreid.com\/blog\/blog\/2008\/04\/26\/fullung-1-3-zentimeter\/#breadcrumb"},"inLanguage":"de","potentialAction":[{"@type":"ReadAction","target":["https:\/\/www.kobler-margreid.com\/blog\/blog\/2008\/04\/26\/fullung-1-3-zentimeter\/"]}]},{"@type":"ImageObject","inLanguage":"de","@id":"https:\/\/www.kobler-margreid.com\/blog\/blog\/2008\/04\/26\/fullung-1-3-zentimeter\/#primaryimage","url":"http:\/\/www.kobler-margreid.com\/blog\/wp-content\/imagescaler\/42557468dd85be808a6bb4fe83f995a6.jpg","contentUrl":"http:\/\/www.kobler-margreid.com\/blog\/wp-content\/imagescaler\/42557468dd85be808a6bb4fe83f995a6.jpg"},{"@type":"BreadcrumbList","@id":"https:\/\/www.kobler-margreid.com\/blog\/blog\/2008\/04\/26\/fullung-1-3-zentimeter\/#breadcrumb","itemListElement":[{"@type":"ListItem","position":1,"name":"Startseite","item":"https:\/\/www.kobler-margreid.com\/blog\/"},{"@type":"ListItem","position":2,"name":"F\u00fcllung (1): &#8222;3 Zentimeter!&#8220;"}]},{"@type":"WebSite","@id":"https:\/\/www.kobler-margreid.com\/blog\/#website","url":"https:\/\/www.kobler-margreid.com\/blog\/","name":"weinhof KOBLER weblog","description":"dem wein ganz nah \u2013 all&#039;interno del vino","publisher":{"@id":"https:\/\/www.kobler-margreid.com\/blog\/#\/schema\/person\/6a2290c17f680f59c1fa7e1c7a36df3a"},"potentialAction":[{"@type":"SearchAction","target":{"@type":"EntryPoint","urlTemplate":"https:\/\/www.kobler-margreid.com\/blog\/?s={search_term_string}"},"query-input":{"@type":"PropertyValueSpecification","valueRequired":true,"valueName":"search_term_string"}}],"inLanguage":"de"},{"@type":["Person","Organization"],"@id":"https:\/\/www.kobler-margreid.com\/blog\/#\/schema\/person\/6a2290c17f680f59c1fa7e1c7a36df3a","name":"armin kobler","image":{"@type":"ImageObject","inLanguage":"de","@id":"https:\/\/www.kobler-margreid.com\/blog\/wp-content\/2023\/11\/2012-05-08_09-33-03a.jpg","url":"https:\/\/www.kobler-margreid.com\/blog\/wp-content\/2023\/11\/2012-05-08_09-33-03a.jpg","contentUrl":"https:\/\/www.kobler-margreid.com\/blog\/wp-content\/2023\/11\/2012-05-08_09-33-03a.jpg","width":1088,"height":1184,"caption":"armin kobler"},"logo":{"@id":"https:\/\/www.kobler-margreid.com\/blog\/wp-content\/2023\/11\/2012-05-08_09-33-03a.jpg"},"sameAs":["http:\/\/www.kobler-margreid.com","https:\/\/www.facebook.com\/armin.kobler\/"],"url":"https:\/\/www.kobler-margreid.com\/blog\/blog\/author\/admin\/"}]}},"_links":{"self":[{"href":"https:\/\/www.kobler-margreid.com\/blog\/wp-json\/wp\/v2\/posts\/64","targetHints":{"allow":["GET"]}}],"collection":[{"href":"https:\/\/www.kobler-margreid.com\/blog\/wp-json\/wp\/v2\/posts"}],"about":[{"href":"https:\/\/www.kobler-margreid.com\/blog\/wp-json\/wp\/v2\/types\/post"}],"author":[{"embeddable":true,"href":"https:\/\/www.kobler-margreid.com\/blog\/wp-json\/wp\/v2\/users\/1"}],"replies":[{"embeddable":true,"href":"https:\/\/www.kobler-margreid.com\/blog\/wp-json\/wp\/v2\/comments?post=64"}],"version-history":[{"count":0,"href":"https:\/\/www.kobler-margreid.com\/blog\/wp-json\/wp\/v2\/posts\/64\/revisions"}],"wp:attachment":[{"href":"https:\/\/www.kobler-margreid.com\/blog\/wp-json\/wp\/v2\/media?parent=64"}],"wp:term":[{"taxonomy":"category","embeddable":true,"href":"https:\/\/www.kobler-margreid.com\/blog\/wp-json\/wp\/v2\/categories?post=64"},{"taxonomy":"post_tag","embeddable":true,"href":"https:\/\/www.kobler-margreid.com\/blog\/wp-json\/wp\/v2\/tags?post=64"}],"curies":[{"name":"wp","href":"https:\/\/api.w.org\/{rel}","templated":true}]}}