{"id":6432,"date":"2011-05-21T08:38:27","date_gmt":"2011-05-21T07:38:27","guid":{"rendered":"http:\/\/www.kobler-margreid.com\/blog\/?p=6432"},"modified":"2011-05-21T08:54:18","modified_gmt":"2011-05-21T07:54:18","slug":"fuellvorbereitungen-weitgehend-abgeschlossenpreparativi-preimbottigliamento-quasi-conclusi","status":"publish","type":"post","link":"https:\/\/www.kobler-margreid.com\/blog\/blog\/2011\/05\/21\/fuellvorbereitungen-weitgehend-abgeschlossenpreparativi-preimbottigliamento-quasi-conclusi\/","title":{"rendered":"F\u00fcllvorbereitungen weitgehend abgeschlossen \u2014 Preparativi preimbottigliamento quasi conclusi"},"content":{"rendered":"<p style=\"text-align: center;\"><a href=\"http:\/\/www.kobler-margreid.com\/blog\/wp-content\/2011\/05\/2011-05-19_21-51-34.jpg\" rel=\"lightbox[6432]\"><img loading=\"lazy\" decoding=\"async\" class=\"aligncenter size-full wp-image-6433\" style=\"border: 0pt none; margin: 0px;\" title=\"2011-05-19_21-51-34\" src=\"http:\/\/www.kobler-margreid.com\/blog\/wp-content\/2011\/05\/2011-05-19_21-51-34.jpg\" alt=\"\" width=\"519\" height=\"390\" srcset=\"https:\/\/www.kobler-margreid.com\/blog\/wp-content\/2011\/05\/2011-05-19_21-51-34.jpg 824w, https:\/\/www.kobler-margreid.com\/blog\/wp-content\/2011\/05\/2011-05-19_21-51-34-300x225.jpg 300w\" sizes=\"auto, (max-width: 519px) 100vw, 519px\" \/><\/a><\/p>\n<p>Am kommenden Montag und Dienstag wird gef\u00fcllt. In die Flasche kommen die Wei\u00df- und Ros\u00e9weine des Jahrgangs 2010 und der Rotwein von 2009. Davor gibt es immer einiges zu tun und es wird zeitlich immer eng, auch deshalb weil ich versuche, die Weine bis zuletzt auf der in Schwebe gehaltenen Feinhefe zu behalten.<\/p>\n<p><em>Il prossimo luned\u00ec e marted\u00ec si imbottiglia. Si tratta dell&#8217;annata 2010 per quanto concerne i vini bianche ed il rosato, 2009 per il rosso. Prima ci sono da fare molti lavoro ed i tempi stringono sempre anche perch\u00e8 tengo i vini, <\/em><em> <\/em><em>agitati periodicamente, sulle fecce fini\u00a0pi\u00f9 a lungo possibile.<\/em><\/p>\n<p><em><!--more--><\/em><\/p>\n<p><a href=\"http:\/\/www.kobler-margreid.com\/blog\/wp-content\/2011\/05\/2011-05-20_16-09-15.jpg\" rel=\"lightbox[6432]\"><img loading=\"lazy\" decoding=\"async\" class=\"float left alignleft size-full wp-image-6448\" style=\"border: 0pt none; margin: 0px;\" title=\"2011-05-20_16-09-15\" src=\"http:\/\/www.kobler-margreid.com\/blog\/wp-content\/2011\/05\/2011-05-20_16-09-15.jpg\" alt=\"\" width=\"305\" height=\"229\" srcset=\"https:\/\/www.kobler-margreid.com\/blog\/wp-content\/2011\/05\/2011-05-20_16-09-15.jpg 824w, https:\/\/www.kobler-margreid.com\/blog\/wp-content\/2011\/05\/2011-05-20_16-09-15-300x225.jpg 300w\" sizes=\"auto, (max-width: 305px) 100vw, 305px\" \/><\/a><\/p>\n<p>In den letzten Wochen wurden die Weine mittels Bentonit gegen\u00fcber den thermolabilem Eiwei\u00df stabilisiert, zehn Tage sp\u00e4ter abgezogen und kurz darauf mit einem Leihger\u00e4t crossflow-filtriert. Gleichzeitig erfolgten die letzten Analysen, insbesondere um mit der als notwendig angenommenen Mengen an freiem SO2 in die Flaschen zu gehen. Die Mitarbeiter der Handelskammer zogen die Muster f\u00fcr die analytische und sensorische Pr\u00fcfung, gestern erfuhr ich mit Genugtuung, dass die Produkte als Weine kontrollierter Ursprungsbezeichnung in den Handel d\u00fcrfen.<\/p>\n<p><em><a href=\"http:\/\/www.kobler-margreid.com\/blog\/wp-content\/2011\/05\/2011-05-20_16-17-01.jpg\" rel=\"lightbox[6432]\"><img loading=\"lazy\" decoding=\"async\" class=\"float left alignleft size-full wp-image-6463\" style=\"border: 0pt none; margin: 0px;\" title=\"2011-05-20_16-17-01\" src=\"http:\/\/www.kobler-margreid.com\/blog\/wp-content\/2011\/05\/2011-05-20_16-17-01.jpg\" alt=\"\" width=\"305\" height=\"229\" srcset=\"https:\/\/www.kobler-margreid.com\/blog\/wp-content\/2011\/05\/2011-05-20_16-17-01.jpg 824w, https:\/\/www.kobler-margreid.com\/blog\/wp-content\/2011\/05\/2011-05-20_16-17-01-300x225.jpg 300w\" sizes=\"auto, (max-width: 305px) 100vw, 305px\" \/><\/a><\/em><\/p>\n<p><em> <\/em><\/p>\n<p><em>Le settimane scorse ho stabilizzato i vini nei confronti delle proteine termolabili con la bentonite, dieci giorni dopo li ho travasati e di seguito filtrati in modo tangenziale. Contemporaneamente sono state fatte le ultime analisi soprattutto per andare in bottiglia col giusto tasso di anidride solforosa libera. I collaboratori della camera di commercio hanno prelevato i campioni per l&#8217;esame analitico e sensoriale. Ieri ho ricevuto con soddisfazione i risultati positivi per cui posso commercializzarli con la denominazione di origine controllata.<\/em><\/p>\n<p><a href=\"http:\/\/www.kobler-margreid.com\/blog\/wp-content\/2011\/05\/2011-05-20_16-10-47.jpg\" rel=\"lightbox[6432]\"><img loading=\"lazy\" decoding=\"async\" class=\"float left alignleft size-full wp-image-6466\" style=\"border: 0pt none; margin: 0px;\" title=\"2011-05-20_16-10-47\" src=\"http:\/\/www.kobler-margreid.com\/blog\/wp-content\/2011\/05\/2011-05-20_16-10-47.jpg\" alt=\"\" width=\"305\" height=\"229\" srcset=\"https:\/\/www.kobler-margreid.com\/blog\/wp-content\/2011\/05\/2011-05-20_16-10-47.jpg 786w, https:\/\/www.kobler-margreid.com\/blog\/wp-content\/2011\/05\/2011-05-20_16-10-47-300x224.jpg 300w\" sizes=\"auto, (max-width: 305px) 100vw, 305px\" \/><\/a><\/p>\n<p>Die Etiketten sind gestern geliefert worden, die Flaschen ebenso, Kartone und Kapseln habe ich noch gen\u00fcgend vom vorigen Jahr, deshalb wird der abzuf\u00fcllende Jahrgang ohne dem S\u00fcdtirol-Logo (ich <a title=\"S\u00fcdtirol-Kapsel\" href=\"http:\/\/www.kobler-margreid.com\/blog\/2011\/02\/09\/suedtirol-leider-noch-nicht_purtroppo-non-ancora\/\" target=\"_blank\">berichtete<\/a>) auskommen m\u00fcssen. Die F\u00fcll- und Ettikettieranlage wird heute oder am Sonntag kommen, am Montag wird dann begonnen zu f\u00fcllen, die f\u00fcnf Helferinnen und Helfer sind avisiert. Fehler, besonders in diesen Stresssituationen, k\u00f6nnen immer wieder passieren aber ab jetzt kann man sie in keinem Fall mehr korrigieren, weswegen diese Arbeiten die gr\u00f6\u00dfte Aufregung und Sorge im Jahreslauf verursachen.<\/p>\n<p><em><a href=\"http:\/\/www.kobler-margreid.com\/blog\/wp-content\/2011\/05\/2011-05-20_16-15-33.jpg\" rel=\"lightbox[6432]\"><img loading=\"lazy\" decoding=\"async\" class=\"float left alignleft size-full wp-image-6457\" style=\"border: 0pt none; margin: 0px;\" title=\"2011-05-20_16-15-33\" src=\"http:\/\/www.kobler-margreid.com\/blog\/wp-content\/2011\/05\/2011-05-20_16-15-33.jpg\" alt=\"\" width=\"305\" height=\"229\" srcset=\"https:\/\/www.kobler-margreid.com\/blog\/wp-content\/2011\/05\/2011-05-20_16-15-33.jpg 824w, https:\/\/www.kobler-margreid.com\/blog\/wp-content\/2011\/05\/2011-05-20_16-15-33-300x225.jpg 300w\" sizes=\"auto, (max-width: 305px) 100vw, 305px\" \/><\/a><\/em><\/p>\n<p><em> <\/em><\/p>\n<p><em> Le etichette sono state fornite ieri come anche le bottiglie, cartoni e capsule a vite avanzano dell&#8217;anno scorso per cui purtroppo non \u00a0comparer\u00e0 a breve il logo S\u00fcdtirol (ne\u00a0<a title=\"S\u00fcdtirol-Kapsel\" href=\"http:\/\/www.kobler-margreid.com\/blog\/2011\/02\/09\/suedtirol-leider-noch-nicht_purtroppo-non-ancora\/\" target=\"_blank\">parlavo<\/a>) sulle mie bottiglie. La macchina imbottigliatrice arriver\u00e0 in azienda o oggi o domenica, le cinque persone che all&#8217;occasione mi aiuteranno sono avvisate. Errori possono sempre capitare, soprattutto in queste situzioni stressanti, ma d&#8217;ora in poi non si possono pi\u00f9 correggere in nessun modo, per cui l&#8217;imbottigliamento provoca i momenti pi\u00f9 preoccupanti nel corso dell&#8217;annata.<\/em><\/p>\n","protected":false},"excerpt":{"rendered":"<p>Am kommenden Montag und Dienstag wird gef\u00fcllt. In die Flasche kommen die Wei\u00df- und Ros\u00e9weine des Jahrgangs 2010 und der Rotwein von 2009. Davor gibt es immer einiges zu tun und es wird zeitlich immer eng, auch deshalb weil ich &hellip; <a href=\"https:\/\/www.kobler-margreid.com\/blog\/blog\/2011\/05\/21\/fuellvorbereitungen-weitgehend-abgeschlossenpreparativi-preimbottigliamento-quasi-conclusi\/\">Weiterlesen <span class=\"meta-nav\">&rarr;<\/span><\/a><\/p>\n","protected":false},"author":1,"featured_media":0,"comment_status":"open","ping_status":"open","sticky":false,"template":"","format":"standard","meta":{"ngg_post_thumbnail":0,"footnotes":"","_links_to":"","_links_to_target":""},"categories":[15],"tags":[925,63,764,929,931,933,350,930,68,677,928,69,932,926,924,62],"class_list":["post-6432","post","type-post","status-publish","format-standard","hentry","category-keller","tag-anidride-solforosa","tag-bentonit","tag-bentonite","tag-bottiglie","tag-capsula-a-vite","tag-cartoni","tag-doc","tag-drehverschluss","tag-filtration","tag-filtrazione","tag-flaschen","tag-fullvorbereitung","tag-kartone","tag-kontrollierte-ursprungsbezeichnung","tag-preparativi-imbottigliamento","tag-schwefelige-saure"],"yoast_head":"<!-- This site is optimized with the Yoast SEO plugin v27.5 - https:\/\/yoast.com\/product\/yoast-seo-wordpress\/ -->\n<title>F\u00fcllvorbereitungen weitgehend abgeschlossen \u2014 Preparativi preimbottigliamento quasi conclusi - weinhof KOBLER weblog<\/title>\n<meta name=\"robots\" content=\"index, follow, max-snippet:-1, max-image-preview:large, max-video-preview:-1\" \/>\n<link rel=\"canonical\" href=\"https:\/\/www.kobler-margreid.com\/blog\/blog\/2011\/05\/21\/fuellvorbereitungen-weitgehend-abgeschlossenpreparativi-preimbottigliamento-quasi-conclusi\/\" \/>\n<meta property=\"og:locale\" content=\"de_DE\" \/>\n<meta property=\"og:type\" content=\"article\" \/>\n<meta property=\"og:title\" content=\"F\u00fcllvorbereitungen weitgehend abgeschlossen \u2014 Preparativi preimbottigliamento quasi conclusi - weinhof KOBLER weblog\" \/>\n<meta property=\"og:description\" content=\"Am kommenden Montag und Dienstag wird gef\u00fcllt. In die Flasche kommen die Wei\u00df- und Ros\u00e9weine des Jahrgangs 2010 und der Rotwein von 2009. Davor gibt es immer einiges zu tun und es wird zeitlich immer eng, auch deshalb weil ich &hellip; Weiterlesen &rarr;\" \/>\n<meta property=\"og:url\" content=\"https:\/\/www.kobler-margreid.com\/blog\/blog\/2011\/05\/21\/fuellvorbereitungen-weitgehend-abgeschlossenpreparativi-preimbottigliamento-quasi-conclusi\/\" \/>\n<meta property=\"og:site_name\" content=\"weinhof KOBLER weblog\" \/>\n<meta property=\"article:publisher\" content=\"https:\/\/www.facebook.com\/armin.kobler\/\" \/>\n<meta property=\"article:author\" content=\"https:\/\/www.facebook.com\/armin.kobler\/\" \/>\n<meta property=\"article:published_time\" content=\"2011-05-21T07:38:27+00:00\" \/>\n<meta property=\"article:modified_time\" content=\"2011-05-21T07:54:18+00:00\" \/>\n<meta property=\"og:image\" content=\"http:\/\/www.kobler-margreid.com\/blog\/wp-content\/2011\/05\/2011-05-19_21-51-34.jpg\" \/>\n<meta name=\"author\" content=\"armin kobler\" \/>\n<meta name=\"twitter:card\" content=\"summary_large_image\" \/>\n<meta name=\"twitter:label1\" content=\"Verfasst von\" \/>\n\t<meta name=\"twitter:data1\" content=\"armin kobler\" \/>\n\t<meta name=\"twitter:label2\" content=\"Gesch\u00e4tzte Lesezeit\" \/>\n\t<meta name=\"twitter:data2\" content=\"2\u00a0Minuten\" \/>\n<script type=\"application\/ld+json\" class=\"yoast-schema-graph\">{\"@context\":\"https:\\\/\\\/schema.org\",\"@graph\":[{\"@type\":\"Article\",\"@id\":\"https:\\\/\\\/www.kobler-margreid.com\\\/blog\\\/blog\\\/2011\\\/05\\\/21\\\/fuellvorbereitungen-weitgehend-abgeschlossenpreparativi-preimbottigliamento-quasi-conclusi\\\/#article\",\"isPartOf\":{\"@id\":\"https:\\\/\\\/www.kobler-margreid.com\\\/blog\\\/blog\\\/2011\\\/05\\\/21\\\/fuellvorbereitungen-weitgehend-abgeschlossenpreparativi-preimbottigliamento-quasi-conclusi\\\/\"},\"author\":{\"name\":\"armin kobler\",\"@id\":\"https:\\\/\\\/www.kobler-margreid.com\\\/blog\\\/#\\\/schema\\\/person\\\/6a2290c17f680f59c1fa7e1c7a36df3a\"},\"headline\":\"F\u00fcllvorbereitungen weitgehend abgeschlossen \u2014 Preparativi preimbottigliamento quasi conclusi\",\"datePublished\":\"2011-05-21T07:38:27+00:00\",\"dateModified\":\"2011-05-21T07:54:18+00:00\",\"mainEntityOfPage\":{\"@id\":\"https:\\\/\\\/www.kobler-margreid.com\\\/blog\\\/blog\\\/2011\\\/05\\\/21\\\/fuellvorbereitungen-weitgehend-abgeschlossenpreparativi-preimbottigliamento-quasi-conclusi\\\/\"},\"wordCount\":451,\"commentCount\":0,\"publisher\":{\"@id\":\"https:\\\/\\\/www.kobler-margreid.com\\\/blog\\\/#\\\/schema\\\/person\\\/6a2290c17f680f59c1fa7e1c7a36df3a\"},\"image\":{\"@id\":\"https:\\\/\\\/www.kobler-margreid.com\\\/blog\\\/blog\\\/2011\\\/05\\\/21\\\/fuellvorbereitungen-weitgehend-abgeschlossenpreparativi-preimbottigliamento-quasi-conclusi\\\/#primaryimage\"},\"thumbnailUrl\":\"http:\\\/\\\/www.kobler-margreid.com\\\/blog\\\/wp-content\\\/2011\\\/05\\\/2011-05-19_21-51-34.jpg\",\"keywords\":[\"Anidride solforosa\",\"Bentonit\",\"Bentonite\",\"Bottiglie\",\"Capsula a vite\",\"Cartoni\",\"DOC\",\"Drehverschluss\",\"Filtration\",\"Filtrazione\",\"Flaschen\",\"F\u00fcllvorbereitung\",\"Kartone\",\"Kontrollierte Ursprungsbezeichnung\",\"Preparativi imbottigliamento\",\"Schwefelige S\u00e4ure\"],\"articleSection\":[\"Keller - Cantina\"],\"inLanguage\":\"de\",\"potentialAction\":[{\"@type\":\"CommentAction\",\"name\":\"Comment\",\"target\":[\"https:\\\/\\\/www.kobler-margreid.com\\\/blog\\\/blog\\\/2011\\\/05\\\/21\\\/fuellvorbereitungen-weitgehend-abgeschlossenpreparativi-preimbottigliamento-quasi-conclusi\\\/#respond\"]}]},{\"@type\":\"WebPage\",\"@id\":\"https:\\\/\\\/www.kobler-margreid.com\\\/blog\\\/blog\\\/2011\\\/05\\\/21\\\/fuellvorbereitungen-weitgehend-abgeschlossenpreparativi-preimbottigliamento-quasi-conclusi\\\/\",\"url\":\"https:\\\/\\\/www.kobler-margreid.com\\\/blog\\\/blog\\\/2011\\\/05\\\/21\\\/fuellvorbereitungen-weitgehend-abgeschlossenpreparativi-preimbottigliamento-quasi-conclusi\\\/\",\"name\":\"F\u00fcllvorbereitungen weitgehend abgeschlossen \u2014 Preparativi preimbottigliamento quasi conclusi - weinhof KOBLER weblog\",\"isPartOf\":{\"@id\":\"https:\\\/\\\/www.kobler-margreid.com\\\/blog\\\/#website\"},\"primaryImageOfPage\":{\"@id\":\"https:\\\/\\\/www.kobler-margreid.com\\\/blog\\\/blog\\\/2011\\\/05\\\/21\\\/fuellvorbereitungen-weitgehend-abgeschlossenpreparativi-preimbottigliamento-quasi-conclusi\\\/#primaryimage\"},\"image\":{\"@id\":\"https:\\\/\\\/www.kobler-margreid.com\\\/blog\\\/blog\\\/2011\\\/05\\\/21\\\/fuellvorbereitungen-weitgehend-abgeschlossenpreparativi-preimbottigliamento-quasi-conclusi\\\/#primaryimage\"},\"thumbnailUrl\":\"http:\\\/\\\/www.kobler-margreid.com\\\/blog\\\/wp-content\\\/2011\\\/05\\\/2011-05-19_21-51-34.jpg\",\"datePublished\":\"2011-05-21T07:38:27+00:00\",\"dateModified\":\"2011-05-21T07:54:18+00:00\",\"breadcrumb\":{\"@id\":\"https:\\\/\\\/www.kobler-margreid.com\\\/blog\\\/blog\\\/2011\\\/05\\\/21\\\/fuellvorbereitungen-weitgehend-abgeschlossenpreparativi-preimbottigliamento-quasi-conclusi\\\/#breadcrumb\"},\"inLanguage\":\"de\",\"potentialAction\":[{\"@type\":\"ReadAction\",\"target\":[\"https:\\\/\\\/www.kobler-margreid.com\\\/blog\\\/blog\\\/2011\\\/05\\\/21\\\/fuellvorbereitungen-weitgehend-abgeschlossenpreparativi-preimbottigliamento-quasi-conclusi\\\/\"]}]},{\"@type\":\"ImageObject\",\"inLanguage\":\"de\",\"@id\":\"https:\\\/\\\/www.kobler-margreid.com\\\/blog\\\/blog\\\/2011\\\/05\\\/21\\\/fuellvorbereitungen-weitgehend-abgeschlossenpreparativi-preimbottigliamento-quasi-conclusi\\\/#primaryimage\",\"url\":\"http:\\\/\\\/www.kobler-margreid.com\\\/blog\\\/wp-content\\\/2011\\\/05\\\/2011-05-19_21-51-34.jpg\",\"contentUrl\":\"http:\\\/\\\/www.kobler-margreid.com\\\/blog\\\/wp-content\\\/2011\\\/05\\\/2011-05-19_21-51-34.jpg\"},{\"@type\":\"BreadcrumbList\",\"@id\":\"https:\\\/\\\/www.kobler-margreid.com\\\/blog\\\/blog\\\/2011\\\/05\\\/21\\\/fuellvorbereitungen-weitgehend-abgeschlossenpreparativi-preimbottigliamento-quasi-conclusi\\\/#breadcrumb\",\"itemListElement\":[{\"@type\":\"ListItem\",\"position\":1,\"name\":\"Startseite\",\"item\":\"https:\\\/\\\/www.kobler-margreid.com\\\/blog\\\/\"},{\"@type\":\"ListItem\",\"position\":2,\"name\":\"F\u00fcllvorbereitungen weitgehend abgeschlossen \u2014 Preparativi preimbottigliamento quasi conclusi\"}]},{\"@type\":\"WebSite\",\"@id\":\"https:\\\/\\\/www.kobler-margreid.com\\\/blog\\\/#website\",\"url\":\"https:\\\/\\\/www.kobler-margreid.com\\\/blog\\\/\",\"name\":\"weinhof KOBLER weblog\",\"description\":\"dem wein ganz nah \u2013 all&#039;interno del vino\",\"publisher\":{\"@id\":\"https:\\\/\\\/www.kobler-margreid.com\\\/blog\\\/#\\\/schema\\\/person\\\/6a2290c17f680f59c1fa7e1c7a36df3a\"},\"potentialAction\":[{\"@type\":\"SearchAction\",\"target\":{\"@type\":\"EntryPoint\",\"urlTemplate\":\"https:\\\/\\\/www.kobler-margreid.com\\\/blog\\\/?s={search_term_string}\"},\"query-input\":{\"@type\":\"PropertyValueSpecification\",\"valueRequired\":true,\"valueName\":\"search_term_string\"}}],\"inLanguage\":\"de\"},{\"@type\":[\"Person\",\"Organization\"],\"@id\":\"https:\\\/\\\/www.kobler-margreid.com\\\/blog\\\/#\\\/schema\\\/person\\\/6a2290c17f680f59c1fa7e1c7a36df3a\",\"name\":\"armin kobler\",\"image\":{\"@type\":\"ImageObject\",\"inLanguage\":\"de\",\"@id\":\"https:\\\/\\\/www.kobler-margreid.com\\\/blog\\\/wp-content\\\/2023\\\/11\\\/2012-05-08_09-33-03a.jpg\",\"url\":\"https:\\\/\\\/www.kobler-margreid.com\\\/blog\\\/wp-content\\\/2023\\\/11\\\/2012-05-08_09-33-03a.jpg\",\"contentUrl\":\"https:\\\/\\\/www.kobler-margreid.com\\\/blog\\\/wp-content\\\/2023\\\/11\\\/2012-05-08_09-33-03a.jpg\",\"width\":1088,\"height\":1184,\"caption\":\"armin kobler\"},\"logo\":{\"@id\":\"https:\\\/\\\/www.kobler-margreid.com\\\/blog\\\/wp-content\\\/2023\\\/11\\\/2012-05-08_09-33-03a.jpg\"},\"sameAs\":[\"http:\\\/\\\/www.kobler-margreid.com\",\"https:\\\/\\\/www.facebook.com\\\/armin.kobler\\\/\"],\"url\":\"https:\\\/\\\/www.kobler-margreid.com\\\/blog\\\/blog\\\/author\\\/admin\\\/\"}]}<\/script>\n<!-- \/ Yoast SEO plugin. -->","yoast_head_json":{"title":"F\u00fcllvorbereitungen weitgehend abgeschlossen \u2014 Preparativi preimbottigliamento quasi conclusi - weinhof KOBLER weblog","robots":{"index":"index","follow":"follow","max-snippet":"max-snippet:-1","max-image-preview":"max-image-preview:large","max-video-preview":"max-video-preview:-1"},"canonical":"https:\/\/www.kobler-margreid.com\/blog\/blog\/2011\/05\/21\/fuellvorbereitungen-weitgehend-abgeschlossenpreparativi-preimbottigliamento-quasi-conclusi\/","og_locale":"de_DE","og_type":"article","og_title":"F\u00fcllvorbereitungen weitgehend abgeschlossen \u2014 Preparativi preimbottigliamento quasi conclusi - weinhof KOBLER weblog","og_description":"Am kommenden Montag und Dienstag wird gef\u00fcllt. In die Flasche kommen die Wei\u00df- und Ros\u00e9weine des Jahrgangs 2010 und der Rotwein von 2009. Davor gibt es immer einiges zu tun und es wird zeitlich immer eng, auch deshalb weil ich &hellip; Weiterlesen &rarr;","og_url":"https:\/\/www.kobler-margreid.com\/blog\/blog\/2011\/05\/21\/fuellvorbereitungen-weitgehend-abgeschlossenpreparativi-preimbottigliamento-quasi-conclusi\/","og_site_name":"weinhof KOBLER weblog","article_publisher":"https:\/\/www.facebook.com\/armin.kobler\/","article_author":"https:\/\/www.facebook.com\/armin.kobler\/","article_published_time":"2011-05-21T07:38:27+00:00","article_modified_time":"2011-05-21T07:54:18+00:00","og_image":[{"url":"http:\/\/www.kobler-margreid.com\/blog\/wp-content\/2011\/05\/2011-05-19_21-51-34.jpg","type":"","width":"","height":""}],"author":"armin kobler","twitter_card":"summary_large_image","twitter_misc":{"Verfasst von":"armin kobler","Gesch\u00e4tzte Lesezeit":"2\u00a0Minuten"},"schema":{"@context":"https:\/\/schema.org","@graph":[{"@type":"Article","@id":"https:\/\/www.kobler-margreid.com\/blog\/blog\/2011\/05\/21\/fuellvorbereitungen-weitgehend-abgeschlossenpreparativi-preimbottigliamento-quasi-conclusi\/#article","isPartOf":{"@id":"https:\/\/www.kobler-margreid.com\/blog\/blog\/2011\/05\/21\/fuellvorbereitungen-weitgehend-abgeschlossenpreparativi-preimbottigliamento-quasi-conclusi\/"},"author":{"name":"armin kobler","@id":"https:\/\/www.kobler-margreid.com\/blog\/#\/schema\/person\/6a2290c17f680f59c1fa7e1c7a36df3a"},"headline":"F\u00fcllvorbereitungen weitgehend abgeschlossen \u2014 Preparativi preimbottigliamento quasi conclusi","datePublished":"2011-05-21T07:38:27+00:00","dateModified":"2011-05-21T07:54:18+00:00","mainEntityOfPage":{"@id":"https:\/\/www.kobler-margreid.com\/blog\/blog\/2011\/05\/21\/fuellvorbereitungen-weitgehend-abgeschlossenpreparativi-preimbottigliamento-quasi-conclusi\/"},"wordCount":451,"commentCount":0,"publisher":{"@id":"https:\/\/www.kobler-margreid.com\/blog\/#\/schema\/person\/6a2290c17f680f59c1fa7e1c7a36df3a"},"image":{"@id":"https:\/\/www.kobler-margreid.com\/blog\/blog\/2011\/05\/21\/fuellvorbereitungen-weitgehend-abgeschlossenpreparativi-preimbottigliamento-quasi-conclusi\/#primaryimage"},"thumbnailUrl":"http:\/\/www.kobler-margreid.com\/blog\/wp-content\/2011\/05\/2011-05-19_21-51-34.jpg","keywords":["Anidride solforosa","Bentonit","Bentonite","Bottiglie","Capsula a vite","Cartoni","DOC","Drehverschluss","Filtration","Filtrazione","Flaschen","F\u00fcllvorbereitung","Kartone","Kontrollierte Ursprungsbezeichnung","Preparativi imbottigliamento","Schwefelige S\u00e4ure"],"articleSection":["Keller - Cantina"],"inLanguage":"de","potentialAction":[{"@type":"CommentAction","name":"Comment","target":["https:\/\/www.kobler-margreid.com\/blog\/blog\/2011\/05\/21\/fuellvorbereitungen-weitgehend-abgeschlossenpreparativi-preimbottigliamento-quasi-conclusi\/#respond"]}]},{"@type":"WebPage","@id":"https:\/\/www.kobler-margreid.com\/blog\/blog\/2011\/05\/21\/fuellvorbereitungen-weitgehend-abgeschlossenpreparativi-preimbottigliamento-quasi-conclusi\/","url":"https:\/\/www.kobler-margreid.com\/blog\/blog\/2011\/05\/21\/fuellvorbereitungen-weitgehend-abgeschlossenpreparativi-preimbottigliamento-quasi-conclusi\/","name":"F\u00fcllvorbereitungen weitgehend abgeschlossen \u2014 Preparativi preimbottigliamento quasi conclusi - weinhof KOBLER weblog","isPartOf":{"@id":"https:\/\/www.kobler-margreid.com\/blog\/#website"},"primaryImageOfPage":{"@id":"https:\/\/www.kobler-margreid.com\/blog\/blog\/2011\/05\/21\/fuellvorbereitungen-weitgehend-abgeschlossenpreparativi-preimbottigliamento-quasi-conclusi\/#primaryimage"},"image":{"@id":"https:\/\/www.kobler-margreid.com\/blog\/blog\/2011\/05\/21\/fuellvorbereitungen-weitgehend-abgeschlossenpreparativi-preimbottigliamento-quasi-conclusi\/#primaryimage"},"thumbnailUrl":"http:\/\/www.kobler-margreid.com\/blog\/wp-content\/2011\/05\/2011-05-19_21-51-34.jpg","datePublished":"2011-05-21T07:38:27+00:00","dateModified":"2011-05-21T07:54:18+00:00","breadcrumb":{"@id":"https:\/\/www.kobler-margreid.com\/blog\/blog\/2011\/05\/21\/fuellvorbereitungen-weitgehend-abgeschlossenpreparativi-preimbottigliamento-quasi-conclusi\/#breadcrumb"},"inLanguage":"de","potentialAction":[{"@type":"ReadAction","target":["https:\/\/www.kobler-margreid.com\/blog\/blog\/2011\/05\/21\/fuellvorbereitungen-weitgehend-abgeschlossenpreparativi-preimbottigliamento-quasi-conclusi\/"]}]},{"@type":"ImageObject","inLanguage":"de","@id":"https:\/\/www.kobler-margreid.com\/blog\/blog\/2011\/05\/21\/fuellvorbereitungen-weitgehend-abgeschlossenpreparativi-preimbottigliamento-quasi-conclusi\/#primaryimage","url":"http:\/\/www.kobler-margreid.com\/blog\/wp-content\/2011\/05\/2011-05-19_21-51-34.jpg","contentUrl":"http:\/\/www.kobler-margreid.com\/blog\/wp-content\/2011\/05\/2011-05-19_21-51-34.jpg"},{"@type":"BreadcrumbList","@id":"https:\/\/www.kobler-margreid.com\/blog\/blog\/2011\/05\/21\/fuellvorbereitungen-weitgehend-abgeschlossenpreparativi-preimbottigliamento-quasi-conclusi\/#breadcrumb","itemListElement":[{"@type":"ListItem","position":1,"name":"Startseite","item":"https:\/\/www.kobler-margreid.com\/blog\/"},{"@type":"ListItem","position":2,"name":"F\u00fcllvorbereitungen weitgehend abgeschlossen \u2014 Preparativi preimbottigliamento quasi conclusi"}]},{"@type":"WebSite","@id":"https:\/\/www.kobler-margreid.com\/blog\/#website","url":"https:\/\/www.kobler-margreid.com\/blog\/","name":"weinhof KOBLER weblog","description":"dem wein ganz nah \u2013 all&#039;interno del vino","publisher":{"@id":"https:\/\/www.kobler-margreid.com\/blog\/#\/schema\/person\/6a2290c17f680f59c1fa7e1c7a36df3a"},"potentialAction":[{"@type":"SearchAction","target":{"@type":"EntryPoint","urlTemplate":"https:\/\/www.kobler-margreid.com\/blog\/?s={search_term_string}"},"query-input":{"@type":"PropertyValueSpecification","valueRequired":true,"valueName":"search_term_string"}}],"inLanguage":"de"},{"@type":["Person","Organization"],"@id":"https:\/\/www.kobler-margreid.com\/blog\/#\/schema\/person\/6a2290c17f680f59c1fa7e1c7a36df3a","name":"armin kobler","image":{"@type":"ImageObject","inLanguage":"de","@id":"https:\/\/www.kobler-margreid.com\/blog\/wp-content\/2023\/11\/2012-05-08_09-33-03a.jpg","url":"https:\/\/www.kobler-margreid.com\/blog\/wp-content\/2023\/11\/2012-05-08_09-33-03a.jpg","contentUrl":"https:\/\/www.kobler-margreid.com\/blog\/wp-content\/2023\/11\/2012-05-08_09-33-03a.jpg","width":1088,"height":1184,"caption":"armin kobler"},"logo":{"@id":"https:\/\/www.kobler-margreid.com\/blog\/wp-content\/2023\/11\/2012-05-08_09-33-03a.jpg"},"sameAs":["http:\/\/www.kobler-margreid.com","https:\/\/www.facebook.com\/armin.kobler\/"],"url":"https:\/\/www.kobler-margreid.com\/blog\/blog\/author\/admin\/"}]}},"_links":{"self":[{"href":"https:\/\/www.kobler-margreid.com\/blog\/wp-json\/wp\/v2\/posts\/6432","targetHints":{"allow":["GET"]}}],"collection":[{"href":"https:\/\/www.kobler-margreid.com\/blog\/wp-json\/wp\/v2\/posts"}],"about":[{"href":"https:\/\/www.kobler-margreid.com\/blog\/wp-json\/wp\/v2\/types\/post"}],"author":[{"embeddable":true,"href":"https:\/\/www.kobler-margreid.com\/blog\/wp-json\/wp\/v2\/users\/1"}],"replies":[{"embeddable":true,"href":"https:\/\/www.kobler-margreid.com\/blog\/wp-json\/wp\/v2\/comments?post=6432"}],"version-history":[{"count":0,"href":"https:\/\/www.kobler-margreid.com\/blog\/wp-json\/wp\/v2\/posts\/6432\/revisions"}],"wp:attachment":[{"href":"https:\/\/www.kobler-margreid.com\/blog\/wp-json\/wp\/v2\/media?parent=6432"}],"wp:term":[{"taxonomy":"category","embeddable":true,"href":"https:\/\/www.kobler-margreid.com\/blog\/wp-json\/wp\/v2\/categories?post=6432"},{"taxonomy":"post_tag","embeddable":true,"href":"https:\/\/www.kobler-margreid.com\/blog\/wp-json\/wp\/v2\/tags?post=6432"}],"curies":[{"name":"wp","href":"https:\/\/api.w.org\/{rel}","templated":true}]}}