{"id":7158,"date":"2011-09-12T04:15:41","date_gmt":"2011-09-12T03:15:41","guid":{"rendered":"http:\/\/www.kobler-margreid.com\/blog\/?p=7158"},"modified":"2011-09-12T06:44:17","modified_gmt":"2011-09-12T05:44:17","slug":"kann-das-entscheidend-sein","status":"publish","type":"post","link":"https:\/\/www.kobler-margreid.com\/blog\/blog\/2011\/09\/12\/kann-das-entscheidend-sein\/","title":{"rendered":"Kann das entscheidend sein? \u2014 Pu\u00f2 questo essere decisivo?"},"content":{"rendered":"<p><a href=\"http:\/\/www.kobler-margreid.com\/blog\/wp-content\/2011\/09\/radarbild_12_09_11.jpg\" rel=\"lightbox[7158]\"><img loading=\"lazy\" decoding=\"async\" class=\"size-full wp-image-7159 alignleft float left\" style=\"border-style: initial; border-color: initial; border-width: 0px; margin: 0px;\" title=\"radarbild_12_09_11\" src=\"http:\/\/www.kobler-margreid.com\/blog\/wp-content\/2011\/09\/radarbild_12_09_11.jpg\" alt=\"\" width=\"342\" height=\"440\" srcset=\"https:\/\/www.kobler-margreid.com\/blog\/wp-content\/2011\/09\/radarbild_12_09_11.jpg 488w, https:\/\/www.kobler-margreid.com\/blog\/wp-content\/2011\/09\/radarbild_12_09_11-233x300.jpg 233w\" sizes=\"auto, (max-width: 342px) 100vw, 342px\" \/><\/a><\/p>\n<p>Ich kann nicht schlafen, deshalb schreibe ich, jetzt. Um 3.00 Uhr haben uns Gewitterdonner und Regengeprassel geweckt. Sofort ist mir in den Kopf geschossen, dass wir heute ja die optimal reifen Chardonnay der bew\u00e4hrten Altanlage &#8222;Ogeaner&#8220; wimmen wollten. Schon Samstags habe ich einige Trauben bemerkt, an denen die Beerenhaut\u00a0begonnen hat, braun zu werden und sich aufzul\u00f6sen. In meinem Verst\u00e4ndnis von Traubenqualit\u00e4t kein Problem, stellt das doch fast eine Mazeration am Stock dar, wertvolle Inhaltsstoffe der Beerenhaut wandern schon vor der Lese in den Saft.<\/p>\n<p><em>Non riesco a dormire, e perci\u00f2 scrivo, in questi instanti. Alle ore 3:00 il suono di tuoni e lo scrosciare della pioggia ci hanno svegliati. Instantaneamente mi \u00e8 passato per la testa che proprio questo luned\u00ec volevamo vendemmiare le viti vecchie dello Chardonnay Ogeaner, ormai giunte ad ottima maturazione. Gi\u00e0 il sabato ho scoperto le prime uve dove la buccia si cominciava a decomporre, diventando brunastra. Secondo il mio concetto di qualit\u00e0 ci\u00f2 non \u00e8 un problema, in quanto costituisce una specie di macerazione prefermentativa in pianta, composti importanti della buccia vengono rilasciate nel succo della polpa ancora prima della vendemmia.<\/em><\/p>\n<p><em><!--more--><\/em><\/p>\n<p>In dem Stadium wei\u00df ich, dass der m\u00f6glichst optimale Reifezustand erreicht, eine Steigerung nicht mehr m\u00f6glich ist, zumindest was meine momentane Weinstilistik angeht. Nur, und das ist das gro\u00dfe Problem daran, die so befallenen Trauben vertragen absolut keinen Regen mehr. Der Hauch von Schale bricht definitiv auf, die Inhalte werden ausgewaschen, die Botrytis ist sogleich in ihrer unguten Form da, die Konsequenz sind bedeutsame Einbu\u00dfen qualitativer und quantitativer Art.<\/p>\n<p><em>Una volta che succede ci\u00f2 so che non ha pi\u00f9 senso aspettare con la vendemmia, lo stadio estremo della maturazione possibile \u00e8 raggiunto. Aspettare ulteriormente non ha pi\u00f9 senso, almeno per la tipologia di vino che faccio al momento. Solo che, e questo \u00e8 il problema fondamentale, i grappoli in questo stadio non sopportano pi\u00f9 alcuna pioggia. Quello che \u00e8 rimasto della buccia si rompe, i contenuti degli acini vengono dilavati e subito compare anche la botrite nella sua forma temuta. Seguono danni ingenti di ordine qualitativo e quantitativo.\u00a0<\/em><\/p>\n<p>Alle vier von mit konsultierten Wetterberichte stuften letztlich die Regenwahrscheinlichkeit in meiner Gegend gegen null hin ein, der f\u00fcr mich pessimistischte sagte, es seien &#8222;&#8230;\u00a0auch ein paar Regenschauer zu erwarten. Am wahrscheinlichsten sind sie in den <strong>n\u00f6rdlichen Landesteilen<\/strong> und in den <strong>Dolomiten<\/strong>.&#8220; Und nicht im Unterland! Jetzt, es ist 4.45 Uhr, der Regen hat aufgeh\u00f6rt. Ich kann nur noch hoffen, dass ein unwahrscheinlicher Wind die Trauben schnell trocknet, dann k\u00f6nnte noch heute gelesen werden, ein halber Tag gen\u00fcgt uns. Ansonsten muss ich bis Dienstag warten, und vor den Entwicklungen bis dorthin f\u00fcrchte ich mich.<\/p>\n<p><em>Tutti i quattro servizi meteorologici hanno la classificato la probabilit\u00e0 di precipitazioni nella mia zona come tendente allo zero, quello pi\u00f9 pessimistico ha parlato di &#8222;&#8230;\u00a0qualche rovescio in particolare nelle <strong>Dolomiti<\/strong> e sulla parte <strong>settentrionale<\/strong> della provincia.&#8220; Ma non nella Bassa Atesina! Adesso sono le 4:45, la pioggia \u00e8 cessata. Ormai posso solo sperare che un vento improbabile asciughi le uve, allora si potrebbe vendemmiare, una mezza giornata ci basterebbe. Altrimenti devo aspettare il marted\u00ec e temo gli sviluppi fin l\u00ec<\/em>.<\/p>\n","protected":false},"excerpt":{"rendered":"<p>Ich kann nicht schlafen, deshalb schreibe ich, jetzt. Um 3.00 Uhr haben uns Gewitterdonner und Regengeprassel geweckt. Sofort ist mir in den Kopf geschossen, dass wir heute ja die optimal reifen Chardonnay der bew\u00e4hrten Altanlage &#8222;Ogeaner&#8220; wimmen wollten. Schon Samstags &hellip; <a href=\"https:\/\/www.kobler-margreid.com\/blog\/blog\/2011\/09\/12\/kann-das-entscheidend-sein\/\">Weiterlesen <span class=\"meta-nav\">&rarr;<\/span><\/a><\/p>\n","protected":false},"author":1,"featured_media":0,"comment_status":"open","ping_status":"open","sticky":false,"template":"","format":"standard","meta":{"ngg_post_thumbnail":0,"footnotes":"","_links_to":"","_links_to_target":""},"categories":[15,14],"tags":[166,778,465,777,517,152],"class_list":["post-7158","post","type-post","status-publish","format-standard","hentry","category-keller","category-weingarten","tag-botrytis-cinerea","tag-macerazione","tag-maturazione","tag-mazeration","tag-sudtiroler-chardonnay-ogeaner","tag-traubenreife"],"yoast_head":"<!-- This site is optimized with the Yoast SEO plugin v27.5 - https:\/\/yoast.com\/product\/yoast-seo-wordpress\/ -->\n<title>Kann das entscheidend sein? \u2014 Pu\u00f2 questo essere decisivo? - weinhof KOBLER weblog<\/title>\n<meta name=\"robots\" content=\"index, follow, max-snippet:-1, max-image-preview:large, max-video-preview:-1\" \/>\n<link rel=\"canonical\" href=\"https:\/\/www.kobler-margreid.com\/blog\/blog\/2011\/09\/12\/kann-das-entscheidend-sein\/\" \/>\n<meta property=\"og:locale\" content=\"de_DE\" \/>\n<meta property=\"og:type\" content=\"article\" \/>\n<meta property=\"og:title\" content=\"Kann das entscheidend sein? \u2014 Pu\u00f2 questo essere decisivo? - weinhof KOBLER weblog\" \/>\n<meta property=\"og:description\" content=\"Ich kann nicht schlafen, deshalb schreibe ich, jetzt. Um 3.00 Uhr haben uns Gewitterdonner und Regengeprassel geweckt. Sofort ist mir in den Kopf geschossen, dass wir heute ja die optimal reifen Chardonnay der bew\u00e4hrten Altanlage &#8222;Ogeaner&#8220; wimmen wollten. Schon Samstags &hellip; Weiterlesen &rarr;\" \/>\n<meta property=\"og:url\" content=\"https:\/\/www.kobler-margreid.com\/blog\/blog\/2011\/09\/12\/kann-das-entscheidend-sein\/\" \/>\n<meta property=\"og:site_name\" content=\"weinhof KOBLER weblog\" \/>\n<meta property=\"article:publisher\" content=\"https:\/\/www.facebook.com\/armin.kobler\/\" \/>\n<meta property=\"article:author\" content=\"https:\/\/www.facebook.com\/armin.kobler\/\" \/>\n<meta property=\"article:published_time\" content=\"2011-09-12T03:15:41+00:00\" \/>\n<meta property=\"article:modified_time\" content=\"2011-09-12T05:44:17+00:00\" \/>\n<meta property=\"og:image\" content=\"http:\/\/www.kobler-margreid.com\/blog\/wp-content\/2011\/09\/radarbild_12_09_11.jpg\" \/>\n<meta name=\"author\" content=\"armin kobler\" \/>\n<meta name=\"twitter:card\" content=\"summary_large_image\" \/>\n<meta name=\"twitter:label1\" content=\"Verfasst von\" \/>\n\t<meta name=\"twitter:data1\" content=\"armin kobler\" \/>\n\t<meta name=\"twitter:label2\" content=\"Gesch\u00e4tzte Lesezeit\" \/>\n\t<meta name=\"twitter:data2\" content=\"3\u00a0Minuten\" \/>\n<script type=\"application\/ld+json\" class=\"yoast-schema-graph\">{\"@context\":\"https:\\\/\\\/schema.org\",\"@graph\":[{\"@type\":\"Article\",\"@id\":\"https:\\\/\\\/www.kobler-margreid.com\\\/blog\\\/blog\\\/2011\\\/09\\\/12\\\/kann-das-entscheidend-sein\\\/#article\",\"isPartOf\":{\"@id\":\"https:\\\/\\\/www.kobler-margreid.com\\\/blog\\\/blog\\\/2011\\\/09\\\/12\\\/kann-das-entscheidend-sein\\\/\"},\"author\":{\"name\":\"armin kobler\",\"@id\":\"https:\\\/\\\/www.kobler-margreid.com\\\/blog\\\/#\\\/schema\\\/person\\\/6a2290c17f680f59c1fa7e1c7a36df3a\"},\"headline\":\"Kann das entscheidend sein? \u2014 Pu\u00f2 questo essere decisivo?\",\"datePublished\":\"2011-09-12T03:15:41+00:00\",\"dateModified\":\"2011-09-12T05:44:17+00:00\",\"mainEntityOfPage\":{\"@id\":\"https:\\\/\\\/www.kobler-margreid.com\\\/blog\\\/blog\\\/2011\\\/09\\\/12\\\/kann-das-entscheidend-sein\\\/\"},\"wordCount\":531,\"commentCount\":2,\"publisher\":{\"@id\":\"https:\\\/\\\/www.kobler-margreid.com\\\/blog\\\/#\\\/schema\\\/person\\\/6a2290c17f680f59c1fa7e1c7a36df3a\"},\"image\":{\"@id\":\"https:\\\/\\\/www.kobler-margreid.com\\\/blog\\\/blog\\\/2011\\\/09\\\/12\\\/kann-das-entscheidend-sein\\\/#primaryimage\"},\"thumbnailUrl\":\"http:\\\/\\\/www.kobler-margreid.com\\\/blog\\\/wp-content\\\/2011\\\/09\\\/radarbild_12_09_11.jpg\",\"keywords\":[\"Botrytis cinerea\",\"Macerazione\",\"Maturazione\",\"Mazeration\",\"S\u00fcdtiroler Chardonnay Ogeaner\",\"Traubenreife\"],\"articleSection\":[\"Keller - Cantina\",\"Weingarten - Vigneto\"],\"inLanguage\":\"de\",\"potentialAction\":[{\"@type\":\"CommentAction\",\"name\":\"Comment\",\"target\":[\"https:\\\/\\\/www.kobler-margreid.com\\\/blog\\\/blog\\\/2011\\\/09\\\/12\\\/kann-das-entscheidend-sein\\\/#respond\"]}]},{\"@type\":\"WebPage\",\"@id\":\"https:\\\/\\\/www.kobler-margreid.com\\\/blog\\\/blog\\\/2011\\\/09\\\/12\\\/kann-das-entscheidend-sein\\\/\",\"url\":\"https:\\\/\\\/www.kobler-margreid.com\\\/blog\\\/blog\\\/2011\\\/09\\\/12\\\/kann-das-entscheidend-sein\\\/\",\"name\":\"Kann das entscheidend sein? \u2014 Pu\u00f2 questo essere decisivo? - weinhof KOBLER weblog\",\"isPartOf\":{\"@id\":\"https:\\\/\\\/www.kobler-margreid.com\\\/blog\\\/#website\"},\"primaryImageOfPage\":{\"@id\":\"https:\\\/\\\/www.kobler-margreid.com\\\/blog\\\/blog\\\/2011\\\/09\\\/12\\\/kann-das-entscheidend-sein\\\/#primaryimage\"},\"image\":{\"@id\":\"https:\\\/\\\/www.kobler-margreid.com\\\/blog\\\/blog\\\/2011\\\/09\\\/12\\\/kann-das-entscheidend-sein\\\/#primaryimage\"},\"thumbnailUrl\":\"http:\\\/\\\/www.kobler-margreid.com\\\/blog\\\/wp-content\\\/2011\\\/09\\\/radarbild_12_09_11.jpg\",\"datePublished\":\"2011-09-12T03:15:41+00:00\",\"dateModified\":\"2011-09-12T05:44:17+00:00\",\"breadcrumb\":{\"@id\":\"https:\\\/\\\/www.kobler-margreid.com\\\/blog\\\/blog\\\/2011\\\/09\\\/12\\\/kann-das-entscheidend-sein\\\/#breadcrumb\"},\"inLanguage\":\"de\",\"potentialAction\":[{\"@type\":\"ReadAction\",\"target\":[\"https:\\\/\\\/www.kobler-margreid.com\\\/blog\\\/blog\\\/2011\\\/09\\\/12\\\/kann-das-entscheidend-sein\\\/\"]}]},{\"@type\":\"ImageObject\",\"inLanguage\":\"de\",\"@id\":\"https:\\\/\\\/www.kobler-margreid.com\\\/blog\\\/blog\\\/2011\\\/09\\\/12\\\/kann-das-entscheidend-sein\\\/#primaryimage\",\"url\":\"http:\\\/\\\/www.kobler-margreid.com\\\/blog\\\/wp-content\\\/2011\\\/09\\\/radarbild_12_09_11.jpg\",\"contentUrl\":\"http:\\\/\\\/www.kobler-margreid.com\\\/blog\\\/wp-content\\\/2011\\\/09\\\/radarbild_12_09_11.jpg\"},{\"@type\":\"BreadcrumbList\",\"@id\":\"https:\\\/\\\/www.kobler-margreid.com\\\/blog\\\/blog\\\/2011\\\/09\\\/12\\\/kann-das-entscheidend-sein\\\/#breadcrumb\",\"itemListElement\":[{\"@type\":\"ListItem\",\"position\":1,\"name\":\"Startseite\",\"item\":\"https:\\\/\\\/www.kobler-margreid.com\\\/blog\\\/\"},{\"@type\":\"ListItem\",\"position\":2,\"name\":\"Kann das entscheidend sein? \u2014 Pu\u00f2 questo essere decisivo?\"}]},{\"@type\":\"WebSite\",\"@id\":\"https:\\\/\\\/www.kobler-margreid.com\\\/blog\\\/#website\",\"url\":\"https:\\\/\\\/www.kobler-margreid.com\\\/blog\\\/\",\"name\":\"weinhof KOBLER weblog\",\"description\":\"dem wein ganz nah \u2013 all&#039;interno del vino\",\"publisher\":{\"@id\":\"https:\\\/\\\/www.kobler-margreid.com\\\/blog\\\/#\\\/schema\\\/person\\\/6a2290c17f680f59c1fa7e1c7a36df3a\"},\"potentialAction\":[{\"@type\":\"SearchAction\",\"target\":{\"@type\":\"EntryPoint\",\"urlTemplate\":\"https:\\\/\\\/www.kobler-margreid.com\\\/blog\\\/?s={search_term_string}\"},\"query-input\":{\"@type\":\"PropertyValueSpecification\",\"valueRequired\":true,\"valueName\":\"search_term_string\"}}],\"inLanguage\":\"de\"},{\"@type\":[\"Person\",\"Organization\"],\"@id\":\"https:\\\/\\\/www.kobler-margreid.com\\\/blog\\\/#\\\/schema\\\/person\\\/6a2290c17f680f59c1fa7e1c7a36df3a\",\"name\":\"armin kobler\",\"image\":{\"@type\":\"ImageObject\",\"inLanguage\":\"de\",\"@id\":\"https:\\\/\\\/www.kobler-margreid.com\\\/blog\\\/wp-content\\\/2023\\\/11\\\/2012-05-08_09-33-03a.jpg\",\"url\":\"https:\\\/\\\/www.kobler-margreid.com\\\/blog\\\/wp-content\\\/2023\\\/11\\\/2012-05-08_09-33-03a.jpg\",\"contentUrl\":\"https:\\\/\\\/www.kobler-margreid.com\\\/blog\\\/wp-content\\\/2023\\\/11\\\/2012-05-08_09-33-03a.jpg\",\"width\":1088,\"height\":1184,\"caption\":\"armin kobler\"},\"logo\":{\"@id\":\"https:\\\/\\\/www.kobler-margreid.com\\\/blog\\\/wp-content\\\/2023\\\/11\\\/2012-05-08_09-33-03a.jpg\"},\"sameAs\":[\"http:\\\/\\\/www.kobler-margreid.com\",\"https:\\\/\\\/www.facebook.com\\\/armin.kobler\\\/\"],\"url\":\"https:\\\/\\\/www.kobler-margreid.com\\\/blog\\\/blog\\\/author\\\/admin\\\/\"}]}<\/script>\n<!-- \/ Yoast SEO plugin. -->","yoast_head_json":{"title":"Kann das entscheidend sein? \u2014 Pu\u00f2 questo essere decisivo? - weinhof KOBLER weblog","robots":{"index":"index","follow":"follow","max-snippet":"max-snippet:-1","max-image-preview":"max-image-preview:large","max-video-preview":"max-video-preview:-1"},"canonical":"https:\/\/www.kobler-margreid.com\/blog\/blog\/2011\/09\/12\/kann-das-entscheidend-sein\/","og_locale":"de_DE","og_type":"article","og_title":"Kann das entscheidend sein? \u2014 Pu\u00f2 questo essere decisivo? - weinhof KOBLER weblog","og_description":"Ich kann nicht schlafen, deshalb schreibe ich, jetzt. Um 3.00 Uhr haben uns Gewitterdonner und Regengeprassel geweckt. Sofort ist mir in den Kopf geschossen, dass wir heute ja die optimal reifen Chardonnay der bew\u00e4hrten Altanlage &#8222;Ogeaner&#8220; wimmen wollten. Schon Samstags &hellip; Weiterlesen &rarr;","og_url":"https:\/\/www.kobler-margreid.com\/blog\/blog\/2011\/09\/12\/kann-das-entscheidend-sein\/","og_site_name":"weinhof KOBLER weblog","article_publisher":"https:\/\/www.facebook.com\/armin.kobler\/","article_author":"https:\/\/www.facebook.com\/armin.kobler\/","article_published_time":"2011-09-12T03:15:41+00:00","article_modified_time":"2011-09-12T05:44:17+00:00","og_image":[{"url":"http:\/\/www.kobler-margreid.com\/blog\/wp-content\/2011\/09\/radarbild_12_09_11.jpg","type":"","width":"","height":""}],"author":"armin kobler","twitter_card":"summary_large_image","twitter_misc":{"Verfasst von":"armin kobler","Gesch\u00e4tzte Lesezeit":"3\u00a0Minuten"},"schema":{"@context":"https:\/\/schema.org","@graph":[{"@type":"Article","@id":"https:\/\/www.kobler-margreid.com\/blog\/blog\/2011\/09\/12\/kann-das-entscheidend-sein\/#article","isPartOf":{"@id":"https:\/\/www.kobler-margreid.com\/blog\/blog\/2011\/09\/12\/kann-das-entscheidend-sein\/"},"author":{"name":"armin kobler","@id":"https:\/\/www.kobler-margreid.com\/blog\/#\/schema\/person\/6a2290c17f680f59c1fa7e1c7a36df3a"},"headline":"Kann das entscheidend sein? \u2014 Pu\u00f2 questo essere decisivo?","datePublished":"2011-09-12T03:15:41+00:00","dateModified":"2011-09-12T05:44:17+00:00","mainEntityOfPage":{"@id":"https:\/\/www.kobler-margreid.com\/blog\/blog\/2011\/09\/12\/kann-das-entscheidend-sein\/"},"wordCount":531,"commentCount":2,"publisher":{"@id":"https:\/\/www.kobler-margreid.com\/blog\/#\/schema\/person\/6a2290c17f680f59c1fa7e1c7a36df3a"},"image":{"@id":"https:\/\/www.kobler-margreid.com\/blog\/blog\/2011\/09\/12\/kann-das-entscheidend-sein\/#primaryimage"},"thumbnailUrl":"http:\/\/www.kobler-margreid.com\/blog\/wp-content\/2011\/09\/radarbild_12_09_11.jpg","keywords":["Botrytis cinerea","Macerazione","Maturazione","Mazeration","S\u00fcdtiroler Chardonnay Ogeaner","Traubenreife"],"articleSection":["Keller - Cantina","Weingarten - Vigneto"],"inLanguage":"de","potentialAction":[{"@type":"CommentAction","name":"Comment","target":["https:\/\/www.kobler-margreid.com\/blog\/blog\/2011\/09\/12\/kann-das-entscheidend-sein\/#respond"]}]},{"@type":"WebPage","@id":"https:\/\/www.kobler-margreid.com\/blog\/blog\/2011\/09\/12\/kann-das-entscheidend-sein\/","url":"https:\/\/www.kobler-margreid.com\/blog\/blog\/2011\/09\/12\/kann-das-entscheidend-sein\/","name":"Kann das entscheidend sein? \u2014 Pu\u00f2 questo essere decisivo? - weinhof KOBLER weblog","isPartOf":{"@id":"https:\/\/www.kobler-margreid.com\/blog\/#website"},"primaryImageOfPage":{"@id":"https:\/\/www.kobler-margreid.com\/blog\/blog\/2011\/09\/12\/kann-das-entscheidend-sein\/#primaryimage"},"image":{"@id":"https:\/\/www.kobler-margreid.com\/blog\/blog\/2011\/09\/12\/kann-das-entscheidend-sein\/#primaryimage"},"thumbnailUrl":"http:\/\/www.kobler-margreid.com\/blog\/wp-content\/2011\/09\/radarbild_12_09_11.jpg","datePublished":"2011-09-12T03:15:41+00:00","dateModified":"2011-09-12T05:44:17+00:00","breadcrumb":{"@id":"https:\/\/www.kobler-margreid.com\/blog\/blog\/2011\/09\/12\/kann-das-entscheidend-sein\/#breadcrumb"},"inLanguage":"de","potentialAction":[{"@type":"ReadAction","target":["https:\/\/www.kobler-margreid.com\/blog\/blog\/2011\/09\/12\/kann-das-entscheidend-sein\/"]}]},{"@type":"ImageObject","inLanguage":"de","@id":"https:\/\/www.kobler-margreid.com\/blog\/blog\/2011\/09\/12\/kann-das-entscheidend-sein\/#primaryimage","url":"http:\/\/www.kobler-margreid.com\/blog\/wp-content\/2011\/09\/radarbild_12_09_11.jpg","contentUrl":"http:\/\/www.kobler-margreid.com\/blog\/wp-content\/2011\/09\/radarbild_12_09_11.jpg"},{"@type":"BreadcrumbList","@id":"https:\/\/www.kobler-margreid.com\/blog\/blog\/2011\/09\/12\/kann-das-entscheidend-sein\/#breadcrumb","itemListElement":[{"@type":"ListItem","position":1,"name":"Startseite","item":"https:\/\/www.kobler-margreid.com\/blog\/"},{"@type":"ListItem","position":2,"name":"Kann das entscheidend sein? \u2014 Pu\u00f2 questo essere decisivo?"}]},{"@type":"WebSite","@id":"https:\/\/www.kobler-margreid.com\/blog\/#website","url":"https:\/\/www.kobler-margreid.com\/blog\/","name":"weinhof KOBLER weblog","description":"dem wein ganz nah \u2013 all&#039;interno del vino","publisher":{"@id":"https:\/\/www.kobler-margreid.com\/blog\/#\/schema\/person\/6a2290c17f680f59c1fa7e1c7a36df3a"},"potentialAction":[{"@type":"SearchAction","target":{"@type":"EntryPoint","urlTemplate":"https:\/\/www.kobler-margreid.com\/blog\/?s={search_term_string}"},"query-input":{"@type":"PropertyValueSpecification","valueRequired":true,"valueName":"search_term_string"}}],"inLanguage":"de"},{"@type":["Person","Organization"],"@id":"https:\/\/www.kobler-margreid.com\/blog\/#\/schema\/person\/6a2290c17f680f59c1fa7e1c7a36df3a","name":"armin kobler","image":{"@type":"ImageObject","inLanguage":"de","@id":"https:\/\/www.kobler-margreid.com\/blog\/wp-content\/2023\/11\/2012-05-08_09-33-03a.jpg","url":"https:\/\/www.kobler-margreid.com\/blog\/wp-content\/2023\/11\/2012-05-08_09-33-03a.jpg","contentUrl":"https:\/\/www.kobler-margreid.com\/blog\/wp-content\/2023\/11\/2012-05-08_09-33-03a.jpg","width":1088,"height":1184,"caption":"armin kobler"},"logo":{"@id":"https:\/\/www.kobler-margreid.com\/blog\/wp-content\/2023\/11\/2012-05-08_09-33-03a.jpg"},"sameAs":["http:\/\/www.kobler-margreid.com","https:\/\/www.facebook.com\/armin.kobler\/"],"url":"https:\/\/www.kobler-margreid.com\/blog\/blog\/author\/admin\/"}]}},"_links":{"self":[{"href":"https:\/\/www.kobler-margreid.com\/blog\/wp-json\/wp\/v2\/posts\/7158","targetHints":{"allow":["GET"]}}],"collection":[{"href":"https:\/\/www.kobler-margreid.com\/blog\/wp-json\/wp\/v2\/posts"}],"about":[{"href":"https:\/\/www.kobler-margreid.com\/blog\/wp-json\/wp\/v2\/types\/post"}],"author":[{"embeddable":true,"href":"https:\/\/www.kobler-margreid.com\/blog\/wp-json\/wp\/v2\/users\/1"}],"replies":[{"embeddable":true,"href":"https:\/\/www.kobler-margreid.com\/blog\/wp-json\/wp\/v2\/comments?post=7158"}],"version-history":[{"count":0,"href":"https:\/\/www.kobler-margreid.com\/blog\/wp-json\/wp\/v2\/posts\/7158\/revisions"}],"wp:attachment":[{"href":"https:\/\/www.kobler-margreid.com\/blog\/wp-json\/wp\/v2\/media?parent=7158"}],"wp:term":[{"taxonomy":"category","embeddable":true,"href":"https:\/\/www.kobler-margreid.com\/blog\/wp-json\/wp\/v2\/categories?post=7158"},{"taxonomy":"post_tag","embeddable":true,"href":"https:\/\/www.kobler-margreid.com\/blog\/wp-json\/wp\/v2\/tags?post=7158"}],"curies":[{"name":"wp","href":"https:\/\/api.w.org\/{rel}","templated":true}]}}