{"id":7469,"date":"2011-10-31T23:49:59","date_gmt":"2011-10-31T22:49:59","guid":{"rendered":"http:\/\/www.kobler-margreid.com\/blog\/?p=7469"},"modified":"2011-10-31T23:49:59","modified_gmt":"2011-10-31T22:49:59","slug":"app-suedtiroler-weinstrasse_strada-del-vino-dellalto-adige","status":"publish","type":"post","link":"https:\/\/www.kobler-margreid.com\/blog\/blog\/2011\/10\/31\/app-suedtiroler-weinstrasse_strada-del-vino-dellalto-adige\/","title":{"rendered":"App: S\u00fcdtiroler Weinstra\u00dfe \u2014 Strada del Vino dell&#8217;Alto Adige"},"content":{"rendered":"<p><a href=\"http:\/\/www.kobler-margreid.com\/blog\/wp-content\/2011\/10\/IMG_1201.png\" rel=\"lightbox[7469]\"><img loading=\"lazy\" decoding=\"async\" class=\"float right alignright size-full wp-image-7484\" style=\"border-style: initial; border-color: initial; margin-top: 4px; margin-bottom: 4px; border-width: 0px;\" title=\"IMG_1201\" src=\"http:\/\/www.kobler-margreid.com\/blog\/wp-content\/2011\/10\/IMG_1201.png\" alt=\"\" width=\"238\" height=\"357\" srcset=\"https:\/\/www.kobler-margreid.com\/blog\/wp-content\/2011\/10\/IMG_1201.png 640w, https:\/\/www.kobler-margreid.com\/blog\/wp-content\/2011\/10\/IMG_1201-200x300.png 200w\" sizes=\"auto, (max-width: 238px) 100vw, 238px\" \/><\/a><a href=\"http:\/\/www.kobler-margreid.com\/blog\/wp-content\/2011\/10\/2011-10-31_23-30-02.png\" rel=\"lightbox[7469]\"><img loading=\"lazy\" decoding=\"async\" class=\"float left alignleft size-full wp-image-7488\" style=\"border-style: initial; border-color: initial; margin-right: 0px; margin-left: 0px; margin-top: 4px; margin-bottom: 4px; border-width: 0px;\" title=\"2011-10-31_23-30-02\" src=\"http:\/\/www.kobler-margreid.com\/blog\/wp-content\/2011\/10\/2011-10-31_23-30-02.png\" alt=\"\" width=\"238\" height=\"357\" srcset=\"https:\/\/www.kobler-margreid.com\/blog\/wp-content\/2011\/10\/2011-10-31_23-30-02.png 640w, https:\/\/www.kobler-margreid.com\/blog\/wp-content\/2011\/10\/2011-10-31_23-30-02-200x300.png 200w\" sizes=\"auto, (max-width: 238px) 100vw, 238px\" \/><\/a>P\u00fcnktlich zum Weinfestival von Meran hat die Vereinigung <a title=\"S\u00fcdtiroler Weinstra\u00dfe\" href=\"http:\/\/www.suedtiroler-weinstrasse.it\/deutsch\" target=\"_blank\">S\u00fcdtiroler Weinstra\u00dfe<\/a> eine sehr n\u00fctzliche App herausgebracht.<\/p>\n<p><em>Puntuale all&#8217;occasione del Winefestival di Merano la\u00a0<a title=\"Strada del Vino\" href=\"http:\/\/www.suedtiroler-weinstrasse.it\/italiano\" target=\"_blank\">Strada del Vino dell&#8217;Alto Adige<\/a>\u00a0ha pubblicato un&#8217;app molto utile.<\/em><\/p>\n<p><em><\/em><!--more--><\/p>\n<p>&#8222;Die offizielle App um die S\u00fcdtiroler Weinstra\u00dfe zu entdecken und zu erleben. Sie kann \u00fcberall verwendet werden: sei es vor Ort als auch zu Hause bei der Urlaubsplanung.\u00a0Die Applikation f\u00fcr iPhone und Android erm\u00f6glicht es, die eigene Position auf Google Maps zu lokalisieren und gleichzeitig n\u00fctzliche Adressen, Telefonnummern, E-Mail und Web-Adressen an der S\u00fcdtiroler Weinstra\u00dfe zu finden.<\/p>\n<p>Die Hauptfunktionen des Reisef\u00fchrers der S\u00fcdtiroler Weinstra\u00dfe sind:<\/p>\n<ol>\n<li>Liste der Kellereien, Weing\u00fcter und Brennereien an der S\u00fcdtiroler Weinstra\u00dfe<\/li>\n<li>Informationen zur S\u00fcdtiroler Weinstra\u00dfe, deren Weine und Gemeinden<\/li>\n<li>Liste der Veranstaltungen und Highlights rund um das Thema Wein<\/li>\n<li>Eigene Lokalisierung auf der Karte<\/li>\n<li>Anzeige der Entfernung von der eigenen Position bis zum gew\u00fcnschten Punkt<\/li>\n<li>Direkte Verbindung durch Telefon und E-Mail an die Kontakte<\/li>\n<li>Fotogalerie mit den sch\u00f6nsten Bildern&#8220;<\/li>\n<\/ol>\n<p>Die dreisprachige App ist in der Version f\u00fcr iPhone (<a title=\"App Store\" href=\"http:\/\/itunes.apple.com\/it\/app\/id463254183\" target=\"_blank\">App Store<\/a>) und f\u00fcr Android-Smarthphones (<a title=\"Android Market\" href=\"https:\/\/market.android.com\/details?id=sinfo.android.mobileguide&amp;hl=it\" target=\"_blank\">Android Market<\/a>) kostenlos erh\u00e4ltlich.<\/p>\n<div style=\"text-align: left;\"><em><a href=\"http:\/\/www.kobler-margreid.com\/blog\/wp-content\/2011\/10\/2011-10-31_23-28-30.png\" rel=\"lightbox[7469]\"><img loading=\"lazy\" decoding=\"async\" class=\"float left alignleft size-full wp-image-7490\" style=\"border-style: initial; border-color: initial; margin-top: 4px; margin-bottom: 4px; border-width: 0px;\" title=\"2011-10-31_23-28-30\" src=\"http:\/\/www.kobler-margreid.com\/blog\/wp-content\/2011\/10\/2011-10-31_23-28-30.png\" alt=\"\" width=\"238\" height=\"357\" srcset=\"https:\/\/www.kobler-margreid.com\/blog\/wp-content\/2011\/10\/2011-10-31_23-28-30.png 640w, https:\/\/www.kobler-margreid.com\/blog\/wp-content\/2011\/10\/2011-10-31_23-28-30-200x300.png 200w\" sizes=\"auto, (max-width: 238px) 100vw, 238px\" \/><\/a><a href=\"http:\/\/www.kobler-margreid.com\/blog\/wp-content\/2011\/10\/2011-10-31_20-04-04.png\" rel=\"lightbox[7469]\"><img loading=\"lazy\" decoding=\"async\" class=\"float right alignright size-full wp-image-7492\" style=\"border-style: initial; border-color: initial; margin-right: 0px; margin-left: 0px; margin-top: 4px; margin-bottom: 4px; border-width: 0px;\" title=\"2011-10-31_20-04-04\" src=\"http:\/\/www.kobler-margreid.com\/blog\/wp-content\/2011\/10\/2011-10-31_20-04-04.png\" alt=\"\" width=\"238\" height=\"357\" srcset=\"https:\/\/www.kobler-margreid.com\/blog\/wp-content\/2011\/10\/2011-10-31_20-04-04.png 640w, https:\/\/www.kobler-margreid.com\/blog\/wp-content\/2011\/10\/2011-10-31_20-04-04-200x300.png 200w\" sizes=\"auto, (max-width: 238px) 100vw, 238px\" \/><\/a><\/em><\/div>\n<div style=\"text-align: left;\"><em>&#8222;L&#8217;applicazione ufficiale per iPhone e Android per esplorare e conoscere la Strada del Vino dell&#8217;Alto Adige. Pu\u00f2 essere utilizzata su tutto il territorio e anche in fase di preparazione della vostra vacanza sulla Strada del Vino dell&#8217;Alto Adige.\u00a0Arricchita da fantastiche immagini, questa guida vi permetter\u00e0 di trovare cantine e tenute vinicole, manifestazioni attorno al vino, indirizzi e contatti e-mail e pagine web, oltre a localizzare la vostra posizione su Google maps.<\/em><em>Le caratteristiche principali della guida mobile della Strada del Vino dell&#8217;Alto Adige:<\/em><\/div>\n<div style=\"text-align: left;\">\n<ol>\n<li><em>Lista delle cantine e tenute della Strada del Vino dell&#8217;Alto Adige<\/em><\/li>\n<li><em>Informazioni generali sulla Strada del Vino e i suoi comuni<\/em><\/li>\n<li><em>Lista degli eventi e manifestazioni attorno al tema vino sulla Strada del Vino nel corso dell&#8217;anno<\/em><\/li>\n<li><em>Galleria immagini con le pi\u00f9 belle foto dei paesaggi della Strada del Vino<\/em><\/li>\n<li><em>Indicazioni delle distanze alla meta prescelta<\/em><\/li>\n<li><em>Risultati della ricerca in base alla propria posizione<\/em><\/li>\n<li><em>Lista degli alloggi e ristoranti sulla Strada del Vino dell&#8217;Alto Adige<\/em><\/li>\n<li><em>Tutti contatti completi di numero di telefono e indirizzo email&#8220;<\/em><\/li>\n<\/ol>\n<p><em>L&#8217;app trilingue \u00e8 scaricabile gratuitamente in versione per\u00a0iPhone (<a title=\"App Store\" href=\"http:\/\/itunes.apple.com\/it\/app\/id463254183\" target=\"_blank\">App Store<\/a>) e per smarthphones con sistema operativo <\/em><em>Android\u00a0<\/em>(<a title=\"Android Market\" href=\"https:\/\/market.android.com\/details?id=sinfo.android.mobileguide&amp;hl=it\" target=\"_blank\">Android Market<\/a>).<\/p>\n<\/div>\n<p>Leider wurde in der aktuellen Version 1.0.2 versehentlich unser Weinhof noch nicht aufgenommen. Einzig im Untermenu Wein &amp; Architektur scheint der Betrieb als weinraum KOBLER auf.<\/p>\n<p><em>Purtroppo \u00e8 stato dimenticato nella versione attuale 1.0.2 di inserire anche il nostro maso. Solamente nel menu Architettura &amp; Vino figura l&#8217;azienda con il weinraum KOBLER.<\/em><\/p>\n","protected":false},"excerpt":{"rendered":"<p>P\u00fcnktlich zum Weinfestival von Meran hat die Vereinigung S\u00fcdtiroler Weinstra\u00dfe eine sehr n\u00fctzliche App herausgebracht. Puntuale all&#8217;occasione del Winefestival di Merano la\u00a0Strada del Vino dell&#8217;Alto Adige\u00a0ha pubblicato un&#8217;app molto utile.<\/p>\n","protected":false},"author":1,"featured_media":0,"comment_status":"open","ping_status":"open","sticky":false,"template":"","format":"standard","meta":{"ngg_post_thumbnail":0,"footnotes":"","_links_to":"","_links_to_target":""},"categories":[208,209],"tags":[989,988,587,990,564,563],"class_list":["post-7469","post","type-post","status-publish","format-standard","hentry","category-computer","category-internet","tag-android","tag-app","tag-iphone","tag-smartphone","tag-strada-del-vino","tag-sudtiroler-weinstrase"],"yoast_head":"<!-- This site is optimized with the Yoast SEO plugin v27.5 - https:\/\/yoast.com\/product\/yoast-seo-wordpress\/ -->\n<title>App: S\u00fcdtiroler Weinstra\u00dfe \u2014 Strada del Vino dell&#039;Alto Adige - weinhof KOBLER weblog<\/title>\n<meta name=\"robots\" content=\"index, follow, max-snippet:-1, max-image-preview:large, max-video-preview:-1\" \/>\n<link rel=\"canonical\" href=\"https:\/\/www.kobler-margreid.com\/blog\/blog\/2011\/10\/31\/app-suedtiroler-weinstrasse_strada-del-vino-dellalto-adige\/\" \/>\n<meta property=\"og:locale\" content=\"de_DE\" \/>\n<meta property=\"og:type\" content=\"article\" \/>\n<meta property=\"og:title\" content=\"App: S\u00fcdtiroler Weinstra\u00dfe \u2014 Strada del Vino dell&#039;Alto Adige - weinhof KOBLER weblog\" \/>\n<meta property=\"og:description\" content=\"P\u00fcnktlich zum Weinfestival von Meran hat die Vereinigung S\u00fcdtiroler Weinstra\u00dfe eine sehr n\u00fctzliche App herausgebracht. Puntuale all&#8217;occasione del Winefestival di Merano la\u00a0Strada del Vino dell&#8217;Alto Adige\u00a0ha pubblicato un&#8217;app molto utile.\" \/>\n<meta property=\"og:url\" content=\"https:\/\/www.kobler-margreid.com\/blog\/blog\/2011\/10\/31\/app-suedtiroler-weinstrasse_strada-del-vino-dellalto-adige\/\" \/>\n<meta property=\"og:site_name\" content=\"weinhof KOBLER weblog\" \/>\n<meta property=\"article:publisher\" content=\"https:\/\/www.facebook.com\/armin.kobler\/\" \/>\n<meta property=\"article:author\" content=\"https:\/\/www.facebook.com\/armin.kobler\/\" \/>\n<meta property=\"article:published_time\" content=\"2011-10-31T22:49:59+00:00\" \/>\n<meta property=\"og:image\" content=\"http:\/\/www.kobler-margreid.com\/blog\/wp-content\/2011\/10\/IMG_1201.png\" \/>\n<meta name=\"author\" content=\"armin kobler\" \/>\n<meta name=\"twitter:card\" content=\"summary_large_image\" \/>\n<meta name=\"twitter:label1\" content=\"Verfasst von\" \/>\n\t<meta name=\"twitter:data1\" content=\"armin kobler\" \/>\n\t<meta name=\"twitter:label2\" content=\"Gesch\u00e4tzte Lesezeit\" \/>\n\t<meta name=\"twitter:data2\" content=\"2\u00a0Minuten\" \/>\n<script type=\"application\/ld+json\" class=\"yoast-schema-graph\">{\"@context\":\"https:\\\/\\\/schema.org\",\"@graph\":[{\"@type\":\"Article\",\"@id\":\"https:\\\/\\\/www.kobler-margreid.com\\\/blog\\\/blog\\\/2011\\\/10\\\/31\\\/app-suedtiroler-weinstrasse_strada-del-vino-dellalto-adige\\\/#article\",\"isPartOf\":{\"@id\":\"https:\\\/\\\/www.kobler-margreid.com\\\/blog\\\/blog\\\/2011\\\/10\\\/31\\\/app-suedtiroler-weinstrasse_strada-del-vino-dellalto-adige\\\/\"},\"author\":{\"name\":\"armin kobler\",\"@id\":\"https:\\\/\\\/www.kobler-margreid.com\\\/blog\\\/#\\\/schema\\\/person\\\/6a2290c17f680f59c1fa7e1c7a36df3a\"},\"headline\":\"App: S\u00fcdtiroler Weinstra\u00dfe \u2014 Strada del Vino dell&#8217;Alto Adige\",\"datePublished\":\"2011-10-31T22:49:59+00:00\",\"mainEntityOfPage\":{\"@id\":\"https:\\\/\\\/www.kobler-margreid.com\\\/blog\\\/blog\\\/2011\\\/10\\\/31\\\/app-suedtiroler-weinstrasse_strada-del-vino-dellalto-adige\\\/\"},\"wordCount\":445,\"commentCount\":3,\"publisher\":{\"@id\":\"https:\\\/\\\/www.kobler-margreid.com\\\/blog\\\/#\\\/schema\\\/person\\\/6a2290c17f680f59c1fa7e1c7a36df3a\"},\"image\":{\"@id\":\"https:\\\/\\\/www.kobler-margreid.com\\\/blog\\\/blog\\\/2011\\\/10\\\/31\\\/app-suedtiroler-weinstrasse_strada-del-vino-dellalto-adige\\\/#primaryimage\"},\"thumbnailUrl\":\"http:\\\/\\\/www.kobler-margreid.com\\\/blog\\\/wp-content\\\/2011\\\/10\\\/IMG_1201.png\",\"keywords\":[\"Android\",\"App\",\"iPhone\",\"Smartphone\",\"Strada del Vino\",\"S\u00fcdtiroler Weinstra\u00dfe\"],\"articleSection\":[\"Computer\",\"Internet\"],\"inLanguage\":\"de\",\"potentialAction\":[{\"@type\":\"CommentAction\",\"name\":\"Comment\",\"target\":[\"https:\\\/\\\/www.kobler-margreid.com\\\/blog\\\/blog\\\/2011\\\/10\\\/31\\\/app-suedtiroler-weinstrasse_strada-del-vino-dellalto-adige\\\/#respond\"]}]},{\"@type\":\"WebPage\",\"@id\":\"https:\\\/\\\/www.kobler-margreid.com\\\/blog\\\/blog\\\/2011\\\/10\\\/31\\\/app-suedtiroler-weinstrasse_strada-del-vino-dellalto-adige\\\/\",\"url\":\"https:\\\/\\\/www.kobler-margreid.com\\\/blog\\\/blog\\\/2011\\\/10\\\/31\\\/app-suedtiroler-weinstrasse_strada-del-vino-dellalto-adige\\\/\",\"name\":\"App: S\u00fcdtiroler Weinstra\u00dfe \u2014 Strada del Vino dell'Alto Adige - weinhof KOBLER weblog\",\"isPartOf\":{\"@id\":\"https:\\\/\\\/www.kobler-margreid.com\\\/blog\\\/#website\"},\"primaryImageOfPage\":{\"@id\":\"https:\\\/\\\/www.kobler-margreid.com\\\/blog\\\/blog\\\/2011\\\/10\\\/31\\\/app-suedtiroler-weinstrasse_strada-del-vino-dellalto-adige\\\/#primaryimage\"},\"image\":{\"@id\":\"https:\\\/\\\/www.kobler-margreid.com\\\/blog\\\/blog\\\/2011\\\/10\\\/31\\\/app-suedtiroler-weinstrasse_strada-del-vino-dellalto-adige\\\/#primaryimage\"},\"thumbnailUrl\":\"http:\\\/\\\/www.kobler-margreid.com\\\/blog\\\/wp-content\\\/2011\\\/10\\\/IMG_1201.png\",\"datePublished\":\"2011-10-31T22:49:59+00:00\",\"breadcrumb\":{\"@id\":\"https:\\\/\\\/www.kobler-margreid.com\\\/blog\\\/blog\\\/2011\\\/10\\\/31\\\/app-suedtiroler-weinstrasse_strada-del-vino-dellalto-adige\\\/#breadcrumb\"},\"inLanguage\":\"de\",\"potentialAction\":[{\"@type\":\"ReadAction\",\"target\":[\"https:\\\/\\\/www.kobler-margreid.com\\\/blog\\\/blog\\\/2011\\\/10\\\/31\\\/app-suedtiroler-weinstrasse_strada-del-vino-dellalto-adige\\\/\"]}]},{\"@type\":\"ImageObject\",\"inLanguage\":\"de\",\"@id\":\"https:\\\/\\\/www.kobler-margreid.com\\\/blog\\\/blog\\\/2011\\\/10\\\/31\\\/app-suedtiroler-weinstrasse_strada-del-vino-dellalto-adige\\\/#primaryimage\",\"url\":\"http:\\\/\\\/www.kobler-margreid.com\\\/blog\\\/wp-content\\\/2011\\\/10\\\/IMG_1201.png\",\"contentUrl\":\"http:\\\/\\\/www.kobler-margreid.com\\\/blog\\\/wp-content\\\/2011\\\/10\\\/IMG_1201.png\"},{\"@type\":\"BreadcrumbList\",\"@id\":\"https:\\\/\\\/www.kobler-margreid.com\\\/blog\\\/blog\\\/2011\\\/10\\\/31\\\/app-suedtiroler-weinstrasse_strada-del-vino-dellalto-adige\\\/#breadcrumb\",\"itemListElement\":[{\"@type\":\"ListItem\",\"position\":1,\"name\":\"Startseite\",\"item\":\"https:\\\/\\\/www.kobler-margreid.com\\\/blog\\\/\"},{\"@type\":\"ListItem\",\"position\":2,\"name\":\"App: S\u00fcdtiroler Weinstra\u00dfe \u2014 Strada del Vino dell&#8217;Alto Adige\"}]},{\"@type\":\"WebSite\",\"@id\":\"https:\\\/\\\/www.kobler-margreid.com\\\/blog\\\/#website\",\"url\":\"https:\\\/\\\/www.kobler-margreid.com\\\/blog\\\/\",\"name\":\"weinhof KOBLER weblog\",\"description\":\"dem wein ganz nah \u2013 all&#039;interno del vino\",\"publisher\":{\"@id\":\"https:\\\/\\\/www.kobler-margreid.com\\\/blog\\\/#\\\/schema\\\/person\\\/6a2290c17f680f59c1fa7e1c7a36df3a\"},\"potentialAction\":[{\"@type\":\"SearchAction\",\"target\":{\"@type\":\"EntryPoint\",\"urlTemplate\":\"https:\\\/\\\/www.kobler-margreid.com\\\/blog\\\/?s={search_term_string}\"},\"query-input\":{\"@type\":\"PropertyValueSpecification\",\"valueRequired\":true,\"valueName\":\"search_term_string\"}}],\"inLanguage\":\"de\"},{\"@type\":[\"Person\",\"Organization\"],\"@id\":\"https:\\\/\\\/www.kobler-margreid.com\\\/blog\\\/#\\\/schema\\\/person\\\/6a2290c17f680f59c1fa7e1c7a36df3a\",\"name\":\"armin kobler\",\"image\":{\"@type\":\"ImageObject\",\"inLanguage\":\"de\",\"@id\":\"https:\\\/\\\/www.kobler-margreid.com\\\/blog\\\/wp-content\\\/2023\\\/11\\\/2012-05-08_09-33-03a.jpg\",\"url\":\"https:\\\/\\\/www.kobler-margreid.com\\\/blog\\\/wp-content\\\/2023\\\/11\\\/2012-05-08_09-33-03a.jpg\",\"contentUrl\":\"https:\\\/\\\/www.kobler-margreid.com\\\/blog\\\/wp-content\\\/2023\\\/11\\\/2012-05-08_09-33-03a.jpg\",\"width\":1088,\"height\":1184,\"caption\":\"armin kobler\"},\"logo\":{\"@id\":\"https:\\\/\\\/www.kobler-margreid.com\\\/blog\\\/wp-content\\\/2023\\\/11\\\/2012-05-08_09-33-03a.jpg\"},\"sameAs\":[\"http:\\\/\\\/www.kobler-margreid.com\",\"https:\\\/\\\/www.facebook.com\\\/armin.kobler\\\/\"],\"url\":\"https:\\\/\\\/www.kobler-margreid.com\\\/blog\\\/blog\\\/author\\\/admin\\\/\"}]}<\/script>\n<!-- \/ Yoast SEO plugin. -->","yoast_head_json":{"title":"App: S\u00fcdtiroler Weinstra\u00dfe \u2014 Strada del Vino dell'Alto Adige - weinhof KOBLER weblog","robots":{"index":"index","follow":"follow","max-snippet":"max-snippet:-1","max-image-preview":"max-image-preview:large","max-video-preview":"max-video-preview:-1"},"canonical":"https:\/\/www.kobler-margreid.com\/blog\/blog\/2011\/10\/31\/app-suedtiroler-weinstrasse_strada-del-vino-dellalto-adige\/","og_locale":"de_DE","og_type":"article","og_title":"App: S\u00fcdtiroler Weinstra\u00dfe \u2014 Strada del Vino dell'Alto Adige - weinhof KOBLER weblog","og_description":"P\u00fcnktlich zum Weinfestival von Meran hat die Vereinigung S\u00fcdtiroler Weinstra\u00dfe eine sehr n\u00fctzliche App herausgebracht. Puntuale all&#8217;occasione del Winefestival di Merano la\u00a0Strada del Vino dell&#8217;Alto Adige\u00a0ha pubblicato un&#8217;app molto utile.","og_url":"https:\/\/www.kobler-margreid.com\/blog\/blog\/2011\/10\/31\/app-suedtiroler-weinstrasse_strada-del-vino-dellalto-adige\/","og_site_name":"weinhof KOBLER weblog","article_publisher":"https:\/\/www.facebook.com\/armin.kobler\/","article_author":"https:\/\/www.facebook.com\/armin.kobler\/","article_published_time":"2011-10-31T22:49:59+00:00","og_image":[{"url":"http:\/\/www.kobler-margreid.com\/blog\/wp-content\/2011\/10\/IMG_1201.png","type":"","width":"","height":""}],"author":"armin kobler","twitter_card":"summary_large_image","twitter_misc":{"Verfasst von":"armin kobler","Gesch\u00e4tzte Lesezeit":"2\u00a0Minuten"},"schema":{"@context":"https:\/\/schema.org","@graph":[{"@type":"Article","@id":"https:\/\/www.kobler-margreid.com\/blog\/blog\/2011\/10\/31\/app-suedtiroler-weinstrasse_strada-del-vino-dellalto-adige\/#article","isPartOf":{"@id":"https:\/\/www.kobler-margreid.com\/blog\/blog\/2011\/10\/31\/app-suedtiroler-weinstrasse_strada-del-vino-dellalto-adige\/"},"author":{"name":"armin kobler","@id":"https:\/\/www.kobler-margreid.com\/blog\/#\/schema\/person\/6a2290c17f680f59c1fa7e1c7a36df3a"},"headline":"App: S\u00fcdtiroler Weinstra\u00dfe \u2014 Strada del Vino dell&#8217;Alto Adige","datePublished":"2011-10-31T22:49:59+00:00","mainEntityOfPage":{"@id":"https:\/\/www.kobler-margreid.com\/blog\/blog\/2011\/10\/31\/app-suedtiroler-weinstrasse_strada-del-vino-dellalto-adige\/"},"wordCount":445,"commentCount":3,"publisher":{"@id":"https:\/\/www.kobler-margreid.com\/blog\/#\/schema\/person\/6a2290c17f680f59c1fa7e1c7a36df3a"},"image":{"@id":"https:\/\/www.kobler-margreid.com\/blog\/blog\/2011\/10\/31\/app-suedtiroler-weinstrasse_strada-del-vino-dellalto-adige\/#primaryimage"},"thumbnailUrl":"http:\/\/www.kobler-margreid.com\/blog\/wp-content\/2011\/10\/IMG_1201.png","keywords":["Android","App","iPhone","Smartphone","Strada del Vino","S\u00fcdtiroler Weinstra\u00dfe"],"articleSection":["Computer","Internet"],"inLanguage":"de","potentialAction":[{"@type":"CommentAction","name":"Comment","target":["https:\/\/www.kobler-margreid.com\/blog\/blog\/2011\/10\/31\/app-suedtiroler-weinstrasse_strada-del-vino-dellalto-adige\/#respond"]}]},{"@type":"WebPage","@id":"https:\/\/www.kobler-margreid.com\/blog\/blog\/2011\/10\/31\/app-suedtiroler-weinstrasse_strada-del-vino-dellalto-adige\/","url":"https:\/\/www.kobler-margreid.com\/blog\/blog\/2011\/10\/31\/app-suedtiroler-weinstrasse_strada-del-vino-dellalto-adige\/","name":"App: S\u00fcdtiroler Weinstra\u00dfe \u2014 Strada del Vino dell'Alto Adige - weinhof KOBLER weblog","isPartOf":{"@id":"https:\/\/www.kobler-margreid.com\/blog\/#website"},"primaryImageOfPage":{"@id":"https:\/\/www.kobler-margreid.com\/blog\/blog\/2011\/10\/31\/app-suedtiroler-weinstrasse_strada-del-vino-dellalto-adige\/#primaryimage"},"image":{"@id":"https:\/\/www.kobler-margreid.com\/blog\/blog\/2011\/10\/31\/app-suedtiroler-weinstrasse_strada-del-vino-dellalto-adige\/#primaryimage"},"thumbnailUrl":"http:\/\/www.kobler-margreid.com\/blog\/wp-content\/2011\/10\/IMG_1201.png","datePublished":"2011-10-31T22:49:59+00:00","breadcrumb":{"@id":"https:\/\/www.kobler-margreid.com\/blog\/blog\/2011\/10\/31\/app-suedtiroler-weinstrasse_strada-del-vino-dellalto-adige\/#breadcrumb"},"inLanguage":"de","potentialAction":[{"@type":"ReadAction","target":["https:\/\/www.kobler-margreid.com\/blog\/blog\/2011\/10\/31\/app-suedtiroler-weinstrasse_strada-del-vino-dellalto-adige\/"]}]},{"@type":"ImageObject","inLanguage":"de","@id":"https:\/\/www.kobler-margreid.com\/blog\/blog\/2011\/10\/31\/app-suedtiroler-weinstrasse_strada-del-vino-dellalto-adige\/#primaryimage","url":"http:\/\/www.kobler-margreid.com\/blog\/wp-content\/2011\/10\/IMG_1201.png","contentUrl":"http:\/\/www.kobler-margreid.com\/blog\/wp-content\/2011\/10\/IMG_1201.png"},{"@type":"BreadcrumbList","@id":"https:\/\/www.kobler-margreid.com\/blog\/blog\/2011\/10\/31\/app-suedtiroler-weinstrasse_strada-del-vino-dellalto-adige\/#breadcrumb","itemListElement":[{"@type":"ListItem","position":1,"name":"Startseite","item":"https:\/\/www.kobler-margreid.com\/blog\/"},{"@type":"ListItem","position":2,"name":"App: S\u00fcdtiroler Weinstra\u00dfe \u2014 Strada del Vino dell&#8217;Alto Adige"}]},{"@type":"WebSite","@id":"https:\/\/www.kobler-margreid.com\/blog\/#website","url":"https:\/\/www.kobler-margreid.com\/blog\/","name":"weinhof KOBLER weblog","description":"dem wein ganz nah \u2013 all&#039;interno del vino","publisher":{"@id":"https:\/\/www.kobler-margreid.com\/blog\/#\/schema\/person\/6a2290c17f680f59c1fa7e1c7a36df3a"},"potentialAction":[{"@type":"SearchAction","target":{"@type":"EntryPoint","urlTemplate":"https:\/\/www.kobler-margreid.com\/blog\/?s={search_term_string}"},"query-input":{"@type":"PropertyValueSpecification","valueRequired":true,"valueName":"search_term_string"}}],"inLanguage":"de"},{"@type":["Person","Organization"],"@id":"https:\/\/www.kobler-margreid.com\/blog\/#\/schema\/person\/6a2290c17f680f59c1fa7e1c7a36df3a","name":"armin kobler","image":{"@type":"ImageObject","inLanguage":"de","@id":"https:\/\/www.kobler-margreid.com\/blog\/wp-content\/2023\/11\/2012-05-08_09-33-03a.jpg","url":"https:\/\/www.kobler-margreid.com\/blog\/wp-content\/2023\/11\/2012-05-08_09-33-03a.jpg","contentUrl":"https:\/\/www.kobler-margreid.com\/blog\/wp-content\/2023\/11\/2012-05-08_09-33-03a.jpg","width":1088,"height":1184,"caption":"armin kobler"},"logo":{"@id":"https:\/\/www.kobler-margreid.com\/blog\/wp-content\/2023\/11\/2012-05-08_09-33-03a.jpg"},"sameAs":["http:\/\/www.kobler-margreid.com","https:\/\/www.facebook.com\/armin.kobler\/"],"url":"https:\/\/www.kobler-margreid.com\/blog\/blog\/author\/admin\/"}]}},"_links":{"self":[{"href":"https:\/\/www.kobler-margreid.com\/blog\/wp-json\/wp\/v2\/posts\/7469","targetHints":{"allow":["GET"]}}],"collection":[{"href":"https:\/\/www.kobler-margreid.com\/blog\/wp-json\/wp\/v2\/posts"}],"about":[{"href":"https:\/\/www.kobler-margreid.com\/blog\/wp-json\/wp\/v2\/types\/post"}],"author":[{"embeddable":true,"href":"https:\/\/www.kobler-margreid.com\/blog\/wp-json\/wp\/v2\/users\/1"}],"replies":[{"embeddable":true,"href":"https:\/\/www.kobler-margreid.com\/blog\/wp-json\/wp\/v2\/comments?post=7469"}],"version-history":[{"count":0,"href":"https:\/\/www.kobler-margreid.com\/blog\/wp-json\/wp\/v2\/posts\/7469\/revisions"}],"wp:attachment":[{"href":"https:\/\/www.kobler-margreid.com\/blog\/wp-json\/wp\/v2\/media?parent=7469"}],"wp:term":[{"taxonomy":"category","embeddable":true,"href":"https:\/\/www.kobler-margreid.com\/blog\/wp-json\/wp\/v2\/categories?post=7469"},{"taxonomy":"post_tag","embeddable":true,"href":"https:\/\/www.kobler-margreid.com\/blog\/wp-json\/wp\/v2\/tags?post=7469"}],"curies":[{"name":"wp","href":"https:\/\/api.w.org\/{rel}","templated":true}]}}