{"id":75,"date":"2008-05-12T16:59:11","date_gmt":"2008-05-12T14:59:11","guid":{"rendered":"http:\/\/www.kobler-margreid.com\/blog\/?p=75"},"modified":"2008-05-14T06:25:24","modified_gmt":"2008-05-14T04:25:24","slug":"le-nouveau-kobler-est-arrive","status":"publish","type":"post","link":"https:\/\/www.kobler-margreid.com\/blog\/blog\/2008\/05\/12\/le-nouveau-kobler-est-arrive\/","title":{"rendered":"Le nouveau Kobler est arriv\u00e9!"},"content":{"rendered":"<p style=\"text-align: center;\"><a href=\"http:\/\/www.kobler-margreid.com\/blog\/wp-content\/2008\/05\/image_fmabspic_0_0-1195144676.jpg\" rel=\"lightbox[75]\"><img loading=\"lazy\" decoding=\"async\" class=\"aligncenter\" style=\"margin: 5px;\" title=\"image_fmabspic_0_0-1195144676\" src=\"http:\/\/www.kobler-margreid.com\/blog\/wp-content\/2008\/05\/image_fmabspic_0_0-1195144676.jpg\" alt=\"\" width=\"459\" height=\"180\" \/><\/a><\/p>\n<p>Meine Weine kommen nicht als Primeur im November des Lesejahres auf den Markt, sind etwas langlebiger und hoffentlich auch nicht im <a title=\"Der Kater nach dem Erfolgsrausch\" href=\"http:\/\/www.sueddeutsche.de\/leben\/artikel\/444\/143127\/\" target=\"_blank\">Sinken ihrers Ansehens<\/a> begriffen, aber es sei mir doch gestattet, diesen sehr bekannt gewordenen Ausspruch unserer franz\u00f6sischen Freunde aus dem <a title=\"Beaujolais in Wikipedia\" href=\"http:\/\/de.wikipedia.org\/wiki\/Beaujolais\" target=\"_blank\">Beaujolais<\/a> ver\u00e4ndert wiederzugeben.<\/p>\n<p><!--more--><\/p>\n<p>Jetzt, wo der technische Teil im Keller bis zum kommenden Herbst in den Hintergrund tritt, besteht f\u00fcr den Weinbau und nat\u00fcrlich f\u00fcr die Vermarktung wieder mehr Zeit. Zu diesem Zweck wurde der statische Teil der Webseite den <a title=\"Lagen und Weine\" href=\"http:\/\/www.kobler-margreid.com\/deutsch\/lagen_weine\/lagen_weine.html\" target=\"_blank\">neuen Weinen<\/a> angepasst, die <a title=\"Weinbrief 07\/08\" href=\"http:\/\/www.kobler-margreid.com\/download\/weinhof_KOBLER_0607_dt.pdf\" target=\"_blank\">Weinbriefe<\/a> und die Preislisten (gleichbleibend, mein Beitrag zur Inflationsbek\u00e4mpfung!) aktualisiert.<\/p>\n<p>Neue Restaurants und \u00d6notheken, bei denen ich in den n\u00e4chsten Wochen vorsprechen m\u00f6chte, habe ich in den letzten Monaten auch ausgemacht. Gilt es doch, mit der leicht gestiegenen Menge von fast 10.000 Flaschen wieder den EU-Weinmarkt gezielt zu \u00fcberschwemmen.<\/p>\n<p>Vorher aber findet die <a href=\"http:\/\/www.weinkost.it\" target=\"_blank\">Bozner Weinkost<\/a>, bei der ich mich das erste Mal beteilige, am 16. und 17. Mai statt. Danach geht es Schlag auf Schlag weiter, am 7.6. mit der Veranstaltung <a title=\"WeinHandWerk\" href=\"http:\/\/www.weinhandwerk.org\" target=\"_blank\">WeinHandWerk<\/a> in meinem Heimatdorf <a title=\"Margreid an der Weinstra\u00dfe\" href=\"http:\/\/www.margreid.bz\/03%20Seiten\/02Allgemeines.1.htm\" target=\"_blank\">Margreid<\/a> und am 14.6. mit der <a title=\"Nacht der Keller\" href=\"www.suedtiroler-weinstrasse.it\/deutsch\/aktuelle-veranstaltungen\/nacht-der-keller.html\" target=\"_blank\">Nacht der Keller<\/a>, alles im Rahmen der <a title=\"Weinstra\u00dfenwochen\" href=\"http:\/\/www.suedtiroler-weinstrasse.it\/deutsch\/aktuelle-veranstaltungen\/suedtiroler-weinstrassenwochen.html\" target=\"_blank\">S\u00fcdtiroler Weinstra\u00dfenwochen<\/a>.<\/p>\n<p>Allerhand Gelegenheiten, um den neuen Jahrgang auf Herz und Nieren zu pr\u00fcfen.<\/p>\n<p>Foto: SZ\/AP<\/p>\n","protected":false},"excerpt":{"rendered":"<p>Meine Weine kommen nicht als Primeur im November des Lesejahres auf den Markt, sind etwas langlebiger und hoffentlich auch nicht im Sinken ihrers Ansehens begriffen, aber es sei mir doch gestattet, diesen sehr bekannt gewordenen Ausspruch unserer franz\u00f6sischen Freunde aus &hellip; <a href=\"https:\/\/www.kobler-margreid.com\/blog\/blog\/2008\/05\/12\/le-nouveau-kobler-est-arrive\/\">Weiterlesen <span class=\"meta-nav\">&rarr;<\/span><\/a><\/p>\n","protected":false},"author":1,"featured_media":0,"comment_status":"open","ping_status":"open","sticky":false,"template":"","format":"standard","meta":{"ngg_post_thumbnail":0,"footnotes":"","_links_to":"","_links_to_target":""},"categories":[9],"tags":[83,82,81,80],"class_list":["post-75","post","type-post","status-publish","format-standard","hentry","category-oeffentlichkeitsarbeit","tag-beaujolais","tag-bozner-weinkost","tag-nacht-der-keller","tag-weinstrasenwochen"],"yoast_head":"<!-- This site is optimized with the Yoast SEO plugin v27.5 - https:\/\/yoast.com\/product\/yoast-seo-wordpress\/ -->\n<title>Le nouveau Kobler est arriv\u00e9! - weinhof KOBLER weblog<\/title>\n<meta name=\"robots\" content=\"index, follow, max-snippet:-1, max-image-preview:large, max-video-preview:-1\" \/>\n<link rel=\"canonical\" href=\"https:\/\/www.kobler-margreid.com\/blog\/blog\/2008\/05\/12\/le-nouveau-kobler-est-arrive\/\" \/>\n<meta property=\"og:locale\" content=\"de_DE\" \/>\n<meta property=\"og:type\" content=\"article\" \/>\n<meta property=\"og:title\" content=\"Le nouveau Kobler est arriv\u00e9! - weinhof KOBLER weblog\" \/>\n<meta property=\"og:description\" content=\"Meine Weine kommen nicht als Primeur im November des Lesejahres auf den Markt, sind etwas langlebiger und hoffentlich auch nicht im Sinken ihrers Ansehens begriffen, aber es sei mir doch gestattet, diesen sehr bekannt gewordenen Ausspruch unserer franz\u00f6sischen Freunde aus &hellip; Weiterlesen &rarr;\" \/>\n<meta property=\"og:url\" content=\"https:\/\/www.kobler-margreid.com\/blog\/blog\/2008\/05\/12\/le-nouveau-kobler-est-arrive\/\" \/>\n<meta property=\"og:site_name\" content=\"weinhof KOBLER weblog\" \/>\n<meta property=\"article:publisher\" content=\"https:\/\/www.facebook.com\/armin.kobler\/\" \/>\n<meta property=\"article:author\" content=\"https:\/\/www.facebook.com\/armin.kobler\/\" \/>\n<meta property=\"article:published_time\" content=\"2008-05-12T14:59:11+00:00\" \/>\n<meta property=\"article:modified_time\" content=\"2008-05-14T04:25:24+00:00\" \/>\n<meta property=\"og:image\" content=\"http:\/\/www.kobler-margreid.com\/blog\/wp-content\/2008\/05\/image_fmabspic_0_0-1195144676.jpg\" \/>\n<meta name=\"author\" content=\"armin kobler\" \/>\n<meta name=\"twitter:card\" content=\"summary_large_image\" \/>\n<meta name=\"twitter:label1\" content=\"Verfasst von\" \/>\n\t<meta name=\"twitter:data1\" content=\"armin kobler\" \/>\n\t<meta name=\"twitter:label2\" content=\"Gesch\u00e4tzte Lesezeit\" \/>\n\t<meta name=\"twitter:data2\" content=\"1\u00a0Minute\" \/>\n<script type=\"application\/ld+json\" class=\"yoast-schema-graph\">{\"@context\":\"https:\\\/\\\/schema.org\",\"@graph\":[{\"@type\":\"Article\",\"@id\":\"https:\\\/\\\/www.kobler-margreid.com\\\/blog\\\/blog\\\/2008\\\/05\\\/12\\\/le-nouveau-kobler-est-arrive\\\/#article\",\"isPartOf\":{\"@id\":\"https:\\\/\\\/www.kobler-margreid.com\\\/blog\\\/blog\\\/2008\\\/05\\\/12\\\/le-nouveau-kobler-est-arrive\\\/\"},\"author\":{\"name\":\"armin kobler\",\"@id\":\"https:\\\/\\\/www.kobler-margreid.com\\\/blog\\\/#\\\/schema\\\/person\\\/6a2290c17f680f59c1fa7e1c7a36df3a\"},\"headline\":\"Le nouveau Kobler est arriv\u00e9!\",\"datePublished\":\"2008-05-12T14:59:11+00:00\",\"dateModified\":\"2008-05-14T04:25:24+00:00\",\"mainEntityOfPage\":{\"@id\":\"https:\\\/\\\/www.kobler-margreid.com\\\/blog\\\/blog\\\/2008\\\/05\\\/12\\\/le-nouveau-kobler-est-arrive\\\/\"},\"wordCount\":211,\"commentCount\":0,\"publisher\":{\"@id\":\"https:\\\/\\\/www.kobler-margreid.com\\\/blog\\\/#\\\/schema\\\/person\\\/6a2290c17f680f59c1fa7e1c7a36df3a\"},\"image\":{\"@id\":\"https:\\\/\\\/www.kobler-margreid.com\\\/blog\\\/blog\\\/2008\\\/05\\\/12\\\/le-nouveau-kobler-est-arrive\\\/#primaryimage\"},\"thumbnailUrl\":\"http:\\\/\\\/www.kobler-margreid.com\\\/blog\\\/wp-content\\\/2008\\\/05\\\/image_fmabspic_0_0-1195144676.jpg\",\"keywords\":[\"Beaujolais\",\"Bozner Weinkost\",\"Nacht der Keller\",\"Weinstra\u00dfenwochen\"],\"articleSection\":[\"\u00d6ffentlichkeitsarbeit - Pubbliche relazioni\"],\"inLanguage\":\"de\",\"potentialAction\":[{\"@type\":\"CommentAction\",\"name\":\"Comment\",\"target\":[\"https:\\\/\\\/www.kobler-margreid.com\\\/blog\\\/blog\\\/2008\\\/05\\\/12\\\/le-nouveau-kobler-est-arrive\\\/#respond\"]}]},{\"@type\":\"WebPage\",\"@id\":\"https:\\\/\\\/www.kobler-margreid.com\\\/blog\\\/blog\\\/2008\\\/05\\\/12\\\/le-nouveau-kobler-est-arrive\\\/\",\"url\":\"https:\\\/\\\/www.kobler-margreid.com\\\/blog\\\/blog\\\/2008\\\/05\\\/12\\\/le-nouveau-kobler-est-arrive\\\/\",\"name\":\"Le nouveau Kobler est arriv\u00e9! - weinhof KOBLER weblog\",\"isPartOf\":{\"@id\":\"https:\\\/\\\/www.kobler-margreid.com\\\/blog\\\/#website\"},\"primaryImageOfPage\":{\"@id\":\"https:\\\/\\\/www.kobler-margreid.com\\\/blog\\\/blog\\\/2008\\\/05\\\/12\\\/le-nouveau-kobler-est-arrive\\\/#primaryimage\"},\"image\":{\"@id\":\"https:\\\/\\\/www.kobler-margreid.com\\\/blog\\\/blog\\\/2008\\\/05\\\/12\\\/le-nouveau-kobler-est-arrive\\\/#primaryimage\"},\"thumbnailUrl\":\"http:\\\/\\\/www.kobler-margreid.com\\\/blog\\\/wp-content\\\/2008\\\/05\\\/image_fmabspic_0_0-1195144676.jpg\",\"datePublished\":\"2008-05-12T14:59:11+00:00\",\"dateModified\":\"2008-05-14T04:25:24+00:00\",\"breadcrumb\":{\"@id\":\"https:\\\/\\\/www.kobler-margreid.com\\\/blog\\\/blog\\\/2008\\\/05\\\/12\\\/le-nouveau-kobler-est-arrive\\\/#breadcrumb\"},\"inLanguage\":\"de\",\"potentialAction\":[{\"@type\":\"ReadAction\",\"target\":[\"https:\\\/\\\/www.kobler-margreid.com\\\/blog\\\/blog\\\/2008\\\/05\\\/12\\\/le-nouveau-kobler-est-arrive\\\/\"]}]},{\"@type\":\"ImageObject\",\"inLanguage\":\"de\",\"@id\":\"https:\\\/\\\/www.kobler-margreid.com\\\/blog\\\/blog\\\/2008\\\/05\\\/12\\\/le-nouveau-kobler-est-arrive\\\/#primaryimage\",\"url\":\"http:\\\/\\\/www.kobler-margreid.com\\\/blog\\\/wp-content\\\/2008\\\/05\\\/image_fmabspic_0_0-1195144676.jpg\",\"contentUrl\":\"http:\\\/\\\/www.kobler-margreid.com\\\/blog\\\/wp-content\\\/2008\\\/05\\\/image_fmabspic_0_0-1195144676.jpg\"},{\"@type\":\"BreadcrumbList\",\"@id\":\"https:\\\/\\\/www.kobler-margreid.com\\\/blog\\\/blog\\\/2008\\\/05\\\/12\\\/le-nouveau-kobler-est-arrive\\\/#breadcrumb\",\"itemListElement\":[{\"@type\":\"ListItem\",\"position\":1,\"name\":\"Startseite\",\"item\":\"https:\\\/\\\/www.kobler-margreid.com\\\/blog\\\/\"},{\"@type\":\"ListItem\",\"position\":2,\"name\":\"Le nouveau Kobler est arriv\u00e9!\"}]},{\"@type\":\"WebSite\",\"@id\":\"https:\\\/\\\/www.kobler-margreid.com\\\/blog\\\/#website\",\"url\":\"https:\\\/\\\/www.kobler-margreid.com\\\/blog\\\/\",\"name\":\"weinhof KOBLER weblog\",\"description\":\"dem wein ganz nah \u2013 all&#039;interno del vino\",\"publisher\":{\"@id\":\"https:\\\/\\\/www.kobler-margreid.com\\\/blog\\\/#\\\/schema\\\/person\\\/6a2290c17f680f59c1fa7e1c7a36df3a\"},\"potentialAction\":[{\"@type\":\"SearchAction\",\"target\":{\"@type\":\"EntryPoint\",\"urlTemplate\":\"https:\\\/\\\/www.kobler-margreid.com\\\/blog\\\/?s={search_term_string}\"},\"query-input\":{\"@type\":\"PropertyValueSpecification\",\"valueRequired\":true,\"valueName\":\"search_term_string\"}}],\"inLanguage\":\"de\"},{\"@type\":[\"Person\",\"Organization\"],\"@id\":\"https:\\\/\\\/www.kobler-margreid.com\\\/blog\\\/#\\\/schema\\\/person\\\/6a2290c17f680f59c1fa7e1c7a36df3a\",\"name\":\"armin kobler\",\"image\":{\"@type\":\"ImageObject\",\"inLanguage\":\"de\",\"@id\":\"https:\\\/\\\/www.kobler-margreid.com\\\/blog\\\/wp-content\\\/2023\\\/11\\\/2012-05-08_09-33-03a.jpg\",\"url\":\"https:\\\/\\\/www.kobler-margreid.com\\\/blog\\\/wp-content\\\/2023\\\/11\\\/2012-05-08_09-33-03a.jpg\",\"contentUrl\":\"https:\\\/\\\/www.kobler-margreid.com\\\/blog\\\/wp-content\\\/2023\\\/11\\\/2012-05-08_09-33-03a.jpg\",\"width\":1088,\"height\":1184,\"caption\":\"armin kobler\"},\"logo\":{\"@id\":\"https:\\\/\\\/www.kobler-margreid.com\\\/blog\\\/wp-content\\\/2023\\\/11\\\/2012-05-08_09-33-03a.jpg\"},\"sameAs\":[\"http:\\\/\\\/www.kobler-margreid.com\",\"https:\\\/\\\/www.facebook.com\\\/armin.kobler\\\/\"],\"url\":\"https:\\\/\\\/www.kobler-margreid.com\\\/blog\\\/blog\\\/author\\\/admin\\\/\"}]}<\/script>\n<!-- \/ Yoast SEO plugin. -->","yoast_head_json":{"title":"Le nouveau Kobler est arriv\u00e9! - weinhof KOBLER weblog","robots":{"index":"index","follow":"follow","max-snippet":"max-snippet:-1","max-image-preview":"max-image-preview:large","max-video-preview":"max-video-preview:-1"},"canonical":"https:\/\/www.kobler-margreid.com\/blog\/blog\/2008\/05\/12\/le-nouveau-kobler-est-arrive\/","og_locale":"de_DE","og_type":"article","og_title":"Le nouveau Kobler est arriv\u00e9! - weinhof KOBLER weblog","og_description":"Meine Weine kommen nicht als Primeur im November des Lesejahres auf den Markt, sind etwas langlebiger und hoffentlich auch nicht im Sinken ihrers Ansehens begriffen, aber es sei mir doch gestattet, diesen sehr bekannt gewordenen Ausspruch unserer franz\u00f6sischen Freunde aus &hellip; Weiterlesen &rarr;","og_url":"https:\/\/www.kobler-margreid.com\/blog\/blog\/2008\/05\/12\/le-nouveau-kobler-est-arrive\/","og_site_name":"weinhof KOBLER weblog","article_publisher":"https:\/\/www.facebook.com\/armin.kobler\/","article_author":"https:\/\/www.facebook.com\/armin.kobler\/","article_published_time":"2008-05-12T14:59:11+00:00","article_modified_time":"2008-05-14T04:25:24+00:00","og_image":[{"url":"http:\/\/www.kobler-margreid.com\/blog\/wp-content\/2008\/05\/image_fmabspic_0_0-1195144676.jpg","type":"","width":"","height":""}],"author":"armin kobler","twitter_card":"summary_large_image","twitter_misc":{"Verfasst von":"armin kobler","Gesch\u00e4tzte Lesezeit":"1\u00a0Minute"},"schema":{"@context":"https:\/\/schema.org","@graph":[{"@type":"Article","@id":"https:\/\/www.kobler-margreid.com\/blog\/blog\/2008\/05\/12\/le-nouveau-kobler-est-arrive\/#article","isPartOf":{"@id":"https:\/\/www.kobler-margreid.com\/blog\/blog\/2008\/05\/12\/le-nouveau-kobler-est-arrive\/"},"author":{"name":"armin kobler","@id":"https:\/\/www.kobler-margreid.com\/blog\/#\/schema\/person\/6a2290c17f680f59c1fa7e1c7a36df3a"},"headline":"Le nouveau Kobler est arriv\u00e9!","datePublished":"2008-05-12T14:59:11+00:00","dateModified":"2008-05-14T04:25:24+00:00","mainEntityOfPage":{"@id":"https:\/\/www.kobler-margreid.com\/blog\/blog\/2008\/05\/12\/le-nouveau-kobler-est-arrive\/"},"wordCount":211,"commentCount":0,"publisher":{"@id":"https:\/\/www.kobler-margreid.com\/blog\/#\/schema\/person\/6a2290c17f680f59c1fa7e1c7a36df3a"},"image":{"@id":"https:\/\/www.kobler-margreid.com\/blog\/blog\/2008\/05\/12\/le-nouveau-kobler-est-arrive\/#primaryimage"},"thumbnailUrl":"http:\/\/www.kobler-margreid.com\/blog\/wp-content\/2008\/05\/image_fmabspic_0_0-1195144676.jpg","keywords":["Beaujolais","Bozner Weinkost","Nacht der Keller","Weinstra\u00dfenwochen"],"articleSection":["\u00d6ffentlichkeitsarbeit - Pubbliche relazioni"],"inLanguage":"de","potentialAction":[{"@type":"CommentAction","name":"Comment","target":["https:\/\/www.kobler-margreid.com\/blog\/blog\/2008\/05\/12\/le-nouveau-kobler-est-arrive\/#respond"]}]},{"@type":"WebPage","@id":"https:\/\/www.kobler-margreid.com\/blog\/blog\/2008\/05\/12\/le-nouveau-kobler-est-arrive\/","url":"https:\/\/www.kobler-margreid.com\/blog\/blog\/2008\/05\/12\/le-nouveau-kobler-est-arrive\/","name":"Le nouveau Kobler est arriv\u00e9! - weinhof KOBLER weblog","isPartOf":{"@id":"https:\/\/www.kobler-margreid.com\/blog\/#website"},"primaryImageOfPage":{"@id":"https:\/\/www.kobler-margreid.com\/blog\/blog\/2008\/05\/12\/le-nouveau-kobler-est-arrive\/#primaryimage"},"image":{"@id":"https:\/\/www.kobler-margreid.com\/blog\/blog\/2008\/05\/12\/le-nouveau-kobler-est-arrive\/#primaryimage"},"thumbnailUrl":"http:\/\/www.kobler-margreid.com\/blog\/wp-content\/2008\/05\/image_fmabspic_0_0-1195144676.jpg","datePublished":"2008-05-12T14:59:11+00:00","dateModified":"2008-05-14T04:25:24+00:00","breadcrumb":{"@id":"https:\/\/www.kobler-margreid.com\/blog\/blog\/2008\/05\/12\/le-nouveau-kobler-est-arrive\/#breadcrumb"},"inLanguage":"de","potentialAction":[{"@type":"ReadAction","target":["https:\/\/www.kobler-margreid.com\/blog\/blog\/2008\/05\/12\/le-nouveau-kobler-est-arrive\/"]}]},{"@type":"ImageObject","inLanguage":"de","@id":"https:\/\/www.kobler-margreid.com\/blog\/blog\/2008\/05\/12\/le-nouveau-kobler-est-arrive\/#primaryimage","url":"http:\/\/www.kobler-margreid.com\/blog\/wp-content\/2008\/05\/image_fmabspic_0_0-1195144676.jpg","contentUrl":"http:\/\/www.kobler-margreid.com\/blog\/wp-content\/2008\/05\/image_fmabspic_0_0-1195144676.jpg"},{"@type":"BreadcrumbList","@id":"https:\/\/www.kobler-margreid.com\/blog\/blog\/2008\/05\/12\/le-nouveau-kobler-est-arrive\/#breadcrumb","itemListElement":[{"@type":"ListItem","position":1,"name":"Startseite","item":"https:\/\/www.kobler-margreid.com\/blog\/"},{"@type":"ListItem","position":2,"name":"Le nouveau Kobler est arriv\u00e9!"}]},{"@type":"WebSite","@id":"https:\/\/www.kobler-margreid.com\/blog\/#website","url":"https:\/\/www.kobler-margreid.com\/blog\/","name":"weinhof KOBLER weblog","description":"dem wein ganz nah \u2013 all&#039;interno del vino","publisher":{"@id":"https:\/\/www.kobler-margreid.com\/blog\/#\/schema\/person\/6a2290c17f680f59c1fa7e1c7a36df3a"},"potentialAction":[{"@type":"SearchAction","target":{"@type":"EntryPoint","urlTemplate":"https:\/\/www.kobler-margreid.com\/blog\/?s={search_term_string}"},"query-input":{"@type":"PropertyValueSpecification","valueRequired":true,"valueName":"search_term_string"}}],"inLanguage":"de"},{"@type":["Person","Organization"],"@id":"https:\/\/www.kobler-margreid.com\/blog\/#\/schema\/person\/6a2290c17f680f59c1fa7e1c7a36df3a","name":"armin kobler","image":{"@type":"ImageObject","inLanguage":"de","@id":"https:\/\/www.kobler-margreid.com\/blog\/wp-content\/2023\/11\/2012-05-08_09-33-03a.jpg","url":"https:\/\/www.kobler-margreid.com\/blog\/wp-content\/2023\/11\/2012-05-08_09-33-03a.jpg","contentUrl":"https:\/\/www.kobler-margreid.com\/blog\/wp-content\/2023\/11\/2012-05-08_09-33-03a.jpg","width":1088,"height":1184,"caption":"armin kobler"},"logo":{"@id":"https:\/\/www.kobler-margreid.com\/blog\/wp-content\/2023\/11\/2012-05-08_09-33-03a.jpg"},"sameAs":["http:\/\/www.kobler-margreid.com","https:\/\/www.facebook.com\/armin.kobler\/"],"url":"https:\/\/www.kobler-margreid.com\/blog\/blog\/author\/admin\/"}]}},"_links":{"self":[{"href":"https:\/\/www.kobler-margreid.com\/blog\/wp-json\/wp\/v2\/posts\/75","targetHints":{"allow":["GET"]}}],"collection":[{"href":"https:\/\/www.kobler-margreid.com\/blog\/wp-json\/wp\/v2\/posts"}],"about":[{"href":"https:\/\/www.kobler-margreid.com\/blog\/wp-json\/wp\/v2\/types\/post"}],"author":[{"embeddable":true,"href":"https:\/\/www.kobler-margreid.com\/blog\/wp-json\/wp\/v2\/users\/1"}],"replies":[{"embeddable":true,"href":"https:\/\/www.kobler-margreid.com\/blog\/wp-json\/wp\/v2\/comments?post=75"}],"version-history":[{"count":0,"href":"https:\/\/www.kobler-margreid.com\/blog\/wp-json\/wp\/v2\/posts\/75\/revisions"}],"wp:attachment":[{"href":"https:\/\/www.kobler-margreid.com\/blog\/wp-json\/wp\/v2\/media?parent=75"}],"wp:term":[{"taxonomy":"category","embeddable":true,"href":"https:\/\/www.kobler-margreid.com\/blog\/wp-json\/wp\/v2\/categories?post=75"},{"taxonomy":"post_tag","embeddable":true,"href":"https:\/\/www.kobler-margreid.com\/blog\/wp-json\/wp\/v2\/tags?post=75"}],"curies":[{"name":"wp","href":"https:\/\/api.w.org\/{rel}","templated":true}]}}