{"id":7539,"date":"2011-11-21T00:28:51","date_gmt":"2011-11-20T23:28:51","guid":{"rendered":"http:\/\/www.kobler-margreid.com\/blog\/?p=7539"},"modified":"2011-12-02T16:58:23","modified_gmt":"2011-12-02T15:58:23","slug":"oenococcus-oeni-an-die-arbeit_al-lavoro","status":"publish","type":"post","link":"https:\/\/www.kobler-margreid.com\/blog\/blog\/2011\/11\/21\/oenococcus-oeni-an-die-arbeit_al-lavoro\/","title":{"rendered":"Oenococcus oeni: An die Arbeit! \u2014 Al lavoro!"},"content":{"rendered":"<p><a href=\"http:\/\/www.kobler-margreid.com\/blog\/wp-content\/2011\/11\/2011-11-19_22-51-37.jpg\" rel=\"lightbox[7539]\"><img loading=\"lazy\" decoding=\"async\" class=\"float left alignleft size-full wp-image-7542\" style=\"border-style: initial; border-color: initial; margin-top: 0px; margin-bottom: 0px; margin-left: 3px; margin-right: 3px; border-width: 0px;\" title=\"2011-11-19_22-51-37\" src=\"http:\/\/www.kobler-margreid.com\/blog\/wp-content\/2011\/11\/2011-11-19_22-51-37.jpg\" alt=\"\" width=\"288\" height=\"259\" srcset=\"https:\/\/www.kobler-margreid.com\/blog\/wp-content\/2011\/11\/2011-11-19_22-51-37.jpg 941w, https:\/\/www.kobler-margreid.com\/blog\/wp-content\/2011\/11\/2011-11-19_22-51-37-300x270.jpg 300w\" sizes=\"auto, (max-width: 288px) 100vw, 288px\" \/><\/a><\/p>\n<p>Die Wei\u00dfweine haben seit einiger Zeit ihre G\u00e4rungen abgeschlossen (au\u00dfer der Chardonnay, \u00fcber diesen gibt es zur gegebener Zeit einen eigenen Bericht) und somit sind bei ihnen die wichtigsten biologisch-chemischen Vorg\u00e4nge abgeschlossen. Grob analytisch wird sich bei ihnen nicht mehr viel ver\u00e4ndern, im Moment dominiert die bewusst in Schwebe gehaltene <a title=\"Feinhefe\" href=\"http:\/\/www.kobler-margreid.com\/blog\/2011\/01\/24\/geruehrt-nicht-geschuettelt_mescolato-non-agitato\" target=\"_blank\">Feinhefe<\/a> den Geruch und nat\u00fcrlich werden sie in den folgenden Monaten harmonischer, in jedem Fall weiniger, aber wie schon gesagt, sind sie eigentlich\u00a0fertig. Ganz anders sieht es beim Rotwein aus, dieser hat noch einige wichtige Ver\u00e4nderungen vor sich.<\/p>\n<p><em>I vini bianchi hanno terminato da tempo le loro fermentazioni (a parte lo Chardonnay Ogeaner, ma su questo riferir\u00f2 ancora) e con questo le pi\u00f9 importanti\u00a0trasformazioni chimico-biologiche \u00a0sono concluse. Dal punto di vista analitico non subiranno grande trasformazioni, al momento domina ovviamente l&#8217;odore della <a title=\"Feccia fine\" href=\"http:\/\/www.kobler-margreid.com\/blog\/2011\/01\/24\/geruehrt-nicht-geschuettelt_mescolato-non-agitato\" target=\"_blank\">feccia fine<\/a> tenuta in sospensione volutamente e nei mesi seguenti aumenter\u00e0 la loro armonia, diventeranno pi\u00f9 vinosi, ma come gi\u00e0 detto prima, sono fatti. Totalmente differente <\/em><em>al momento\u00a0<\/em>la situazione dei vini rossi, questi sono ancora in attesa di trasformazioni importanti.<\/p>\n<p><!--more--><\/p>\n<p>Der alkoholischen G\u00e4rung folgt der biologische S\u00e4ureabbau (BSA), die malolaktische G\u00e4rung. Dabei wird die sensorisch st\u00e4rkere \u00c4pfels\u00e4ure zur milderen Milchs\u00e4ure bei Freisetzung von Kohlens\u00e4ure umgewandelt. Die Weine schmecken danach nicht nur milder, die Abnahme der S\u00e4uregehalte sowie die damit einhergehende Steigerung des pH-Wertes ist eine von mehreren Voraussetzungen, damit die Gerbstoffe weniger hart und pelzig im Mund erscheinen. Junge Rotweine, welche von Sorte und Typologie des Ausbaus her einigen Gerbstoff mitbringen, vor dem BSA zu kosten ist n\u00e4mlich geruchlich sehr spannend, das Mundgef\u00fchl aber k\u00f6nnte einem das Weintrinken doch tats\u00e4chlich abspenstig machen.<\/p>\n<p><em>Alla fermentazione alcolica segue quella malolattica (FML). In questa viene trasformato l&#8217;acido malico pi\u00f9 forte in lattico pi\u00f9 debole con la liberazione di anidride carbonica. Il gusto dei vini dopo questo processo non \u00e8 solo meno acido ma la diminuzione del contenuto acidico e il conseguente innalzamento del pH sono due dei pressupposti perch\u00e8 i tannini sembrino meno duri e stopposi. Degustare vini rossi giovani pre FML soprattutto se grazie al vitigno ed alla tipologia di trasformazione sono ricchi die polifenoli, \u00e8 molto interessante circa gli aromi ma nel gusto pu\u00f2 fare passare la voglia di bere vino.<\/em><\/p>\n<p><a href=\"http:\/\/www.kobler-margreid.com\/blog\/wp-content\/2011\/11\/O._oeni.jpg\" rel=\"lightbox[7539]\"><img loading=\"lazy\" decoding=\"async\" class=\"float left alignleft size-full wp-image-7548\" style=\"border-style: initial; border-color: initial; margin-top: 0px; margin-bottom: 0px; margin-left: 3px; margin-right: 3px; border-width: 0px;\" title=\"O._oeni\" src=\"http:\/\/www.kobler-margreid.com\/blog\/wp-content\/2011\/11\/O._oeni.jpg\" alt=\"\" width=\"288\" height=\"216\" \/><\/a><\/p>\n<p>Viele meiner Kollegen berichten immer wieder, dass bei ihnen der BSA sehr schnell erfolgt. Zumeist kaum dass der Wein von den Tresten abgezogen ist oder gar schon in der ausgehenden G\u00e4rung. Zu dieser Zeit sind die Bedingungen f\u00fcr die spontan vorkommenden Milchs\u00e4urebakterien <em><a title=\"Oenococcus oeni\" href=\"http:\/\/de.wikipedia.org\/wiki\/Oenococcus_oeni\" target=\"_blank\">Oenococcus oeni<\/a>\u00a0<\/em>ideal: Temperaturen um die 20 \u00b0C oder noch mehr, N\u00e4hrstoffe in Form von toter Hefe und Trub sowie erh\u00f6hte Konzentrationen an gel\u00f6ster Kohlens\u00e4ure. Wenn der Wein schnell abgebaut hat, liegt man eher auf der sicheren Seite. Er kann n\u00e4mlich sogleich gek\u00fchlt und geschwefelt werden, er ist somit vor oxidativen und mikrobiologischem Verderb sicher gesch\u00fctzt.<\/p>\n<p><em>Tanti miei colleghi rapportano\u00a0spesso che da loro la FML si svolge molto velocemente. Di solito appena che il vino \u00e8 svinato o addirittura nell&#8217;ultima fase della fermentazione alcolica. In quel momento le condizioni di sviluppo per il batterio malolattico\u00a0<\/em><em><a title=\"Oenococcus oeni\" href=\"http:\/\/it.wikipedia.org\/wiki\/Oenococcus_oeni\" target=\"_blank\">Oenococcus oeni<\/a>\u00a0sono ideali: temperature di 20 \u00b0C o pi\u00f9, sostanze nutritive sotto forma di lieviti morti e torbido nonch\u00e8 alti contenuti di anidride carbonica. Se il vino ha fatto la FML subito si sta abbastanza sicuri. Infatti pu\u00f2 essere raffreddato e solfitato immediatamente dopo e questo \u00e8 un&#8217;ottima garanzia nei confronti di ossidazioni e malattie microbiologiche.\u00a0<\/em><\/p>\n<p>Bei mir braucht hingegen immer alles l\u00e4nger, wie es scheint. Am 3. Oktober habe ich den Merlot gewimmt, ca. zwei Wochen hat die alkoholische G\u00e4rung gebraucht, f\u00fcr weitere zwei wurde nachmazeriert. Nach dem Abzug von den Trestern blieb er vierzehn Tage im inzwischen k\u00fchlen Keller, damit die Grobhefe sich absetzen konnte. Vorgestern wurden die Pi\u00e8ces, welche sich in einem warmen Raum befinden, wie schon fr\u00fcher <a title=\"Pi\u00e8ces\" href=\"http:\/\/www.kobler-margreid.com\/blog\/2011\/01\/07\/merlot-im-kleinen-holz_merlot-in-legno-piccolo\" target=\"_blank\">beschrieben<\/a>, gef\u00fcllt. Aber trotz, dass die Temperatur sich um die 20 \u00b0C befindet, die verwendetet Hefe nie viel schwefelige S\u00e4ure produziert und nicht allen hefeverwertbaren Stickstoff (HVS) verbraucht, beginnt bei mir der BSA immer erst rund um Weihnachten, wenn nicht gar erst im neuen Jahr. Auch hat der versuchsweise Einsatz von Starterkulturen daran nichts \u00e4ndern k\u00f6nnen.<\/p>\n<p><em>Da me sembra che tutto abbia pi\u00f9 bisogno di tempo. Il 3 ottobre ho vendemmiato il Merlot, per circa due settimane ha trasformato gli zuccheri in alcol, per altre due ha fatto una macerazione postfermentativa. Dopo la svinatura \u00e8 rimasto per due settimane in serbatoi inox nella cantina ormai fresca per liberarsi della feccia grossolana. L&#8217;altro ieri sono state riempite le pi\u00e8ces in un locale caldo come ho gi\u00e0 <a title=\"Legno piccolo\" href=\"http:\/\/www.kobler-margreid.com\/blog\/2011\/01\/07\/merlot-im-kleinen-holz_merlot-in-legno-piccolo\" target=\"_blank\">descritto<\/a> tempo fa. Nonostante che il posto abbia almeno 20 \u00b0C, i liviti utilizzati non producono tanta anidride solforosa e non consumano tutte le sostanze nutritive del mosto, la FML comincia da me mai prima di Natale, spesso solo in gennaio. Anche l&#8217;aggiunta di colture starter per die anni non ha cambiato minimamente la situazione.<\/em><\/p>\n<p>Anf\u00e4nglich habe ich mich \u00fcber diese Tatsache, und noch mehr deshalb, weil ich sie bisher nicht \u00e4ndern konnte, ge\u00e4rgert. Noch dazu birgt\u00a0es ein unangemehmes Risiko in sich, zwei Monate einen Wein ungeschwefelt bei Raumtemperatur stehen zu lassen. Inzwischen bin ich aber ruhiger geworden. Ich nehme es als eines der vielen ungekl\u00e4rten Verhaltensweisen der Weine hin und behalte daf\u00fcr die Weine w\u00e4hrend dieser Zeit besonders gut im Auge. Was sollte ich denn sonst auch\u00a0machen?<\/p>\n<p><em>All&#8217;inizio questo fatto ma soprattutto la consapevolezza che non riesco a rimediare mi ha fatto arrabbiare parecchio. Inoltre lasciare a temperatura ambiente un vino non solfitato cela dei rischi non trascurabili. Con il passare degli anni mi sono calmato. Accetto questo come uno dei tanti comportamenti del vino tuttora inspiegati e tengo bene d&#8217;occhio il prodotto in quel periodo. Cos&#8217;altro mi rimane anche a fare?<\/em><\/p>\n<p>Im obigen Bild sieht man die kleinen Holzf\u00e4sser und zwei Schwimmdeckelf\u00e4sser. Eines ist mit dem Wein gef\u00fcllt, der zweiw\u00f6chentlich den Schwunf kompensieren muss, das andere ist hingegen mit dem letzten Druckwein gef\u00fcllt, von dem ich jetzt noch nicht wei\u00df, ob er vor der F\u00fcllung dazuverschnitten wird. Das Mikroskopbild von <em>Oenococcus oeni<\/em> stammt hingegen vom gleichnamigen Wikipedia-Artikel.<\/p>\n<p><em>Nella prima foto si vedono le botti di legno e due serbatoi con coperchio galleggiante. Uno \u00e8 riempito con il vino della colmatura bisettimanale, l&#8217;altro contiene l&#8217;ultimo vino di pressatura del quale non so ancora se lo aggiunger\u00f2 alla massa prima del imbottigliamento. L&#8217;immagine di\u00a0Oenococcus oeni al microscopio \u00e8 tratta invece dall&#8217;articolo ononimo di Wikipedia.<\/em><\/p>\n","protected":false},"excerpt":{"rendered":"<p>Die Wei\u00dfweine haben seit einiger Zeit ihre G\u00e4rungen abgeschlossen (au\u00dfer der Chardonnay, \u00fcber diesen gibt es zur gegebener Zeit einen eigenen Bericht) und somit sind bei ihnen die wichtigsten biologisch-chemischen Vorg\u00e4nge abgeschlossen. Grob analytisch wird sich bei ihnen nicht mehr &hellip; <a href=\"https:\/\/www.kobler-margreid.com\/blog\/blog\/2011\/11\/21\/oenococcus-oeni-an-die-arbeit_al-lavoro\/\">Weiterlesen <span class=\"meta-nav\">&rarr;<\/span><\/a><\/p>\n","protected":false},"author":1,"featured_media":0,"comment_status":"open","ping_status":"open","sticky":false,"template":"","format":"standard","meta":{"ngg_post_thumbnail":0,"footnotes":"","_links_to":"","_links_to_target":""},"categories":[1],"tags":[819,1002,820,1004,1003,617,1005,60],"class_list":["post-7539","post","type-post","status-publish","format-standard","hentry","category-allgemein","tag-biologischer-saeureabbau","tag-bsa","tag-fermentazione-malolattica","tag-holz","tag-legno","tag-merlot","tag-oenococcus-oeni","tag-piece"],"yoast_head":"<!-- This site is optimized with the Yoast SEO plugin v27.5 - https:\/\/yoast.com\/product\/yoast-seo-wordpress\/ -->\n<title>Oenococcus oeni: An die Arbeit! \u2014 Al lavoro! - weinhof KOBLER weblog<\/title>\n<meta name=\"robots\" content=\"index, follow, max-snippet:-1, max-image-preview:large, max-video-preview:-1\" \/>\n<link rel=\"canonical\" href=\"https:\/\/www.kobler-margreid.com\/blog\/blog\/2011\/11\/21\/oenococcus-oeni-an-die-arbeit_al-lavoro\/\" \/>\n<meta property=\"og:locale\" content=\"de_DE\" \/>\n<meta property=\"og:type\" content=\"article\" \/>\n<meta property=\"og:title\" content=\"Oenococcus oeni: An die Arbeit! \u2014 Al lavoro! - weinhof KOBLER weblog\" \/>\n<meta property=\"og:description\" content=\"Die Wei\u00dfweine haben seit einiger Zeit ihre G\u00e4rungen abgeschlossen (au\u00dfer der Chardonnay, \u00fcber diesen gibt es zur gegebener Zeit einen eigenen Bericht) und somit sind bei ihnen die wichtigsten biologisch-chemischen Vorg\u00e4nge abgeschlossen. Grob analytisch wird sich bei ihnen nicht mehr &hellip; Weiterlesen &rarr;\" \/>\n<meta property=\"og:url\" content=\"https:\/\/www.kobler-margreid.com\/blog\/blog\/2011\/11\/21\/oenococcus-oeni-an-die-arbeit_al-lavoro\/\" \/>\n<meta property=\"og:site_name\" content=\"weinhof KOBLER weblog\" \/>\n<meta property=\"article:publisher\" content=\"https:\/\/www.facebook.com\/armin.kobler\/\" \/>\n<meta property=\"article:author\" content=\"https:\/\/www.facebook.com\/armin.kobler\/\" \/>\n<meta property=\"article:published_time\" content=\"2011-11-20T23:28:51+00:00\" \/>\n<meta property=\"article:modified_time\" content=\"2011-12-02T15:58:23+00:00\" \/>\n<meta property=\"og:image\" content=\"http:\/\/www.kobler-margreid.com\/blog\/wp-content\/2011\/11\/2011-11-19_22-51-37.jpg\" \/>\n<meta name=\"author\" content=\"armin kobler\" \/>\n<meta name=\"twitter:card\" content=\"summary_large_image\" \/>\n<meta name=\"twitter:label1\" content=\"Verfasst von\" \/>\n\t<meta name=\"twitter:data1\" content=\"armin kobler\" \/>\n\t<meta name=\"twitter:label2\" content=\"Gesch\u00e4tzte Lesezeit\" \/>\n\t<meta name=\"twitter:data2\" content=\"5\u00a0Minuten\" \/>\n<script type=\"application\/ld+json\" class=\"yoast-schema-graph\">{\"@context\":\"https:\\\/\\\/schema.org\",\"@graph\":[{\"@type\":\"Article\",\"@id\":\"https:\\\/\\\/www.kobler-margreid.com\\\/blog\\\/blog\\\/2011\\\/11\\\/21\\\/oenococcus-oeni-an-die-arbeit_al-lavoro\\\/#article\",\"isPartOf\":{\"@id\":\"https:\\\/\\\/www.kobler-margreid.com\\\/blog\\\/blog\\\/2011\\\/11\\\/21\\\/oenococcus-oeni-an-die-arbeit_al-lavoro\\\/\"},\"author\":{\"name\":\"armin kobler\",\"@id\":\"https:\\\/\\\/www.kobler-margreid.com\\\/blog\\\/#\\\/schema\\\/person\\\/6a2290c17f680f59c1fa7e1c7a36df3a\"},\"headline\":\"Oenococcus oeni: An die Arbeit! \u2014 Al lavoro!\",\"datePublished\":\"2011-11-20T23:28:51+00:00\",\"dateModified\":\"2011-12-02T15:58:23+00:00\",\"mainEntityOfPage\":{\"@id\":\"https:\\\/\\\/www.kobler-margreid.com\\\/blog\\\/blog\\\/2011\\\/11\\\/21\\\/oenococcus-oeni-an-die-arbeit_al-lavoro\\\/\"},\"wordCount\":1101,\"commentCount\":2,\"publisher\":{\"@id\":\"https:\\\/\\\/www.kobler-margreid.com\\\/blog\\\/#\\\/schema\\\/person\\\/6a2290c17f680f59c1fa7e1c7a36df3a\"},\"image\":{\"@id\":\"https:\\\/\\\/www.kobler-margreid.com\\\/blog\\\/blog\\\/2011\\\/11\\\/21\\\/oenococcus-oeni-an-die-arbeit_al-lavoro\\\/#primaryimage\"},\"thumbnailUrl\":\"http:\\\/\\\/www.kobler-margreid.com\\\/blog\\\/wp-content\\\/2011\\\/11\\\/2011-11-19_22-51-37.jpg\",\"keywords\":[\"Biologischer S\u00e4ureabbau\",\"BSA\",\"Fermentazione malolattica\",\"Holz\",\"Legno\",\"Merlot\",\"Oenococcus oeni\",\"Pi\u00e8ce\"],\"articleSection\":[\"Allgemein - Generale\"],\"inLanguage\":\"de\",\"potentialAction\":[{\"@type\":\"CommentAction\",\"name\":\"Comment\",\"target\":[\"https:\\\/\\\/www.kobler-margreid.com\\\/blog\\\/blog\\\/2011\\\/11\\\/21\\\/oenococcus-oeni-an-die-arbeit_al-lavoro\\\/#respond\"]}]},{\"@type\":\"WebPage\",\"@id\":\"https:\\\/\\\/www.kobler-margreid.com\\\/blog\\\/blog\\\/2011\\\/11\\\/21\\\/oenococcus-oeni-an-die-arbeit_al-lavoro\\\/\",\"url\":\"https:\\\/\\\/www.kobler-margreid.com\\\/blog\\\/blog\\\/2011\\\/11\\\/21\\\/oenococcus-oeni-an-die-arbeit_al-lavoro\\\/\",\"name\":\"Oenococcus oeni: An die Arbeit! \u2014 Al lavoro! - weinhof KOBLER weblog\",\"isPartOf\":{\"@id\":\"https:\\\/\\\/www.kobler-margreid.com\\\/blog\\\/#website\"},\"primaryImageOfPage\":{\"@id\":\"https:\\\/\\\/www.kobler-margreid.com\\\/blog\\\/blog\\\/2011\\\/11\\\/21\\\/oenococcus-oeni-an-die-arbeit_al-lavoro\\\/#primaryimage\"},\"image\":{\"@id\":\"https:\\\/\\\/www.kobler-margreid.com\\\/blog\\\/blog\\\/2011\\\/11\\\/21\\\/oenococcus-oeni-an-die-arbeit_al-lavoro\\\/#primaryimage\"},\"thumbnailUrl\":\"http:\\\/\\\/www.kobler-margreid.com\\\/blog\\\/wp-content\\\/2011\\\/11\\\/2011-11-19_22-51-37.jpg\",\"datePublished\":\"2011-11-20T23:28:51+00:00\",\"dateModified\":\"2011-12-02T15:58:23+00:00\",\"breadcrumb\":{\"@id\":\"https:\\\/\\\/www.kobler-margreid.com\\\/blog\\\/blog\\\/2011\\\/11\\\/21\\\/oenococcus-oeni-an-die-arbeit_al-lavoro\\\/#breadcrumb\"},\"inLanguage\":\"de\",\"potentialAction\":[{\"@type\":\"ReadAction\",\"target\":[\"https:\\\/\\\/www.kobler-margreid.com\\\/blog\\\/blog\\\/2011\\\/11\\\/21\\\/oenococcus-oeni-an-die-arbeit_al-lavoro\\\/\"]}]},{\"@type\":\"ImageObject\",\"inLanguage\":\"de\",\"@id\":\"https:\\\/\\\/www.kobler-margreid.com\\\/blog\\\/blog\\\/2011\\\/11\\\/21\\\/oenococcus-oeni-an-die-arbeit_al-lavoro\\\/#primaryimage\",\"url\":\"http:\\\/\\\/www.kobler-margreid.com\\\/blog\\\/wp-content\\\/2011\\\/11\\\/2011-11-19_22-51-37.jpg\",\"contentUrl\":\"http:\\\/\\\/www.kobler-margreid.com\\\/blog\\\/wp-content\\\/2011\\\/11\\\/2011-11-19_22-51-37.jpg\"},{\"@type\":\"BreadcrumbList\",\"@id\":\"https:\\\/\\\/www.kobler-margreid.com\\\/blog\\\/blog\\\/2011\\\/11\\\/21\\\/oenococcus-oeni-an-die-arbeit_al-lavoro\\\/#breadcrumb\",\"itemListElement\":[{\"@type\":\"ListItem\",\"position\":1,\"name\":\"Startseite\",\"item\":\"https:\\\/\\\/www.kobler-margreid.com\\\/blog\\\/\"},{\"@type\":\"ListItem\",\"position\":2,\"name\":\"Oenococcus oeni: An die Arbeit! \u2014 Al lavoro!\"}]},{\"@type\":\"WebSite\",\"@id\":\"https:\\\/\\\/www.kobler-margreid.com\\\/blog\\\/#website\",\"url\":\"https:\\\/\\\/www.kobler-margreid.com\\\/blog\\\/\",\"name\":\"weinhof KOBLER weblog\",\"description\":\"dem wein ganz nah \u2013 all&#039;interno del vino\",\"publisher\":{\"@id\":\"https:\\\/\\\/www.kobler-margreid.com\\\/blog\\\/#\\\/schema\\\/person\\\/6a2290c17f680f59c1fa7e1c7a36df3a\"},\"potentialAction\":[{\"@type\":\"SearchAction\",\"target\":{\"@type\":\"EntryPoint\",\"urlTemplate\":\"https:\\\/\\\/www.kobler-margreid.com\\\/blog\\\/?s={search_term_string}\"},\"query-input\":{\"@type\":\"PropertyValueSpecification\",\"valueRequired\":true,\"valueName\":\"search_term_string\"}}],\"inLanguage\":\"de\"},{\"@type\":[\"Person\",\"Organization\"],\"@id\":\"https:\\\/\\\/www.kobler-margreid.com\\\/blog\\\/#\\\/schema\\\/person\\\/6a2290c17f680f59c1fa7e1c7a36df3a\",\"name\":\"armin kobler\",\"image\":{\"@type\":\"ImageObject\",\"inLanguage\":\"de\",\"@id\":\"https:\\\/\\\/www.kobler-margreid.com\\\/blog\\\/wp-content\\\/2023\\\/11\\\/2012-05-08_09-33-03a.jpg\",\"url\":\"https:\\\/\\\/www.kobler-margreid.com\\\/blog\\\/wp-content\\\/2023\\\/11\\\/2012-05-08_09-33-03a.jpg\",\"contentUrl\":\"https:\\\/\\\/www.kobler-margreid.com\\\/blog\\\/wp-content\\\/2023\\\/11\\\/2012-05-08_09-33-03a.jpg\",\"width\":1088,\"height\":1184,\"caption\":\"armin kobler\"},\"logo\":{\"@id\":\"https:\\\/\\\/www.kobler-margreid.com\\\/blog\\\/wp-content\\\/2023\\\/11\\\/2012-05-08_09-33-03a.jpg\"},\"sameAs\":[\"http:\\\/\\\/www.kobler-margreid.com\",\"https:\\\/\\\/www.facebook.com\\\/armin.kobler\\\/\"],\"url\":\"https:\\\/\\\/www.kobler-margreid.com\\\/blog\\\/blog\\\/author\\\/admin\\\/\"}]}<\/script>\n<!-- \/ Yoast SEO plugin. -->","yoast_head_json":{"title":"Oenococcus oeni: An die Arbeit! \u2014 Al lavoro! - weinhof KOBLER weblog","robots":{"index":"index","follow":"follow","max-snippet":"max-snippet:-1","max-image-preview":"max-image-preview:large","max-video-preview":"max-video-preview:-1"},"canonical":"https:\/\/www.kobler-margreid.com\/blog\/blog\/2011\/11\/21\/oenococcus-oeni-an-die-arbeit_al-lavoro\/","og_locale":"de_DE","og_type":"article","og_title":"Oenococcus oeni: An die Arbeit! \u2014 Al lavoro! - weinhof KOBLER weblog","og_description":"Die Wei\u00dfweine haben seit einiger Zeit ihre G\u00e4rungen abgeschlossen (au\u00dfer der Chardonnay, \u00fcber diesen gibt es zur gegebener Zeit einen eigenen Bericht) und somit sind bei ihnen die wichtigsten biologisch-chemischen Vorg\u00e4nge abgeschlossen. Grob analytisch wird sich bei ihnen nicht mehr &hellip; Weiterlesen &rarr;","og_url":"https:\/\/www.kobler-margreid.com\/blog\/blog\/2011\/11\/21\/oenococcus-oeni-an-die-arbeit_al-lavoro\/","og_site_name":"weinhof KOBLER weblog","article_publisher":"https:\/\/www.facebook.com\/armin.kobler\/","article_author":"https:\/\/www.facebook.com\/armin.kobler\/","article_published_time":"2011-11-20T23:28:51+00:00","article_modified_time":"2011-12-02T15:58:23+00:00","og_image":[{"url":"http:\/\/www.kobler-margreid.com\/blog\/wp-content\/2011\/11\/2011-11-19_22-51-37.jpg","type":"","width":"","height":""}],"author":"armin kobler","twitter_card":"summary_large_image","twitter_misc":{"Verfasst von":"armin kobler","Gesch\u00e4tzte Lesezeit":"5\u00a0Minuten"},"schema":{"@context":"https:\/\/schema.org","@graph":[{"@type":"Article","@id":"https:\/\/www.kobler-margreid.com\/blog\/blog\/2011\/11\/21\/oenococcus-oeni-an-die-arbeit_al-lavoro\/#article","isPartOf":{"@id":"https:\/\/www.kobler-margreid.com\/blog\/blog\/2011\/11\/21\/oenococcus-oeni-an-die-arbeit_al-lavoro\/"},"author":{"name":"armin kobler","@id":"https:\/\/www.kobler-margreid.com\/blog\/#\/schema\/person\/6a2290c17f680f59c1fa7e1c7a36df3a"},"headline":"Oenococcus oeni: An die Arbeit! \u2014 Al lavoro!","datePublished":"2011-11-20T23:28:51+00:00","dateModified":"2011-12-02T15:58:23+00:00","mainEntityOfPage":{"@id":"https:\/\/www.kobler-margreid.com\/blog\/blog\/2011\/11\/21\/oenococcus-oeni-an-die-arbeit_al-lavoro\/"},"wordCount":1101,"commentCount":2,"publisher":{"@id":"https:\/\/www.kobler-margreid.com\/blog\/#\/schema\/person\/6a2290c17f680f59c1fa7e1c7a36df3a"},"image":{"@id":"https:\/\/www.kobler-margreid.com\/blog\/blog\/2011\/11\/21\/oenococcus-oeni-an-die-arbeit_al-lavoro\/#primaryimage"},"thumbnailUrl":"http:\/\/www.kobler-margreid.com\/blog\/wp-content\/2011\/11\/2011-11-19_22-51-37.jpg","keywords":["Biologischer S\u00e4ureabbau","BSA","Fermentazione malolattica","Holz","Legno","Merlot","Oenococcus oeni","Pi\u00e8ce"],"articleSection":["Allgemein - Generale"],"inLanguage":"de","potentialAction":[{"@type":"CommentAction","name":"Comment","target":["https:\/\/www.kobler-margreid.com\/blog\/blog\/2011\/11\/21\/oenococcus-oeni-an-die-arbeit_al-lavoro\/#respond"]}]},{"@type":"WebPage","@id":"https:\/\/www.kobler-margreid.com\/blog\/blog\/2011\/11\/21\/oenococcus-oeni-an-die-arbeit_al-lavoro\/","url":"https:\/\/www.kobler-margreid.com\/blog\/blog\/2011\/11\/21\/oenococcus-oeni-an-die-arbeit_al-lavoro\/","name":"Oenococcus oeni: An die Arbeit! \u2014 Al lavoro! - weinhof KOBLER weblog","isPartOf":{"@id":"https:\/\/www.kobler-margreid.com\/blog\/#website"},"primaryImageOfPage":{"@id":"https:\/\/www.kobler-margreid.com\/blog\/blog\/2011\/11\/21\/oenococcus-oeni-an-die-arbeit_al-lavoro\/#primaryimage"},"image":{"@id":"https:\/\/www.kobler-margreid.com\/blog\/blog\/2011\/11\/21\/oenococcus-oeni-an-die-arbeit_al-lavoro\/#primaryimage"},"thumbnailUrl":"http:\/\/www.kobler-margreid.com\/blog\/wp-content\/2011\/11\/2011-11-19_22-51-37.jpg","datePublished":"2011-11-20T23:28:51+00:00","dateModified":"2011-12-02T15:58:23+00:00","breadcrumb":{"@id":"https:\/\/www.kobler-margreid.com\/blog\/blog\/2011\/11\/21\/oenococcus-oeni-an-die-arbeit_al-lavoro\/#breadcrumb"},"inLanguage":"de","potentialAction":[{"@type":"ReadAction","target":["https:\/\/www.kobler-margreid.com\/blog\/blog\/2011\/11\/21\/oenococcus-oeni-an-die-arbeit_al-lavoro\/"]}]},{"@type":"ImageObject","inLanguage":"de","@id":"https:\/\/www.kobler-margreid.com\/blog\/blog\/2011\/11\/21\/oenococcus-oeni-an-die-arbeit_al-lavoro\/#primaryimage","url":"http:\/\/www.kobler-margreid.com\/blog\/wp-content\/2011\/11\/2011-11-19_22-51-37.jpg","contentUrl":"http:\/\/www.kobler-margreid.com\/blog\/wp-content\/2011\/11\/2011-11-19_22-51-37.jpg"},{"@type":"BreadcrumbList","@id":"https:\/\/www.kobler-margreid.com\/blog\/blog\/2011\/11\/21\/oenococcus-oeni-an-die-arbeit_al-lavoro\/#breadcrumb","itemListElement":[{"@type":"ListItem","position":1,"name":"Startseite","item":"https:\/\/www.kobler-margreid.com\/blog\/"},{"@type":"ListItem","position":2,"name":"Oenococcus oeni: An die Arbeit! \u2014 Al lavoro!"}]},{"@type":"WebSite","@id":"https:\/\/www.kobler-margreid.com\/blog\/#website","url":"https:\/\/www.kobler-margreid.com\/blog\/","name":"weinhof KOBLER weblog","description":"dem wein ganz nah \u2013 all&#039;interno del vino","publisher":{"@id":"https:\/\/www.kobler-margreid.com\/blog\/#\/schema\/person\/6a2290c17f680f59c1fa7e1c7a36df3a"},"potentialAction":[{"@type":"SearchAction","target":{"@type":"EntryPoint","urlTemplate":"https:\/\/www.kobler-margreid.com\/blog\/?s={search_term_string}"},"query-input":{"@type":"PropertyValueSpecification","valueRequired":true,"valueName":"search_term_string"}}],"inLanguage":"de"},{"@type":["Person","Organization"],"@id":"https:\/\/www.kobler-margreid.com\/blog\/#\/schema\/person\/6a2290c17f680f59c1fa7e1c7a36df3a","name":"armin kobler","image":{"@type":"ImageObject","inLanguage":"de","@id":"https:\/\/www.kobler-margreid.com\/blog\/wp-content\/2023\/11\/2012-05-08_09-33-03a.jpg","url":"https:\/\/www.kobler-margreid.com\/blog\/wp-content\/2023\/11\/2012-05-08_09-33-03a.jpg","contentUrl":"https:\/\/www.kobler-margreid.com\/blog\/wp-content\/2023\/11\/2012-05-08_09-33-03a.jpg","width":1088,"height":1184,"caption":"armin kobler"},"logo":{"@id":"https:\/\/www.kobler-margreid.com\/blog\/wp-content\/2023\/11\/2012-05-08_09-33-03a.jpg"},"sameAs":["http:\/\/www.kobler-margreid.com","https:\/\/www.facebook.com\/armin.kobler\/"],"url":"https:\/\/www.kobler-margreid.com\/blog\/blog\/author\/admin\/"}]}},"_links":{"self":[{"href":"https:\/\/www.kobler-margreid.com\/blog\/wp-json\/wp\/v2\/posts\/7539","targetHints":{"allow":["GET"]}}],"collection":[{"href":"https:\/\/www.kobler-margreid.com\/blog\/wp-json\/wp\/v2\/posts"}],"about":[{"href":"https:\/\/www.kobler-margreid.com\/blog\/wp-json\/wp\/v2\/types\/post"}],"author":[{"embeddable":true,"href":"https:\/\/www.kobler-margreid.com\/blog\/wp-json\/wp\/v2\/users\/1"}],"replies":[{"embeddable":true,"href":"https:\/\/www.kobler-margreid.com\/blog\/wp-json\/wp\/v2\/comments?post=7539"}],"version-history":[{"count":0,"href":"https:\/\/www.kobler-margreid.com\/blog\/wp-json\/wp\/v2\/posts\/7539\/revisions"}],"wp:attachment":[{"href":"https:\/\/www.kobler-margreid.com\/blog\/wp-json\/wp\/v2\/media?parent=7539"}],"wp:term":[{"taxonomy":"category","embeddable":true,"href":"https:\/\/www.kobler-margreid.com\/blog\/wp-json\/wp\/v2\/categories?post=7539"},{"taxonomy":"post_tag","embeddable":true,"href":"https:\/\/www.kobler-margreid.com\/blog\/wp-json\/wp\/v2\/tags?post=7539"}],"curies":[{"name":"wp","href":"https:\/\/api.w.org\/{rel}","templated":true}]}}