{"id":7653,"date":"2011-12-15T00:44:48","date_gmt":"2011-12-14T23:44:48","guid":{"rendered":"http:\/\/www.kobler-margreid.com\/blog\/?p=7653"},"modified":"2011-12-17T22:06:20","modified_gmt":"2011-12-17T21:06:20","slug":"web-2steter-tropfen-hoelt-den-stein","status":"publish","type":"post","link":"https:\/\/www.kobler-margreid.com\/blog\/blog\/2011\/12\/15\/web-2steter-tropfen-hoelt-den-stein\/","title":{"rendered":"Web 2.0: Steter Tropfen h\u00f6hlt den Stein? \u2014 Goccia a goccia?"},"content":{"rendered":"<p><a href=\"http:\/\/www.kobler-margreid.com\/blog\/wp-content\/2011\/12\/2011-12-15_00-24-21.jpg\" rel=\"lightbox[7653]\"><img loading=\"lazy\" decoding=\"async\" class=\"float left alignleft size-full wp-image-7677\" style=\"border-style: initial; border-color: initial; margin-top: 0px; margin-bottom: 0px; margin-left: 3px; margin-right: 3px; border-width: 0px;\" title=\"2011-12-15_00-24-21\" src=\"http:\/\/www.kobler-margreid.com\/blog\/wp-content\/2011\/12\/2011-12-15_00-24-21.jpg\" alt=\"\" width=\"340\" height=\"255\" srcset=\"https:\/\/www.kobler-margreid.com\/blog\/wp-content\/2011\/12\/2011-12-15_00-24-21.jpg 1459w, https:\/\/www.kobler-margreid.com\/blog\/wp-content\/2011\/12\/2011-12-15_00-24-21-300x224.jpg 300w, https:\/\/www.kobler-margreid.com\/blog\/wp-content\/2011\/12\/2011-12-15_00-24-21-1024x767.jpg 1024w\" sizes=\"auto, (max-width: 340px) 100vw, 340px\" \/><\/a><\/p>\n<p>Es gibt kaum eine Versammlung eines Wirtschaftsverbandes der vergangenen zwei Jahre, die sich nicht auch mit Social Media befasst hat. Dass es oft aber nur gut gemeinte Aktionen der F\u00fchrung sind, um den faxgewohnten Mitgliedern vielleicht noch den Anschluss an das Web 2.0 zu erm\u00f6glichen bzw. um der Interessensvertretung selbst einen zeitgem\u00e4\u00dfen Anstrich zu verleihen, sieht man an den vornehmlich verwirrten Gesichtern der Teilnehmern.<\/p>\n<p><em>Non c&#8217;\u00e8 quasi nessuna assemblea annuale delle grandi associazioni che ultimamente non ha trattato l&#8217;argomento dei social media. Dalle facce prevalentemente sbalordite dei presenti si capiva che ci\u00f2 era l&#8217;intento disperato delle direzioni di avvicinare i soci ancora innamorati dei fax al web 2.0 o un&#8217;azione per dare all&#8217;associazione un aspetto &#8222;up to date&#8220;.<\/em><\/p>\n<p>Doch wie geht es den Betrieben, welche sich schon l\u00e4nger aktiv im Internet bewegen? Haben sich die Verwendung von Weblogs, Facebook und Twitter wirklich auf alle so segensreich ausgewirkt, wie es von den Referenten gerne plakativ dargestellt wird? Gibt es eine gesicherte Korrelation zwischen den Besucherzahlen des Blogs, der Anzahl von Followern, der &#8222;Gef\u00e4llt-mir&#8220;-Klicks und den Verkauszahlen, speziell was den Weinbereich angeht? In welchem Bereich bewegt sich das Verh\u00e4ltnis Umsatzzuwachs zu den eingesetzten Arbeitsstunden?<\/p>\n<p><em>Ma come stanno le aziende che gi\u00e0 da tempo si muovono attivamente in Internet? L&#8217;utilizzo di Facebook e Twitter \u00a0o del proprio blog\u00a0ha causato ripercussioni tanto benefiche come lo spiegano i relatori con parole poco modeste? Ci sono correlazioni significative tra i clic su &#8222;mi piace&#8220;, il numero di follower, i lettori del blog ed il numero di vendite, specialmente per l&#8217;ambito del vino? In quale relazione si trovano l&#8217;aumento del fatturato ed il numero di ore impiegate al computer?<\/em><\/p>\n<p><em><!--more--><\/em><\/p>\n<p>Wahrscheinlich ist das Engagement im aktiven Internet, welches schlussendlich nur ein Baustein des Gesamtauftritts nach au\u00dfen sein kann, in seiner Effektivit\u00e4t so schwer zu bewerten wie es Werbema\u00dfnahmen sind. Letztlich auch deswegen, weil sich die Rahmenbedingungen immer schneller \u00e4ndern und deshalb den Vergleich vorher\/nachher anstellen immer uneindeutiger wird.<\/p>\n<p><em>Valutare l&#8217;effetivit\u00e0 della partecipazione alla rete, e ci\u00f2 \u00e8 sicuramente solo un tassello della comunicazione, probabilmente \u00e8 tanto difficile quanto giudicare l&#8217;esito di campagne publicitarie. Sicuramente anche perch\u00e8 le condizioni cambiano sempre pi\u00f9 velocemente per cui un confronto tra prima e dopo risulta sempre meno univoco.<\/em><\/p>\n<p>Was unseren Betrieb angeht, der seit 2008 bloggt, seit fast drei Jahren auf Facebook vertreten ist, seit kurzem auch den Mikroblogging-Dienst Twitter mit Mitteilungen f\u00fcttert und in mehrere Weinforen mitdiskutiert, ist das gesch\u00e4tze Ergebnis, wie man heute zu sagen pflegt, durchwachsen. Die Verbreitung und somit der Bekanntheitsgrad des Betriebes im WWW ist, gemessen an seiner Flaschenanzahl und vor Augen gehalten, dass er sich den Weinf\u00fchrern verschlie\u00dft, eigentlich beachtlich. Er schl\u00e4gt sich aber im Verh\u00e4ltnis zu wenig auf die Verkaufszahlen nieder. Ich beobachte n\u00e4mlich eine umgekehrtes Verh\u00e4ltnis zwischen dem Kaufpotential und der Empf\u00e4nglichkeit gegen\u00fcber Web 2.0.<\/p>\n<p><em>Per quello che concerne la nostra azienda che ha il proprio blog dal 2008, \u00e8 presente su Facebook da quasi tre anni, utilizza il servizio di microblogging Twitter e discute in pi\u00f9 forum di vini, il risultato \u00e8 cos\u00ec cos\u00ec. La diffusione in Internet e di conseguenza la notoriet\u00e0 dell&#8217;azienda \u00e8 notevole, soprattutto se si considera il fatto che vengono prodotte poche bottiglie e non si partecipa alle guide. Questo fatto positivo per\u00f2 non si ripercuote in modo proporzionale sulle vendite. Infatti noto un rapporto inverso tra il potenziale d&#8217;acquisto e la sensibilit\u00e0 nei confronti del Web 2.0.<\/em><\/p>\n<p>W\u00fcrdigen die Endkunden trotz oder gerade wegen des krisenbedingt immer schm\u00e4ler werdenden Budgets unsere Bem\u00fchungen,\u00a0sich im Netz aktiv darzustellen, ist das andere Extrem, die Wiederverk\u00e4ufer und deren Vertreter, jene Kategorie, wo wirklich Mengen bewegt werden, gr\u00f6\u00dftenteils social-media-resistent; zumindest jene, mit der ich zu tun habe. Bei den Gastronomen ist das Verhalten sehr heterogen: vordergr\u00fcndig immer stark mit anderen Dingen des Betriebes besch\u00e4ftigt, finden einige von ihnen doch inzwischen die Zeit, an den Nachrichten aus den Betrieben teilzuhaben. Wahrscheinlich weil sie ihren Betrieb selbst in Facebook interessant halten und mittels Holidaycheck bewertet werden, treten sie immer mehr auch mit mir als Lieferanten \u00fcbers Netz in Kontakt. Sie erhalten dabei aktuelle Infos, welche sie wiederum zu unser aller Nutzen an die \u00fcberdurchschnittlich weininteressierten G\u00e4ste weitergeben k\u00f6nnen.<\/p>\n<p><em>Mentre i consumatori finali nonostante o forse proprio perch\u00e8 il budget famigliare continua a decrescere apprezza i nostri sforzi di presentarci attivamente in rete, l&#8217;altro estremo, cio\u00e8 i rivenditori ed i loro agenti, le persone che fanno veramente numeri, sono in gran parte resistenti di fronte ai social media. Nell&#8217;ambito dei ristoratori e degli albergatori il comportamento \u00e8 molto eterogeneo: ovviamente sono occupati sempre da altre faccende che il loro esercizio comporta, ma qualcuno trova il tempo di usufruire della comunicazione da parte delle aziende vitivinicole. Probabilmente intraprendono il dialogo col produttore perch\u00e9 hanno loro stessi una pagina di Facebook che parla del proprio albergo e perch\u00e9 nel frattempo vengono valutati tramite Holidaycheck. In questo modo ottengono informazioni enoiche attuali che possono girare ai loro ospiti interessati al vino con il vantaggio per tutte le parti in gioco.<\/em><\/p>\n<p>Jedenfalls sind anl\u00e4sslich der letzten Vinitaly und auch bei der der ersten Pr\u00e4sentations- und Verkaufsveranstaltung der\u00a0Federazione Italiana Vignaioli Indipendenti\u00a0(FIVI), welche letztlich in Piacenza stattgefunden hat (<a href=\"http:\/\/terrauomocielo.org\/2011\/12\/06\/mercato-dei-vini-dei-vignaioli-indipendenti-unoccasione-per-i-consumatori\/\" target=\"_blank\">1<\/a>,\u00a0<a href=\"http:\/\/www.winestories.it\/fivi-2011\/\" target=\"_blank\">2<\/a>,\u00a0<a href=\"http:\/\/www.vinopigro.it\/blog\/2011\/12\/8\/mercato-dei-vignaioli-ecco-come-andata-2.html\" target=\"_blank\">3<\/a>, <a href=\"http:\/\/www.soavemente.net\/soavemente\/2011\/12\/vignaioli-fivi-a-piacenza-expo-grande-spazio-piccolo-mercato.html\" target=\"_blank\">4<\/a>\u00a0und <a href=\"http:\/\/www.appuntidigola.it\/2011\/12\/07\/siamo-la-fivi-ed-ecco-perche-sentirete-molto-parlare-di-noi\/\" target=\"_blank\">5<\/a>:\u00a0Eindr\u00fccke davon) mehr als drei Viertel der Besucher zum Stand bzw. Tisch gekommen, weil sie von mir im Internet gelesen haben oder gar dort mit mir diskutiert haben. Direkter Vorteil der Social Media in Sachen Verkauf hin oder her, angesichts dieses Besucherprofils, wie traurig w\u00fcrden unsere Messebesuche ablaufen, wenn diese ganzen Personen fehlen w\u00fcrden?<\/p>\n<p><em>Ad ogni modo allo scorso Vinitaly ed anche al primo mercato dei vini della\u00a0Federazione Italiana Vignaioli Indipendenti\u00a0(FIVI) che si \u00e8 svolta ultimamente a Piacenza\u00a0(<a href=\"http:\/\/terrauomocielo.org\/2011\/12\/06\/mercato-dei-vini-dei-vignaioli-indipendenti-unoccasione-per-i-consumatori\/\" target=\"_blank\">1<\/a>,\u00a0<a href=\"http:\/\/www.winestories.it\/fivi-2011\/\" target=\"_blank\">2<\/a>,\u00a0<a href=\"http:\/\/www.vinopigro.it\/blog\/2011\/12\/8\/mercato-dei-vignaioli-ecco-come-andata-2.html\" target=\"_blank\">3<\/a>,\u00a0<a href=\"http:\/\/www.soavemente.net\/soavemente\/2011\/12\/vignaioli-fivi-a-piacenza-expo-grande-spazio-piccolo-mercato.html\" target=\"_blank\">4<\/a>\u00a0e\u00a0<a href=\"http:\/\/www.appuntidigola.it\/2011\/12\/07\/siamo-la-fivi-ed-ecco-perche-sentirete-molto-parlare-di-noi\/\" target=\"_blank\">5<\/a>: qu\u00ec\u00a0se ne parla) pi\u00f9 di tre quarti dei visitatori che si sono rivolti a noi mi conoscono attraverso Internet o hanno\u00a0<\/em><em>addirittura discusso con me in rete. Indipendentemente dal riscontro concreto sulla vendita che hanno i social media, quanto sarebbero tristi le nostre partecipazioni a fiere e presentazioni se mancassero tutte queste persone!<\/em><\/p>\n<p>P.S.: Bevor es zu Missverst\u00e4ndnissen kommt, m\u00f6chte ich klarstellen, dass im Weinhandel und in der Gastronomie auch durchwegs noch ohne der aktiven Nutzung von Social Media gut gearbeitet wird. Internet darf wie alle Werkzeuge nicht zum Selbstzweck verkommen! Von mir aus verschenken aber\u00a0Web-2.0-freie Profis wertvolle Chanchen.<\/p>\n<p><em>P.S.: Prima che possano sorgere equivoci voglio precisare che nel commercio dei vini e nella ristorazione anche senza l&#8217;ausilio di interent interattivo ancora si lavora bene. Internet, come tutti gli strumenti non dovr\u00e0 mai diventare fine a se stesso! Secondo me gli operatori alieni al Web 2.0 stanno per\u00f2 perdendo opportunit\u00e0 preziose.<\/em><\/p>\n","protected":false},"excerpt":{"rendered":"<p>Es gibt kaum eine Versammlung eines Wirtschaftsverbandes der vergangenen zwei Jahre, die sich nicht auch mit Social Media befasst hat. Dass es oft aber nur gut gemeinte Aktionen der F\u00fchrung sind, um den faxgewohnten Mitgliedern vielleicht noch den Anschluss an &hellip; <a href=\"https:\/\/www.kobler-margreid.com\/blog\/blog\/2011\/12\/15\/web-2steter-tropfen-hoelt-den-stein\/\">Weiterlesen <span class=\"meta-nav\">&rarr;<\/span><\/a><\/p>\n","protected":false},"author":1,"featured_media":0,"comment_status":"open","ping_status":"open","sticky":false,"template":"","format":"standard","meta":{"ngg_post_thumbnail":0,"footnotes":"","_links_to":"","_links_to_target":""},"categories":[209,9,114],"tags":[],"class_list":["post-7653","post","type-post","status-publish","format-standard","hentry","category-internet","category-oeffentlichkeitsarbeit","category-verkauf"],"yoast_head":"<!-- This site is optimized with the Yoast SEO plugin v27.5 - https:\/\/yoast.com\/product\/yoast-seo-wordpress\/ -->\n<title>Web 2.0: Steter Tropfen h\u00f6hlt den Stein? \u2014 Goccia a goccia? - weinhof KOBLER weblog<\/title>\n<meta name=\"robots\" content=\"index, follow, max-snippet:-1, max-image-preview:large, max-video-preview:-1\" \/>\n<link rel=\"canonical\" href=\"https:\/\/www.kobler-margreid.com\/blog\/blog\/2011\/12\/15\/web-2steter-tropfen-hoelt-den-stein\/\" \/>\n<meta property=\"og:locale\" content=\"de_DE\" \/>\n<meta property=\"og:type\" content=\"article\" \/>\n<meta property=\"og:title\" content=\"Web 2.0: Steter Tropfen h\u00f6hlt den Stein? \u2014 Goccia a goccia? - weinhof KOBLER weblog\" \/>\n<meta property=\"og:description\" content=\"Es gibt kaum eine Versammlung eines Wirtschaftsverbandes der vergangenen zwei Jahre, die sich nicht auch mit Social Media befasst hat. Dass es oft aber nur gut gemeinte Aktionen der F\u00fchrung sind, um den faxgewohnten Mitgliedern vielleicht noch den Anschluss an &hellip; Weiterlesen &rarr;\" \/>\n<meta property=\"og:url\" content=\"https:\/\/www.kobler-margreid.com\/blog\/blog\/2011\/12\/15\/web-2steter-tropfen-hoelt-den-stein\/\" \/>\n<meta property=\"og:site_name\" content=\"weinhof KOBLER weblog\" \/>\n<meta property=\"article:publisher\" content=\"https:\/\/www.facebook.com\/armin.kobler\/\" \/>\n<meta property=\"article:author\" content=\"https:\/\/www.facebook.com\/armin.kobler\/\" \/>\n<meta property=\"article:published_time\" content=\"2011-12-14T23:44:48+00:00\" \/>\n<meta property=\"article:modified_time\" content=\"2011-12-17T21:06:20+00:00\" \/>\n<meta property=\"og:image\" content=\"http:\/\/www.kobler-margreid.com\/blog\/wp-content\/2011\/12\/2011-12-15_00-24-21.jpg\" \/>\n<meta name=\"author\" content=\"armin kobler\" \/>\n<meta name=\"twitter:card\" content=\"summary_large_image\" \/>\n<meta name=\"twitter:label1\" content=\"Verfasst von\" \/>\n\t<meta name=\"twitter:data1\" content=\"armin kobler\" \/>\n\t<meta name=\"twitter:label2\" content=\"Gesch\u00e4tzte Lesezeit\" \/>\n\t<meta name=\"twitter:data2\" content=\"6\u00a0Minuten\" \/>\n<script type=\"application\/ld+json\" class=\"yoast-schema-graph\">{\"@context\":\"https:\\\/\\\/schema.org\",\"@graph\":[{\"@type\":\"Article\",\"@id\":\"https:\\\/\\\/www.kobler-margreid.com\\\/blog\\\/blog\\\/2011\\\/12\\\/15\\\/web-2steter-tropfen-hoelt-den-stein\\\/#article\",\"isPartOf\":{\"@id\":\"https:\\\/\\\/www.kobler-margreid.com\\\/blog\\\/blog\\\/2011\\\/12\\\/15\\\/web-2steter-tropfen-hoelt-den-stein\\\/\"},\"author\":{\"name\":\"armin kobler\",\"@id\":\"https:\\\/\\\/www.kobler-margreid.com\\\/blog\\\/#\\\/schema\\\/person\\\/6a2290c17f680f59c1fa7e1c7a36df3a\"},\"headline\":\"Web 2.0: Steter Tropfen h\u00f6hlt den Stein? \u2014 Goccia a goccia?\",\"datePublished\":\"2011-12-14T23:44:48+00:00\",\"dateModified\":\"2011-12-17T21:06:20+00:00\",\"mainEntityOfPage\":{\"@id\":\"https:\\\/\\\/www.kobler-margreid.com\\\/blog\\\/blog\\\/2011\\\/12\\\/15\\\/web-2steter-tropfen-hoelt-den-stein\\\/\"},\"wordCount\":1121,\"commentCount\":6,\"publisher\":{\"@id\":\"https:\\\/\\\/www.kobler-margreid.com\\\/blog\\\/#\\\/schema\\\/person\\\/6a2290c17f680f59c1fa7e1c7a36df3a\"},\"image\":{\"@id\":\"https:\\\/\\\/www.kobler-margreid.com\\\/blog\\\/blog\\\/2011\\\/12\\\/15\\\/web-2steter-tropfen-hoelt-den-stein\\\/#primaryimage\"},\"thumbnailUrl\":\"http:\\\/\\\/www.kobler-margreid.com\\\/blog\\\/wp-content\\\/2011\\\/12\\\/2011-12-15_00-24-21.jpg\",\"articleSection\":[\"Internet\",\"\u00d6ffentlichkeitsarbeit - Pubbliche relazioni\",\"Verkauf - Vendita\"],\"inLanguage\":\"de\",\"potentialAction\":[{\"@type\":\"CommentAction\",\"name\":\"Comment\",\"target\":[\"https:\\\/\\\/www.kobler-margreid.com\\\/blog\\\/blog\\\/2011\\\/12\\\/15\\\/web-2steter-tropfen-hoelt-den-stein\\\/#respond\"]}]},{\"@type\":\"WebPage\",\"@id\":\"https:\\\/\\\/www.kobler-margreid.com\\\/blog\\\/blog\\\/2011\\\/12\\\/15\\\/web-2steter-tropfen-hoelt-den-stein\\\/\",\"url\":\"https:\\\/\\\/www.kobler-margreid.com\\\/blog\\\/blog\\\/2011\\\/12\\\/15\\\/web-2steter-tropfen-hoelt-den-stein\\\/\",\"name\":\"Web 2.0: Steter Tropfen h\u00f6hlt den Stein? \u2014 Goccia a goccia? - weinhof KOBLER weblog\",\"isPartOf\":{\"@id\":\"https:\\\/\\\/www.kobler-margreid.com\\\/blog\\\/#website\"},\"primaryImageOfPage\":{\"@id\":\"https:\\\/\\\/www.kobler-margreid.com\\\/blog\\\/blog\\\/2011\\\/12\\\/15\\\/web-2steter-tropfen-hoelt-den-stein\\\/#primaryimage\"},\"image\":{\"@id\":\"https:\\\/\\\/www.kobler-margreid.com\\\/blog\\\/blog\\\/2011\\\/12\\\/15\\\/web-2steter-tropfen-hoelt-den-stein\\\/#primaryimage\"},\"thumbnailUrl\":\"http:\\\/\\\/www.kobler-margreid.com\\\/blog\\\/wp-content\\\/2011\\\/12\\\/2011-12-15_00-24-21.jpg\",\"datePublished\":\"2011-12-14T23:44:48+00:00\",\"dateModified\":\"2011-12-17T21:06:20+00:00\",\"breadcrumb\":{\"@id\":\"https:\\\/\\\/www.kobler-margreid.com\\\/blog\\\/blog\\\/2011\\\/12\\\/15\\\/web-2steter-tropfen-hoelt-den-stein\\\/#breadcrumb\"},\"inLanguage\":\"de\",\"potentialAction\":[{\"@type\":\"ReadAction\",\"target\":[\"https:\\\/\\\/www.kobler-margreid.com\\\/blog\\\/blog\\\/2011\\\/12\\\/15\\\/web-2steter-tropfen-hoelt-den-stein\\\/\"]}]},{\"@type\":\"ImageObject\",\"inLanguage\":\"de\",\"@id\":\"https:\\\/\\\/www.kobler-margreid.com\\\/blog\\\/blog\\\/2011\\\/12\\\/15\\\/web-2steter-tropfen-hoelt-den-stein\\\/#primaryimage\",\"url\":\"http:\\\/\\\/www.kobler-margreid.com\\\/blog\\\/wp-content\\\/2011\\\/12\\\/2011-12-15_00-24-21.jpg\",\"contentUrl\":\"http:\\\/\\\/www.kobler-margreid.com\\\/blog\\\/wp-content\\\/2011\\\/12\\\/2011-12-15_00-24-21.jpg\"},{\"@type\":\"BreadcrumbList\",\"@id\":\"https:\\\/\\\/www.kobler-margreid.com\\\/blog\\\/blog\\\/2011\\\/12\\\/15\\\/web-2steter-tropfen-hoelt-den-stein\\\/#breadcrumb\",\"itemListElement\":[{\"@type\":\"ListItem\",\"position\":1,\"name\":\"Startseite\",\"item\":\"https:\\\/\\\/www.kobler-margreid.com\\\/blog\\\/\"},{\"@type\":\"ListItem\",\"position\":2,\"name\":\"Web 2.0: Steter Tropfen h\u00f6hlt den Stein? \u2014 Goccia a goccia?\"}]},{\"@type\":\"WebSite\",\"@id\":\"https:\\\/\\\/www.kobler-margreid.com\\\/blog\\\/#website\",\"url\":\"https:\\\/\\\/www.kobler-margreid.com\\\/blog\\\/\",\"name\":\"weinhof KOBLER weblog\",\"description\":\"dem wein ganz nah \u2013 all&#039;interno del vino\",\"publisher\":{\"@id\":\"https:\\\/\\\/www.kobler-margreid.com\\\/blog\\\/#\\\/schema\\\/person\\\/6a2290c17f680f59c1fa7e1c7a36df3a\"},\"potentialAction\":[{\"@type\":\"SearchAction\",\"target\":{\"@type\":\"EntryPoint\",\"urlTemplate\":\"https:\\\/\\\/www.kobler-margreid.com\\\/blog\\\/?s={search_term_string}\"},\"query-input\":{\"@type\":\"PropertyValueSpecification\",\"valueRequired\":true,\"valueName\":\"search_term_string\"}}],\"inLanguage\":\"de\"},{\"@type\":[\"Person\",\"Organization\"],\"@id\":\"https:\\\/\\\/www.kobler-margreid.com\\\/blog\\\/#\\\/schema\\\/person\\\/6a2290c17f680f59c1fa7e1c7a36df3a\",\"name\":\"armin kobler\",\"image\":{\"@type\":\"ImageObject\",\"inLanguage\":\"de\",\"@id\":\"https:\\\/\\\/www.kobler-margreid.com\\\/blog\\\/wp-content\\\/2023\\\/11\\\/2012-05-08_09-33-03a.jpg\",\"url\":\"https:\\\/\\\/www.kobler-margreid.com\\\/blog\\\/wp-content\\\/2023\\\/11\\\/2012-05-08_09-33-03a.jpg\",\"contentUrl\":\"https:\\\/\\\/www.kobler-margreid.com\\\/blog\\\/wp-content\\\/2023\\\/11\\\/2012-05-08_09-33-03a.jpg\",\"width\":1088,\"height\":1184,\"caption\":\"armin kobler\"},\"logo\":{\"@id\":\"https:\\\/\\\/www.kobler-margreid.com\\\/blog\\\/wp-content\\\/2023\\\/11\\\/2012-05-08_09-33-03a.jpg\"},\"sameAs\":[\"http:\\\/\\\/www.kobler-margreid.com\",\"https:\\\/\\\/www.facebook.com\\\/armin.kobler\\\/\"],\"url\":\"https:\\\/\\\/www.kobler-margreid.com\\\/blog\\\/blog\\\/author\\\/admin\\\/\"}]}<\/script>\n<!-- \/ Yoast SEO plugin. -->","yoast_head_json":{"title":"Web 2.0: Steter Tropfen h\u00f6hlt den Stein? \u2014 Goccia a goccia? - weinhof KOBLER weblog","robots":{"index":"index","follow":"follow","max-snippet":"max-snippet:-1","max-image-preview":"max-image-preview:large","max-video-preview":"max-video-preview:-1"},"canonical":"https:\/\/www.kobler-margreid.com\/blog\/blog\/2011\/12\/15\/web-2steter-tropfen-hoelt-den-stein\/","og_locale":"de_DE","og_type":"article","og_title":"Web 2.0: Steter Tropfen h\u00f6hlt den Stein? \u2014 Goccia a goccia? - weinhof KOBLER weblog","og_description":"Es gibt kaum eine Versammlung eines Wirtschaftsverbandes der vergangenen zwei Jahre, die sich nicht auch mit Social Media befasst hat. Dass es oft aber nur gut gemeinte Aktionen der F\u00fchrung sind, um den faxgewohnten Mitgliedern vielleicht noch den Anschluss an &hellip; Weiterlesen &rarr;","og_url":"https:\/\/www.kobler-margreid.com\/blog\/blog\/2011\/12\/15\/web-2steter-tropfen-hoelt-den-stein\/","og_site_name":"weinhof KOBLER weblog","article_publisher":"https:\/\/www.facebook.com\/armin.kobler\/","article_author":"https:\/\/www.facebook.com\/armin.kobler\/","article_published_time":"2011-12-14T23:44:48+00:00","article_modified_time":"2011-12-17T21:06:20+00:00","og_image":[{"url":"http:\/\/www.kobler-margreid.com\/blog\/wp-content\/2011\/12\/2011-12-15_00-24-21.jpg","type":"","width":"","height":""}],"author":"armin kobler","twitter_card":"summary_large_image","twitter_misc":{"Verfasst von":"armin kobler","Gesch\u00e4tzte Lesezeit":"6\u00a0Minuten"},"schema":{"@context":"https:\/\/schema.org","@graph":[{"@type":"Article","@id":"https:\/\/www.kobler-margreid.com\/blog\/blog\/2011\/12\/15\/web-2steter-tropfen-hoelt-den-stein\/#article","isPartOf":{"@id":"https:\/\/www.kobler-margreid.com\/blog\/blog\/2011\/12\/15\/web-2steter-tropfen-hoelt-den-stein\/"},"author":{"name":"armin kobler","@id":"https:\/\/www.kobler-margreid.com\/blog\/#\/schema\/person\/6a2290c17f680f59c1fa7e1c7a36df3a"},"headline":"Web 2.0: Steter Tropfen h\u00f6hlt den Stein? \u2014 Goccia a goccia?","datePublished":"2011-12-14T23:44:48+00:00","dateModified":"2011-12-17T21:06:20+00:00","mainEntityOfPage":{"@id":"https:\/\/www.kobler-margreid.com\/blog\/blog\/2011\/12\/15\/web-2steter-tropfen-hoelt-den-stein\/"},"wordCount":1121,"commentCount":6,"publisher":{"@id":"https:\/\/www.kobler-margreid.com\/blog\/#\/schema\/person\/6a2290c17f680f59c1fa7e1c7a36df3a"},"image":{"@id":"https:\/\/www.kobler-margreid.com\/blog\/blog\/2011\/12\/15\/web-2steter-tropfen-hoelt-den-stein\/#primaryimage"},"thumbnailUrl":"http:\/\/www.kobler-margreid.com\/blog\/wp-content\/2011\/12\/2011-12-15_00-24-21.jpg","articleSection":["Internet","\u00d6ffentlichkeitsarbeit - Pubbliche relazioni","Verkauf - Vendita"],"inLanguage":"de","potentialAction":[{"@type":"CommentAction","name":"Comment","target":["https:\/\/www.kobler-margreid.com\/blog\/blog\/2011\/12\/15\/web-2steter-tropfen-hoelt-den-stein\/#respond"]}]},{"@type":"WebPage","@id":"https:\/\/www.kobler-margreid.com\/blog\/blog\/2011\/12\/15\/web-2steter-tropfen-hoelt-den-stein\/","url":"https:\/\/www.kobler-margreid.com\/blog\/blog\/2011\/12\/15\/web-2steter-tropfen-hoelt-den-stein\/","name":"Web 2.0: Steter Tropfen h\u00f6hlt den Stein? \u2014 Goccia a goccia? - weinhof KOBLER weblog","isPartOf":{"@id":"https:\/\/www.kobler-margreid.com\/blog\/#website"},"primaryImageOfPage":{"@id":"https:\/\/www.kobler-margreid.com\/blog\/blog\/2011\/12\/15\/web-2steter-tropfen-hoelt-den-stein\/#primaryimage"},"image":{"@id":"https:\/\/www.kobler-margreid.com\/blog\/blog\/2011\/12\/15\/web-2steter-tropfen-hoelt-den-stein\/#primaryimage"},"thumbnailUrl":"http:\/\/www.kobler-margreid.com\/blog\/wp-content\/2011\/12\/2011-12-15_00-24-21.jpg","datePublished":"2011-12-14T23:44:48+00:00","dateModified":"2011-12-17T21:06:20+00:00","breadcrumb":{"@id":"https:\/\/www.kobler-margreid.com\/blog\/blog\/2011\/12\/15\/web-2steter-tropfen-hoelt-den-stein\/#breadcrumb"},"inLanguage":"de","potentialAction":[{"@type":"ReadAction","target":["https:\/\/www.kobler-margreid.com\/blog\/blog\/2011\/12\/15\/web-2steter-tropfen-hoelt-den-stein\/"]}]},{"@type":"ImageObject","inLanguage":"de","@id":"https:\/\/www.kobler-margreid.com\/blog\/blog\/2011\/12\/15\/web-2steter-tropfen-hoelt-den-stein\/#primaryimage","url":"http:\/\/www.kobler-margreid.com\/blog\/wp-content\/2011\/12\/2011-12-15_00-24-21.jpg","contentUrl":"http:\/\/www.kobler-margreid.com\/blog\/wp-content\/2011\/12\/2011-12-15_00-24-21.jpg"},{"@type":"BreadcrumbList","@id":"https:\/\/www.kobler-margreid.com\/blog\/blog\/2011\/12\/15\/web-2steter-tropfen-hoelt-den-stein\/#breadcrumb","itemListElement":[{"@type":"ListItem","position":1,"name":"Startseite","item":"https:\/\/www.kobler-margreid.com\/blog\/"},{"@type":"ListItem","position":2,"name":"Web 2.0: Steter Tropfen h\u00f6hlt den Stein? \u2014 Goccia a goccia?"}]},{"@type":"WebSite","@id":"https:\/\/www.kobler-margreid.com\/blog\/#website","url":"https:\/\/www.kobler-margreid.com\/blog\/","name":"weinhof KOBLER weblog","description":"dem wein ganz nah \u2013 all&#039;interno del vino","publisher":{"@id":"https:\/\/www.kobler-margreid.com\/blog\/#\/schema\/person\/6a2290c17f680f59c1fa7e1c7a36df3a"},"potentialAction":[{"@type":"SearchAction","target":{"@type":"EntryPoint","urlTemplate":"https:\/\/www.kobler-margreid.com\/blog\/?s={search_term_string}"},"query-input":{"@type":"PropertyValueSpecification","valueRequired":true,"valueName":"search_term_string"}}],"inLanguage":"de"},{"@type":["Person","Organization"],"@id":"https:\/\/www.kobler-margreid.com\/blog\/#\/schema\/person\/6a2290c17f680f59c1fa7e1c7a36df3a","name":"armin kobler","image":{"@type":"ImageObject","inLanguage":"de","@id":"https:\/\/www.kobler-margreid.com\/blog\/wp-content\/2023\/11\/2012-05-08_09-33-03a.jpg","url":"https:\/\/www.kobler-margreid.com\/blog\/wp-content\/2023\/11\/2012-05-08_09-33-03a.jpg","contentUrl":"https:\/\/www.kobler-margreid.com\/blog\/wp-content\/2023\/11\/2012-05-08_09-33-03a.jpg","width":1088,"height":1184,"caption":"armin kobler"},"logo":{"@id":"https:\/\/www.kobler-margreid.com\/blog\/wp-content\/2023\/11\/2012-05-08_09-33-03a.jpg"},"sameAs":["http:\/\/www.kobler-margreid.com","https:\/\/www.facebook.com\/armin.kobler\/"],"url":"https:\/\/www.kobler-margreid.com\/blog\/blog\/author\/admin\/"}]}},"_links":{"self":[{"href":"https:\/\/www.kobler-margreid.com\/blog\/wp-json\/wp\/v2\/posts\/7653","targetHints":{"allow":["GET"]}}],"collection":[{"href":"https:\/\/www.kobler-margreid.com\/blog\/wp-json\/wp\/v2\/posts"}],"about":[{"href":"https:\/\/www.kobler-margreid.com\/blog\/wp-json\/wp\/v2\/types\/post"}],"author":[{"embeddable":true,"href":"https:\/\/www.kobler-margreid.com\/blog\/wp-json\/wp\/v2\/users\/1"}],"replies":[{"embeddable":true,"href":"https:\/\/www.kobler-margreid.com\/blog\/wp-json\/wp\/v2\/comments?post=7653"}],"version-history":[{"count":0,"href":"https:\/\/www.kobler-margreid.com\/blog\/wp-json\/wp\/v2\/posts\/7653\/revisions"}],"wp:attachment":[{"href":"https:\/\/www.kobler-margreid.com\/blog\/wp-json\/wp\/v2\/media?parent=7653"}],"wp:term":[{"taxonomy":"category","embeddable":true,"href":"https:\/\/www.kobler-margreid.com\/blog\/wp-json\/wp\/v2\/categories?post=7653"},{"taxonomy":"post_tag","embeddable":true,"href":"https:\/\/www.kobler-margreid.com\/blog\/wp-json\/wp\/v2\/tags?post=7653"}],"curies":[{"name":"wp","href":"https:\/\/api.w.org\/{rel}","templated":true}]}}