{"id":773,"date":"2008-10-21T15:36:32","date_gmt":"2008-10-21T13:36:32","guid":{"rendered":"http:\/\/www.kobler-margreid.com\/blog\/?p=773"},"modified":"2008-10-21T21:54:47","modified_gmt":"2008-10-21T19:54:47","slug":"das-ende-naht","status":"publish","type":"post","link":"https:\/\/www.kobler-margreid.com\/blog\/blog\/2008\/10\/21\/das-ende-naht\/","title":{"rendered":"Das Ende naht&#8230;"},"content":{"rendered":"<p><a href=\"http:\/\/www.kobler-margreid.com\/blog\/wp-content\/2008\/10\/2008-10-16_08-59-59.jpg\" rel=\"lightbox[773]\"><img loading=\"lazy\" decoding=\"async\" class=\"float left alignleft size-full wp-image-778\" style=\"border: 0pt none; margin: 0px 5px;\" title=\"2008-10-16_08-59-59\" src=\"http:\/\/www.kobler-margreid.com\/blog\/wp-content\/2008\/10\/2008-10-16_08-59-59.jpg\" alt=\"\" width=\"284\" height=\"421\" \/><\/a>Nein, nicht das der Erde, denn das Produzieren von Minischwarzenl\u00f6chern wurde einstweilen ja <a title=\"CERN-Teoilchenbeschleuniger steht still\" href=\"http:\/\/www.spiegel.de\/wissenschaft\/mensch\/0,1518,580064,00.html\" target=\"_blank\">aufgeschoben<\/a>, auch nicht das der weltweiten Finanzkrise, da die staatlichen <a title=\"NZZ Beat Kapeller\" href=\"http:\/\/www.nzz.ch\/hintergrund\/kolumnen\/kolumne_kappeler_beat\/kappeler_beat_kolumne\/in_der_krise_hat_auch_die_politik_versagt_1.1028622.html\" target=\"_blank\">Garantien<\/a> an den \u00fcberspannten Mechanismen, auf denen das Debakel der Kapitaljonglierer basiert, schlie\u00dflich nichts Grundlegendes ge\u00e4ndert haben.<\/p>\n<p>Es zeichnet sich nur im Koblerschen Mikrokosmos ein Ende, und zwar hinsichtlich der Weinlese 2008 und deren Verarbeitung, an.<\/p>\n<p>Nat\u00fcrlich h\u00e4tte ich auch bei den Roten noch etwas l\u00e4nger gewartet und nicht nur, weil mich die engsten Kollegen imer wieder gestichelt haben (&#8222;Willst du noch mehr Paprikaton im Merlot haben?&#8220;, &#8222;Um einen gro\u00dfen Roten zu machen, darfst Du nicht halbreife Trauben wimmen!&#8220;). Die \u00fcbliche Wetterunsicherheit und Hilfskr\u00e4fteverf\u00fcgbarkeit haben schlussendlich die Termine bestimmt: am 16.10. den Merlot Kretzer Kotzner und am 18.10. den Merlot Klausner.<\/p>\n<p><!--more--><\/p>\n<p>Zugegebenerma\u00dfen musste ich hinsichtlich des Klausner auch vor dem Traubendiebstahl Angst haben; nachdem die Gro\u00dflage <a title=\"Satellitenaufnahme Lagen\" href=\"http:\/\/www.kobler-margreid.com\/deutsch\/lagen_weine\/uebersicht\/uebersicht.html\" target=\"_blank\">Punggl<\/a> sich wirklich weit weg von den D\u00f6rfern befindet und nach der Weinlese nur wenige Bauern &#8211; jene die meinen, sie m\u00fcssen die Reben noch vor dem Laubfall geschnitten haben &#8211; dort arbeiten, k\u00f6nnen unbemerkt auch gr\u00f6\u00dfere Mengen den Besitzer wechseln. Ist uns \u00fcbrigens vor ein paar Jahren in der dorfnahen (!) Lage Feld auch schon passiert.<\/p>\n<p>[youtube width=&#8220;320&#8243; height=&#8220;265&#8243;]http:\/\/www.youtube.com\/watch?v=xKqbaF-YMGU[\/youtube] Die Trauben, aus den unser Ros\u00e9-Nischenprodukt enstehen soll, wurden nach dem Rebeln in den gro\u00dfen Maischeg\u00e4rtank gepumpt, wo sie 48 Stunden, inzwischen geschwefelt, zur ungek\u00fchlten prefermentativen Mazeration verblieben. Nach einer leichten manuellen Pressung der Maische wurde der Most gleich einem Wei\u00dfwein weiterverarbeitet. Somit ist unsere Kretzerherstellung, welche auch ein wenig strukturbildenden Gerbstoffe aus den Schalen herausholt, doch anders als die weitverbreitete weil weniger arbeitsaufwendige Saign\u00e9- oder Mostentzugs-Methode. Die naturgem\u00e4\u00df noch sehr nassen Trestern wurden danach der Riserva-Maische dazugegeben.<\/p>\n<p>Anbei die Mostdaten der beiden Partien:<\/p>\n<p>Merlot Kretzer\u00a0\u00a0\u00a0 Mostgewicht 20,0 \u00b0KMW, pH-Wert 3,76, tirtrierbare S\u00e4ure 4,3 g\/L, HVS 155 mg\/L<br \/>\nMerlot Riserva\u00a0\u00a0\u00a0 Mostgewicht 20,6 \u00b0KMW, pH-Wert 3,71, tirtrierbare S\u00e4ure 4,7 g\/L, HVS 193 mg\/L<\/p>\n<p>Bei dem Merlot-Most werde ich um eine Zugabe von G\u00e4rsalzen nicht umhin kommen. 155 mg hefeverwertbarer Stickstoff pro Liter sind hart an der Grenze f\u00fcr eine Mostg\u00e4rung. Er ist auch relativ stark entschleimt worden, ein weiterer Faktor, der das Auftreten von G\u00e4rstockungen beg\u00fcnstigt.<\/p>\n<p>Diese Tage hatten wir meinen ehemaligen Studenten-WG-Kollegen, <a title=\"Armin Bardel Home\" href=\"http:\/\/www.arminbardel.at\/\" target=\"_blank\">Armin Bardel<\/a>, der inzwischen ein bedeutender Fotograph mit dem Schwerpunkt Theater geworden ist, zu Gast. Von ihm stammen die Bilder dieser Fotogalerie.<\/p>\n<p><strong>Merlot Kretzer:<\/strong><\/p>ngg_shortcode_0_placeholder<p><strong>Merlot Riserva:<\/strong><\/p>ngg_shortcode_1_placeholder","protected":false},"excerpt":{"rendered":"<p>Nein, nicht das der Erde, denn das Produzieren von Minischwarzenl\u00f6chern wurde einstweilen ja aufgeschoben, auch nicht das der weltweiten Finanzkrise, da die staatlichen Garantien an den \u00fcberspannten Mechanismen, auf denen das Debakel der Kapitaljonglierer basiert, schlie\u00dflich nichts Grundlegendes ge\u00e4ndert haben. &hellip; <a href=\"https:\/\/www.kobler-margreid.com\/blog\/blog\/2008\/10\/21\/das-ende-naht\/\">Weiterlesen <span class=\"meta-nav\">&rarr;<\/span><\/a><\/p>\n","protected":false},"author":1,"featured_media":0,"comment_status":"open","ping_status":"open","sticky":false,"template":"","format":"standard","meta":{"ngg_post_thumbnail":0,"footnotes":"","_links_to":"","_links_to_target":""},"categories":[12,15],"tags":[189,188,79,187],"class_list":["post-773","post","type-post","status-publish","format-standard","hentry","category-ernte","category-keller","tag-armin-bardel","tag-rose","tag-suedtiroler-merlot-kretze","tag-suedtiroler-merlot-riserva"],"yoast_head":"<!-- This site is optimized with the Yoast SEO plugin v27.5 - https:\/\/yoast.com\/product\/yoast-seo-wordpress\/ -->\n<title>Das Ende naht... - weinhof KOBLER weblog<\/title>\n<meta name=\"robots\" content=\"index, follow, max-snippet:-1, max-image-preview:large, max-video-preview:-1\" \/>\n<link rel=\"canonical\" href=\"https:\/\/www.kobler-margreid.com\/blog\/blog\/2008\/10\/21\/das-ende-naht\/\" \/>\n<meta property=\"og:locale\" content=\"de_DE\" \/>\n<meta property=\"og:type\" content=\"article\" \/>\n<meta property=\"og:title\" content=\"Das Ende naht... - weinhof KOBLER weblog\" \/>\n<meta property=\"og:description\" content=\"Nein, nicht das der Erde, denn das Produzieren von Minischwarzenl\u00f6chern wurde einstweilen ja aufgeschoben, auch nicht das der weltweiten Finanzkrise, da die staatlichen Garantien an den \u00fcberspannten Mechanismen, auf denen das Debakel der Kapitaljonglierer basiert, schlie\u00dflich nichts Grundlegendes ge\u00e4ndert haben. &hellip; Weiterlesen &rarr;\" \/>\n<meta property=\"og:url\" content=\"https:\/\/www.kobler-margreid.com\/blog\/blog\/2008\/10\/21\/das-ende-naht\/\" \/>\n<meta property=\"og:site_name\" content=\"weinhof KOBLER weblog\" \/>\n<meta property=\"article:publisher\" content=\"https:\/\/www.facebook.com\/armin.kobler\/\" \/>\n<meta property=\"article:author\" content=\"https:\/\/www.facebook.com\/armin.kobler\/\" \/>\n<meta property=\"article:published_time\" content=\"2008-10-21T13:36:32+00:00\" \/>\n<meta property=\"article:modified_time\" content=\"2008-10-21T19:54:47+00:00\" \/>\n<meta property=\"og:image\" content=\"https:\/\/www.kobler-margreid.com\/blog\/wp-content\/\/home\/pl13659\/websites\/www.kobler-margreid.com\/blog\/wp-content\/2008\/10\/2008-10-16_08-59-59.jpg\" \/>\n<meta name=\"author\" content=\"armin kobler\" \/>\n<meta name=\"twitter:card\" content=\"summary_large_image\" \/>\n<meta name=\"twitter:label1\" content=\"Verfasst von\" \/>\n\t<meta name=\"twitter:data1\" content=\"armin kobler\" \/>\n\t<meta name=\"twitter:label2\" content=\"Gesch\u00e4tzte Lesezeit\" \/>\n\t<meta name=\"twitter:data2\" content=\"2\u00a0Minuten\" \/>\n<script type=\"application\/ld+json\" class=\"yoast-schema-graph\">{\"@context\":\"https:\\\/\\\/schema.org\",\"@graph\":[{\"@type\":\"Article\",\"@id\":\"https:\\\/\\\/www.kobler-margreid.com\\\/blog\\\/blog\\\/2008\\\/10\\\/21\\\/das-ende-naht\\\/#article\",\"isPartOf\":{\"@id\":\"https:\\\/\\\/www.kobler-margreid.com\\\/blog\\\/blog\\\/2008\\\/10\\\/21\\\/das-ende-naht\\\/\"},\"author\":{\"name\":\"armin kobler\",\"@id\":\"https:\\\/\\\/www.kobler-margreid.com\\\/blog\\\/#\\\/schema\\\/person\\\/6a2290c17f680f59c1fa7e1c7a36df3a\"},\"headline\":\"Das Ende naht&#8230;\",\"datePublished\":\"2008-10-21T13:36:32+00:00\",\"dateModified\":\"2008-10-21T19:54:47+00:00\",\"mainEntityOfPage\":{\"@id\":\"https:\\\/\\\/www.kobler-margreid.com\\\/blog\\\/blog\\\/2008\\\/10\\\/21\\\/das-ende-naht\\\/\"},\"wordCount\":418,\"commentCount\":3,\"publisher\":{\"@id\":\"https:\\\/\\\/www.kobler-margreid.com\\\/blog\\\/#\\\/schema\\\/person\\\/6a2290c17f680f59c1fa7e1c7a36df3a\"},\"image\":{\"@id\":\"https:\\\/\\\/www.kobler-margreid.com\\\/blog\\\/blog\\\/2008\\\/10\\\/21\\\/das-ende-naht\\\/#primaryimage\"},\"thumbnailUrl\":\"http:\\\/\\\/www.kobler-margreid.com\\\/blog\\\/wp-content\\\/2008\\\/10\\\/2008-10-16_08-59-59.jpg\",\"keywords\":[\"Armin Bardel\",\"Ros\u00e9\",\"S\u00fcdtiroler Merlot Kretzer\",\"S\u00fcdtiroler Merlot Riserva\"],\"articleSection\":[\"Ernte - Vendemmia\",\"Keller - Cantina\"],\"inLanguage\":\"de\",\"potentialAction\":[{\"@type\":\"CommentAction\",\"name\":\"Comment\",\"target\":[\"https:\\\/\\\/www.kobler-margreid.com\\\/blog\\\/blog\\\/2008\\\/10\\\/21\\\/das-ende-naht\\\/#respond\"]}]},{\"@type\":\"WebPage\",\"@id\":\"https:\\\/\\\/www.kobler-margreid.com\\\/blog\\\/blog\\\/2008\\\/10\\\/21\\\/das-ende-naht\\\/\",\"url\":\"https:\\\/\\\/www.kobler-margreid.com\\\/blog\\\/blog\\\/2008\\\/10\\\/21\\\/das-ende-naht\\\/\",\"name\":\"Das Ende naht... - weinhof KOBLER weblog\",\"isPartOf\":{\"@id\":\"https:\\\/\\\/www.kobler-margreid.com\\\/blog\\\/#website\"},\"primaryImageOfPage\":{\"@id\":\"https:\\\/\\\/www.kobler-margreid.com\\\/blog\\\/blog\\\/2008\\\/10\\\/21\\\/das-ende-naht\\\/#primaryimage\"},\"image\":{\"@id\":\"https:\\\/\\\/www.kobler-margreid.com\\\/blog\\\/blog\\\/2008\\\/10\\\/21\\\/das-ende-naht\\\/#primaryimage\"},\"thumbnailUrl\":\"http:\\\/\\\/www.kobler-margreid.com\\\/blog\\\/wp-content\\\/2008\\\/10\\\/2008-10-16_08-59-59.jpg\",\"datePublished\":\"2008-10-21T13:36:32+00:00\",\"dateModified\":\"2008-10-21T19:54:47+00:00\",\"breadcrumb\":{\"@id\":\"https:\\\/\\\/www.kobler-margreid.com\\\/blog\\\/blog\\\/2008\\\/10\\\/21\\\/das-ende-naht\\\/#breadcrumb\"},\"inLanguage\":\"de\",\"potentialAction\":[{\"@type\":\"ReadAction\",\"target\":[\"https:\\\/\\\/www.kobler-margreid.com\\\/blog\\\/blog\\\/2008\\\/10\\\/21\\\/das-ende-naht\\\/\"]}]},{\"@type\":\"ImageObject\",\"inLanguage\":\"de\",\"@id\":\"https:\\\/\\\/www.kobler-margreid.com\\\/blog\\\/blog\\\/2008\\\/10\\\/21\\\/das-ende-naht\\\/#primaryimage\",\"url\":\"http:\\\/\\\/www.kobler-margreid.com\\\/blog\\\/wp-content\\\/2008\\\/10\\\/2008-10-16_08-59-59.jpg\",\"contentUrl\":\"http:\\\/\\\/www.kobler-margreid.com\\\/blog\\\/wp-content\\\/2008\\\/10\\\/2008-10-16_08-59-59.jpg\"},{\"@type\":\"BreadcrumbList\",\"@id\":\"https:\\\/\\\/www.kobler-margreid.com\\\/blog\\\/blog\\\/2008\\\/10\\\/21\\\/das-ende-naht\\\/#breadcrumb\",\"itemListElement\":[{\"@type\":\"ListItem\",\"position\":1,\"name\":\"Startseite\",\"item\":\"https:\\\/\\\/www.kobler-margreid.com\\\/blog\\\/\"},{\"@type\":\"ListItem\",\"position\":2,\"name\":\"Das Ende naht&#8230;\"}]},{\"@type\":\"WebSite\",\"@id\":\"https:\\\/\\\/www.kobler-margreid.com\\\/blog\\\/#website\",\"url\":\"https:\\\/\\\/www.kobler-margreid.com\\\/blog\\\/\",\"name\":\"weinhof KOBLER weblog\",\"description\":\"dem wein ganz nah \u2013 all&#039;interno del vino\",\"publisher\":{\"@id\":\"https:\\\/\\\/www.kobler-margreid.com\\\/blog\\\/#\\\/schema\\\/person\\\/6a2290c17f680f59c1fa7e1c7a36df3a\"},\"potentialAction\":[{\"@type\":\"SearchAction\",\"target\":{\"@type\":\"EntryPoint\",\"urlTemplate\":\"https:\\\/\\\/www.kobler-margreid.com\\\/blog\\\/?s={search_term_string}\"},\"query-input\":{\"@type\":\"PropertyValueSpecification\",\"valueRequired\":true,\"valueName\":\"search_term_string\"}}],\"inLanguage\":\"de\"},{\"@type\":[\"Person\",\"Organization\"],\"@id\":\"https:\\\/\\\/www.kobler-margreid.com\\\/blog\\\/#\\\/schema\\\/person\\\/6a2290c17f680f59c1fa7e1c7a36df3a\",\"name\":\"armin kobler\",\"image\":{\"@type\":\"ImageObject\",\"inLanguage\":\"de\",\"@id\":\"https:\\\/\\\/www.kobler-margreid.com\\\/blog\\\/wp-content\\\/2023\\\/11\\\/2012-05-08_09-33-03a.jpg\",\"url\":\"https:\\\/\\\/www.kobler-margreid.com\\\/blog\\\/wp-content\\\/2023\\\/11\\\/2012-05-08_09-33-03a.jpg\",\"contentUrl\":\"https:\\\/\\\/www.kobler-margreid.com\\\/blog\\\/wp-content\\\/2023\\\/11\\\/2012-05-08_09-33-03a.jpg\",\"width\":1088,\"height\":1184,\"caption\":\"armin kobler\"},\"logo\":{\"@id\":\"https:\\\/\\\/www.kobler-margreid.com\\\/blog\\\/wp-content\\\/2023\\\/11\\\/2012-05-08_09-33-03a.jpg\"},\"sameAs\":[\"http:\\\/\\\/www.kobler-margreid.com\",\"https:\\\/\\\/www.facebook.com\\\/armin.kobler\\\/\"],\"url\":\"https:\\\/\\\/www.kobler-margreid.com\\\/blog\\\/blog\\\/author\\\/admin\\\/\"}]}<\/script>\n<!-- \/ Yoast SEO plugin. -->","yoast_head_json":{"title":"Das Ende naht... - weinhof KOBLER weblog","robots":{"index":"index","follow":"follow","max-snippet":"max-snippet:-1","max-image-preview":"max-image-preview:large","max-video-preview":"max-video-preview:-1"},"canonical":"https:\/\/www.kobler-margreid.com\/blog\/blog\/2008\/10\/21\/das-ende-naht\/","og_locale":"de_DE","og_type":"article","og_title":"Das Ende naht... - weinhof KOBLER weblog","og_description":"Nein, nicht das der Erde, denn das Produzieren von Minischwarzenl\u00f6chern wurde einstweilen ja aufgeschoben, auch nicht das der weltweiten Finanzkrise, da die staatlichen Garantien an den \u00fcberspannten Mechanismen, auf denen das Debakel der Kapitaljonglierer basiert, schlie\u00dflich nichts Grundlegendes ge\u00e4ndert haben. &hellip; Weiterlesen &rarr;","og_url":"https:\/\/www.kobler-margreid.com\/blog\/blog\/2008\/10\/21\/das-ende-naht\/","og_site_name":"weinhof KOBLER weblog","article_publisher":"https:\/\/www.facebook.com\/armin.kobler\/","article_author":"https:\/\/www.facebook.com\/armin.kobler\/","article_published_time":"2008-10-21T13:36:32+00:00","article_modified_time":"2008-10-21T19:54:47+00:00","og_image":[{"url":"https:\/\/www.kobler-margreid.com\/blog\/wp-content\/\/home\/pl13659\/websites\/www.kobler-margreid.com\/blog\/wp-content\/2008\/10\/2008-10-16_08-59-59.jpg","type":"","width":"","height":""}],"author":"armin kobler","twitter_card":"summary_large_image","twitter_misc":{"Verfasst von":"armin kobler","Gesch\u00e4tzte Lesezeit":"2\u00a0Minuten"},"schema":{"@context":"https:\/\/schema.org","@graph":[{"@type":"Article","@id":"https:\/\/www.kobler-margreid.com\/blog\/blog\/2008\/10\/21\/das-ende-naht\/#article","isPartOf":{"@id":"https:\/\/www.kobler-margreid.com\/blog\/blog\/2008\/10\/21\/das-ende-naht\/"},"author":{"name":"armin kobler","@id":"https:\/\/www.kobler-margreid.com\/blog\/#\/schema\/person\/6a2290c17f680f59c1fa7e1c7a36df3a"},"headline":"Das Ende naht&#8230;","datePublished":"2008-10-21T13:36:32+00:00","dateModified":"2008-10-21T19:54:47+00:00","mainEntityOfPage":{"@id":"https:\/\/www.kobler-margreid.com\/blog\/blog\/2008\/10\/21\/das-ende-naht\/"},"wordCount":418,"commentCount":3,"publisher":{"@id":"https:\/\/www.kobler-margreid.com\/blog\/#\/schema\/person\/6a2290c17f680f59c1fa7e1c7a36df3a"},"image":{"@id":"https:\/\/www.kobler-margreid.com\/blog\/blog\/2008\/10\/21\/das-ende-naht\/#primaryimage"},"thumbnailUrl":"http:\/\/www.kobler-margreid.com\/blog\/wp-content\/2008\/10\/2008-10-16_08-59-59.jpg","keywords":["Armin Bardel","Ros\u00e9","S\u00fcdtiroler Merlot Kretzer","S\u00fcdtiroler Merlot Riserva"],"articleSection":["Ernte - Vendemmia","Keller - Cantina"],"inLanguage":"de","potentialAction":[{"@type":"CommentAction","name":"Comment","target":["https:\/\/www.kobler-margreid.com\/blog\/blog\/2008\/10\/21\/das-ende-naht\/#respond"]}]},{"@type":"WebPage","@id":"https:\/\/www.kobler-margreid.com\/blog\/blog\/2008\/10\/21\/das-ende-naht\/","url":"https:\/\/www.kobler-margreid.com\/blog\/blog\/2008\/10\/21\/das-ende-naht\/","name":"Das Ende naht... - weinhof KOBLER weblog","isPartOf":{"@id":"https:\/\/www.kobler-margreid.com\/blog\/#website"},"primaryImageOfPage":{"@id":"https:\/\/www.kobler-margreid.com\/blog\/blog\/2008\/10\/21\/das-ende-naht\/#primaryimage"},"image":{"@id":"https:\/\/www.kobler-margreid.com\/blog\/blog\/2008\/10\/21\/das-ende-naht\/#primaryimage"},"thumbnailUrl":"http:\/\/www.kobler-margreid.com\/blog\/wp-content\/2008\/10\/2008-10-16_08-59-59.jpg","datePublished":"2008-10-21T13:36:32+00:00","dateModified":"2008-10-21T19:54:47+00:00","breadcrumb":{"@id":"https:\/\/www.kobler-margreid.com\/blog\/blog\/2008\/10\/21\/das-ende-naht\/#breadcrumb"},"inLanguage":"de","potentialAction":[{"@type":"ReadAction","target":["https:\/\/www.kobler-margreid.com\/blog\/blog\/2008\/10\/21\/das-ende-naht\/"]}]},{"@type":"ImageObject","inLanguage":"de","@id":"https:\/\/www.kobler-margreid.com\/blog\/blog\/2008\/10\/21\/das-ende-naht\/#primaryimage","url":"http:\/\/www.kobler-margreid.com\/blog\/wp-content\/2008\/10\/2008-10-16_08-59-59.jpg","contentUrl":"http:\/\/www.kobler-margreid.com\/blog\/wp-content\/2008\/10\/2008-10-16_08-59-59.jpg"},{"@type":"BreadcrumbList","@id":"https:\/\/www.kobler-margreid.com\/blog\/blog\/2008\/10\/21\/das-ende-naht\/#breadcrumb","itemListElement":[{"@type":"ListItem","position":1,"name":"Startseite","item":"https:\/\/www.kobler-margreid.com\/blog\/"},{"@type":"ListItem","position":2,"name":"Das Ende naht&#8230;"}]},{"@type":"WebSite","@id":"https:\/\/www.kobler-margreid.com\/blog\/#website","url":"https:\/\/www.kobler-margreid.com\/blog\/","name":"weinhof KOBLER weblog","description":"dem wein ganz nah \u2013 all&#039;interno del vino","publisher":{"@id":"https:\/\/www.kobler-margreid.com\/blog\/#\/schema\/person\/6a2290c17f680f59c1fa7e1c7a36df3a"},"potentialAction":[{"@type":"SearchAction","target":{"@type":"EntryPoint","urlTemplate":"https:\/\/www.kobler-margreid.com\/blog\/?s={search_term_string}"},"query-input":{"@type":"PropertyValueSpecification","valueRequired":true,"valueName":"search_term_string"}}],"inLanguage":"de"},{"@type":["Person","Organization"],"@id":"https:\/\/www.kobler-margreid.com\/blog\/#\/schema\/person\/6a2290c17f680f59c1fa7e1c7a36df3a","name":"armin kobler","image":{"@type":"ImageObject","inLanguage":"de","@id":"https:\/\/www.kobler-margreid.com\/blog\/wp-content\/2023\/11\/2012-05-08_09-33-03a.jpg","url":"https:\/\/www.kobler-margreid.com\/blog\/wp-content\/2023\/11\/2012-05-08_09-33-03a.jpg","contentUrl":"https:\/\/www.kobler-margreid.com\/blog\/wp-content\/2023\/11\/2012-05-08_09-33-03a.jpg","width":1088,"height":1184,"caption":"armin kobler"},"logo":{"@id":"https:\/\/www.kobler-margreid.com\/blog\/wp-content\/2023\/11\/2012-05-08_09-33-03a.jpg"},"sameAs":["http:\/\/www.kobler-margreid.com","https:\/\/www.facebook.com\/armin.kobler\/"],"url":"https:\/\/www.kobler-margreid.com\/blog\/blog\/author\/admin\/"}]}},"_links":{"self":[{"href":"https:\/\/www.kobler-margreid.com\/blog\/wp-json\/wp\/v2\/posts\/773","targetHints":{"allow":["GET"]}}],"collection":[{"href":"https:\/\/www.kobler-margreid.com\/blog\/wp-json\/wp\/v2\/posts"}],"about":[{"href":"https:\/\/www.kobler-margreid.com\/blog\/wp-json\/wp\/v2\/types\/post"}],"author":[{"embeddable":true,"href":"https:\/\/www.kobler-margreid.com\/blog\/wp-json\/wp\/v2\/users\/1"}],"replies":[{"embeddable":true,"href":"https:\/\/www.kobler-margreid.com\/blog\/wp-json\/wp\/v2\/comments?post=773"}],"version-history":[{"count":0,"href":"https:\/\/www.kobler-margreid.com\/blog\/wp-json\/wp\/v2\/posts\/773\/revisions"}],"wp:attachment":[{"href":"https:\/\/www.kobler-margreid.com\/blog\/wp-json\/wp\/v2\/media?parent=773"}],"wp:term":[{"taxonomy":"category","embeddable":true,"href":"https:\/\/www.kobler-margreid.com\/blog\/wp-json\/wp\/v2\/categories?post=773"},{"taxonomy":"post_tag","embeddable":true,"href":"https:\/\/www.kobler-margreid.com\/blog\/wp-json\/wp\/v2\/tags?post=773"}],"curies":[{"name":"wp","href":"https:\/\/api.w.org\/{rel}","templated":true}]}}