{"id":7775,"date":"2011-12-31T17:39:48","date_gmt":"2011-12-31T16:39:48","guid":{"rendered":"http:\/\/www.kobler-margreid.com\/blog\/?p=7775"},"modified":"2012-01-01T11:05:04","modified_gmt":"2012-01-01T10:05:04","slug":"sie-moechten-unseren-wein-und-wir-sind-nicht-zu-hause_volete-i-n","status":"publish","type":"post","link":"https:\/\/www.kobler-margreid.com\/blog\/blog\/2011\/12\/31\/sie-moechten-unseren-wein-und-wir-sind-nicht-zu-hause_volete-i-n\/","title":{"rendered":"Sie m\u00f6chten unseren Wein und wir sind nicht zu Hause? \u2014 Volete i nostri vini e noi non ci siamo?"},"content":{"rendered":"<p><a href=\"http:\/\/www.einkaufen.it\/fruvit\/de\/geschaeft.php\"><img loading=\"lazy\" decoding=\"async\" class=\"float left alignleft  wp-image-7786\" style=\"border-style: initial; border-color: initial; border-image: initial; margin-top: 0px; margin-bottom: 0px; margin-left: 3px; margin-right: 3px; border-width: 0px;\" title=\"fruvit\" src=\"http:\/\/www.kobler-margreid.com\/blog\/wp-content\/2011\/12\/fruvit.jpg\" alt=\"\" width=\"294\" height=\"203\" srcset=\"https:\/\/www.kobler-margreid.com\/blog\/wp-content\/2011\/12\/fruvit.jpg 612w, https:\/\/www.kobler-margreid.com\/blog\/wp-content\/2011\/12\/fruvit-300x207.jpg 300w\" sizes=\"auto, (max-width: 294px) 100vw, 294px\" \/><\/a>In einem Betrieb wie dem unseren ist es unm\u00f6glich, normale Gesch\u00e4ftszeiten zu bieten. Wenn man mich oder Monika sicher am Weinhof antreffen will, ist es unbedingt notwendig, sich mittels Telefon oder Email anzumelden. Ansonsten h\u00e4ngt es vom Zufall ab, ob ich dort bin, weil ich gerade im Keller, im B\u00fcro oder im Weinraum besch\u00e4ftigt bin. Viel Zeit verbringe ich aber au\u00dferhalb, bei potentiellen und bestehenden Kunden, bei Weinpr\u00e4sentationen oder Auslieferungen. Bin ich nur in den Weing\u00e4rten unterwegs, kann ich die Arbeit auch meistens unterbrechen und an die Hofstelle eilen, ideal ist es aber nicht unbedingt. Deshalb achten wir auch immer darauf, bei jeder Gelegenheit anzumerken, dass eine Vorank\u00fcndigung sehr sinnvoll ist; daf\u00fcr empfangen wir Interessierte auch am Wochenende.<\/p>\n<p><em>In un&#8217;azienda come la nostra \u00e8 impossibile mantenere orari normali di negozio o d&#8217;ufficio. Se qualcuno vuole incontrare di sicuro me o Monika \u00e8 indispensabile annunciare la visita tramite telefono o email. Altrimenti dipende dal caso se in quel momento sono l\u00ec, perch\u00e8 lavoro in cantina, in ufficio o nel weinraum. Tanto tempo lo spendo andando da clienti potenziali ed esistenti, o facendo presentazioni di vini e consegne. Se sono solo in giro nei nostri vigneti posso anche\u00a0interrompere i lavori e rientrare ma ci\u00f2 non \u00e8 sempre ideale. Per ci\u00f2 teniamo sempre ad dire e scrivere ad ogni occasione che un appuntamento \u00e8 utile. D&#8217;altra parte riceviamo anche il weekend gli\u00a0<\/em><em>interessati.<\/em><\/p>\n<p><!--more--><a href=\"http:\/\/www.shopping-bz.it\/fruvit\/it\/geschaeft.php\"><img loading=\"lazy\" decoding=\"async\" class=\"float left alignleft size-full wp-image-7788\" style=\"border-style: initial; border-color: initial; border-image: initial; margin-top: 0px; margin-bottom: 0px; margin-left: 3px; margin-right: 3px; border-width: 0px;\" title=\"fruvit_logo\" src=\"http:\/\/www.kobler-margreid.com\/blog\/wp-content\/2011\/12\/fruvit_logo.jpg\" alt=\"\" width=\"130\" height=\"60\" \/><\/a>Sollten trotzdem weit gereiste Kunden vor dem verschlossenen Keller stehen, haben wir, zumindest was die Weine angeht, eine alternative Versorgungsm\u00f6glichkeit geschaffen, so dass die Entt\u00e4uschung sich in Grenzen halten wird. Ab sofort hat <strong><a title=\"FruVit\" href=\"http:\/\/www.einkaufen.it\/fruvit\/de\/geschaeft.php\" target=\"_blank\">FruVit<\/a><\/strong> im 12 km (etwas mehr als 10 Autominuten) entfernten Auer alle unser f\u00fcnf Weine im Angebot. Das &#8222;Fachgesch\u00e4ft f\u00fcr Obst und Gem\u00fcse mit gro\u00dfer Auswahl an S\u00fcdtiroler Qualit\u00e4tsweinen, Oliven\u00f6l, Tee, Gew\u00fcrzen, Trockenfr\u00fcchten&#8220; befindet sich im <a title=\"AuraCom\" href=\"http:\/\/auracom.einkaufen.it\/de\/shopping.php\" target=\"_blank\">AuraCom<\/a> direkt an der Hauptstra\u00dfe, wo auch unterirdische, kostenlose Kundenparkpl\u00e4tze vorhanden sind. Ein Besuch dieses Spezialit\u00e4tengesch\u00e4ftes lohnt sich allemal, unabh\u00e4ngig von unseren Weinen.<\/p>\n<p><em>In caso che nonostante ci\u00f2 qualche cliente soprattutto venuto da lontano stesse davanti alla cantina chiusa, abbiamo da proporre un&#8217;alternativa d&#8217;acquisto, in modo da limitare la delusione. Da adesso <strong><a title=\"FruVit\" href=\"http:\/\/www.shopping-bz.it\/fruvit\/it\/geschaeft.php\" target=\"_blank\">FruVit<\/a><\/strong> nel paese di Ora, distante 12 km o poco pi\u00f9 di 10 minuti in macchina ha tutti i nostri cinque vini negli scaffali. Il &#8222;Negozio specializzato su frutta e verdura con grande assortimento di vini di qualit\u00e0 dell&#8217;Alto Adige, olio d&#8217;oliva, t\u00e8, spezie, frutta secca&#8220; si trova nell&#8216;<a title=\"AuraCom\" href=\"http:\/\/auracom.shopping-bz.it\/it\/shopping.php\" target=\"_blank\">AuraCom<\/a>\u00a0direttamente sulla strada principale, dove ci sono anche parcheggi sotterranei gratuiti per i clienti. Entrare in questo negozio di specialit\u00e0 alimentari vale la pena in ogni caso, indipendentemente dai nostri vini.\u00a0<\/em><\/p>\n<p>P.S.: Gleich neben FruVit befindet sich die Metzgerei <a title=\"Metzgerei G\u00fcnther Zelger\" href=\"http:\/\/www.gzelger.com\/\" target=\"_blank\">G\u00fcnther Zelger<\/a>, wo es neben erstklassigen Fleisch- und Wurstwaren auch eine \u00fcberaus interessante K\u00e4seauswahl gibt. Nicht umsonst beanspruchen wir immer wieder seinen Partyservice.<\/p>\n<p><em>P.S.: Accanto a FruVit si trova la macelleria\u00a0<a title=\"Metzgerei G\u00fcnther Zelger\" href=\"http:\/\/www.gzelger.com\/\" target=\"_blank\">G\u00fcnther Zelger<\/a>, dove accanto a carni di prima qualit\u00e0 viene proposta anche una selezione molto interessante di formaggi. Non per caso ci serviamo frequentemente del suo party service.\u00a0<\/em><\/p>\n","protected":false},"excerpt":{"rendered":"<p>In einem Betrieb wie dem unseren ist es unm\u00f6glich, normale Gesch\u00e4ftszeiten zu bieten. Wenn man mich oder Monika sicher am Weinhof antreffen will, ist es unbedingt notwendig, sich mittels Telefon oder Email anzumelden. Ansonsten h\u00e4ngt es vom Zufall ab, ob &hellip; <a href=\"https:\/\/www.kobler-margreid.com\/blog\/blog\/2011\/12\/31\/sie-moechten-unseren-wein-und-wir-sind-nicht-zu-hause_volete-i-n\/\">Weiterlesen <span class=\"meta-nav\">&rarr;<\/span><\/a><\/p>\n","protected":false},"author":1,"featured_media":0,"comment_status":"open","ping_status":"open","sticky":false,"template":"","format":"standard","meta":{"ngg_post_thumbnail":0,"footnotes":"","_links_to":"","_links_to_target":""},"categories":[114],"tags":[1022,1020,1019,1024,1023,1021],"class_list":["post-7775","post","type-post","status-publish","format-standard","hentry","category-verkauf","tag-acquisto-vini","tag-auracom","tag-fruvit","tag-macelleria-guenther-zelger","tag-metzgerei-guenther-zelger","tag-weinkauf"],"yoast_head":"<!-- This site is optimized with the Yoast SEO plugin v27.5 - https:\/\/yoast.com\/product\/yoast-seo-wordpress\/ -->\n<title>Sie m\u00f6chten unseren Wein und wir sind nicht zu Hause? \u2014 Volete i nostri vini e noi non ci siamo? - weinhof KOBLER weblog<\/title>\n<meta name=\"robots\" content=\"index, follow, max-snippet:-1, max-image-preview:large, max-video-preview:-1\" \/>\n<link rel=\"canonical\" href=\"https:\/\/www.kobler-margreid.com\/blog\/blog\/2011\/12\/31\/sie-moechten-unseren-wein-und-wir-sind-nicht-zu-hause_volete-i-n\/\" \/>\n<meta property=\"og:locale\" content=\"de_DE\" \/>\n<meta property=\"og:type\" content=\"article\" \/>\n<meta property=\"og:title\" content=\"Sie m\u00f6chten unseren Wein und wir sind nicht zu Hause? \u2014 Volete i nostri vini e noi non ci siamo? - weinhof KOBLER weblog\" \/>\n<meta property=\"og:description\" content=\"In einem Betrieb wie dem unseren ist es unm\u00f6glich, normale Gesch\u00e4ftszeiten zu bieten. Wenn man mich oder Monika sicher am Weinhof antreffen will, ist es unbedingt notwendig, sich mittels Telefon oder Email anzumelden. Ansonsten h\u00e4ngt es vom Zufall ab, ob &hellip; Weiterlesen &rarr;\" \/>\n<meta property=\"og:url\" content=\"https:\/\/www.kobler-margreid.com\/blog\/blog\/2011\/12\/31\/sie-moechten-unseren-wein-und-wir-sind-nicht-zu-hause_volete-i-n\/\" \/>\n<meta property=\"og:site_name\" content=\"weinhof KOBLER weblog\" \/>\n<meta property=\"article:publisher\" content=\"https:\/\/www.facebook.com\/armin.kobler\/\" \/>\n<meta property=\"article:author\" content=\"https:\/\/www.facebook.com\/armin.kobler\/\" \/>\n<meta property=\"article:published_time\" content=\"2011-12-31T16:39:48+00:00\" \/>\n<meta property=\"article:modified_time\" content=\"2012-01-01T10:05:04+00:00\" \/>\n<meta property=\"og:image\" content=\"http:\/\/www.kobler-margreid.com\/blog\/wp-content\/2011\/12\/fruvit.jpg\" \/>\n<meta name=\"author\" content=\"armin kobler\" \/>\n<meta name=\"twitter:card\" content=\"summary_large_image\" \/>\n<meta name=\"twitter:label1\" content=\"Verfasst von\" \/>\n\t<meta name=\"twitter:data1\" content=\"armin kobler\" \/>\n\t<meta name=\"twitter:label2\" content=\"Gesch\u00e4tzte Lesezeit\" \/>\n\t<meta name=\"twitter:data2\" content=\"3\u00a0Minuten\" \/>\n<script type=\"application\/ld+json\" class=\"yoast-schema-graph\">{\"@context\":\"https:\\\/\\\/schema.org\",\"@graph\":[{\"@type\":\"Article\",\"@id\":\"https:\\\/\\\/www.kobler-margreid.com\\\/blog\\\/blog\\\/2011\\\/12\\\/31\\\/sie-moechten-unseren-wein-und-wir-sind-nicht-zu-hause_volete-i-n\\\/#article\",\"isPartOf\":{\"@id\":\"https:\\\/\\\/www.kobler-margreid.com\\\/blog\\\/blog\\\/2011\\\/12\\\/31\\\/sie-moechten-unseren-wein-und-wir-sind-nicht-zu-hause_volete-i-n\\\/\"},\"author\":{\"name\":\"armin kobler\",\"@id\":\"https:\\\/\\\/www.kobler-margreid.com\\\/blog\\\/#\\\/schema\\\/person\\\/6a2290c17f680f59c1fa7e1c7a36df3a\"},\"headline\":\"Sie m\u00f6chten unseren Wein und wir sind nicht zu Hause? \u2014 Volete i nostri vini e noi non ci siamo?\",\"datePublished\":\"2011-12-31T16:39:48+00:00\",\"dateModified\":\"2012-01-01T10:05:04+00:00\",\"mainEntityOfPage\":{\"@id\":\"https:\\\/\\\/www.kobler-margreid.com\\\/blog\\\/blog\\\/2011\\\/12\\\/31\\\/sie-moechten-unseren-wein-und-wir-sind-nicht-zu-hause_volete-i-n\\\/\"},\"wordCount\":543,\"commentCount\":2,\"publisher\":{\"@id\":\"https:\\\/\\\/www.kobler-margreid.com\\\/blog\\\/#\\\/schema\\\/person\\\/6a2290c17f680f59c1fa7e1c7a36df3a\"},\"image\":{\"@id\":\"https:\\\/\\\/www.kobler-margreid.com\\\/blog\\\/blog\\\/2011\\\/12\\\/31\\\/sie-moechten-unseren-wein-und-wir-sind-nicht-zu-hause_volete-i-n\\\/#primaryimage\"},\"thumbnailUrl\":\"http:\\\/\\\/www.kobler-margreid.com\\\/blog\\\/wp-content\\\/2011\\\/12\\\/fruvit.jpg\",\"keywords\":[\"Acquisto vini\",\"AuraCom\",\"FruVit\",\"Macelleria G\u00fcnther Zelger\",\"Metzgerei G\u00fcnther Zelger\",\"Weinkauf\"],\"articleSection\":[\"Verkauf - Vendita\"],\"inLanguage\":\"de\",\"potentialAction\":[{\"@type\":\"CommentAction\",\"name\":\"Comment\",\"target\":[\"https:\\\/\\\/www.kobler-margreid.com\\\/blog\\\/blog\\\/2011\\\/12\\\/31\\\/sie-moechten-unseren-wein-und-wir-sind-nicht-zu-hause_volete-i-n\\\/#respond\"]}]},{\"@type\":\"WebPage\",\"@id\":\"https:\\\/\\\/www.kobler-margreid.com\\\/blog\\\/blog\\\/2011\\\/12\\\/31\\\/sie-moechten-unseren-wein-und-wir-sind-nicht-zu-hause_volete-i-n\\\/\",\"url\":\"https:\\\/\\\/www.kobler-margreid.com\\\/blog\\\/blog\\\/2011\\\/12\\\/31\\\/sie-moechten-unseren-wein-und-wir-sind-nicht-zu-hause_volete-i-n\\\/\",\"name\":\"Sie m\u00f6chten unseren Wein und wir sind nicht zu Hause? \u2014 Volete i nostri vini e noi non ci siamo? - weinhof KOBLER weblog\",\"isPartOf\":{\"@id\":\"https:\\\/\\\/www.kobler-margreid.com\\\/blog\\\/#website\"},\"primaryImageOfPage\":{\"@id\":\"https:\\\/\\\/www.kobler-margreid.com\\\/blog\\\/blog\\\/2011\\\/12\\\/31\\\/sie-moechten-unseren-wein-und-wir-sind-nicht-zu-hause_volete-i-n\\\/#primaryimage\"},\"image\":{\"@id\":\"https:\\\/\\\/www.kobler-margreid.com\\\/blog\\\/blog\\\/2011\\\/12\\\/31\\\/sie-moechten-unseren-wein-und-wir-sind-nicht-zu-hause_volete-i-n\\\/#primaryimage\"},\"thumbnailUrl\":\"http:\\\/\\\/www.kobler-margreid.com\\\/blog\\\/wp-content\\\/2011\\\/12\\\/fruvit.jpg\",\"datePublished\":\"2011-12-31T16:39:48+00:00\",\"dateModified\":\"2012-01-01T10:05:04+00:00\",\"breadcrumb\":{\"@id\":\"https:\\\/\\\/www.kobler-margreid.com\\\/blog\\\/blog\\\/2011\\\/12\\\/31\\\/sie-moechten-unseren-wein-und-wir-sind-nicht-zu-hause_volete-i-n\\\/#breadcrumb\"},\"inLanguage\":\"de\",\"potentialAction\":[{\"@type\":\"ReadAction\",\"target\":[\"https:\\\/\\\/www.kobler-margreid.com\\\/blog\\\/blog\\\/2011\\\/12\\\/31\\\/sie-moechten-unseren-wein-und-wir-sind-nicht-zu-hause_volete-i-n\\\/\"]}]},{\"@type\":\"ImageObject\",\"inLanguage\":\"de\",\"@id\":\"https:\\\/\\\/www.kobler-margreid.com\\\/blog\\\/blog\\\/2011\\\/12\\\/31\\\/sie-moechten-unseren-wein-und-wir-sind-nicht-zu-hause_volete-i-n\\\/#primaryimage\",\"url\":\"https:\\\/\\\/www.kobler-margreid.com\\\/blog\\\/wp-content\\\/2011\\\/12\\\/fruvit.jpg\",\"contentUrl\":\"https:\\\/\\\/www.kobler-margreid.com\\\/blog\\\/wp-content\\\/2011\\\/12\\\/fruvit.jpg\",\"width\":\"612\",\"height\":\"423\"},{\"@type\":\"BreadcrumbList\",\"@id\":\"https:\\\/\\\/www.kobler-margreid.com\\\/blog\\\/blog\\\/2011\\\/12\\\/31\\\/sie-moechten-unseren-wein-und-wir-sind-nicht-zu-hause_volete-i-n\\\/#breadcrumb\",\"itemListElement\":[{\"@type\":\"ListItem\",\"position\":1,\"name\":\"Startseite\",\"item\":\"https:\\\/\\\/www.kobler-margreid.com\\\/blog\\\/\"},{\"@type\":\"ListItem\",\"position\":2,\"name\":\"Sie m\u00f6chten unseren Wein und wir sind nicht zu Hause? \u2014 Volete i nostri vini e noi non ci siamo?\"}]},{\"@type\":\"WebSite\",\"@id\":\"https:\\\/\\\/www.kobler-margreid.com\\\/blog\\\/#website\",\"url\":\"https:\\\/\\\/www.kobler-margreid.com\\\/blog\\\/\",\"name\":\"weinhof KOBLER weblog\",\"description\":\"dem wein ganz nah \u2013 all&#039;interno del vino\",\"publisher\":{\"@id\":\"https:\\\/\\\/www.kobler-margreid.com\\\/blog\\\/#\\\/schema\\\/person\\\/6a2290c17f680f59c1fa7e1c7a36df3a\"},\"potentialAction\":[{\"@type\":\"SearchAction\",\"target\":{\"@type\":\"EntryPoint\",\"urlTemplate\":\"https:\\\/\\\/www.kobler-margreid.com\\\/blog\\\/?s={search_term_string}\"},\"query-input\":{\"@type\":\"PropertyValueSpecification\",\"valueRequired\":true,\"valueName\":\"search_term_string\"}}],\"inLanguage\":\"de\"},{\"@type\":[\"Person\",\"Organization\"],\"@id\":\"https:\\\/\\\/www.kobler-margreid.com\\\/blog\\\/#\\\/schema\\\/person\\\/6a2290c17f680f59c1fa7e1c7a36df3a\",\"name\":\"armin kobler\",\"image\":{\"@type\":\"ImageObject\",\"inLanguage\":\"de\",\"@id\":\"https:\\\/\\\/www.kobler-margreid.com\\\/blog\\\/wp-content\\\/2023\\\/11\\\/2012-05-08_09-33-03a.jpg\",\"url\":\"https:\\\/\\\/www.kobler-margreid.com\\\/blog\\\/wp-content\\\/2023\\\/11\\\/2012-05-08_09-33-03a.jpg\",\"contentUrl\":\"https:\\\/\\\/www.kobler-margreid.com\\\/blog\\\/wp-content\\\/2023\\\/11\\\/2012-05-08_09-33-03a.jpg\",\"width\":1088,\"height\":1184,\"caption\":\"armin kobler\"},\"logo\":{\"@id\":\"https:\\\/\\\/www.kobler-margreid.com\\\/blog\\\/wp-content\\\/2023\\\/11\\\/2012-05-08_09-33-03a.jpg\"},\"sameAs\":[\"http:\\\/\\\/www.kobler-margreid.com\",\"https:\\\/\\\/www.facebook.com\\\/armin.kobler\\\/\"],\"url\":\"https:\\\/\\\/www.kobler-margreid.com\\\/blog\\\/blog\\\/author\\\/admin\\\/\"}]}<\/script>\n<!-- \/ Yoast SEO plugin. -->","yoast_head_json":{"title":"Sie m\u00f6chten unseren Wein und wir sind nicht zu Hause? \u2014 Volete i nostri vini e noi non ci siamo? - weinhof KOBLER weblog","robots":{"index":"index","follow":"follow","max-snippet":"max-snippet:-1","max-image-preview":"max-image-preview:large","max-video-preview":"max-video-preview:-1"},"canonical":"https:\/\/www.kobler-margreid.com\/blog\/blog\/2011\/12\/31\/sie-moechten-unseren-wein-und-wir-sind-nicht-zu-hause_volete-i-n\/","og_locale":"de_DE","og_type":"article","og_title":"Sie m\u00f6chten unseren Wein und wir sind nicht zu Hause? \u2014 Volete i nostri vini e noi non ci siamo? - weinhof KOBLER weblog","og_description":"In einem Betrieb wie dem unseren ist es unm\u00f6glich, normale Gesch\u00e4ftszeiten zu bieten. Wenn man mich oder Monika sicher am Weinhof antreffen will, ist es unbedingt notwendig, sich mittels Telefon oder Email anzumelden. Ansonsten h\u00e4ngt es vom Zufall ab, ob &hellip; Weiterlesen &rarr;","og_url":"https:\/\/www.kobler-margreid.com\/blog\/blog\/2011\/12\/31\/sie-moechten-unseren-wein-und-wir-sind-nicht-zu-hause_volete-i-n\/","og_site_name":"weinhof KOBLER weblog","article_publisher":"https:\/\/www.facebook.com\/armin.kobler\/","article_author":"https:\/\/www.facebook.com\/armin.kobler\/","article_published_time":"2011-12-31T16:39:48+00:00","article_modified_time":"2012-01-01T10:05:04+00:00","og_image":[{"url":"http:\/\/www.kobler-margreid.com\/blog\/wp-content\/2011\/12\/fruvit.jpg","type":"","width":"","height":""}],"author":"armin kobler","twitter_card":"summary_large_image","twitter_misc":{"Verfasst von":"armin kobler","Gesch\u00e4tzte Lesezeit":"3\u00a0Minuten"},"schema":{"@context":"https:\/\/schema.org","@graph":[{"@type":"Article","@id":"https:\/\/www.kobler-margreid.com\/blog\/blog\/2011\/12\/31\/sie-moechten-unseren-wein-und-wir-sind-nicht-zu-hause_volete-i-n\/#article","isPartOf":{"@id":"https:\/\/www.kobler-margreid.com\/blog\/blog\/2011\/12\/31\/sie-moechten-unseren-wein-und-wir-sind-nicht-zu-hause_volete-i-n\/"},"author":{"name":"armin kobler","@id":"https:\/\/www.kobler-margreid.com\/blog\/#\/schema\/person\/6a2290c17f680f59c1fa7e1c7a36df3a"},"headline":"Sie m\u00f6chten unseren Wein und wir sind nicht zu Hause? \u2014 Volete i nostri vini e noi non ci siamo?","datePublished":"2011-12-31T16:39:48+00:00","dateModified":"2012-01-01T10:05:04+00:00","mainEntityOfPage":{"@id":"https:\/\/www.kobler-margreid.com\/blog\/blog\/2011\/12\/31\/sie-moechten-unseren-wein-und-wir-sind-nicht-zu-hause_volete-i-n\/"},"wordCount":543,"commentCount":2,"publisher":{"@id":"https:\/\/www.kobler-margreid.com\/blog\/#\/schema\/person\/6a2290c17f680f59c1fa7e1c7a36df3a"},"image":{"@id":"https:\/\/www.kobler-margreid.com\/blog\/blog\/2011\/12\/31\/sie-moechten-unseren-wein-und-wir-sind-nicht-zu-hause_volete-i-n\/#primaryimage"},"thumbnailUrl":"http:\/\/www.kobler-margreid.com\/blog\/wp-content\/2011\/12\/fruvit.jpg","keywords":["Acquisto vini","AuraCom","FruVit","Macelleria G\u00fcnther Zelger","Metzgerei G\u00fcnther Zelger","Weinkauf"],"articleSection":["Verkauf - Vendita"],"inLanguage":"de","potentialAction":[{"@type":"CommentAction","name":"Comment","target":["https:\/\/www.kobler-margreid.com\/blog\/blog\/2011\/12\/31\/sie-moechten-unseren-wein-und-wir-sind-nicht-zu-hause_volete-i-n\/#respond"]}]},{"@type":"WebPage","@id":"https:\/\/www.kobler-margreid.com\/blog\/blog\/2011\/12\/31\/sie-moechten-unseren-wein-und-wir-sind-nicht-zu-hause_volete-i-n\/","url":"https:\/\/www.kobler-margreid.com\/blog\/blog\/2011\/12\/31\/sie-moechten-unseren-wein-und-wir-sind-nicht-zu-hause_volete-i-n\/","name":"Sie m\u00f6chten unseren Wein und wir sind nicht zu Hause? \u2014 Volete i nostri vini e noi non ci siamo? - weinhof KOBLER weblog","isPartOf":{"@id":"https:\/\/www.kobler-margreid.com\/blog\/#website"},"primaryImageOfPage":{"@id":"https:\/\/www.kobler-margreid.com\/blog\/blog\/2011\/12\/31\/sie-moechten-unseren-wein-und-wir-sind-nicht-zu-hause_volete-i-n\/#primaryimage"},"image":{"@id":"https:\/\/www.kobler-margreid.com\/blog\/blog\/2011\/12\/31\/sie-moechten-unseren-wein-und-wir-sind-nicht-zu-hause_volete-i-n\/#primaryimage"},"thumbnailUrl":"http:\/\/www.kobler-margreid.com\/blog\/wp-content\/2011\/12\/fruvit.jpg","datePublished":"2011-12-31T16:39:48+00:00","dateModified":"2012-01-01T10:05:04+00:00","breadcrumb":{"@id":"https:\/\/www.kobler-margreid.com\/blog\/blog\/2011\/12\/31\/sie-moechten-unseren-wein-und-wir-sind-nicht-zu-hause_volete-i-n\/#breadcrumb"},"inLanguage":"de","potentialAction":[{"@type":"ReadAction","target":["https:\/\/www.kobler-margreid.com\/blog\/blog\/2011\/12\/31\/sie-moechten-unseren-wein-und-wir-sind-nicht-zu-hause_volete-i-n\/"]}]},{"@type":"ImageObject","inLanguage":"de","@id":"https:\/\/www.kobler-margreid.com\/blog\/blog\/2011\/12\/31\/sie-moechten-unseren-wein-und-wir-sind-nicht-zu-hause_volete-i-n\/#primaryimage","url":"https:\/\/www.kobler-margreid.com\/blog\/wp-content\/2011\/12\/fruvit.jpg","contentUrl":"https:\/\/www.kobler-margreid.com\/blog\/wp-content\/2011\/12\/fruvit.jpg","width":"612","height":"423"},{"@type":"BreadcrumbList","@id":"https:\/\/www.kobler-margreid.com\/blog\/blog\/2011\/12\/31\/sie-moechten-unseren-wein-und-wir-sind-nicht-zu-hause_volete-i-n\/#breadcrumb","itemListElement":[{"@type":"ListItem","position":1,"name":"Startseite","item":"https:\/\/www.kobler-margreid.com\/blog\/"},{"@type":"ListItem","position":2,"name":"Sie m\u00f6chten unseren Wein und wir sind nicht zu Hause? \u2014 Volete i nostri vini e noi non ci siamo?"}]},{"@type":"WebSite","@id":"https:\/\/www.kobler-margreid.com\/blog\/#website","url":"https:\/\/www.kobler-margreid.com\/blog\/","name":"weinhof KOBLER weblog","description":"dem wein ganz nah \u2013 all&#039;interno del vino","publisher":{"@id":"https:\/\/www.kobler-margreid.com\/blog\/#\/schema\/person\/6a2290c17f680f59c1fa7e1c7a36df3a"},"potentialAction":[{"@type":"SearchAction","target":{"@type":"EntryPoint","urlTemplate":"https:\/\/www.kobler-margreid.com\/blog\/?s={search_term_string}"},"query-input":{"@type":"PropertyValueSpecification","valueRequired":true,"valueName":"search_term_string"}}],"inLanguage":"de"},{"@type":["Person","Organization"],"@id":"https:\/\/www.kobler-margreid.com\/blog\/#\/schema\/person\/6a2290c17f680f59c1fa7e1c7a36df3a","name":"armin kobler","image":{"@type":"ImageObject","inLanguage":"de","@id":"https:\/\/www.kobler-margreid.com\/blog\/wp-content\/2023\/11\/2012-05-08_09-33-03a.jpg","url":"https:\/\/www.kobler-margreid.com\/blog\/wp-content\/2023\/11\/2012-05-08_09-33-03a.jpg","contentUrl":"https:\/\/www.kobler-margreid.com\/blog\/wp-content\/2023\/11\/2012-05-08_09-33-03a.jpg","width":1088,"height":1184,"caption":"armin kobler"},"logo":{"@id":"https:\/\/www.kobler-margreid.com\/blog\/wp-content\/2023\/11\/2012-05-08_09-33-03a.jpg"},"sameAs":["http:\/\/www.kobler-margreid.com","https:\/\/www.facebook.com\/armin.kobler\/"],"url":"https:\/\/www.kobler-margreid.com\/blog\/blog\/author\/admin\/"}]}},"_links":{"self":[{"href":"https:\/\/www.kobler-margreid.com\/blog\/wp-json\/wp\/v2\/posts\/7775","targetHints":{"allow":["GET"]}}],"collection":[{"href":"https:\/\/www.kobler-margreid.com\/blog\/wp-json\/wp\/v2\/posts"}],"about":[{"href":"https:\/\/www.kobler-margreid.com\/blog\/wp-json\/wp\/v2\/types\/post"}],"author":[{"embeddable":true,"href":"https:\/\/www.kobler-margreid.com\/blog\/wp-json\/wp\/v2\/users\/1"}],"replies":[{"embeddable":true,"href":"https:\/\/www.kobler-margreid.com\/blog\/wp-json\/wp\/v2\/comments?post=7775"}],"version-history":[{"count":0,"href":"https:\/\/www.kobler-margreid.com\/blog\/wp-json\/wp\/v2\/posts\/7775\/revisions"}],"wp:attachment":[{"href":"https:\/\/www.kobler-margreid.com\/blog\/wp-json\/wp\/v2\/media?parent=7775"}],"wp:term":[{"taxonomy":"category","embeddable":true,"href":"https:\/\/www.kobler-margreid.com\/blog\/wp-json\/wp\/v2\/categories?post=7775"},{"taxonomy":"post_tag","embeddable":true,"href":"https:\/\/www.kobler-margreid.com\/blog\/wp-json\/wp\/v2\/tags?post=7775"}],"curies":[{"name":"wp","href":"https:\/\/api.w.org\/{rel}","templated":true}]}}