{"id":7799,"date":"2012-01-21T01:06:25","date_gmt":"2012-01-21T00:06:25","guid":{"rendered":"http:\/\/www.kobler-margreid.com\/blog\/?p=7799"},"modified":"2012-01-21T01:06:25","modified_gmt":"2012-01-21T00:06:25","slug":"digitale-vorsaetze_propositi-digitali","status":"publish","type":"post","link":"https:\/\/www.kobler-margreid.com\/blog\/blog\/2012\/01\/21\/digitale-vorsaetze_propositi-digitali\/","title":{"rendered":"Digitale Vors\u00e4tze \u2014 Propositi digitali"},"content":{"rendered":"<p style=\"text-align: left;\"><a href=\"http:\/\/www.kobler-margreid.com\/blog\/wp-content\/2012\/01\/web-performance2011b1.jpg\" rel=\"lightbox[7799]\"><img loading=\"lazy\" decoding=\"async\" class=\"aligncenter  wp-image-7823\" style=\"border-style: initial; border-color: initial; border-image: initial; margin-top: 3px; margin-bottom: 3px; margin-left: 0px; margin-right: 0px; border-width: 0px;\" title=\"web-performance2011\" src=\"http:\/\/www.kobler-margreid.com\/blog\/wp-content\/2012\/01\/web-performance2011b1.jpg\" alt=\"\" width=\"520\" height=\"293\" \/><\/a>Ob bewusst oder unbewusst, die Jahreswende ist immer ein Moment des Zur\u00fcck- und Vorausschauens. In diesem ersten kurzen Posting geht es um meinem Internet-Auftritt, der doch das Schwergewicht unser \u00d6ffentlichkeitsarbeit, zusammen mit den Weinpr\u00e4sentationen im Weinraum und au\u00dferhalb, darstellt. Was die Besucherzahlen (<a title=\"4stats\" href=\"https:\/\/stats.4stats.de\" target=\"_blank\">4stats website statistik<\/a>)\u00a0unserer Webseite inklusive dieses Blogs angeht, konnte ich eine leichte Zunahme verzeichnen. Interessant zu sehen, dass sich der jahreszeitliche Verlauf teils best\u00e4tigt, teils ziemlich verschoben hat; das ist gr\u00f6\u00dftenteils auf den Blog zur\u00fcckzuf\u00fchren, wo interessante, mehrmals zitierte Beitr\u00e4ge die Besucherzahlen in die H\u00f6he schnellen lassen. Trotz des bescheidenen Zuwachses muss aber schon auch gesagt werden, dass die Zugriffszahlen im Vergleich mit anderen Weinblogs sehr, sehr bescheiden sind. Das ist bei Produzentenblogs nichts unbedingt Neues \u2014 die meisten Schreiber dieses Types grenzen die Berichterstattung auf das eigene Berufsleben ein und zudem ist die eigentliche Arbeit ja nicht das Beitr\u00e4geschreiben\u00a0\u2014\u00a0 , l\u00e4sst mich aber nicht verzweifeln, besonders auch deshalb nicht, weil der Blog \u00fcber etliche Stammleser verf\u00fcgt.<\/p>\n<p style=\"text-align: left;\"><em>Istintivamente l&#8217;inizio del nuovo anno \u00e8 sempre un momento di guardare indietro ma anche avanti. In questo post parlo della mia presenza in Internet che costituisce nella mia comunicazione la parte centrale, assieme alle presentazioni sia nel Weinraum che fuori. Per quello che concerne il numero delle visite (<a title=\"4stats\" href=\"https:\/\/stats.4stats.de\" target=\"_blank\">4stats website statistik<\/a>)\u00a0sul nostro sito e sul blog si nota una leggera crescita. Interessante a vedere che il decorso nella maggiorparte dei mesi andava parallelo all&#8217;anno precedente, in altri era in controtendenza. Ci\u00f2 \u00e8 riconducibile soprattutto al blog, dove l&#8217;apparire di articolo pi\u00f9 interessanti e di conseguenza pi\u00f9 citati si ripercuote subito sulla statistica. Nonostante la piccola crescita bisogna tener presente che il numero delle visite in confronto ad altri blog enoici \u00e8 molto modesto. Questo non \u00e8 una cosa strana in quanto nei blog gestiti da produttori questi si limitano quasi sempre a parlare solo del loro lavoro e la loro attivit\u00e0 centrale \u00e8 ben altro che scrivere in internet. Comunque non sono tanto preoccupato dei numeri modesti in quanto tra i lettori ce ne sono tanti abituali.<\/em><\/p>\n<p style=\"text-align: left;\"><em><!--more--><\/em>Relativ gut angenommen wurde die Verwendung des <a title=\"Qr-Code\" href=\"http:\/\/www.kobler-margreid.com\/blog\/2011\/07\/13\/quick-response\/\" target=\"_blank\">QR-Codes<\/a> auf den R\u00fcckenetiketten; sobald alle damit ausgestatteten (ab F\u00fcllung Mai 2011) im Handel sein werden, wird deren Nutzung sich noch mehr auf die Zugriffszahlen niederschlagen. Noch nicht so sehr haben die Kunden die M\u00f6glichkeit in Anspruch genommen, unsere Weine auf <a title=\"adegga\" href=\"http:\/\/www.kobler-margreid.com\/blog\/2011\/07\/20\/bewertet-meine-weine_giudicate-i-miei-vini\/\" target=\"_blank\">adegga<\/a>\u00a0zu rezensieren. Einige meinen vielleicht auch, die Urteile m\u00fcssten unbedingt auf englisch verfasst sein. Das stimmt nicht, jede Sprache kann verwendet werden, nat\u00fcrlich erreichen aber englischsprachige Kommentare mehr Weinliebhaber. Zudem k\u00f6nnen auch nur Punkte (von eins bis f\u00fcnf) vergeben werden.<\/p>\n<p style=\"text-align: left;\"><em>Relativamente ben accettato \u00e8 finora il\u00a0<a title=\"Qr-Code\" href=\"http:\/\/www.kobler-margreid.com\/blog\/2011\/07\/13\/quick-response\/\" target=\"_blank\">QR-Code<\/a>\u00a0sulle retroetichette; quando tutte le bottiglie provviste (siamo partiti con l&#8217;imbotigliamento di fine maggio 2011) saranno in commercio, il suo utilizzo si ripercuoter\u00e0 sicuramente sugli accessi. Quello che i nostri clienti non hanno ancora sfruttato \u00e8 la possibilit\u00e0 di recensire i vini su\u00a0<a title=\"adegga\" href=\"http:\/\/www.kobler-margreid.com\/blog\/2011\/07\/20\/bewertet-meine-weine_giudicate-i-miei-vini\/\" target=\"_blank\">adegga<\/a>. Alcuni forse penseranno che si debba fare necessariamente in inglese ma ci\u00f2 non \u00e8 vero. \u00c8 lecito scrivere in qualsiasi lingua per\u00f2 \u00e8 altrettanto certo che scrivendo in inglese si viene capiti da pi\u00f9 persone. Inoltre si possono anche solo dare dei punteggi, da uno a cinque.<\/em><\/p>\n<p><a href=\"http:\/\/www.kobler-margreid.com\/download_blog\/ArminKobler_20120121_d.jpg\" rel=\"lightbox[7799]\"><img loading=\"lazy\" decoding=\"async\" class=\"float left alignleft  wp-image-7845\" style=\"border-style: initial; border-color: initial; border-image: initial; border-width: 0px; margin: 0px;\" title=\"FB\" src=\"http:\/\/www.kobler-margreid.com\/blog\/wp-content\/2012\/01\/FB1.jpg\" alt=\"\" width=\"399\" height=\"432\" srcset=\"https:\/\/www.kobler-margreid.com\/blog\/wp-content\/2012\/01\/FB1.jpg 1108w, https:\/\/www.kobler-margreid.com\/blog\/wp-content\/2012\/01\/FB1-277x300.jpg 277w, https:\/\/www.kobler-margreid.com\/blog\/wp-content\/2012\/01\/FB1-945x1024.jpg 945w\" sizes=\"auto, (max-width: 399px) 100vw, 399px\" \/><\/a>F\u00fcr das n\u00e4chste Jahr habe ich mir auch einiges hinsichtlich meiner Webaktivit\u00e4t vorgenommen, vieles wird aber sicherlich auch kurzfristig und ungeplant dazukommen. Das aufwendigste wird sicherlich der Relaunch der klassischen Webseite sein. Zum einen soll endlich die englische Fassung, deren Texte ich schon l\u00e4ngst habe, verf\u00fcgbar gemacht werden und zum anderen sollte das etwas in die Jahre gekommene Erscheinungsbild erneuert werden. Ideen habe ich dazu schon, nach den passenden <a title=\"RapidWeaver\" href=\"http:\/\/www.realmacsoftware.com\/rapidweaver\" target=\"_blank\">Rapid-Weaver<\/a>-Templates suche ich immer wieder mal aber mehr m\u00f6chte ich nicht verraten, au\u00dfer dass im meiner derzeitigen Vorstellung gem\u00e4\u00df dem <a title=\"Corporate Design\" href=\"http:\/\/de.wikipedia.org\/wiki\/Corporate_Design\" target=\"_blank\">Corporate Design<\/a>\u00a0mehr \u00dcbereinstimmung zwischen Etiketten, Weinraum und dem Erscheinungsbild im Web vermittelt werden sollte.<\/p>\n<p style=\"text-align: left;\"><em>Per il prossimo anno mi sono fatto diverse propositi di natura digitale, molte cose ancora impreviste si aggiungeranno durante l&#8217;anno. Quello pi\u00f9 impegnativo sar\u00e0 senz&#8217;altro il rilancio del sito classico. Per primo vorrei inserire finalmente i testi in inglese che ho gi\u00e0 da tempo pronti e per secondo rinnovare il suo aspetto che appare gi\u00e0 un po&#8216; vecchiotto. Di idee ne ho gi\u00e0 ed ogni tanto vado a cercare i templates opportuni per\u00a0<a title=\"RapidWeaver\" href=\"http:\/\/www.realmacsoftware.com\/rapidweaver\" target=\"_blank\">Rapid-Weaver<\/a>. Non voglio andare nei dettagli, ma lo scopo \u00e8 quello di raggiungere pi\u00f9 corrispondenza tra l&#8217;estetica delle etichette, del Weinraum e dell&#8217;apparizione in internet.<\/em><\/p>\n<p style=\"text-align: left;\">Einige Unterseiten m\u00f6chte ich dazunehmen, z.B. eine, wo ich es um die besten Wein-Speisen-Kombinationen bez\u00fcglich meiner Produkte geht. Hinsichtlich dieses leider etwas vernachl\u00e4ssigtem Aspektes\u00a0\u2014\u00a0der Gro\u00dfteil der Weine wird doch beim Essen getrunken\u00a0\u2014\u00a0sollen eigene aber besonders auch die Erfahrungen unserer Kundschaft mit in die Texte einflie\u00dfen. Genauso sollten die am h\u00e4ufigsten genannten Weinbeschreibungen gesammelt werden und jene aus unserer Feder erg\u00e4nzen.<\/p>\n<p style=\"text-align: left;\"><em>Vorrei aggiunge diverse sottopagine, per esempio una che si occupa degli abbinamenti tra i miei vini ed i differenti piatti. Questo \u00e8 un aspetto secondo me \u00a0troppo trascurato se si considera che la maggiorparte dei vini si consuma mangiando. Vorrei che si raccogliessero pure le esperienze dei clienti, anche per quello che concerne i descrittori organolettici.<\/em><\/p>\n<p style=\"text-align: left;\">F\u00fcr k\u00fcrzere Mitteilungen werde ich weiterhin meinen <a title=\"Facebook\" href=\"http:\/\/www.facebook.com\/armin.kobler\" target=\"_blank\">Facebook<\/a>-Account n\u00fctzen. Typischerweise f\u00fcr einen Winzer, wo so ziemlich alles in Personalunion erfolgt, mischen sich dort weinspezifische Themen mit Pers\u00f6nlichem, Politischen und, warum nicht, auch mit etwas Humorvollen. <a href=\"http:\/\/www.kobler-margreid.com\/download_blog\/ArminKobler_20120121_d.jpg\" target=\"_blank\" rel=\"lightbox[7799]\">Hier<\/a> (3,9 MB)\u00a0k\u00f6nnen sich auch jene, die mit diesem Socialmedia nichts zu tun haben, einen Screenshot meiner Time Line ansehen. Konsequenterweise werde ich die weinhof-KOBLER-Gruppe auf Facebook auflassen, doppelt fahren ist nur aufwendig und hat in meinem Fall keinen Sinn. Abgemeldet habe ich mich inzwischen wieder bei Google+. Ehrlicherweise habe ich mehr aus Neugierde den Account dort er\u00f6ffnet, eine Alternative zu Facebook, stellt es f\u00fcr mich nicht dar. Mehr und mehr, aber immer noch zu wenig, m\u00f6chte ich <a title=\"Twitter\" href=\"https:\/\/twitter.com\/#!\/armin_kobler\" target=\"_blank\">Twitter<\/a> nutzen, um schnell kurze Statusmeldungen und Bilder ins Web zu schicken.<\/p>\n<p style=\"text-align: left;\"><em>Per comunicazioni brevi continuer\u00f2 a servirmi di\u00a0<a title=\"Facebook\" href=\"http:\/\/www.facebook.com\/armin.kobler\" target=\"_blank\">Facebook<\/a>. Tipicamente per un vignaiolo, dove una persona deve fare tutto, agli argomenti tecnici si mescolano fatti personali, politici e, perch\u00e8 no, anche umoristici. <a href=\"http:\/\/www.kobler-margreid.com\/download_blog\/ArminKobler_20120121_d.jpg\" target=\"_blank\" rel=\"lightbox[7799]\">Qu\u00ec<\/a>\u00a0(3,9 MB)\u00a0anche quelli che non aderiscono a questo potente social media possono vedere uno screenshot della mia time line. Per conseguenza rinuncer\u00f2 al gruppo Facebook del Weinhof Kobler in quanto non \u00e8 utile disperdere inutilmente le forze. Ho cancellato nel frattempo la mia pagina su Google+. Per dire la verit\u00e0 era pi\u00f9 la curiosit\u00e0 a farmi aderire, al momento non lo considero una valida alternativa a Facebook, almeno nel mio caso. Sempre di pi\u00f9 ma ancora troppo raramente utilizzo\u00a0<a title=\"Twitter\" href=\"https:\/\/twitter.com\/#!\/armin_kobler\" target=\"_blank\">Twitter<\/a>\u00a0per mandare velocemente dei messaggi corti e delle foto in rete.<\/em><\/p>\n<p style=\"text-align: left;\">Mal schauen, was in einem Jahr tats\u00e4chlich verwirklicht wird sein.<\/p>\n<p style=\"text-align: left;\"><em>Vedremo tra un anno quanto avr\u00f2 realmente realizzato.<\/em><\/p>\n","protected":false},"excerpt":{"rendered":"<p>Ob bewusst oder unbewusst, die Jahreswende ist immer ein Moment des Zur\u00fcck- und Vorausschauens. In diesem ersten kurzen Posting geht es um meinem Internet-Auftritt, der doch das Schwergewicht unser \u00d6ffentlichkeitsarbeit, zusammen mit den Weinpr\u00e4sentationen im Weinraum und au\u00dferhalb, darstellt. Was &hellip; <a href=\"https:\/\/www.kobler-margreid.com\/blog\/blog\/2012\/01\/21\/digitale-vorsaetze_propositi-digitali\/\">Weiterlesen <span class=\"meta-nav\">&rarr;<\/span><\/a><\/p>\n","protected":false},"author":1,"featured_media":0,"comment_status":"open","ping_status":"open","sticky":false,"template":"","format":"standard","meta":{"ngg_post_thumbnail":0,"footnotes":"","_links_to":"","_links_to_target":""},"categories":[209,9],"tags":[1028,954,870,364,1026,1481,953,1027,904,1025],"class_list":["post-7799","post","type-post","status-publish","format-standard","hentry","category-internet","category-oeffentlichkeitsarbeit","tag-4stats","tag-adegga-com","tag-blog","tag-facebook","tag-google","tag-internet","tag-qr-code","tag-rapidweaver","tag-twitter","tag-website"],"yoast_head":"<!-- This site is optimized with the Yoast SEO plugin v27.5 - https:\/\/yoast.com\/product\/yoast-seo-wordpress\/ -->\n<title>Digitale Vors\u00e4tze \u2014 Propositi digitali - weinhof KOBLER weblog<\/title>\n<meta name=\"robots\" content=\"index, follow, max-snippet:-1, max-image-preview:large, max-video-preview:-1\" \/>\n<link rel=\"canonical\" href=\"https:\/\/www.kobler-margreid.com\/blog\/blog\/2012\/01\/21\/digitale-vorsaetze_propositi-digitali\/\" \/>\n<meta property=\"og:locale\" content=\"de_DE\" \/>\n<meta property=\"og:type\" content=\"article\" \/>\n<meta property=\"og:title\" content=\"Digitale Vors\u00e4tze \u2014 Propositi digitali - weinhof KOBLER weblog\" \/>\n<meta property=\"og:description\" content=\"Ob bewusst oder unbewusst, die Jahreswende ist immer ein Moment des Zur\u00fcck- und Vorausschauens. In diesem ersten kurzen Posting geht es um meinem Internet-Auftritt, der doch das Schwergewicht unser \u00d6ffentlichkeitsarbeit, zusammen mit den Weinpr\u00e4sentationen im Weinraum und au\u00dferhalb, darstellt. Was &hellip; Weiterlesen &rarr;\" \/>\n<meta property=\"og:url\" content=\"https:\/\/www.kobler-margreid.com\/blog\/blog\/2012\/01\/21\/digitale-vorsaetze_propositi-digitali\/\" \/>\n<meta property=\"og:site_name\" content=\"weinhof KOBLER weblog\" \/>\n<meta property=\"article:publisher\" content=\"https:\/\/www.facebook.com\/armin.kobler\/\" \/>\n<meta property=\"article:author\" content=\"https:\/\/www.facebook.com\/armin.kobler\/\" \/>\n<meta property=\"article:published_time\" content=\"2012-01-21T00:06:25+00:00\" \/>\n<meta property=\"og:image\" content=\"http:\/\/www.kobler-margreid.com\/blog\/wp-content\/2012\/01\/web-performance2011b1.jpg\" \/>\n<meta name=\"author\" content=\"armin kobler\" \/>\n<meta name=\"twitter:card\" content=\"summary_large_image\" \/>\n<meta name=\"twitter:label1\" content=\"Verfasst von\" \/>\n\t<meta name=\"twitter:data1\" content=\"armin kobler\" \/>\n\t<meta name=\"twitter:label2\" content=\"Gesch\u00e4tzte Lesezeit\" \/>\n\t<meta name=\"twitter:data2\" content=\"6\u00a0Minuten\" \/>\n<script type=\"application\/ld+json\" class=\"yoast-schema-graph\">{\"@context\":\"https:\\\/\\\/schema.org\",\"@graph\":[{\"@type\":\"Article\",\"@id\":\"https:\\\/\\\/www.kobler-margreid.com\\\/blog\\\/blog\\\/2012\\\/01\\\/21\\\/digitale-vorsaetze_propositi-digitali\\\/#article\",\"isPartOf\":{\"@id\":\"https:\\\/\\\/www.kobler-margreid.com\\\/blog\\\/blog\\\/2012\\\/01\\\/21\\\/digitale-vorsaetze_propositi-digitali\\\/\"},\"author\":{\"name\":\"armin kobler\",\"@id\":\"https:\\\/\\\/www.kobler-margreid.com\\\/blog\\\/#\\\/schema\\\/person\\\/6a2290c17f680f59c1fa7e1c7a36df3a\"},\"headline\":\"Digitale Vors\u00e4tze \u2014 Propositi digitali\",\"datePublished\":\"2012-01-21T00:06:25+00:00\",\"mainEntityOfPage\":{\"@id\":\"https:\\\/\\\/www.kobler-margreid.com\\\/blog\\\/blog\\\/2012\\\/01\\\/21\\\/digitale-vorsaetze_propositi-digitali\\\/\"},\"wordCount\":1143,\"commentCount\":9,\"publisher\":{\"@id\":\"https:\\\/\\\/www.kobler-margreid.com\\\/blog\\\/#\\\/schema\\\/person\\\/6a2290c17f680f59c1fa7e1c7a36df3a\"},\"image\":{\"@id\":\"https:\\\/\\\/www.kobler-margreid.com\\\/blog\\\/blog\\\/2012\\\/01\\\/21\\\/digitale-vorsaetze_propositi-digitali\\\/#primaryimage\"},\"thumbnailUrl\":\"http:\\\/\\\/www.kobler-margreid.com\\\/blog\\\/wp-content\\\/2012\\\/01\\\/web-performance2011b1.jpg\",\"keywords\":[\"4stats\",\"adegga.com\",\"Blog\",\"FaceBook\",\"Google+\",\"Internet\",\"QR-Code\",\"Rapidweaver\",\"Twitter\",\"Website\"],\"articleSection\":[\"Internet\",\"\u00d6ffentlichkeitsarbeit - Pubbliche relazioni\"],\"inLanguage\":\"de\",\"potentialAction\":[{\"@type\":\"CommentAction\",\"name\":\"Comment\",\"target\":[\"https:\\\/\\\/www.kobler-margreid.com\\\/blog\\\/blog\\\/2012\\\/01\\\/21\\\/digitale-vorsaetze_propositi-digitali\\\/#respond\"]}]},{\"@type\":\"WebPage\",\"@id\":\"https:\\\/\\\/www.kobler-margreid.com\\\/blog\\\/blog\\\/2012\\\/01\\\/21\\\/digitale-vorsaetze_propositi-digitali\\\/\",\"url\":\"https:\\\/\\\/www.kobler-margreid.com\\\/blog\\\/blog\\\/2012\\\/01\\\/21\\\/digitale-vorsaetze_propositi-digitali\\\/\",\"name\":\"Digitale Vors\u00e4tze \u2014 Propositi digitali - weinhof KOBLER weblog\",\"isPartOf\":{\"@id\":\"https:\\\/\\\/www.kobler-margreid.com\\\/blog\\\/#website\"},\"primaryImageOfPage\":{\"@id\":\"https:\\\/\\\/www.kobler-margreid.com\\\/blog\\\/blog\\\/2012\\\/01\\\/21\\\/digitale-vorsaetze_propositi-digitali\\\/#primaryimage\"},\"image\":{\"@id\":\"https:\\\/\\\/www.kobler-margreid.com\\\/blog\\\/blog\\\/2012\\\/01\\\/21\\\/digitale-vorsaetze_propositi-digitali\\\/#primaryimage\"},\"thumbnailUrl\":\"http:\\\/\\\/www.kobler-margreid.com\\\/blog\\\/wp-content\\\/2012\\\/01\\\/web-performance2011b1.jpg\",\"datePublished\":\"2012-01-21T00:06:25+00:00\",\"breadcrumb\":{\"@id\":\"https:\\\/\\\/www.kobler-margreid.com\\\/blog\\\/blog\\\/2012\\\/01\\\/21\\\/digitale-vorsaetze_propositi-digitali\\\/#breadcrumb\"},\"inLanguage\":\"de\",\"potentialAction\":[{\"@type\":\"ReadAction\",\"target\":[\"https:\\\/\\\/www.kobler-margreid.com\\\/blog\\\/blog\\\/2012\\\/01\\\/21\\\/digitale-vorsaetze_propositi-digitali\\\/\"]}]},{\"@type\":\"ImageObject\",\"inLanguage\":\"de\",\"@id\":\"https:\\\/\\\/www.kobler-margreid.com\\\/blog\\\/blog\\\/2012\\\/01\\\/21\\\/digitale-vorsaetze_propositi-digitali\\\/#primaryimage\",\"url\":\"http:\\\/\\\/www.kobler-margreid.com\\\/blog\\\/wp-content\\\/2012\\\/01\\\/web-performance2011b1.jpg\",\"contentUrl\":\"http:\\\/\\\/www.kobler-margreid.com\\\/blog\\\/wp-content\\\/2012\\\/01\\\/web-performance2011b1.jpg\"},{\"@type\":\"BreadcrumbList\",\"@id\":\"https:\\\/\\\/www.kobler-margreid.com\\\/blog\\\/blog\\\/2012\\\/01\\\/21\\\/digitale-vorsaetze_propositi-digitali\\\/#breadcrumb\",\"itemListElement\":[{\"@type\":\"ListItem\",\"position\":1,\"name\":\"Startseite\",\"item\":\"https:\\\/\\\/www.kobler-margreid.com\\\/blog\\\/\"},{\"@type\":\"ListItem\",\"position\":2,\"name\":\"Digitale Vors\u00e4tze \u2014 Propositi digitali\"}]},{\"@type\":\"WebSite\",\"@id\":\"https:\\\/\\\/www.kobler-margreid.com\\\/blog\\\/#website\",\"url\":\"https:\\\/\\\/www.kobler-margreid.com\\\/blog\\\/\",\"name\":\"weinhof KOBLER weblog\",\"description\":\"dem wein ganz nah \u2013 all&#039;interno del vino\",\"publisher\":{\"@id\":\"https:\\\/\\\/www.kobler-margreid.com\\\/blog\\\/#\\\/schema\\\/person\\\/6a2290c17f680f59c1fa7e1c7a36df3a\"},\"potentialAction\":[{\"@type\":\"SearchAction\",\"target\":{\"@type\":\"EntryPoint\",\"urlTemplate\":\"https:\\\/\\\/www.kobler-margreid.com\\\/blog\\\/?s={search_term_string}\"},\"query-input\":{\"@type\":\"PropertyValueSpecification\",\"valueRequired\":true,\"valueName\":\"search_term_string\"}}],\"inLanguage\":\"de\"},{\"@type\":[\"Person\",\"Organization\"],\"@id\":\"https:\\\/\\\/www.kobler-margreid.com\\\/blog\\\/#\\\/schema\\\/person\\\/6a2290c17f680f59c1fa7e1c7a36df3a\",\"name\":\"armin kobler\",\"image\":{\"@type\":\"ImageObject\",\"inLanguage\":\"de\",\"@id\":\"https:\\\/\\\/www.kobler-margreid.com\\\/blog\\\/wp-content\\\/2023\\\/11\\\/2012-05-08_09-33-03a.jpg\",\"url\":\"https:\\\/\\\/www.kobler-margreid.com\\\/blog\\\/wp-content\\\/2023\\\/11\\\/2012-05-08_09-33-03a.jpg\",\"contentUrl\":\"https:\\\/\\\/www.kobler-margreid.com\\\/blog\\\/wp-content\\\/2023\\\/11\\\/2012-05-08_09-33-03a.jpg\",\"width\":1088,\"height\":1184,\"caption\":\"armin kobler\"},\"logo\":{\"@id\":\"https:\\\/\\\/www.kobler-margreid.com\\\/blog\\\/wp-content\\\/2023\\\/11\\\/2012-05-08_09-33-03a.jpg\"},\"sameAs\":[\"http:\\\/\\\/www.kobler-margreid.com\",\"https:\\\/\\\/www.facebook.com\\\/armin.kobler\\\/\"],\"url\":\"https:\\\/\\\/www.kobler-margreid.com\\\/blog\\\/blog\\\/author\\\/admin\\\/\"}]}<\/script>\n<!-- \/ Yoast SEO plugin. -->","yoast_head_json":{"title":"Digitale Vors\u00e4tze \u2014 Propositi digitali - weinhof KOBLER weblog","robots":{"index":"index","follow":"follow","max-snippet":"max-snippet:-1","max-image-preview":"max-image-preview:large","max-video-preview":"max-video-preview:-1"},"canonical":"https:\/\/www.kobler-margreid.com\/blog\/blog\/2012\/01\/21\/digitale-vorsaetze_propositi-digitali\/","og_locale":"de_DE","og_type":"article","og_title":"Digitale Vors\u00e4tze \u2014 Propositi digitali - weinhof KOBLER weblog","og_description":"Ob bewusst oder unbewusst, die Jahreswende ist immer ein Moment des Zur\u00fcck- und Vorausschauens. In diesem ersten kurzen Posting geht es um meinem Internet-Auftritt, der doch das Schwergewicht unser \u00d6ffentlichkeitsarbeit, zusammen mit den Weinpr\u00e4sentationen im Weinraum und au\u00dferhalb, darstellt. Was &hellip; Weiterlesen &rarr;","og_url":"https:\/\/www.kobler-margreid.com\/blog\/blog\/2012\/01\/21\/digitale-vorsaetze_propositi-digitali\/","og_site_name":"weinhof KOBLER weblog","article_publisher":"https:\/\/www.facebook.com\/armin.kobler\/","article_author":"https:\/\/www.facebook.com\/armin.kobler\/","article_published_time":"2012-01-21T00:06:25+00:00","og_image":[{"url":"http:\/\/www.kobler-margreid.com\/blog\/wp-content\/2012\/01\/web-performance2011b1.jpg","type":"","width":"","height":""}],"author":"armin kobler","twitter_card":"summary_large_image","twitter_misc":{"Verfasst von":"armin kobler","Gesch\u00e4tzte Lesezeit":"6\u00a0Minuten"},"schema":{"@context":"https:\/\/schema.org","@graph":[{"@type":"Article","@id":"https:\/\/www.kobler-margreid.com\/blog\/blog\/2012\/01\/21\/digitale-vorsaetze_propositi-digitali\/#article","isPartOf":{"@id":"https:\/\/www.kobler-margreid.com\/blog\/blog\/2012\/01\/21\/digitale-vorsaetze_propositi-digitali\/"},"author":{"name":"armin kobler","@id":"https:\/\/www.kobler-margreid.com\/blog\/#\/schema\/person\/6a2290c17f680f59c1fa7e1c7a36df3a"},"headline":"Digitale Vors\u00e4tze \u2014 Propositi digitali","datePublished":"2012-01-21T00:06:25+00:00","mainEntityOfPage":{"@id":"https:\/\/www.kobler-margreid.com\/blog\/blog\/2012\/01\/21\/digitale-vorsaetze_propositi-digitali\/"},"wordCount":1143,"commentCount":9,"publisher":{"@id":"https:\/\/www.kobler-margreid.com\/blog\/#\/schema\/person\/6a2290c17f680f59c1fa7e1c7a36df3a"},"image":{"@id":"https:\/\/www.kobler-margreid.com\/blog\/blog\/2012\/01\/21\/digitale-vorsaetze_propositi-digitali\/#primaryimage"},"thumbnailUrl":"http:\/\/www.kobler-margreid.com\/blog\/wp-content\/2012\/01\/web-performance2011b1.jpg","keywords":["4stats","adegga.com","Blog","FaceBook","Google+","Internet","QR-Code","Rapidweaver","Twitter","Website"],"articleSection":["Internet","\u00d6ffentlichkeitsarbeit - Pubbliche relazioni"],"inLanguage":"de","potentialAction":[{"@type":"CommentAction","name":"Comment","target":["https:\/\/www.kobler-margreid.com\/blog\/blog\/2012\/01\/21\/digitale-vorsaetze_propositi-digitali\/#respond"]}]},{"@type":"WebPage","@id":"https:\/\/www.kobler-margreid.com\/blog\/blog\/2012\/01\/21\/digitale-vorsaetze_propositi-digitali\/","url":"https:\/\/www.kobler-margreid.com\/blog\/blog\/2012\/01\/21\/digitale-vorsaetze_propositi-digitali\/","name":"Digitale Vors\u00e4tze \u2014 Propositi digitali - weinhof KOBLER weblog","isPartOf":{"@id":"https:\/\/www.kobler-margreid.com\/blog\/#website"},"primaryImageOfPage":{"@id":"https:\/\/www.kobler-margreid.com\/blog\/blog\/2012\/01\/21\/digitale-vorsaetze_propositi-digitali\/#primaryimage"},"image":{"@id":"https:\/\/www.kobler-margreid.com\/blog\/blog\/2012\/01\/21\/digitale-vorsaetze_propositi-digitali\/#primaryimage"},"thumbnailUrl":"http:\/\/www.kobler-margreid.com\/blog\/wp-content\/2012\/01\/web-performance2011b1.jpg","datePublished":"2012-01-21T00:06:25+00:00","breadcrumb":{"@id":"https:\/\/www.kobler-margreid.com\/blog\/blog\/2012\/01\/21\/digitale-vorsaetze_propositi-digitali\/#breadcrumb"},"inLanguage":"de","potentialAction":[{"@type":"ReadAction","target":["https:\/\/www.kobler-margreid.com\/blog\/blog\/2012\/01\/21\/digitale-vorsaetze_propositi-digitali\/"]}]},{"@type":"ImageObject","inLanguage":"de","@id":"https:\/\/www.kobler-margreid.com\/blog\/blog\/2012\/01\/21\/digitale-vorsaetze_propositi-digitali\/#primaryimage","url":"http:\/\/www.kobler-margreid.com\/blog\/wp-content\/2012\/01\/web-performance2011b1.jpg","contentUrl":"http:\/\/www.kobler-margreid.com\/blog\/wp-content\/2012\/01\/web-performance2011b1.jpg"},{"@type":"BreadcrumbList","@id":"https:\/\/www.kobler-margreid.com\/blog\/blog\/2012\/01\/21\/digitale-vorsaetze_propositi-digitali\/#breadcrumb","itemListElement":[{"@type":"ListItem","position":1,"name":"Startseite","item":"https:\/\/www.kobler-margreid.com\/blog\/"},{"@type":"ListItem","position":2,"name":"Digitale Vors\u00e4tze \u2014 Propositi digitali"}]},{"@type":"WebSite","@id":"https:\/\/www.kobler-margreid.com\/blog\/#website","url":"https:\/\/www.kobler-margreid.com\/blog\/","name":"weinhof KOBLER weblog","description":"dem wein ganz nah \u2013 all&#039;interno del vino","publisher":{"@id":"https:\/\/www.kobler-margreid.com\/blog\/#\/schema\/person\/6a2290c17f680f59c1fa7e1c7a36df3a"},"potentialAction":[{"@type":"SearchAction","target":{"@type":"EntryPoint","urlTemplate":"https:\/\/www.kobler-margreid.com\/blog\/?s={search_term_string}"},"query-input":{"@type":"PropertyValueSpecification","valueRequired":true,"valueName":"search_term_string"}}],"inLanguage":"de"},{"@type":["Person","Organization"],"@id":"https:\/\/www.kobler-margreid.com\/blog\/#\/schema\/person\/6a2290c17f680f59c1fa7e1c7a36df3a","name":"armin kobler","image":{"@type":"ImageObject","inLanguage":"de","@id":"https:\/\/www.kobler-margreid.com\/blog\/wp-content\/2023\/11\/2012-05-08_09-33-03a.jpg","url":"https:\/\/www.kobler-margreid.com\/blog\/wp-content\/2023\/11\/2012-05-08_09-33-03a.jpg","contentUrl":"https:\/\/www.kobler-margreid.com\/blog\/wp-content\/2023\/11\/2012-05-08_09-33-03a.jpg","width":1088,"height":1184,"caption":"armin kobler"},"logo":{"@id":"https:\/\/www.kobler-margreid.com\/blog\/wp-content\/2023\/11\/2012-05-08_09-33-03a.jpg"},"sameAs":["http:\/\/www.kobler-margreid.com","https:\/\/www.facebook.com\/armin.kobler\/"],"url":"https:\/\/www.kobler-margreid.com\/blog\/blog\/author\/admin\/"}]}},"_links":{"self":[{"href":"https:\/\/www.kobler-margreid.com\/blog\/wp-json\/wp\/v2\/posts\/7799","targetHints":{"allow":["GET"]}}],"collection":[{"href":"https:\/\/www.kobler-margreid.com\/blog\/wp-json\/wp\/v2\/posts"}],"about":[{"href":"https:\/\/www.kobler-margreid.com\/blog\/wp-json\/wp\/v2\/types\/post"}],"author":[{"embeddable":true,"href":"https:\/\/www.kobler-margreid.com\/blog\/wp-json\/wp\/v2\/users\/1"}],"replies":[{"embeddable":true,"href":"https:\/\/www.kobler-margreid.com\/blog\/wp-json\/wp\/v2\/comments?post=7799"}],"version-history":[{"count":0,"href":"https:\/\/www.kobler-margreid.com\/blog\/wp-json\/wp\/v2\/posts\/7799\/revisions"}],"wp:attachment":[{"href":"https:\/\/www.kobler-margreid.com\/blog\/wp-json\/wp\/v2\/media?parent=7799"}],"wp:term":[{"taxonomy":"category","embeddable":true,"href":"https:\/\/www.kobler-margreid.com\/blog\/wp-json\/wp\/v2\/categories?post=7799"},{"taxonomy":"post_tag","embeddable":true,"href":"https:\/\/www.kobler-margreid.com\/blog\/wp-json\/wp\/v2\/tags?post=7799"}],"curies":[{"name":"wp","href":"https:\/\/api.w.org\/{rel}","templated":true}]}}