{"id":8045,"date":"2012-02-28T12:19:21","date_gmt":"2012-02-28T11:19:21","guid":{"rendered":"http:\/\/www.kobler-margreid.com\/blog\/?p=8045"},"modified":"2021-04-28T17:29:56","modified_gmt":"2021-04-28T15:29:56","slug":"bio-nein-also-konventionell_bio-no-allora-convenzionale","status":"publish","type":"post","link":"https:\/\/www.kobler-margreid.com\/blog\/blog\/2012\/02\/28\/bio-nein-also-konventionell_bio-no-allora-convenzionale\/","title":{"rendered":"Bio nein, also konventionell? \u2014 Bio no, allora convenzionale?"},"content":{"rendered":"<p><a href=\"http:\/\/www.kobler-margreid.com\/blog\/wp-content\/2012\/02\/pero_merlot1.jpg\" rel=\"lightbox[8045]\"><img loading=\"lazy\" decoding=\"async\" class=\"float left alignleft  wp-image-8064\" style=\"border-image: initial; margin: 0px; border: 0px initial initial;\" title=\"pero_merlot1\" src=\"http:\/\/www.kobler-margreid.com\/blog\/wp-content\/2012\/02\/pero_merlot1.jpg\" alt=\"\" width=\"226\" height=\"356\" srcset=\"https:\/\/www.kobler-margreid.com\/blog\/wp-content\/2012\/02\/pero_merlot1.jpg 516w, https:\/\/www.kobler-margreid.com\/blog\/wp-content\/2012\/02\/pero_merlot1-191x300.jpg 191w\" sizes=\"auto, (max-width: 226px) 100vw, 226px\" \/><\/a>Nicht immer, aber mit steigender H\u00e4ufigkeit werde ich gefragt, ob ich meinen Weinhof biologisch oder gar biodynamisch f\u00fchre. Wir praktizieren integrierten Pflanzenschutz, weshalb ich verneine, was bei so manchem Gespr\u00e4chspartner zumindest am Gesichtsausdruck ersichtliche Entt\u00e4uschung hervorruft. Leider ist es anlassbedingt selten m\u00f6glich oder angebracht, unsere eigene Methoden zu erkl\u00e4ren, auch weil es so aussieht, als m\u00fcsse ich mich f\u00fcr das Nicht-Bio entschuldigen.<\/p>\n<p><em>Non sempre, ma sempre pi\u00f9 spesso mi si chiede, se conduco la mia azienda in modo biologico o addirittura biodinamico. Noi pratichiamo la lotta integrata per cui la mia risposta \u00e8 negativa. Ci\u00f2 provoca alcune volte espressioni di delusione. Purtroppo poche volte \u00e8 possibile o opportuno cominciare a spiegare la propria metodologia anche perch\u00e8 potrebbe sembrare come se mi dovessi scusare per non lavorare in biologico.<\/em><\/p>\n<p>Als Sch\u00fcler durfte ich zu Beginn der 80er Jahre die hinreisenden Pl\u00e4doyers des M. Baillod aus Changins miterleben. Es war der von ihm wesentlich propagierte Integrierte Pflanzenschutz (<a title=\"IOBC Viticulture\" href=\"http:\/\/www.iobc-wprs.org\/expert_groups\/13_wg_viticulture.html\" target=\"_blank\" rel=\"noopener\">IOBC<\/a>)&nbsp;der erstmals eine breit angelegte Wende im Verh\u00e4ltnis zwischen Landwirtschaft und Umweltschutz einleitete. Der umfassende Ansatz der <a title=\"IP-Richtlinien\" href=\"https:\/\/docs.google.com\/viewer?url=http%3A%2F%2Fwww.iobc-wprs.org%2Fpub%2Fbulletins%2Fiobc-wprs_bulletin_1999_22_08.pdf\">Integrierten Produktion<\/a> (IP), dass &#8222;alle verwendeten biologischen Methoden, Anbautechniken und chemischen Prozesse unter dem Aspekt der Schaffung eines Gleichgewichts zwischen dem Schutz der Umwelt, der Wirtschaftlichkeit und der sozialen Bed\u00fcrfnisse ausgesucht werden&#8220; (Zitat <a title=\"Integrierte Produktion\" href=\"http:\/\/de.wikipedia.org\/wiki\/Integrierte_Produktion\" target=\"_blank\" rel=\"noopener\">Wikipedia<\/a>), hat mich von Anfang an \u00fcberzeugt.<\/p>\n<p><!--more--><em>Da alunno avevo l&#8217;onore di poter seguire le esposizioni passionali di M. Baillod dell&#8217;istituto di ricerca di Changins in Svizzera. Era la Lotta Integrata (<a title=\"IOBC Viticulture\" href=\"http:\/\/www.iobc-wprs.org\/expert_groups\/13_wg_viticulture.html\" target=\"_blank\" rel=\"noopener\">IOBC<\/a>), da lui propagata con tanto ardore, che per la prima volta ha provocato una svolta determinante nel rapporto tra l&#8217;agricoltura e l&#8217;ambiente. L&#8217;approccio completo della <a title=\"Linea guida Produzione Integrata\" href=\"https:\/\/docs.google.com\/viewer?url=http%3A%2F%2Fwww.iobc-wprs.org%2Fpub%2Fbulletins%2Fiobc-wprs_bulletin_1999_22_08.pdf\">Produzione Integrata<\/a> mi ha convinto da subito, infatti&nbsp;&nbsp;&#8222;&#8230; prevede lo sfruttamento delle risorse naturali finch\u00e9 sono in grado di surrogare adeguatamente i mezzi tecnici adottati nell&#8217;agricoltura convenzionale e solo il ricorso a questi ultimi quando si reputano necessari per ottimizzare il compromesso fra le esigenze ambientali e sanitarie e le esigenze economiche.&#8220; Inoltre &#8222;In merito alle tecniche disponibili, a parit\u00e0 di condizioni, la scelta ricade prioritariamente su quelle di minore impatto e, in ogni modo, esclude quelle di elevato impatto.&#8220; (citato da <a title=\"Produzione integrata\" href=\"http:\/\/it.wikipedia.org\/wiki\/Produzione_integrata\" target=\"_blank\" rel=\"noopener\">Wikipedia<\/a>)<\/em><\/p>\n<p><a href=\"http:\/\/www.kobler-margreid.com\/blog\/wp-content\/2012\/02\/pero_muskateller1.jpg\" rel=\"lightbox[8045]\"><img loading=\"lazy\" decoding=\"async\" class=\"float left alignleft  wp-image-8057\" style=\"border-image: initial; margin: 0px; border: 0px initial initial;\" title=\"pero_muskateller1\" src=\"http:\/\/www.kobler-margreid.com\/blog\/wp-content\/2012\/02\/pero_muskateller1.jpg\" alt=\"\" width=\"226\" height=\"356\"\/><\/a><\/p>\n<p>Was das Augenscheinlichste betrifft, die Pflanzenschutzbehandlungen, werden die Mittel so ausgesucht, dass in den besonders kritischen Peronospora-Situationen synthetische Mittel verwendet werden, w\u00e4hrend sp\u00e4ter haupts\u00e4chlich auf Kupfer zur\u00fcckgegriffen wird. Das oberste Ziel ist es, die Anzahl der Behandlung zu reduzieren, ist doch mit jeder Spritzung, unabh\u00e4ngig vom benutzten Mittel, das Befahren der Fahrgasse und zudem ein betr\u00e4chlicher Dieselverbrauch verbunden. Im Gegensatz zum Peronospora-Pilz stellt in meinen Lagen der Echte Mehltau kein gro\u00dfes Problem dar. Mit einem Sterolsynthesehemmer um die Bl\u00fcte und dem Peronosporamittel beigemischten Schwefel haben wir bis jetzt sogar beim empfindlicheren Chardonnay nie gro\u00dfe Probleme gehabt. Eine Botrytisbehandlung rund um den Reifebeginn hat bisher gen\u00fcgt, die F\u00e4ulnisgefahr signifikant zu senken.<\/p>\n<p><em>Per quello che concerne le pratiche pi\u00f9 appariscenti, cio\u00e8 i trattamenti antiparassitari, solo nelle situazioni pi\u00f9 critiche contro la peronospora utilizziamo prodotti di sintesi, mentre dopo si continua prevalentamente con il rame. L&#8217;obiettivo principale \u00e8 quello di ridurre al massimo il numero delle applicazioni, in quanto ogni trattamento comporta l&#8217;entrata del trattore in vigneto con un conseguente consumo notevole di gasolio, indipendentemente da quale prodotto si utilizza. In contrasto alla peronospora l&#8217;odio non costituisce nei miei vigneti un grave problema. Utilizzando un inibitore di sterolo verso la fioritura ed aggiungendo zolfo ad ogni trattamento antiperonosporico neanche sullo Chardonnay, variet\u00e0 abbastanza suscetibile a questa malattia crittogamica, abbiamo avuto particolari problemi finora.<\/em><\/p>\n<p>Gegen tierischen Sch\u00e4dlinge muss seit Jahrzehnten nichts mehr unternommen werden, vor zwei Jahren wurden auch der letzte immer schon schmal gehaltene Herbizidstreifen unter den Reben begr\u00fcnt, b\u00fcrsten und m\u00e4hen sind die seither verwendeten arbeitsaufwendigeren Methoden. Ged\u00fcngt wird selten und nur dann, wenn die Menge an hefeverwertbarem Stickstoff das Ausg\u00e4ren der Weine gef\u00e4hrdet oder das Wachstum der Reben gerade durch die Begr\u00fcnung zu sehr gebremst wurde. Dabei verwende ich als Stickstoffquelle den auch f\u00fcr die Verf\u00fctterung an Rindviecher geeigneten Harnstoff, da dieser sehr gezielt verwendet werden kann und schnell wirkt. Kuhmist h\u00e4tte in meinen Lagen keinen Sinn, sind die Humuswerte im Oberboden doch ohnehin schon auf einem hohem Niveau.<\/p>\n<p><a href=\"http:\/\/www.kobler-margreid.com\/blog\/wp-content\/2012\/02\/botrytis_gewuerztraminer.jpg\" rel=\"lightbox[8045]\"><img loading=\"lazy\" decoding=\"async\" class=\"float left alignleft  wp-image-8058\" style=\"border-image: initial; margin: 0px; border: 0px initial initial;\" title=\"botrytis_gewuerztraminer\" src=\"http:\/\/www.kobler-margreid.com\/blog\/wp-content\/2012\/02\/botrytis_gewuerztraminer.jpg\" alt=\"\" width=\"226\" height=\"356\" srcset=\"https:\/\/www.kobler-margreid.com\/blog\/wp-content\/2012\/02\/botrytis_gewuerztraminer.jpg 513w, https:\/\/www.kobler-margreid.com\/blog\/wp-content\/2012\/02\/botrytis_gewuerztraminer-190x300.jpg 190w\" sizes=\"auto, (max-width: 226px) 100vw, 226px\" \/><\/a><\/p>\n<p><em>Da decenni non abbiamo dovuto intervenire contro parassiti animali, da due anni abbiamo inerbito anche il sottofilare eliminando la striscia diserbata, gi\u00e0 allora molto stretta. Ora si toglie l&#8217;erba in eccesso con i metodi pi\u00f9 laboriosi della spazzola e del decespugliatore. Molto raramente utilizziamo&nbsp;fertilizzanti e solo quando i contenuti di azoto assimilabile nel mosto sono talmente bassi da non garantire pi\u00f9 il completamento della fermentazione o nel caso che l&#8217;inerbimento totale frena troppo la vigoria delle viti. Come fonte di azoto utilizzo l&#8217;urea, la stessa che viene aggiunta ai foraggi per i bovini, in quanto l&#8217;utilizzo \u00e8 razionale ed \u00e8 a pronta azione. Fertilizzanti organici come il letame nella mia realt\u00e0 non avrebbe senso, soprattutto perch\u00e8 i contenuti di hunus sono gi\u00e0 abbastanza alti.<\/em><\/p>\n<p>Wie man sieht, ist konventionell nicht gleich konventionell. Zwischen unreflektierten, in jedem Fall zahlreichenderen Kalenderspritzungen und einer Strategie, welche&nbsp;die Infektionsrisiken abwiegt, die Wettervorhersagen ber\u00fccksichtigt und ein erh\u00f6htes Ausfallrisiko einkalkuliert, tun sich gro\u00dfe Unterschiede auf. Freilich, dieses dauernde Dehnen der Behandlungsintervalle erfordert gute Nerven und verst\u00e4rkt allf\u00e4llige innerbetriebliche Generationenkonflikte. Unsere Anlagen sind auch nie 100%ig &#8222;sauber&#8220;, was bei manchen Kollegen auf Unverst\u00e4ndnis trifft. Die innerbetriebliche Entwicklung, ganz im Sinne der Intergrierten Produktion, ist aber nie abgeschlossen; wer wei\u00df, welche Bek\u00e4mpfungsstrategien in Zukunft angewandt werden. In jedem Fall werde ich auch weiterhin alles daran setzen, f\u00fcr die Weinbereitung m\u00f6glichst gut geeignete Trauben zu produzieren, mit den geringstm\u00f6glichen Auswirkungen auf die Natur und die Gesundheit.<\/p>\n<p><em>Come si pu\u00f2 vedere, ci sono molteplici concetti di convenzionale. Ci sono infatti grandi differenze tra una lotta basata su interventi sommari a calendario in ogni caso pi\u00f9 numerosi ed una strategia basata sulla valutazione dei rischi d&#8217;infezione, delle previsioni meteo e delle possibili perdite economiche. Certo, la continua tendenza di tirare gli intervalli d&#8217;intervento ha bisogno di nervi saldi ed aumenta anche i possibili conflitti generazionali all&#8217;interno dell&#8217;azienda. I nostri impianti inoltre non sono mai &#8222;puliti&#8220; al 100 % e ci\u00f2 comporta spesso incomprensione da parte di alcuni colleghi. La produzione integrata comunque implica una continua evoluzione delle metodologie, chiss\u00e0 che strategia adotteremo in futuro. In ogni caso continueremo a mettercela tutta per produrre uve il pi\u00f9 idonee possibili alla vinificazione con un minimo impatto ambientale ed igienico.<\/em><\/p>\n<p>Die Bilder von oben nach unten stellen dar:<br \/>\nVon Peronospora (<em>Plasmopora viticola<\/em>) befallene Beeren und Stielger\u00fcst bei Merlot,<br \/>\nPeronospora auf Bl\u00e4ttern von unbehandelten Reben,<br \/>\nBotrytis (<em>Botrytis cinerea<\/em>) bei Gew\u00fcrztraminer,<br \/>\nGrafik der Niederschl\u00e4ge und der Behandlungen bei Grauem Burgunder 2011 (Das Anklicken der Bilder verursacht ihr Vergr\u00f6\u00dferung),<br \/>\nLink zu den IP-Richtlinen der OILB f\u00fcr den Weinbau.<\/p>\n<p><em>Le immagini rappresentano partendo da sopra:<br \/>\nAcini e raspo di Merlot colpiti dalla peronospora <\/em>(Plasmopora viticola)<em>,<\/em><br \/>\n<em> foglie di viti non trattate colpite da peronospora,<\/em><br \/>\n<em> grappoli di Gew\u00fcrztraminer infettato da botrite <\/em>(Botrytis cinerea)<em>,<br \/>\ngrafico delle precipitazioni e dei trattamenti eseguiti sul pinot grigio 2011 (cliccare sulle immagini provoca il loro ingradimento),<br \/>\nlink per le linee guida di PI per la viticoltura redatte dall&#8217;OILB. <\/em><\/p>\n<figure class=\"wp-block-image size-large\"><a href=\"https:\/\/www.kobler-margreid.com\/blog\/wp-content\/2021\/04\/niederschlaege_spritzungen-2011-1024x622-1.jpg\" rel=\"lightbox[8045]\"><img loading=\"lazy\" decoding=\"async\" width=\"1024\" height=\"622\" class=\"wp-image-19961\" src=\"https:\/\/www.kobler-margreid.com\/blog\/wp-content\/2021\/04\/niederschlaege_spritzungen-2011-1024x622-1.jpg\" alt=\"\" srcset=\"https:\/\/www.kobler-margreid.com\/blog\/wp-content\/2021\/04\/niederschlaege_spritzungen-2011-1024x622-1.jpg 1024w, https:\/\/www.kobler-margreid.com\/blog\/wp-content\/2021\/04\/niederschlaege_spritzungen-2011-1024x622-1-300x182.jpg 300w, https:\/\/www.kobler-margreid.com\/blog\/wp-content\/2021\/04\/niederschlaege_spritzungen-2011-1024x622-1-768x467.jpg 768w, https:\/\/www.kobler-margreid.com\/blog\/wp-content\/2021\/04\/niederschlaege_spritzungen-2011-1024x622-1-494x300.jpg 494w\" sizes=\"auto, (max-width: 1024px) 100vw, 1024px\" \/><\/a><\/figure>\n<p style=\"text-align: center;\">&nbsp;<\/p>\n<p style=\"text-align: center;\"><a href=\"https:\/\/docs.google.com\/viewer?url=http%3A%2F%2Fwww.iobc-wprs.org%2Fpub%2Fbulletins%2Fiobc-wprs_bulletin_1999_22_08.pdf\"><img loading=\"lazy\" decoding=\"async\" class=\"float center aligncenter  wp-image-8112\" style=\"border-image: initial; margin: 0px; border: 1px solid black;\" title=\"Richtlinien_IP\" src=\"http:\/\/www.kobler-margreid.com\/blog\/wp-content\/2012\/02\/Richtlinien_IP.jpg\" alt=\"\" width=\"452\" height=\"175\" srcset=\"https:\/\/www.kobler-margreid.com\/blog\/wp-content\/2012\/02\/Richtlinien_IP.jpg 628w, https:\/\/www.kobler-margreid.com\/blog\/wp-content\/2012\/02\/Richtlinien_IP-300x116.jpg 300w\" sizes=\"auto, (max-width: 452px) 100vw, 452px\" \/><\/a><\/p>\n","protected":false},"excerpt":{"rendered":"<p>Nicht immer, aber mit steigender H\u00e4ufigkeit werde ich gefragt, ob ich meinen Weinhof biologisch oder gar biodynamisch f\u00fchre. Wir praktizieren integrierten Pflanzenschutz, weshalb ich verneine, was bei so manchem Gespr\u00e4chspartner zumindest am Gesichtsausdruck ersichtliche Entt\u00e4uschung hervorruft. Leider ist es anlassbedingt &hellip; <a href=\"https:\/\/www.kobler-margreid.com\/blog\/blog\/2012\/02\/28\/bio-nein-also-konventionell_bio-no-allora-convenzionale\/\">Weiterlesen <span class=\"meta-nav\">&rarr;<\/span><\/a><\/p>\n","protected":false},"author":1,"featured_media":0,"comment_status":"open","ping_status":"open","sticky":false,"template":"","format":"standard","meta":{"ngg_post_thumbnail":0,"footnotes":"","_links_to":"","_links_to_target":""},"categories":[14],"tags":[1051,1052,166,1060,1059,940,1061,1053,1055,939,942,1063,127,129,1054,1056,1057,1062,1058],"class_list":["post-8045","post","type-post","status-publish","format-standard","hentry","category-weingarten","tag-botrite","tag-botrytis","tag-botrytis-cinerea","tag-concimazione","tag-duengung","tag-echter-mehltau","tag-harnstoff","tag-integriete-produktion","tag-kupfer","tag-oidio","tag-oidium-tuckeri","tag-oilb","tag-peronospora","tag-plasmopara-viticola","tag-produzione-integrata","tag-rame","tag-schwefel","tag-urea","tag-zolfo"],"yoast_head":"<!-- This site is optimized with the Yoast SEO plugin v27.5 - https:\/\/yoast.com\/product\/yoast-seo-wordpress\/ -->\n<title>Bio nein, also konventionell? \u2014 Bio no, allora convenzionale? - weinhof KOBLER weblog<\/title>\n<meta name=\"robots\" content=\"index, follow, max-snippet:-1, max-image-preview:large, max-video-preview:-1\" \/>\n<link rel=\"canonical\" href=\"https:\/\/www.kobler-margreid.com\/blog\/blog\/2012\/02\/28\/bio-nein-also-konventionell_bio-no-allora-convenzionale\/\" \/>\n<meta property=\"og:locale\" content=\"de_DE\" \/>\n<meta property=\"og:type\" content=\"article\" \/>\n<meta property=\"og:title\" content=\"Bio nein, also konventionell? \u2014 Bio no, allora convenzionale? - weinhof KOBLER weblog\" \/>\n<meta property=\"og:description\" content=\"Nicht immer, aber mit steigender H\u00e4ufigkeit werde ich gefragt, ob ich meinen Weinhof biologisch oder gar biodynamisch f\u00fchre. Wir praktizieren integrierten Pflanzenschutz, weshalb ich verneine, was bei so manchem Gespr\u00e4chspartner zumindest am Gesichtsausdruck ersichtliche Entt\u00e4uschung hervorruft. Leider ist es anlassbedingt &hellip; Weiterlesen &rarr;\" \/>\n<meta property=\"og:url\" content=\"https:\/\/www.kobler-margreid.com\/blog\/blog\/2012\/02\/28\/bio-nein-also-konventionell_bio-no-allora-convenzionale\/\" \/>\n<meta property=\"og:site_name\" content=\"weinhof KOBLER weblog\" \/>\n<meta property=\"article:publisher\" content=\"https:\/\/www.facebook.com\/armin.kobler\/\" \/>\n<meta property=\"article:author\" content=\"https:\/\/www.facebook.com\/armin.kobler\/\" \/>\n<meta property=\"article:published_time\" content=\"2012-02-28T11:19:21+00:00\" \/>\n<meta property=\"article:modified_time\" content=\"2021-04-28T15:29:56+00:00\" \/>\n<meta property=\"og:image\" content=\"http:\/\/www.kobler-margreid.com\/blog\/wp-content\/2012\/02\/pero_merlot1.jpg\" \/>\n<meta name=\"author\" content=\"armin kobler\" \/>\n<meta name=\"twitter:card\" content=\"summary_large_image\" \/>\n<meta name=\"twitter:label1\" content=\"Verfasst von\" \/>\n\t<meta name=\"twitter:data1\" content=\"armin kobler\" \/>\n\t<meta name=\"twitter:label2\" content=\"Gesch\u00e4tzte Lesezeit\" \/>\n\t<meta name=\"twitter:data2\" content=\"6\u00a0Minuten\" \/>\n<script type=\"application\/ld+json\" class=\"yoast-schema-graph\">{\"@context\":\"https:\\\/\\\/schema.org\",\"@graph\":[{\"@type\":\"Article\",\"@id\":\"https:\\\/\\\/www.kobler-margreid.com\\\/blog\\\/blog\\\/2012\\\/02\\\/28\\\/bio-nein-also-konventionell_bio-no-allora-convenzionale\\\/#article\",\"isPartOf\":{\"@id\":\"https:\\\/\\\/www.kobler-margreid.com\\\/blog\\\/blog\\\/2012\\\/02\\\/28\\\/bio-nein-also-konventionell_bio-no-allora-convenzionale\\\/\"},\"author\":{\"name\":\"armin kobler\",\"@id\":\"https:\\\/\\\/www.kobler-margreid.com\\\/blog\\\/#\\\/schema\\\/person\\\/6a2290c17f680f59c1fa7e1c7a36df3a\"},\"headline\":\"Bio nein, also konventionell? \u2014 Bio no, allora convenzionale?\",\"datePublished\":\"2012-02-28T11:19:21+00:00\",\"dateModified\":\"2021-04-28T15:29:56+00:00\",\"mainEntityOfPage\":{\"@id\":\"https:\\\/\\\/www.kobler-margreid.com\\\/blog\\\/blog\\\/2012\\\/02\\\/28\\\/bio-nein-also-konventionell_bio-no-allora-convenzionale\\\/\"},\"wordCount\":1214,\"commentCount\":5,\"publisher\":{\"@id\":\"https:\\\/\\\/www.kobler-margreid.com\\\/blog\\\/#\\\/schema\\\/person\\\/6a2290c17f680f59c1fa7e1c7a36df3a\"},\"image\":{\"@id\":\"https:\\\/\\\/www.kobler-margreid.com\\\/blog\\\/blog\\\/2012\\\/02\\\/28\\\/bio-nein-also-konventionell_bio-no-allora-convenzionale\\\/#primaryimage\"},\"thumbnailUrl\":\"http:\\\/\\\/www.kobler-margreid.com\\\/blog\\\/wp-content\\\/2012\\\/02\\\/pero_merlot1.jpg\",\"keywords\":[\"Botrite\",\"Botrytis\",\"Botrytis cinerea\",\"Concimazione\",\"D\u00fcngung\",\"Echter Mehltau\",\"Harnstoff\",\"Integriete Produktion\",\"Kupfer\",\"Oidio\",\"Oidium tuckeri\",\"OILB\",\"Peronospora\",\"Plasmopara viticola\",\"Produzione integrata\",\"Rame\",\"Schwefel\",\"Urea\",\"Zolfo\"],\"articleSection\":[\"Weingarten - Vigneto\"],\"inLanguage\":\"de\",\"potentialAction\":[{\"@type\":\"CommentAction\",\"name\":\"Comment\",\"target\":[\"https:\\\/\\\/www.kobler-margreid.com\\\/blog\\\/blog\\\/2012\\\/02\\\/28\\\/bio-nein-also-konventionell_bio-no-allora-convenzionale\\\/#respond\"]}]},{\"@type\":\"WebPage\",\"@id\":\"https:\\\/\\\/www.kobler-margreid.com\\\/blog\\\/blog\\\/2012\\\/02\\\/28\\\/bio-nein-also-konventionell_bio-no-allora-convenzionale\\\/\",\"url\":\"https:\\\/\\\/www.kobler-margreid.com\\\/blog\\\/blog\\\/2012\\\/02\\\/28\\\/bio-nein-also-konventionell_bio-no-allora-convenzionale\\\/\",\"name\":\"Bio nein, also konventionell? \u2014 Bio no, allora convenzionale? - weinhof KOBLER weblog\",\"isPartOf\":{\"@id\":\"https:\\\/\\\/www.kobler-margreid.com\\\/blog\\\/#website\"},\"primaryImageOfPage\":{\"@id\":\"https:\\\/\\\/www.kobler-margreid.com\\\/blog\\\/blog\\\/2012\\\/02\\\/28\\\/bio-nein-also-konventionell_bio-no-allora-convenzionale\\\/#primaryimage\"},\"image\":{\"@id\":\"https:\\\/\\\/www.kobler-margreid.com\\\/blog\\\/blog\\\/2012\\\/02\\\/28\\\/bio-nein-also-konventionell_bio-no-allora-convenzionale\\\/#primaryimage\"},\"thumbnailUrl\":\"http:\\\/\\\/www.kobler-margreid.com\\\/blog\\\/wp-content\\\/2012\\\/02\\\/pero_merlot1.jpg\",\"datePublished\":\"2012-02-28T11:19:21+00:00\",\"dateModified\":\"2021-04-28T15:29:56+00:00\",\"breadcrumb\":{\"@id\":\"https:\\\/\\\/www.kobler-margreid.com\\\/blog\\\/blog\\\/2012\\\/02\\\/28\\\/bio-nein-also-konventionell_bio-no-allora-convenzionale\\\/#breadcrumb\"},\"inLanguage\":\"de\",\"potentialAction\":[{\"@type\":\"ReadAction\",\"target\":[\"https:\\\/\\\/www.kobler-margreid.com\\\/blog\\\/blog\\\/2012\\\/02\\\/28\\\/bio-nein-also-konventionell_bio-no-allora-convenzionale\\\/\"]}]},{\"@type\":\"ImageObject\",\"inLanguage\":\"de\",\"@id\":\"https:\\\/\\\/www.kobler-margreid.com\\\/blog\\\/blog\\\/2012\\\/02\\\/28\\\/bio-nein-also-konventionell_bio-no-allora-convenzionale\\\/#primaryimage\",\"url\":\"http:\\\/\\\/www.kobler-margreid.com\\\/blog\\\/wp-content\\\/2012\\\/02\\\/pero_merlot1.jpg\",\"contentUrl\":\"http:\\\/\\\/www.kobler-margreid.com\\\/blog\\\/wp-content\\\/2012\\\/02\\\/pero_merlot1.jpg\"},{\"@type\":\"BreadcrumbList\",\"@id\":\"https:\\\/\\\/www.kobler-margreid.com\\\/blog\\\/blog\\\/2012\\\/02\\\/28\\\/bio-nein-also-konventionell_bio-no-allora-convenzionale\\\/#breadcrumb\",\"itemListElement\":[{\"@type\":\"ListItem\",\"position\":1,\"name\":\"Startseite\",\"item\":\"https:\\\/\\\/www.kobler-margreid.com\\\/blog\\\/\"},{\"@type\":\"ListItem\",\"position\":2,\"name\":\"Bio nein, also konventionell? \u2014 Bio no, allora convenzionale?\"}]},{\"@type\":\"WebSite\",\"@id\":\"https:\\\/\\\/www.kobler-margreid.com\\\/blog\\\/#website\",\"url\":\"https:\\\/\\\/www.kobler-margreid.com\\\/blog\\\/\",\"name\":\"weinhof KOBLER weblog\",\"description\":\"dem wein ganz nah \u2013 all&#039;interno del vino\",\"publisher\":{\"@id\":\"https:\\\/\\\/www.kobler-margreid.com\\\/blog\\\/#\\\/schema\\\/person\\\/6a2290c17f680f59c1fa7e1c7a36df3a\"},\"potentialAction\":[{\"@type\":\"SearchAction\",\"target\":{\"@type\":\"EntryPoint\",\"urlTemplate\":\"https:\\\/\\\/www.kobler-margreid.com\\\/blog\\\/?s={search_term_string}\"},\"query-input\":{\"@type\":\"PropertyValueSpecification\",\"valueRequired\":true,\"valueName\":\"search_term_string\"}}],\"inLanguage\":\"de\"},{\"@type\":[\"Person\",\"Organization\"],\"@id\":\"https:\\\/\\\/www.kobler-margreid.com\\\/blog\\\/#\\\/schema\\\/person\\\/6a2290c17f680f59c1fa7e1c7a36df3a\",\"name\":\"armin kobler\",\"image\":{\"@type\":\"ImageObject\",\"inLanguage\":\"de\",\"@id\":\"https:\\\/\\\/www.kobler-margreid.com\\\/blog\\\/wp-content\\\/2023\\\/11\\\/2012-05-08_09-33-03a.jpg\",\"url\":\"https:\\\/\\\/www.kobler-margreid.com\\\/blog\\\/wp-content\\\/2023\\\/11\\\/2012-05-08_09-33-03a.jpg\",\"contentUrl\":\"https:\\\/\\\/www.kobler-margreid.com\\\/blog\\\/wp-content\\\/2023\\\/11\\\/2012-05-08_09-33-03a.jpg\",\"width\":1088,\"height\":1184,\"caption\":\"armin kobler\"},\"logo\":{\"@id\":\"https:\\\/\\\/www.kobler-margreid.com\\\/blog\\\/wp-content\\\/2023\\\/11\\\/2012-05-08_09-33-03a.jpg\"},\"sameAs\":[\"http:\\\/\\\/www.kobler-margreid.com\",\"https:\\\/\\\/www.facebook.com\\\/armin.kobler\\\/\"],\"url\":\"https:\\\/\\\/www.kobler-margreid.com\\\/blog\\\/blog\\\/author\\\/admin\\\/\"}]}<\/script>\n<!-- \/ Yoast SEO plugin. -->","yoast_head_json":{"title":"Bio nein, also konventionell? \u2014 Bio no, allora convenzionale? - weinhof KOBLER weblog","robots":{"index":"index","follow":"follow","max-snippet":"max-snippet:-1","max-image-preview":"max-image-preview:large","max-video-preview":"max-video-preview:-1"},"canonical":"https:\/\/www.kobler-margreid.com\/blog\/blog\/2012\/02\/28\/bio-nein-also-konventionell_bio-no-allora-convenzionale\/","og_locale":"de_DE","og_type":"article","og_title":"Bio nein, also konventionell? \u2014 Bio no, allora convenzionale? - weinhof KOBLER weblog","og_description":"Nicht immer, aber mit steigender H\u00e4ufigkeit werde ich gefragt, ob ich meinen Weinhof biologisch oder gar biodynamisch f\u00fchre. Wir praktizieren integrierten Pflanzenschutz, weshalb ich verneine, was bei so manchem Gespr\u00e4chspartner zumindest am Gesichtsausdruck ersichtliche Entt\u00e4uschung hervorruft. Leider ist es anlassbedingt &hellip; Weiterlesen &rarr;","og_url":"https:\/\/www.kobler-margreid.com\/blog\/blog\/2012\/02\/28\/bio-nein-also-konventionell_bio-no-allora-convenzionale\/","og_site_name":"weinhof KOBLER weblog","article_publisher":"https:\/\/www.facebook.com\/armin.kobler\/","article_author":"https:\/\/www.facebook.com\/armin.kobler\/","article_published_time":"2012-02-28T11:19:21+00:00","article_modified_time":"2021-04-28T15:29:56+00:00","og_image":[{"url":"http:\/\/www.kobler-margreid.com\/blog\/wp-content\/2012\/02\/pero_merlot1.jpg","type":"","width":"","height":""}],"author":"armin kobler","twitter_card":"summary_large_image","twitter_misc":{"Verfasst von":"armin kobler","Gesch\u00e4tzte Lesezeit":"6\u00a0Minuten"},"schema":{"@context":"https:\/\/schema.org","@graph":[{"@type":"Article","@id":"https:\/\/www.kobler-margreid.com\/blog\/blog\/2012\/02\/28\/bio-nein-also-konventionell_bio-no-allora-convenzionale\/#article","isPartOf":{"@id":"https:\/\/www.kobler-margreid.com\/blog\/blog\/2012\/02\/28\/bio-nein-also-konventionell_bio-no-allora-convenzionale\/"},"author":{"name":"armin kobler","@id":"https:\/\/www.kobler-margreid.com\/blog\/#\/schema\/person\/6a2290c17f680f59c1fa7e1c7a36df3a"},"headline":"Bio nein, also konventionell? \u2014 Bio no, allora convenzionale?","datePublished":"2012-02-28T11:19:21+00:00","dateModified":"2021-04-28T15:29:56+00:00","mainEntityOfPage":{"@id":"https:\/\/www.kobler-margreid.com\/blog\/blog\/2012\/02\/28\/bio-nein-also-konventionell_bio-no-allora-convenzionale\/"},"wordCount":1214,"commentCount":5,"publisher":{"@id":"https:\/\/www.kobler-margreid.com\/blog\/#\/schema\/person\/6a2290c17f680f59c1fa7e1c7a36df3a"},"image":{"@id":"https:\/\/www.kobler-margreid.com\/blog\/blog\/2012\/02\/28\/bio-nein-also-konventionell_bio-no-allora-convenzionale\/#primaryimage"},"thumbnailUrl":"http:\/\/www.kobler-margreid.com\/blog\/wp-content\/2012\/02\/pero_merlot1.jpg","keywords":["Botrite","Botrytis","Botrytis cinerea","Concimazione","D\u00fcngung","Echter Mehltau","Harnstoff","Integriete Produktion","Kupfer","Oidio","Oidium tuckeri","OILB","Peronospora","Plasmopara viticola","Produzione integrata","Rame","Schwefel","Urea","Zolfo"],"articleSection":["Weingarten - Vigneto"],"inLanguage":"de","potentialAction":[{"@type":"CommentAction","name":"Comment","target":["https:\/\/www.kobler-margreid.com\/blog\/blog\/2012\/02\/28\/bio-nein-also-konventionell_bio-no-allora-convenzionale\/#respond"]}]},{"@type":"WebPage","@id":"https:\/\/www.kobler-margreid.com\/blog\/blog\/2012\/02\/28\/bio-nein-also-konventionell_bio-no-allora-convenzionale\/","url":"https:\/\/www.kobler-margreid.com\/blog\/blog\/2012\/02\/28\/bio-nein-also-konventionell_bio-no-allora-convenzionale\/","name":"Bio nein, also konventionell? \u2014 Bio no, allora convenzionale? - weinhof KOBLER weblog","isPartOf":{"@id":"https:\/\/www.kobler-margreid.com\/blog\/#website"},"primaryImageOfPage":{"@id":"https:\/\/www.kobler-margreid.com\/blog\/blog\/2012\/02\/28\/bio-nein-also-konventionell_bio-no-allora-convenzionale\/#primaryimage"},"image":{"@id":"https:\/\/www.kobler-margreid.com\/blog\/blog\/2012\/02\/28\/bio-nein-also-konventionell_bio-no-allora-convenzionale\/#primaryimage"},"thumbnailUrl":"http:\/\/www.kobler-margreid.com\/blog\/wp-content\/2012\/02\/pero_merlot1.jpg","datePublished":"2012-02-28T11:19:21+00:00","dateModified":"2021-04-28T15:29:56+00:00","breadcrumb":{"@id":"https:\/\/www.kobler-margreid.com\/blog\/blog\/2012\/02\/28\/bio-nein-also-konventionell_bio-no-allora-convenzionale\/#breadcrumb"},"inLanguage":"de","potentialAction":[{"@type":"ReadAction","target":["https:\/\/www.kobler-margreid.com\/blog\/blog\/2012\/02\/28\/bio-nein-also-konventionell_bio-no-allora-convenzionale\/"]}]},{"@type":"ImageObject","inLanguage":"de","@id":"https:\/\/www.kobler-margreid.com\/blog\/blog\/2012\/02\/28\/bio-nein-also-konventionell_bio-no-allora-convenzionale\/#primaryimage","url":"http:\/\/www.kobler-margreid.com\/blog\/wp-content\/2012\/02\/pero_merlot1.jpg","contentUrl":"http:\/\/www.kobler-margreid.com\/blog\/wp-content\/2012\/02\/pero_merlot1.jpg"},{"@type":"BreadcrumbList","@id":"https:\/\/www.kobler-margreid.com\/blog\/blog\/2012\/02\/28\/bio-nein-also-konventionell_bio-no-allora-convenzionale\/#breadcrumb","itemListElement":[{"@type":"ListItem","position":1,"name":"Startseite","item":"https:\/\/www.kobler-margreid.com\/blog\/"},{"@type":"ListItem","position":2,"name":"Bio nein, also konventionell? \u2014 Bio no, allora convenzionale?"}]},{"@type":"WebSite","@id":"https:\/\/www.kobler-margreid.com\/blog\/#website","url":"https:\/\/www.kobler-margreid.com\/blog\/","name":"weinhof KOBLER weblog","description":"dem wein ganz nah \u2013 all&#039;interno del vino","publisher":{"@id":"https:\/\/www.kobler-margreid.com\/blog\/#\/schema\/person\/6a2290c17f680f59c1fa7e1c7a36df3a"},"potentialAction":[{"@type":"SearchAction","target":{"@type":"EntryPoint","urlTemplate":"https:\/\/www.kobler-margreid.com\/blog\/?s={search_term_string}"},"query-input":{"@type":"PropertyValueSpecification","valueRequired":true,"valueName":"search_term_string"}}],"inLanguage":"de"},{"@type":["Person","Organization"],"@id":"https:\/\/www.kobler-margreid.com\/blog\/#\/schema\/person\/6a2290c17f680f59c1fa7e1c7a36df3a","name":"armin kobler","image":{"@type":"ImageObject","inLanguage":"de","@id":"https:\/\/www.kobler-margreid.com\/blog\/wp-content\/2023\/11\/2012-05-08_09-33-03a.jpg","url":"https:\/\/www.kobler-margreid.com\/blog\/wp-content\/2023\/11\/2012-05-08_09-33-03a.jpg","contentUrl":"https:\/\/www.kobler-margreid.com\/blog\/wp-content\/2023\/11\/2012-05-08_09-33-03a.jpg","width":1088,"height":1184,"caption":"armin kobler"},"logo":{"@id":"https:\/\/www.kobler-margreid.com\/blog\/wp-content\/2023\/11\/2012-05-08_09-33-03a.jpg"},"sameAs":["http:\/\/www.kobler-margreid.com","https:\/\/www.facebook.com\/armin.kobler\/"],"url":"https:\/\/www.kobler-margreid.com\/blog\/blog\/author\/admin\/"}]}},"_links":{"self":[{"href":"https:\/\/www.kobler-margreid.com\/blog\/wp-json\/wp\/v2\/posts\/8045","targetHints":{"allow":["GET"]}}],"collection":[{"href":"https:\/\/www.kobler-margreid.com\/blog\/wp-json\/wp\/v2\/posts"}],"about":[{"href":"https:\/\/www.kobler-margreid.com\/blog\/wp-json\/wp\/v2\/types\/post"}],"author":[{"embeddable":true,"href":"https:\/\/www.kobler-margreid.com\/blog\/wp-json\/wp\/v2\/users\/1"}],"replies":[{"embeddable":true,"href":"https:\/\/www.kobler-margreid.com\/blog\/wp-json\/wp\/v2\/comments?post=8045"}],"version-history":[{"count":3,"href":"https:\/\/www.kobler-margreid.com\/blog\/wp-json\/wp\/v2\/posts\/8045\/revisions"}],"predecessor-version":[{"id":19966,"href":"https:\/\/www.kobler-margreid.com\/blog\/wp-json\/wp\/v2\/posts\/8045\/revisions\/19966"}],"wp:attachment":[{"href":"https:\/\/www.kobler-margreid.com\/blog\/wp-json\/wp\/v2\/media?parent=8045"}],"wp:term":[{"taxonomy":"category","embeddable":true,"href":"https:\/\/www.kobler-margreid.com\/blog\/wp-json\/wp\/v2\/categories?post=8045"},{"taxonomy":"post_tag","embeddable":true,"href":"https:\/\/www.kobler-margreid.com\/blog\/wp-json\/wp\/v2\/tags?post=8045"}],"curies":[{"name":"wp","href":"https:\/\/api.w.org\/{rel}","templated":true}]}}