{"id":8196,"date":"2012-03-16T21:49:17","date_gmt":"2012-03-16T20:49:17","guid":{"rendered":"http:\/\/www.kobler-margreid.com\/blog\/?p=8196"},"modified":"2012-03-31T21:53:28","modified_gmt":"2012-03-31T20:53:28","slug":"vinitaly-voi-ne-avete-una_vinitaly-habt-ihr-eine","status":"publish","type":"post","link":"https:\/\/www.kobler-margreid.com\/blog\/blog\/2012\/03\/16\/vinitaly-voi-ne-avete-una_vinitaly-habt-ihr-eine\/","title":{"rendered":"Vinitaly: Voi ne avete una? \u2014 Vinitaly: Habt ihr eine?"},"content":{"rendered":"<p><a href=\"http:\/\/www.kobler-margreid.com\/blog\/wp-content\/2012\/03\/vinitaly_hostess.jpg\" rel=\"lightbox[8196]\"><img loading=\"lazy\" decoding=\"async\" class=\"float left alignleft  wp-image-8201\" style=\"border-style: initial; border-color: initial; border-image: initial; margin-top: 0px; margin-bottom: 0px; margin-left: 3px; margin-right: 3px; border-width: 0px;\" title=\"vinitaly_hostess\" src=\"http:\/\/www.kobler-margreid.com\/blog\/wp-content\/2012\/03\/vinitaly_hostess.jpg\" alt=\"\" width=\"286\" height=\"577\" srcset=\"https:\/\/www.kobler-margreid.com\/blog\/wp-content\/2012\/03\/vinitaly_hostess.jpg 357w, https:\/\/www.kobler-margreid.com\/blog\/wp-content\/2012\/03\/vinitaly_hostess-148x300.jpg 148w\" sizes=\"auto, (max-width: 286px) 100vw, 286px\" \/><\/a><\/p>\n<p>Sono ancora indeciso, farmi aiutare nella presentazione dei miei vini al Vinitaly da una hostess o no? La signora accanto si \u00e8 proposta\u00a0proprio questi giorni. Spiegare il concetto di territorialit\u00e0 dei mie vini, espressa anche tramite le relative etichette, esporre il principi di produzione integrata, discutere i vantaggi e gli svantaggi di fermentazioni inoculate, spiegare agli interessati la scelta della tipologia di chiusura&#8230;, tutto ci\u00f2 non pi\u00f9 solo in tedesco con cadenza tirolese o in italiano azzardato con forte accento teutonico ma d&#8217;ora in poi anche in &#8222;inglese, francese, spagnolo e romeno&#8220;? L&#8217;idea comincia a piacermi.\u00a0Quello che \u00e8 sicuro intanto, \u00e8 che mi (ci?) potete trovare nel<\/p>\n<p><strong>Padiglione 6, Stand C2\u00a0<\/strong><\/p>\n<p><em>Ich bin noch unschl\u00fcssig. Soll ich mir bei der Pr\u00e4sentation meiner Weine anl\u00e4sslich der Vinitaly von einer Hostess helfen lassen? Die abgebildete Dame hat sich gerade dieser Tage vorgestellt. Das Terroir-Konzept meiner Weine, unterst\u00fctzt durch die dazugeh\u00f6rigen Etiketten\u00a0erkl\u00e4ren, die Grundlagen der Integrierten Produktion darlegen, die Vor- und Nachteile einer beimpften G\u00e4rung diskutieren, den Interessierten die Wahl der Verschlussform erkl\u00e4ren&#8230;, all dies nicht mehr nur auf deutsch mit Tiroler Akzent oder in unbeholfenem italienisch mit starker deutscher Aussprache sondern ab jetzt auch auf &#8222;englisch, franz\u00f6sisch, spanisch und rumenisch&#8220;? Die Aussicht darauf beginnt mir zu gefallen.<\/em>\u00a0<em>Sicher ist jedenfalls, dass ihr mich (uns?) findet in<br \/>\n<\/em><br \/>\n<em> <strong>Halle 6, Stand C2\u00a0<\/strong><\/em><\/p>\n","protected":false},"excerpt":{"rendered":"<p>Sono ancora indeciso, farmi aiutare nella presentazione dei miei vini al Vinitaly da una hostess o no? La signora accanto si \u00e8 proposta\u00a0proprio questi giorni. Spiegare il concetto di territorialit\u00e0 dei mie vini, espressa anche tramite le relative etichette, esporre &hellip; <a href=\"https:\/\/www.kobler-margreid.com\/blog\/blog\/2012\/03\/16\/vinitaly-voi-ne-avete-una_vinitaly-habt-ihr-eine\/\">Weiterlesen <span class=\"meta-nav\">&rarr;<\/span><\/a><\/p>\n","protected":false},"author":1,"featured_media":8201,"comment_status":"open","ping_status":"open","sticky":false,"template":"","format":"standard","meta":{"ngg_post_thumbnail":0,"footnotes":"","_links_to":"","_links_to_target":""},"categories":[138,9],"tags":[1067,1066],"class_list":["post-8196","post","type-post","status-publish","format-standard","has-post-thumbnail","hentry","category-ankundigung","category-oeffentlichkeitsarbeit","tag-hostess","tag-vinitaly-2012"],"yoast_head":"<!-- This site is optimized with the Yoast SEO plugin v27.5 - https:\/\/yoast.com\/product\/yoast-seo-wordpress\/ -->\n<title>Vinitaly: Voi ne avete una? \u2014 Vinitaly: Habt ihr eine? - weinhof KOBLER weblog<\/title>\n<meta name=\"robots\" content=\"index, follow, max-snippet:-1, max-image-preview:large, max-video-preview:-1\" \/>\n<link rel=\"canonical\" href=\"https:\/\/www.kobler-margreid.com\/blog\/blog\/2012\/03\/16\/vinitaly-voi-ne-avete-una_vinitaly-habt-ihr-eine\/\" \/>\n<meta property=\"og:locale\" content=\"de_DE\" \/>\n<meta property=\"og:type\" content=\"article\" \/>\n<meta property=\"og:title\" content=\"Vinitaly: Voi ne avete una? \u2014 Vinitaly: Habt ihr eine? - weinhof KOBLER weblog\" \/>\n<meta property=\"og:description\" content=\"Sono ancora indeciso, farmi aiutare nella presentazione dei miei vini al Vinitaly da una hostess o no? La signora accanto si \u00e8 proposta\u00a0proprio questi giorni. Spiegare il concetto di territorialit\u00e0 dei mie vini, espressa anche tramite le relative etichette, esporre &hellip; Weiterlesen &rarr;\" \/>\n<meta property=\"og:url\" content=\"https:\/\/www.kobler-margreid.com\/blog\/blog\/2012\/03\/16\/vinitaly-voi-ne-avete-una_vinitaly-habt-ihr-eine\/\" \/>\n<meta property=\"og:site_name\" content=\"weinhof KOBLER weblog\" \/>\n<meta property=\"article:publisher\" content=\"https:\/\/www.facebook.com\/armin.kobler\/\" \/>\n<meta property=\"article:author\" content=\"https:\/\/www.facebook.com\/armin.kobler\/\" \/>\n<meta property=\"article:published_time\" content=\"2012-03-16T20:49:17+00:00\" \/>\n<meta property=\"article:modified_time\" content=\"2012-03-31T20:53:28+00:00\" \/>\n<meta property=\"og:image\" content=\"https:\/\/www.kobler-margreid.com\/blog\/wp-content\/2012\/03\/vinitaly_hostess.jpg\" \/>\n\t<meta property=\"og:image:width\" content=\"357\" \/>\n\t<meta property=\"og:image:height\" content=\"721\" \/>\n\t<meta property=\"og:image:type\" content=\"image\/jpeg\" \/>\n<meta name=\"author\" content=\"armin kobler\" \/>\n<meta name=\"twitter:card\" content=\"summary_large_image\" \/>\n<meta name=\"twitter:label1\" content=\"Verfasst von\" \/>\n\t<meta name=\"twitter:data1\" content=\"armin kobler\" \/>\n\t<meta name=\"twitter:label2\" content=\"Gesch\u00e4tzte Lesezeit\" \/>\n\t<meta name=\"twitter:data2\" content=\"1\u00a0Minute\" \/>\n<script type=\"application\/ld+json\" class=\"yoast-schema-graph\">{\"@context\":\"https:\\\/\\\/schema.org\",\"@graph\":[{\"@type\":\"Article\",\"@id\":\"https:\\\/\\\/www.kobler-margreid.com\\\/blog\\\/blog\\\/2012\\\/03\\\/16\\\/vinitaly-voi-ne-avete-una_vinitaly-habt-ihr-eine\\\/#article\",\"isPartOf\":{\"@id\":\"https:\\\/\\\/www.kobler-margreid.com\\\/blog\\\/blog\\\/2012\\\/03\\\/16\\\/vinitaly-voi-ne-avete-una_vinitaly-habt-ihr-eine\\\/\"},\"author\":{\"name\":\"armin kobler\",\"@id\":\"https:\\\/\\\/www.kobler-margreid.com\\\/blog\\\/#\\\/schema\\\/person\\\/6a2290c17f680f59c1fa7e1c7a36df3a\"},\"headline\":\"Vinitaly: Voi ne avete una? \u2014 Vinitaly: Habt ihr eine?\",\"datePublished\":\"2012-03-16T20:49:17+00:00\",\"dateModified\":\"2012-03-31T20:53:28+00:00\",\"mainEntityOfPage\":{\"@id\":\"https:\\\/\\\/www.kobler-margreid.com\\\/blog\\\/blog\\\/2012\\\/03\\\/16\\\/vinitaly-voi-ne-avete-una_vinitaly-habt-ihr-eine\\\/\"},\"wordCount\":234,\"commentCount\":8,\"publisher\":{\"@id\":\"https:\\\/\\\/www.kobler-margreid.com\\\/blog\\\/#\\\/schema\\\/person\\\/6a2290c17f680f59c1fa7e1c7a36df3a\"},\"image\":{\"@id\":\"https:\\\/\\\/www.kobler-margreid.com\\\/blog\\\/blog\\\/2012\\\/03\\\/16\\\/vinitaly-voi-ne-avete-una_vinitaly-habt-ihr-eine\\\/#primaryimage\"},\"thumbnailUrl\":\"https:\\\/\\\/www.kobler-margreid.com\\\/blog\\\/wp-content\\\/2012\\\/03\\\/vinitaly_hostess.jpg\",\"keywords\":[\"Hostess\",\"Vinitaly 2012\"],\"articleSection\":[\"Ank\u00fcndigung - Annuncio\",\"\u00d6ffentlichkeitsarbeit - Pubbliche relazioni\"],\"inLanguage\":\"de\",\"potentialAction\":[{\"@type\":\"CommentAction\",\"name\":\"Comment\",\"target\":[\"https:\\\/\\\/www.kobler-margreid.com\\\/blog\\\/blog\\\/2012\\\/03\\\/16\\\/vinitaly-voi-ne-avete-una_vinitaly-habt-ihr-eine\\\/#respond\"]}]},{\"@type\":\"WebPage\",\"@id\":\"https:\\\/\\\/www.kobler-margreid.com\\\/blog\\\/blog\\\/2012\\\/03\\\/16\\\/vinitaly-voi-ne-avete-una_vinitaly-habt-ihr-eine\\\/\",\"url\":\"https:\\\/\\\/www.kobler-margreid.com\\\/blog\\\/blog\\\/2012\\\/03\\\/16\\\/vinitaly-voi-ne-avete-una_vinitaly-habt-ihr-eine\\\/\",\"name\":\"Vinitaly: Voi ne avete una? \u2014 Vinitaly: Habt ihr eine? - weinhof KOBLER weblog\",\"isPartOf\":{\"@id\":\"https:\\\/\\\/www.kobler-margreid.com\\\/blog\\\/#website\"},\"primaryImageOfPage\":{\"@id\":\"https:\\\/\\\/www.kobler-margreid.com\\\/blog\\\/blog\\\/2012\\\/03\\\/16\\\/vinitaly-voi-ne-avete-una_vinitaly-habt-ihr-eine\\\/#primaryimage\"},\"image\":{\"@id\":\"https:\\\/\\\/www.kobler-margreid.com\\\/blog\\\/blog\\\/2012\\\/03\\\/16\\\/vinitaly-voi-ne-avete-una_vinitaly-habt-ihr-eine\\\/#primaryimage\"},\"thumbnailUrl\":\"https:\\\/\\\/www.kobler-margreid.com\\\/blog\\\/wp-content\\\/2012\\\/03\\\/vinitaly_hostess.jpg\",\"datePublished\":\"2012-03-16T20:49:17+00:00\",\"dateModified\":\"2012-03-31T20:53:28+00:00\",\"breadcrumb\":{\"@id\":\"https:\\\/\\\/www.kobler-margreid.com\\\/blog\\\/blog\\\/2012\\\/03\\\/16\\\/vinitaly-voi-ne-avete-una_vinitaly-habt-ihr-eine\\\/#breadcrumb\"},\"inLanguage\":\"de\",\"potentialAction\":[{\"@type\":\"ReadAction\",\"target\":[\"https:\\\/\\\/www.kobler-margreid.com\\\/blog\\\/blog\\\/2012\\\/03\\\/16\\\/vinitaly-voi-ne-avete-una_vinitaly-habt-ihr-eine\\\/\"]}]},{\"@type\":\"ImageObject\",\"inLanguage\":\"de\",\"@id\":\"https:\\\/\\\/www.kobler-margreid.com\\\/blog\\\/blog\\\/2012\\\/03\\\/16\\\/vinitaly-voi-ne-avete-una_vinitaly-habt-ihr-eine\\\/#primaryimage\",\"url\":\"https:\\\/\\\/www.kobler-margreid.com\\\/blog\\\/wp-content\\\/2012\\\/03\\\/vinitaly_hostess.jpg\",\"contentUrl\":\"https:\\\/\\\/www.kobler-margreid.com\\\/blog\\\/wp-content\\\/2012\\\/03\\\/vinitaly_hostess.jpg\",\"width\":\"357\",\"height\":\"721\"},{\"@type\":\"BreadcrumbList\",\"@id\":\"https:\\\/\\\/www.kobler-margreid.com\\\/blog\\\/blog\\\/2012\\\/03\\\/16\\\/vinitaly-voi-ne-avete-una_vinitaly-habt-ihr-eine\\\/#breadcrumb\",\"itemListElement\":[{\"@type\":\"ListItem\",\"position\":1,\"name\":\"Startseite\",\"item\":\"https:\\\/\\\/www.kobler-margreid.com\\\/blog\\\/\"},{\"@type\":\"ListItem\",\"position\":2,\"name\":\"Vinitaly: Voi ne avete una? \u2014 Vinitaly: Habt ihr eine?\"}]},{\"@type\":\"WebSite\",\"@id\":\"https:\\\/\\\/www.kobler-margreid.com\\\/blog\\\/#website\",\"url\":\"https:\\\/\\\/www.kobler-margreid.com\\\/blog\\\/\",\"name\":\"weinhof KOBLER weblog\",\"description\":\"dem wein ganz nah \u2013 all&#039;interno del vino\",\"publisher\":{\"@id\":\"https:\\\/\\\/www.kobler-margreid.com\\\/blog\\\/#\\\/schema\\\/person\\\/6a2290c17f680f59c1fa7e1c7a36df3a\"},\"potentialAction\":[{\"@type\":\"SearchAction\",\"target\":{\"@type\":\"EntryPoint\",\"urlTemplate\":\"https:\\\/\\\/www.kobler-margreid.com\\\/blog\\\/?s={search_term_string}\"},\"query-input\":{\"@type\":\"PropertyValueSpecification\",\"valueRequired\":true,\"valueName\":\"search_term_string\"}}],\"inLanguage\":\"de\"},{\"@type\":[\"Person\",\"Organization\"],\"@id\":\"https:\\\/\\\/www.kobler-margreid.com\\\/blog\\\/#\\\/schema\\\/person\\\/6a2290c17f680f59c1fa7e1c7a36df3a\",\"name\":\"armin kobler\",\"image\":{\"@type\":\"ImageObject\",\"inLanguage\":\"de\",\"@id\":\"https:\\\/\\\/www.kobler-margreid.com\\\/blog\\\/wp-content\\\/2023\\\/11\\\/2012-05-08_09-33-03a.jpg\",\"url\":\"https:\\\/\\\/www.kobler-margreid.com\\\/blog\\\/wp-content\\\/2023\\\/11\\\/2012-05-08_09-33-03a.jpg\",\"contentUrl\":\"https:\\\/\\\/www.kobler-margreid.com\\\/blog\\\/wp-content\\\/2023\\\/11\\\/2012-05-08_09-33-03a.jpg\",\"width\":1088,\"height\":1184,\"caption\":\"armin kobler\"},\"logo\":{\"@id\":\"https:\\\/\\\/www.kobler-margreid.com\\\/blog\\\/wp-content\\\/2023\\\/11\\\/2012-05-08_09-33-03a.jpg\"},\"sameAs\":[\"http:\\\/\\\/www.kobler-margreid.com\",\"https:\\\/\\\/www.facebook.com\\\/armin.kobler\\\/\"],\"url\":\"https:\\\/\\\/www.kobler-margreid.com\\\/blog\\\/blog\\\/author\\\/admin\\\/\"}]}<\/script>\n<!-- \/ Yoast SEO plugin. -->","yoast_head_json":{"title":"Vinitaly: Voi ne avete una? \u2014 Vinitaly: Habt ihr eine? - weinhof KOBLER weblog","robots":{"index":"index","follow":"follow","max-snippet":"max-snippet:-1","max-image-preview":"max-image-preview:large","max-video-preview":"max-video-preview:-1"},"canonical":"https:\/\/www.kobler-margreid.com\/blog\/blog\/2012\/03\/16\/vinitaly-voi-ne-avete-una_vinitaly-habt-ihr-eine\/","og_locale":"de_DE","og_type":"article","og_title":"Vinitaly: Voi ne avete una? \u2014 Vinitaly: Habt ihr eine? - weinhof KOBLER weblog","og_description":"Sono ancora indeciso, farmi aiutare nella presentazione dei miei vini al Vinitaly da una hostess o no? La signora accanto si \u00e8 proposta\u00a0proprio questi giorni. Spiegare il concetto di territorialit\u00e0 dei mie vini, espressa anche tramite le relative etichette, esporre &hellip; Weiterlesen &rarr;","og_url":"https:\/\/www.kobler-margreid.com\/blog\/blog\/2012\/03\/16\/vinitaly-voi-ne-avete-una_vinitaly-habt-ihr-eine\/","og_site_name":"weinhof KOBLER weblog","article_publisher":"https:\/\/www.facebook.com\/armin.kobler\/","article_author":"https:\/\/www.facebook.com\/armin.kobler\/","article_published_time":"2012-03-16T20:49:17+00:00","article_modified_time":"2012-03-31T20:53:28+00:00","og_image":[{"width":357,"height":721,"url":"https:\/\/www.kobler-margreid.com\/blog\/wp-content\/2012\/03\/vinitaly_hostess.jpg","type":"image\/jpeg"}],"author":"armin kobler","twitter_card":"summary_large_image","twitter_misc":{"Verfasst von":"armin kobler","Gesch\u00e4tzte Lesezeit":"1\u00a0Minute"},"schema":{"@context":"https:\/\/schema.org","@graph":[{"@type":"Article","@id":"https:\/\/www.kobler-margreid.com\/blog\/blog\/2012\/03\/16\/vinitaly-voi-ne-avete-una_vinitaly-habt-ihr-eine\/#article","isPartOf":{"@id":"https:\/\/www.kobler-margreid.com\/blog\/blog\/2012\/03\/16\/vinitaly-voi-ne-avete-una_vinitaly-habt-ihr-eine\/"},"author":{"name":"armin kobler","@id":"https:\/\/www.kobler-margreid.com\/blog\/#\/schema\/person\/6a2290c17f680f59c1fa7e1c7a36df3a"},"headline":"Vinitaly: Voi ne avete una? \u2014 Vinitaly: Habt ihr eine?","datePublished":"2012-03-16T20:49:17+00:00","dateModified":"2012-03-31T20:53:28+00:00","mainEntityOfPage":{"@id":"https:\/\/www.kobler-margreid.com\/blog\/blog\/2012\/03\/16\/vinitaly-voi-ne-avete-una_vinitaly-habt-ihr-eine\/"},"wordCount":234,"commentCount":8,"publisher":{"@id":"https:\/\/www.kobler-margreid.com\/blog\/#\/schema\/person\/6a2290c17f680f59c1fa7e1c7a36df3a"},"image":{"@id":"https:\/\/www.kobler-margreid.com\/blog\/blog\/2012\/03\/16\/vinitaly-voi-ne-avete-una_vinitaly-habt-ihr-eine\/#primaryimage"},"thumbnailUrl":"https:\/\/www.kobler-margreid.com\/blog\/wp-content\/2012\/03\/vinitaly_hostess.jpg","keywords":["Hostess","Vinitaly 2012"],"articleSection":["Ank\u00fcndigung - Annuncio","\u00d6ffentlichkeitsarbeit - Pubbliche relazioni"],"inLanguage":"de","potentialAction":[{"@type":"CommentAction","name":"Comment","target":["https:\/\/www.kobler-margreid.com\/blog\/blog\/2012\/03\/16\/vinitaly-voi-ne-avete-una_vinitaly-habt-ihr-eine\/#respond"]}]},{"@type":"WebPage","@id":"https:\/\/www.kobler-margreid.com\/blog\/blog\/2012\/03\/16\/vinitaly-voi-ne-avete-una_vinitaly-habt-ihr-eine\/","url":"https:\/\/www.kobler-margreid.com\/blog\/blog\/2012\/03\/16\/vinitaly-voi-ne-avete-una_vinitaly-habt-ihr-eine\/","name":"Vinitaly: Voi ne avete una? \u2014 Vinitaly: Habt ihr eine? - weinhof KOBLER weblog","isPartOf":{"@id":"https:\/\/www.kobler-margreid.com\/blog\/#website"},"primaryImageOfPage":{"@id":"https:\/\/www.kobler-margreid.com\/blog\/blog\/2012\/03\/16\/vinitaly-voi-ne-avete-una_vinitaly-habt-ihr-eine\/#primaryimage"},"image":{"@id":"https:\/\/www.kobler-margreid.com\/blog\/blog\/2012\/03\/16\/vinitaly-voi-ne-avete-una_vinitaly-habt-ihr-eine\/#primaryimage"},"thumbnailUrl":"https:\/\/www.kobler-margreid.com\/blog\/wp-content\/2012\/03\/vinitaly_hostess.jpg","datePublished":"2012-03-16T20:49:17+00:00","dateModified":"2012-03-31T20:53:28+00:00","breadcrumb":{"@id":"https:\/\/www.kobler-margreid.com\/blog\/blog\/2012\/03\/16\/vinitaly-voi-ne-avete-una_vinitaly-habt-ihr-eine\/#breadcrumb"},"inLanguage":"de","potentialAction":[{"@type":"ReadAction","target":["https:\/\/www.kobler-margreid.com\/blog\/blog\/2012\/03\/16\/vinitaly-voi-ne-avete-una_vinitaly-habt-ihr-eine\/"]}]},{"@type":"ImageObject","inLanguage":"de","@id":"https:\/\/www.kobler-margreid.com\/blog\/blog\/2012\/03\/16\/vinitaly-voi-ne-avete-una_vinitaly-habt-ihr-eine\/#primaryimage","url":"https:\/\/www.kobler-margreid.com\/blog\/wp-content\/2012\/03\/vinitaly_hostess.jpg","contentUrl":"https:\/\/www.kobler-margreid.com\/blog\/wp-content\/2012\/03\/vinitaly_hostess.jpg","width":"357","height":"721"},{"@type":"BreadcrumbList","@id":"https:\/\/www.kobler-margreid.com\/blog\/blog\/2012\/03\/16\/vinitaly-voi-ne-avete-una_vinitaly-habt-ihr-eine\/#breadcrumb","itemListElement":[{"@type":"ListItem","position":1,"name":"Startseite","item":"https:\/\/www.kobler-margreid.com\/blog\/"},{"@type":"ListItem","position":2,"name":"Vinitaly: Voi ne avete una? \u2014 Vinitaly: Habt ihr eine?"}]},{"@type":"WebSite","@id":"https:\/\/www.kobler-margreid.com\/blog\/#website","url":"https:\/\/www.kobler-margreid.com\/blog\/","name":"weinhof KOBLER weblog","description":"dem wein ganz nah \u2013 all&#039;interno del vino","publisher":{"@id":"https:\/\/www.kobler-margreid.com\/blog\/#\/schema\/person\/6a2290c17f680f59c1fa7e1c7a36df3a"},"potentialAction":[{"@type":"SearchAction","target":{"@type":"EntryPoint","urlTemplate":"https:\/\/www.kobler-margreid.com\/blog\/?s={search_term_string}"},"query-input":{"@type":"PropertyValueSpecification","valueRequired":true,"valueName":"search_term_string"}}],"inLanguage":"de"},{"@type":["Person","Organization"],"@id":"https:\/\/www.kobler-margreid.com\/blog\/#\/schema\/person\/6a2290c17f680f59c1fa7e1c7a36df3a","name":"armin kobler","image":{"@type":"ImageObject","inLanguage":"de","@id":"https:\/\/www.kobler-margreid.com\/blog\/wp-content\/2023\/11\/2012-05-08_09-33-03a.jpg","url":"https:\/\/www.kobler-margreid.com\/blog\/wp-content\/2023\/11\/2012-05-08_09-33-03a.jpg","contentUrl":"https:\/\/www.kobler-margreid.com\/blog\/wp-content\/2023\/11\/2012-05-08_09-33-03a.jpg","width":1088,"height":1184,"caption":"armin kobler"},"logo":{"@id":"https:\/\/www.kobler-margreid.com\/blog\/wp-content\/2023\/11\/2012-05-08_09-33-03a.jpg"},"sameAs":["http:\/\/www.kobler-margreid.com","https:\/\/www.facebook.com\/armin.kobler\/"],"url":"https:\/\/www.kobler-margreid.com\/blog\/blog\/author\/admin\/"}]}},"_links":{"self":[{"href":"https:\/\/www.kobler-margreid.com\/blog\/wp-json\/wp\/v2\/posts\/8196","targetHints":{"allow":["GET"]}}],"collection":[{"href":"https:\/\/www.kobler-margreid.com\/blog\/wp-json\/wp\/v2\/posts"}],"about":[{"href":"https:\/\/www.kobler-margreid.com\/blog\/wp-json\/wp\/v2\/types\/post"}],"author":[{"embeddable":true,"href":"https:\/\/www.kobler-margreid.com\/blog\/wp-json\/wp\/v2\/users\/1"}],"replies":[{"embeddable":true,"href":"https:\/\/www.kobler-margreid.com\/blog\/wp-json\/wp\/v2\/comments?post=8196"}],"version-history":[{"count":0,"href":"https:\/\/www.kobler-margreid.com\/blog\/wp-json\/wp\/v2\/posts\/8196\/revisions"}],"wp:featuredmedia":[{"embeddable":true,"href":"https:\/\/www.kobler-margreid.com\/blog\/wp-json\/wp\/v2\/media\/8201"}],"wp:attachment":[{"href":"https:\/\/www.kobler-margreid.com\/blog\/wp-json\/wp\/v2\/media?parent=8196"}],"wp:term":[{"taxonomy":"category","embeddable":true,"href":"https:\/\/www.kobler-margreid.com\/blog\/wp-json\/wp\/v2\/categories?post=8196"},{"taxonomy":"post_tag","embeddable":true,"href":"https:\/\/www.kobler-margreid.com\/blog\/wp-json\/wp\/v2\/tags?post=8196"}],"curies":[{"name":"wp","href":"https:\/\/api.w.org\/{rel}","templated":true}]}}