{"id":82,"date":"2008-06-04T01:25:17","date_gmt":"2008-06-03T23:25:17","guid":{"rendered":"http:\/\/www.kobler-margreid.com\/blog\/?p=82"},"modified":"2008-06-04T08:45:46","modified_gmt":"2008-06-04T06:45:46","slug":"vievinum-08","status":"publish","type":"post","link":"https:\/\/www.kobler-margreid.com\/blog\/blog\/2008\/06\/04\/vievinum-08\/","title":{"rendered":"Wien, Wien, nur du allein&#8230; &#8211; VieVinum 08"},"content":{"rendered":"<p><a href=\"http:\/\/www.kobler-margreid.com\/blog\/wp-content\/2008\/06\/VieVinum_2008_013.jpg\" rel=\"lightbox[82]\"><img loading=\"lazy\" decoding=\"async\" class=\"alignnone\" style=\"vertical-align: top;\" src=\"http:\/\/www.kobler-margreid.com\/blog\/wp-content\/imagescaler\/aeaf2546c35697cc3c7190e24f995f7a.jpg\" alt=\"VieVinum08\" width=\"500\" height=\"334\" \/><\/a><\/p>\n<p>Eigentlich waren meine Frau Monika und ich nur auf Kurzurlaub in Wien um etwas Gro\u00dfstadtluft zu schnuppern und ein paar nach dem Studium in Wien und Umgebung gebliebene Freunde zu besuchen. Deshalb bekamen wir nur so nebenbei mit, dass die Nachfolgeveranstaltung <a title=\"VieViunum 08\" href=\"http:\/\/www.mac-hoffmann.com\/index.php?option=com_content&amp;task=view&amp;id=200&amp;Itemid=200\" target=\"_blank\">VieVinum<\/a> der seinerzeitig auf dem  Messegel\u00e4nde stattfindenden &#8222;Vinova&#8220;  gerade abgehalten wurde. Auch wenn das  kulturelle Besuchsprogramm darunter litt, wollten\/mussten wir die Gelegenheit nutzen, um unseren Weinwissensstand hinsichtlich \u00f6sterreichischem Wein einem kleinerem Update zu unterziehen.<\/p>\n<p><!--more--><\/p>\n<p>Im Gr\u00f6\u00dfenbereich von X.1 deshalb weil bei der gro\u00dfen Vielfalt innerhalb der \u00f6sterreichischen Weinwirtschaft einerseits und der Anzahl der Aussteller (500 Betriebe und 2500 Weine laut Katalog) andrerseits an einem etwas mehr als halben Tag nicht mehr drin war.<\/p>\n<p>Der Eintrittspreis f\u00fcr einen Tag (von 11.00 bis 19.00 Uhr) von 40 \u20ac ist nicht gerade geschenkt aber durchaus angemessen. Der Ausstellerkatalog ist \u00fcbersichtlich und dank der Ringheftung auch angenehm zu benutzen. Die \u00fcberw\u00e4ltigende Sch\u00f6nheit und Gro\u00dfz\u00fcgigkeit der S\u00e4le in der <a title=\"Hofburg Wien\" href=\"http:\/\/www.hofburg.wien.info\/map-d.html\" target=\"_blank\">Hofburg<\/a> ist eigentlich weithin bekannt und braucht wohl keine Beschreibung. Gerade weil das Ambiente aber so viel imperiale Eleganz ausstrahlt, ist es schade, dass die R\u00e4umlichkeiten wie irgendeine Messe ben\u00fctzt werden. Die unz\u00e4hligen naturgem\u00e4\u00df sehr verschiedenen und bunten Banner der Aussteller, aufgestellt z.T. auf engstem Raum, sowie die individuellen, zumeist auch \u00fcberladenen Tischgestaltungen verleihen der Veranstaltung ein jahrmarktm\u00e4\u00dfiges Aussehen. Die alleinige dezente aber durchaus zur Orientierung ausreichende offizielle Beschilderung sowie weniger volle Tische mit einheitlichen Weink\u00fchlern w\u00fcrden m.E. dem einzigartigen Ambiente weit mehr entsprechen und den Qualit\u00e4tsanspruch der ausgestellten Weine auch viel besser wiederspiegeln.<\/p>\n<p>Das kulinarische Angebot, Richtung Burggarten im Freien lokalisiert, war qualitativ gut und im Preis nicht \u00fcbertrieben, das Personal angenehm engagiert. Die ausgesuchten <a title=\"Themenpfade VieVinum 08\" href=\"http:\/\/www.mac-hoffmann.com\/index.php?option=com_content&amp;task=view&amp;id=212&amp;Itemid=212\" target=\"_blank\">Themenpfade<\/a> haben wir leider verpasst, dass aber solche F\u00fchrungen durch das Wirrwarr an Regionen, Qualit\u00e4tsstufen und Sorten, welche haupts\u00e4chlich f\u00fcr den angehenden Weinliebhaber und -Kenner sehr wichtig sind, angeboten werden, ist sehr zu begr\u00fc\u00dfen.<\/p>\n<p>Ich kann die Organisatoren insofern verstehen, dass sie m\u00f6glichst gut die angemieteten R\u00e4umlichkeiten ausnutzen wollen, aber diese Messe ist das \u00f6nologische Aush\u00e4ngeschild \u00d6sterreichs, weswegen ich die wenigen ausl\u00e4ndischen Einspr\u00e4ngsel als unn\u00f6tig, f\u00fcr die Einheitlichkeit bzw. die Identit\u00e4t der Messe sogar verwirrend empfand. Das gleiche geschieht \u00fcbrigens auch bei der <a title=\"Vinitaly\" href=\"http:\/\/www.vinitaly.it\" target=\"_blank\">Vinitaly<\/a> in Verona, aber was tut man nicht alles, um international zu erscheinen.<\/p>\n<p>Der Andrang war Sonntags nicht sehr stark, weswegen man sich mit den Produzenten auch gut unterhalten konnte. Dass \u00d6sterreich hinsichtlich der Weinqualit\u00e4t sehr gut dasteht, wusste ich schon vor diesem Messebesuch. Sehr interessant war wie immer, die Nuancen zwischen den einzelnen Betrieben und deren Lagen herauszuschmecken. Einzig bei der S\u00e4ure kommt mir inzwischen vor, als ob diese nicht mehr so kernig und markant ist, wie noch vor einigen Jahren, was doch m.E. etwas Charakter den Weinen nimmt. Es w\u00e4re schade, wenn dies die Folge einer Anpassung an den internationalen (gibt es den \u00fcbehaupt?) Geschmack w\u00e4re. Und bei den Rotweinen ist mir \u00f6fters aufgefallen, dass wenn kleines Holz verwendet wird, dessen sensorische Erkennbarkeit auch gew\u00fcnscht wird.<\/p>\n<p>Als sehr interessant gestaltete sich das Treffen mit <a href=\"http:\/\/www.bernhard-fiedler.at\/weblog\/\" target=\"_blank\">Bernhard Fiedler<\/a>, dessen Blog von mir oft gelesen wird. Er beschrieb nicht nur eingehend seine charaktervollen Weine, sondern erkl\u00e4rte uns ausf\u00fchrlich seine Betriebstruktur, die aktuellen Tendenzen, die Bedeutung traditioneller und neu eingef\u00fchrter Rebsorten im Burgenland sowie die Eigenheiten der \u00f6sterreichischen Vertriebsstruktur, besonders hinsichtlich des (noch) hohen Ab-Hof-Verkauf-Anteils.<\/p>\n<p>Ich kann mir gut vorstellen, dass ich in zwei Jahren, die VieVinum findet in diesem Rhythmus statt, mit der Weinmesse als Hauptgrund nach Wien fahre.<\/p>\n<p>Foto: <a href=\"http:\/\/www.mac-hoffmann.com\/index.php?option=com_content&amp;task=view&amp;id=223&amp;Itemid=223\" target=\"_blank\">Pressefoto<\/a> von <a href=\"http:\/\/www.mac-hoffmann.com\" target=\"_blank\">M.A.C. <\/a><\/p>\n","protected":false},"excerpt":{"rendered":"<p>Eigentlich waren meine Frau Monika und ich nur auf Kurzurlaub in Wien um etwas Gro\u00dfstadtluft zu schnuppern und ein paar nach dem Studium in Wien und Umgebung gebliebene Freunde zu besuchen. Deshalb bekamen wir nur so nebenbei mit, dass die &hellip; <a href=\"https:\/\/www.kobler-margreid.com\/blog\/blog\/2008\/06\/04\/vievinum-08\/\">Weiterlesen <span class=\"meta-nav\">&rarr;<\/span><\/a><\/p>\n","protected":false},"author":1,"featured_media":0,"comment_status":"open","ping_status":"open","sticky":false,"template":"","format":"standard","meta":{"ngg_post_thumbnail":0,"footnotes":"","_links_to":"","_links_to_target":""},"categories":[1,9],"tags":[90,91,88,89],"class_list":["post-82","post","type-post","status-publish","format-standard","hentry","category-allgemein","category-oeffentlichkeitsarbeit","tag-bernhard-fiedler","tag-hofburg","tag-vievinum","tag-wien"],"yoast_head":"<!-- This site is optimized with the Yoast SEO plugin v27.5 - https:\/\/yoast.com\/product\/yoast-seo-wordpress\/ -->\n<title>Wien, Wien, nur du allein... - VieVinum 08 - weinhof KOBLER weblog<\/title>\n<meta name=\"robots\" content=\"index, follow, max-snippet:-1, max-image-preview:large, max-video-preview:-1\" \/>\n<link rel=\"canonical\" href=\"https:\/\/www.kobler-margreid.com\/blog\/blog\/2008\/06\/04\/vievinum-08\/\" \/>\n<meta property=\"og:locale\" content=\"de_DE\" \/>\n<meta property=\"og:type\" content=\"article\" \/>\n<meta property=\"og:title\" content=\"Wien, Wien, nur du allein... - VieVinum 08 - weinhof KOBLER weblog\" \/>\n<meta property=\"og:description\" content=\"Eigentlich waren meine Frau Monika und ich nur auf Kurzurlaub in Wien um etwas Gro\u00dfstadtluft zu schnuppern und ein paar nach dem Studium in Wien und Umgebung gebliebene Freunde zu besuchen. Deshalb bekamen wir nur so nebenbei mit, dass die &hellip; Weiterlesen &rarr;\" \/>\n<meta property=\"og:url\" content=\"https:\/\/www.kobler-margreid.com\/blog\/blog\/2008\/06\/04\/vievinum-08\/\" \/>\n<meta property=\"og:site_name\" content=\"weinhof KOBLER weblog\" \/>\n<meta property=\"article:publisher\" content=\"https:\/\/www.facebook.com\/armin.kobler\/\" \/>\n<meta property=\"article:author\" content=\"https:\/\/www.facebook.com\/armin.kobler\/\" \/>\n<meta property=\"article:published_time\" content=\"2008-06-03T23:25:17+00:00\" \/>\n<meta property=\"article:modified_time\" content=\"2008-06-04T06:45:46+00:00\" \/>\n<meta property=\"og:image\" content=\"http:\/\/www.kobler-margreid.com\/blog\/wp-content\/imagescaler\/aeaf2546c35697cc3c7190e24f995f7a.jpg\" \/>\n<meta name=\"author\" content=\"armin kobler\" \/>\n<meta name=\"twitter:card\" content=\"summary_large_image\" \/>\n<meta name=\"twitter:label1\" content=\"Verfasst von\" \/>\n\t<meta name=\"twitter:data1\" content=\"armin kobler\" \/>\n\t<meta name=\"twitter:label2\" content=\"Gesch\u00e4tzte Lesezeit\" \/>\n\t<meta name=\"twitter:data2\" content=\"3\u00a0Minuten\" \/>\n<script type=\"application\/ld+json\" class=\"yoast-schema-graph\">{\"@context\":\"https:\\\/\\\/schema.org\",\"@graph\":[{\"@type\":\"Article\",\"@id\":\"https:\\\/\\\/www.kobler-margreid.com\\\/blog\\\/blog\\\/2008\\\/06\\\/04\\\/vievinum-08\\\/#article\",\"isPartOf\":{\"@id\":\"https:\\\/\\\/www.kobler-margreid.com\\\/blog\\\/blog\\\/2008\\\/06\\\/04\\\/vievinum-08\\\/\"},\"author\":{\"name\":\"armin kobler\",\"@id\":\"https:\\\/\\\/www.kobler-margreid.com\\\/blog\\\/#\\\/schema\\\/person\\\/6a2290c17f680f59c1fa7e1c7a36df3a\"},\"headline\":\"Wien, Wien, nur du allein&#8230; &#8211; VieVinum 08\",\"datePublished\":\"2008-06-03T23:25:17+00:00\",\"dateModified\":\"2008-06-04T06:45:46+00:00\",\"mainEntityOfPage\":{\"@id\":\"https:\\\/\\\/www.kobler-margreid.com\\\/blog\\\/blog\\\/2008\\\/06\\\/04\\\/vievinum-08\\\/\"},\"wordCount\":611,\"commentCount\":1,\"publisher\":{\"@id\":\"https:\\\/\\\/www.kobler-margreid.com\\\/blog\\\/#\\\/schema\\\/person\\\/6a2290c17f680f59c1fa7e1c7a36df3a\"},\"image\":{\"@id\":\"https:\\\/\\\/www.kobler-margreid.com\\\/blog\\\/blog\\\/2008\\\/06\\\/04\\\/vievinum-08\\\/#primaryimage\"},\"thumbnailUrl\":\"http:\\\/\\\/www.kobler-margreid.com\\\/blog\\\/wp-content\\\/imagescaler\\\/aeaf2546c35697cc3c7190e24f995f7a.jpg\",\"keywords\":[\"Bernhard Fiedler\",\"Hofburg\",\"VieVinum\",\"Wien\"],\"articleSection\":[\"Allgemein - Generale\",\"\u00d6ffentlichkeitsarbeit - Pubbliche relazioni\"],\"inLanguage\":\"de\",\"potentialAction\":[{\"@type\":\"CommentAction\",\"name\":\"Comment\",\"target\":[\"https:\\\/\\\/www.kobler-margreid.com\\\/blog\\\/blog\\\/2008\\\/06\\\/04\\\/vievinum-08\\\/#respond\"]}]},{\"@type\":\"WebPage\",\"@id\":\"https:\\\/\\\/www.kobler-margreid.com\\\/blog\\\/blog\\\/2008\\\/06\\\/04\\\/vievinum-08\\\/\",\"url\":\"https:\\\/\\\/www.kobler-margreid.com\\\/blog\\\/blog\\\/2008\\\/06\\\/04\\\/vievinum-08\\\/\",\"name\":\"Wien, Wien, nur du allein... - VieVinum 08 - weinhof KOBLER weblog\",\"isPartOf\":{\"@id\":\"https:\\\/\\\/www.kobler-margreid.com\\\/blog\\\/#website\"},\"primaryImageOfPage\":{\"@id\":\"https:\\\/\\\/www.kobler-margreid.com\\\/blog\\\/blog\\\/2008\\\/06\\\/04\\\/vievinum-08\\\/#primaryimage\"},\"image\":{\"@id\":\"https:\\\/\\\/www.kobler-margreid.com\\\/blog\\\/blog\\\/2008\\\/06\\\/04\\\/vievinum-08\\\/#primaryimage\"},\"thumbnailUrl\":\"http:\\\/\\\/www.kobler-margreid.com\\\/blog\\\/wp-content\\\/imagescaler\\\/aeaf2546c35697cc3c7190e24f995f7a.jpg\",\"datePublished\":\"2008-06-03T23:25:17+00:00\",\"dateModified\":\"2008-06-04T06:45:46+00:00\",\"breadcrumb\":{\"@id\":\"https:\\\/\\\/www.kobler-margreid.com\\\/blog\\\/blog\\\/2008\\\/06\\\/04\\\/vievinum-08\\\/#breadcrumb\"},\"inLanguage\":\"de\",\"potentialAction\":[{\"@type\":\"ReadAction\",\"target\":[\"https:\\\/\\\/www.kobler-margreid.com\\\/blog\\\/blog\\\/2008\\\/06\\\/04\\\/vievinum-08\\\/\"]}]},{\"@type\":\"ImageObject\",\"inLanguage\":\"de\",\"@id\":\"https:\\\/\\\/www.kobler-margreid.com\\\/blog\\\/blog\\\/2008\\\/06\\\/04\\\/vievinum-08\\\/#primaryimage\",\"url\":\"http:\\\/\\\/www.kobler-margreid.com\\\/blog\\\/wp-content\\\/imagescaler\\\/aeaf2546c35697cc3c7190e24f995f7a.jpg\",\"contentUrl\":\"http:\\\/\\\/www.kobler-margreid.com\\\/blog\\\/wp-content\\\/imagescaler\\\/aeaf2546c35697cc3c7190e24f995f7a.jpg\"},{\"@type\":\"BreadcrumbList\",\"@id\":\"https:\\\/\\\/www.kobler-margreid.com\\\/blog\\\/blog\\\/2008\\\/06\\\/04\\\/vievinum-08\\\/#breadcrumb\",\"itemListElement\":[{\"@type\":\"ListItem\",\"position\":1,\"name\":\"Startseite\",\"item\":\"https:\\\/\\\/www.kobler-margreid.com\\\/blog\\\/\"},{\"@type\":\"ListItem\",\"position\":2,\"name\":\"Wien, Wien, nur du allein&#8230; &#8211; VieVinum 08\"}]},{\"@type\":\"WebSite\",\"@id\":\"https:\\\/\\\/www.kobler-margreid.com\\\/blog\\\/#website\",\"url\":\"https:\\\/\\\/www.kobler-margreid.com\\\/blog\\\/\",\"name\":\"weinhof KOBLER weblog\",\"description\":\"dem wein ganz nah \u2013 all&#039;interno del vino\",\"publisher\":{\"@id\":\"https:\\\/\\\/www.kobler-margreid.com\\\/blog\\\/#\\\/schema\\\/person\\\/6a2290c17f680f59c1fa7e1c7a36df3a\"},\"potentialAction\":[{\"@type\":\"SearchAction\",\"target\":{\"@type\":\"EntryPoint\",\"urlTemplate\":\"https:\\\/\\\/www.kobler-margreid.com\\\/blog\\\/?s={search_term_string}\"},\"query-input\":{\"@type\":\"PropertyValueSpecification\",\"valueRequired\":true,\"valueName\":\"search_term_string\"}}],\"inLanguage\":\"de\"},{\"@type\":[\"Person\",\"Organization\"],\"@id\":\"https:\\\/\\\/www.kobler-margreid.com\\\/blog\\\/#\\\/schema\\\/person\\\/6a2290c17f680f59c1fa7e1c7a36df3a\",\"name\":\"armin kobler\",\"image\":{\"@type\":\"ImageObject\",\"inLanguage\":\"de\",\"@id\":\"https:\\\/\\\/www.kobler-margreid.com\\\/blog\\\/wp-content\\\/2023\\\/11\\\/2012-05-08_09-33-03a.jpg\",\"url\":\"https:\\\/\\\/www.kobler-margreid.com\\\/blog\\\/wp-content\\\/2023\\\/11\\\/2012-05-08_09-33-03a.jpg\",\"contentUrl\":\"https:\\\/\\\/www.kobler-margreid.com\\\/blog\\\/wp-content\\\/2023\\\/11\\\/2012-05-08_09-33-03a.jpg\",\"width\":1088,\"height\":1184,\"caption\":\"armin kobler\"},\"logo\":{\"@id\":\"https:\\\/\\\/www.kobler-margreid.com\\\/blog\\\/wp-content\\\/2023\\\/11\\\/2012-05-08_09-33-03a.jpg\"},\"sameAs\":[\"http:\\\/\\\/www.kobler-margreid.com\",\"https:\\\/\\\/www.facebook.com\\\/armin.kobler\\\/\"],\"url\":\"https:\\\/\\\/www.kobler-margreid.com\\\/blog\\\/blog\\\/author\\\/admin\\\/\"}]}<\/script>\n<!-- \/ Yoast SEO plugin. -->","yoast_head_json":{"title":"Wien, Wien, nur du allein... - VieVinum 08 - weinhof KOBLER weblog","robots":{"index":"index","follow":"follow","max-snippet":"max-snippet:-1","max-image-preview":"max-image-preview:large","max-video-preview":"max-video-preview:-1"},"canonical":"https:\/\/www.kobler-margreid.com\/blog\/blog\/2008\/06\/04\/vievinum-08\/","og_locale":"de_DE","og_type":"article","og_title":"Wien, Wien, nur du allein... - VieVinum 08 - weinhof KOBLER weblog","og_description":"Eigentlich waren meine Frau Monika und ich nur auf Kurzurlaub in Wien um etwas Gro\u00dfstadtluft zu schnuppern und ein paar nach dem Studium in Wien und Umgebung gebliebene Freunde zu besuchen. Deshalb bekamen wir nur so nebenbei mit, dass die &hellip; Weiterlesen &rarr;","og_url":"https:\/\/www.kobler-margreid.com\/blog\/blog\/2008\/06\/04\/vievinum-08\/","og_site_name":"weinhof KOBLER weblog","article_publisher":"https:\/\/www.facebook.com\/armin.kobler\/","article_author":"https:\/\/www.facebook.com\/armin.kobler\/","article_published_time":"2008-06-03T23:25:17+00:00","article_modified_time":"2008-06-04T06:45:46+00:00","og_image":[{"url":"http:\/\/www.kobler-margreid.com\/blog\/wp-content\/imagescaler\/aeaf2546c35697cc3c7190e24f995f7a.jpg","type":"","width":"","height":""}],"author":"armin kobler","twitter_card":"summary_large_image","twitter_misc":{"Verfasst von":"armin kobler","Gesch\u00e4tzte Lesezeit":"3\u00a0Minuten"},"schema":{"@context":"https:\/\/schema.org","@graph":[{"@type":"Article","@id":"https:\/\/www.kobler-margreid.com\/blog\/blog\/2008\/06\/04\/vievinum-08\/#article","isPartOf":{"@id":"https:\/\/www.kobler-margreid.com\/blog\/blog\/2008\/06\/04\/vievinum-08\/"},"author":{"name":"armin kobler","@id":"https:\/\/www.kobler-margreid.com\/blog\/#\/schema\/person\/6a2290c17f680f59c1fa7e1c7a36df3a"},"headline":"Wien, Wien, nur du allein&#8230; &#8211; VieVinum 08","datePublished":"2008-06-03T23:25:17+00:00","dateModified":"2008-06-04T06:45:46+00:00","mainEntityOfPage":{"@id":"https:\/\/www.kobler-margreid.com\/blog\/blog\/2008\/06\/04\/vievinum-08\/"},"wordCount":611,"commentCount":1,"publisher":{"@id":"https:\/\/www.kobler-margreid.com\/blog\/#\/schema\/person\/6a2290c17f680f59c1fa7e1c7a36df3a"},"image":{"@id":"https:\/\/www.kobler-margreid.com\/blog\/blog\/2008\/06\/04\/vievinum-08\/#primaryimage"},"thumbnailUrl":"http:\/\/www.kobler-margreid.com\/blog\/wp-content\/imagescaler\/aeaf2546c35697cc3c7190e24f995f7a.jpg","keywords":["Bernhard Fiedler","Hofburg","VieVinum","Wien"],"articleSection":["Allgemein - Generale","\u00d6ffentlichkeitsarbeit - Pubbliche relazioni"],"inLanguage":"de","potentialAction":[{"@type":"CommentAction","name":"Comment","target":["https:\/\/www.kobler-margreid.com\/blog\/blog\/2008\/06\/04\/vievinum-08\/#respond"]}]},{"@type":"WebPage","@id":"https:\/\/www.kobler-margreid.com\/blog\/blog\/2008\/06\/04\/vievinum-08\/","url":"https:\/\/www.kobler-margreid.com\/blog\/blog\/2008\/06\/04\/vievinum-08\/","name":"Wien, Wien, nur du allein... - VieVinum 08 - weinhof KOBLER weblog","isPartOf":{"@id":"https:\/\/www.kobler-margreid.com\/blog\/#website"},"primaryImageOfPage":{"@id":"https:\/\/www.kobler-margreid.com\/blog\/blog\/2008\/06\/04\/vievinum-08\/#primaryimage"},"image":{"@id":"https:\/\/www.kobler-margreid.com\/blog\/blog\/2008\/06\/04\/vievinum-08\/#primaryimage"},"thumbnailUrl":"http:\/\/www.kobler-margreid.com\/blog\/wp-content\/imagescaler\/aeaf2546c35697cc3c7190e24f995f7a.jpg","datePublished":"2008-06-03T23:25:17+00:00","dateModified":"2008-06-04T06:45:46+00:00","breadcrumb":{"@id":"https:\/\/www.kobler-margreid.com\/blog\/blog\/2008\/06\/04\/vievinum-08\/#breadcrumb"},"inLanguage":"de","potentialAction":[{"@type":"ReadAction","target":["https:\/\/www.kobler-margreid.com\/blog\/blog\/2008\/06\/04\/vievinum-08\/"]}]},{"@type":"ImageObject","inLanguage":"de","@id":"https:\/\/www.kobler-margreid.com\/blog\/blog\/2008\/06\/04\/vievinum-08\/#primaryimage","url":"http:\/\/www.kobler-margreid.com\/blog\/wp-content\/imagescaler\/aeaf2546c35697cc3c7190e24f995f7a.jpg","contentUrl":"http:\/\/www.kobler-margreid.com\/blog\/wp-content\/imagescaler\/aeaf2546c35697cc3c7190e24f995f7a.jpg"},{"@type":"BreadcrumbList","@id":"https:\/\/www.kobler-margreid.com\/blog\/blog\/2008\/06\/04\/vievinum-08\/#breadcrumb","itemListElement":[{"@type":"ListItem","position":1,"name":"Startseite","item":"https:\/\/www.kobler-margreid.com\/blog\/"},{"@type":"ListItem","position":2,"name":"Wien, Wien, nur du allein&#8230; &#8211; VieVinum 08"}]},{"@type":"WebSite","@id":"https:\/\/www.kobler-margreid.com\/blog\/#website","url":"https:\/\/www.kobler-margreid.com\/blog\/","name":"weinhof KOBLER weblog","description":"dem wein ganz nah \u2013 all&#039;interno del vino","publisher":{"@id":"https:\/\/www.kobler-margreid.com\/blog\/#\/schema\/person\/6a2290c17f680f59c1fa7e1c7a36df3a"},"potentialAction":[{"@type":"SearchAction","target":{"@type":"EntryPoint","urlTemplate":"https:\/\/www.kobler-margreid.com\/blog\/?s={search_term_string}"},"query-input":{"@type":"PropertyValueSpecification","valueRequired":true,"valueName":"search_term_string"}}],"inLanguage":"de"},{"@type":["Person","Organization"],"@id":"https:\/\/www.kobler-margreid.com\/blog\/#\/schema\/person\/6a2290c17f680f59c1fa7e1c7a36df3a","name":"armin kobler","image":{"@type":"ImageObject","inLanguage":"de","@id":"https:\/\/www.kobler-margreid.com\/blog\/wp-content\/2023\/11\/2012-05-08_09-33-03a.jpg","url":"https:\/\/www.kobler-margreid.com\/blog\/wp-content\/2023\/11\/2012-05-08_09-33-03a.jpg","contentUrl":"https:\/\/www.kobler-margreid.com\/blog\/wp-content\/2023\/11\/2012-05-08_09-33-03a.jpg","width":1088,"height":1184,"caption":"armin kobler"},"logo":{"@id":"https:\/\/www.kobler-margreid.com\/blog\/wp-content\/2023\/11\/2012-05-08_09-33-03a.jpg"},"sameAs":["http:\/\/www.kobler-margreid.com","https:\/\/www.facebook.com\/armin.kobler\/"],"url":"https:\/\/www.kobler-margreid.com\/blog\/blog\/author\/admin\/"}]}},"_links":{"self":[{"href":"https:\/\/www.kobler-margreid.com\/blog\/wp-json\/wp\/v2\/posts\/82","targetHints":{"allow":["GET"]}}],"collection":[{"href":"https:\/\/www.kobler-margreid.com\/blog\/wp-json\/wp\/v2\/posts"}],"about":[{"href":"https:\/\/www.kobler-margreid.com\/blog\/wp-json\/wp\/v2\/types\/post"}],"author":[{"embeddable":true,"href":"https:\/\/www.kobler-margreid.com\/blog\/wp-json\/wp\/v2\/users\/1"}],"replies":[{"embeddable":true,"href":"https:\/\/www.kobler-margreid.com\/blog\/wp-json\/wp\/v2\/comments?post=82"}],"version-history":[{"count":0,"href":"https:\/\/www.kobler-margreid.com\/blog\/wp-json\/wp\/v2\/posts\/82\/revisions"}],"wp:attachment":[{"href":"https:\/\/www.kobler-margreid.com\/blog\/wp-json\/wp\/v2\/media?parent=82"}],"wp:term":[{"taxonomy":"category","embeddable":true,"href":"https:\/\/www.kobler-margreid.com\/blog\/wp-json\/wp\/v2\/categories?post=82"},{"taxonomy":"post_tag","embeddable":true,"href":"https:\/\/www.kobler-margreid.com\/blog\/wp-json\/wp\/v2\/tags?post=82"}],"curies":[{"name":"wp","href":"https:\/\/api.w.org\/{rel}","templated":true}]}}