{"id":8217,"date":"2012-03-23T23:15:10","date_gmt":"2012-03-23T22:15:10","guid":{"rendered":"http:\/\/www.kobler-margreid.com\/blog\/?p=8217"},"modified":"2012-03-24T07:24:11","modified_gmt":"2012-03-24T06:24:11","slug":"der-rebenfluesterer_il-sussurratore-di-viti","status":"publish","type":"post","link":"https:\/\/www.kobler-margreid.com\/blog\/blog\/2012\/03\/23\/der-rebenfluesterer_il-sussurratore-di-viti\/","title":{"rendered":"Der Rebenfl\u00fcsterer \u2014 Il sussurratore di viti"},"content":{"rendered":"<p style=\"text-align: left;\"><a href=\"http:\/\/maps.google.com\/maps\/ms?ie=UTF8&amp;t=k&amp;source=embed&amp;oe=UTF8&amp;msa=0&amp;msid=116786220559646132061.0004460e809b44d0951e9\"><img loading=\"lazy\" decoding=\"async\" class=\"aligncenter  wp-image-8223\" style=\"border-style: initial; border-color: initial; border-image: initial; margin-top: 4px; margin-bottom: 4px; margin-left: 0px; margin-right: 0px; border-width: 0px;\" title=\"weinhof_kobler_map_2-jpg\" src=\"http:\/\/www.kobler-margreid.com\/blog\/wp-content\/2012\/03\/weinhof_kobler_map_2-jpg.jpg\" alt=\"\" width=\"520\" height=\"325\" \/><\/a>Tats\u00e4chlich braucht es ein intensives Zwiegespr\u00e4ch zwischen dem Rebschneider und der Rebe selbst. Geht es doch nicht nur darum, ungef\u00e4hr 90 % des letztj\u00e4hrigen inzwischen verholzten Zuwachses zu entfernen. Besonders in \u00e4lteren, eher heterogenen Anlagen gilt es, den Schnitt individuell an Alter, Wuchsst\u00e4rke und angestrebtes Ertragsziel anpassen. Dementsprechend langsam geht es dort voran, doch es ist gut investierte Zeit. Die Grundlage f\u00fcr die sp\u00e4tere Ertrags- und Qualit\u00e4tsstrukur wir jetzt gesetzt, genau so die Dichte und Struktur der Laubwand, was sich wiederum auf die Laubarbeit und den Pflanzenschutz (Integrierte Produktion) auswirkt.<\/p>\n<p style=\"text-align: left;\"><em>Infatti serve un dialogo intenso tra potatore e vite. Non si tratta solo di asportare circa il 90 % dell&#8217;accrescimento annuale ormai lignificato. Soprattutto in impianti vecchi si deve adeguare la tecnica di potatura in modo individuale ad et\u00e0, vigoria e livello di produzione ritenuto adeguato. Di conseguenza l\u00ec si procede lentamente, ma \u00e8 manodopera impiegata bene. Infatti in quel momento si gettano le basi per una corretta gestione del rapporto quantit\u00e0\/qualit\u00e0, si decide la fittezza e la struttura della parete fogliare che si riperscuote \u00a0di sua volta sui lavori al verde e la difesa delle colture (Produzione integrata).\u00a0<\/em><\/p>\n<p style=\"text-align: left;\"><em><!--more--><\/em><\/p>\n<p style=\"text-align: left;\"><a href=\"http:\/\/www.kobler-margreid.com\/blog\/wp-content\/2012\/03\/2012-03-17_17-35-52.jpg\" rel=\"lightbox[8217]\"><img loading=\"lazy\" decoding=\"async\" class=\"float left alignleft  wp-image-8250\" style=\"border-style: initial; border-color: initial; border-image: initial; margin-top: 0px; margin-bottom: 0px; margin-left: 3px; margin-right: 3px; border-width: 0px;\" title=\"2012-03-17_17-35-52\" src=\"http:\/\/www.kobler-margreid.com\/blog\/wp-content\/2012\/03\/2012-03-17_17-35-52.jpg\" alt=\"\" width=\"275\" height=\"369\" srcset=\"https:\/\/www.kobler-margreid.com\/blog\/wp-content\/2012\/03\/2012-03-17_17-35-52.jpg 717w, https:\/\/www.kobler-margreid.com\/blog\/wp-content\/2012\/03\/2012-03-17_17-35-52-224x300.jpg 224w\" sizes=\"auto, (max-width: 275px) 100vw, 275px\" \/><\/a>In diesem <a href=\"http:\/\/www.kobler-margreid.com\/blog\/2011\/01\/31\/rebschnitt_potatura-delle-viti\/\" target=\"_blank\">Beitrag<\/a> vom vorigen Jahr kann man mittels Kurzfilmen sehen, wie der Rebschnitt in der Praxis abl\u00e4uft. P\u00fcnktlich am Tag unseres Patroziniums (St. Gertraud von Nivelles, 17. M\u00e4rz) und bevor ich durch die Vinitaly f\u00fcr mehrere Tage blockiert bin, habe ich den am <a href=\"http:\/\/www.kobler-margreid.com\/blog\/2011\/12\/21\/rebschnitt-begonnen_cominciato-con-la-potatura\/\" target=\"_blank\">17. Dezember<\/a>\u00a0im Kotzner begonnenen Rebschnitt am Klausner (oberes Bild) beendet.<\/p>\n<p style=\"text-align: left;\"><em>In questo\u00a0<a href=\"http:\/\/www.kobler-margreid.com\/blog\/2011\/01\/31\/rebschnitt_potatura-delle-viti\/\" target=\"_blank\">Post<\/a>\u00a0dell&#8217;anno precedente si pu\u00f2 guardare il lavoro del vignaiolo quando pota. Puntuale per i festeggiamenti della nostra padrona Santa Gertrude di Nivelles, 17 marzo) e prima di partire per il Vinitaly ho finito i lavori. Sono partito 1i\u00a0<a href=\"http:\/\/www.kobler-margreid.com\/blog\/2011\/12\/21\/rebschnitt-begonnen_cominciato-con-la-potatura\/\" target=\"_blank\">17. Dezember<\/a>\u00a0nel vigneto &#8222;Kotzner&#8220; e ho finito sul &#8222;Klausner&#8220; (foto sopra).<\/em><\/p>\n","protected":false},"excerpt":{"rendered":"<p>Tats\u00e4chlich braucht es ein intensives Zwiegespr\u00e4ch zwischen dem Rebschneider und der Rebe selbst. Geht es doch nicht nur darum, ungef\u00e4hr 90 % des letztj\u00e4hrigen inzwischen verholzten Zuwachses zu entfernen. Besonders in \u00e4lteren, eher heterogenen Anlagen gilt es, den Schnitt individuell &hellip; <a href=\"https:\/\/www.kobler-margreid.com\/blog\/blog\/2012\/03\/23\/der-rebenfluesterer_il-sussurratore-di-viti\/\">Weiterlesen <span class=\"meta-nav\">&rarr;<\/span><\/a><\/p>\n","protected":false},"author":1,"featured_media":0,"comment_status":"open","ping_status":"open","sticky":false,"template":"","format":"standard","meta":{"ngg_post_thumbnail":0,"footnotes":"","_links_to":"","_links_to_target":""},"categories":[14],"tags":[341,337],"class_list":["post-8217","post","type-post","status-publish","format-standard","hentry","category-weingarten","tag-potatura","tag-rebschnitt"],"yoast_head":"<!-- This site is optimized with the Yoast SEO plugin v27.5 - https:\/\/yoast.com\/product\/yoast-seo-wordpress\/ -->\n<title>Der Rebenfl\u00fcsterer \u2014 Il sussurratore di viti - weinhof KOBLER weblog<\/title>\n<meta name=\"robots\" content=\"index, follow, max-snippet:-1, max-image-preview:large, max-video-preview:-1\" \/>\n<link rel=\"canonical\" href=\"https:\/\/www.kobler-margreid.com\/blog\/blog\/2012\/03\/23\/der-rebenfluesterer_il-sussurratore-di-viti\/\" \/>\n<meta property=\"og:locale\" content=\"de_DE\" \/>\n<meta property=\"og:type\" content=\"article\" \/>\n<meta property=\"og:title\" content=\"Der Rebenfl\u00fcsterer \u2014 Il sussurratore di viti - weinhof KOBLER weblog\" \/>\n<meta property=\"og:description\" content=\"Tats\u00e4chlich braucht es ein intensives Zwiegespr\u00e4ch zwischen dem Rebschneider und der Rebe selbst. Geht es doch nicht nur darum, ungef\u00e4hr 90 % des letztj\u00e4hrigen inzwischen verholzten Zuwachses zu entfernen. Besonders in \u00e4lteren, eher heterogenen Anlagen gilt es, den Schnitt individuell &hellip; Weiterlesen &rarr;\" \/>\n<meta property=\"og:url\" content=\"https:\/\/www.kobler-margreid.com\/blog\/blog\/2012\/03\/23\/der-rebenfluesterer_il-sussurratore-di-viti\/\" \/>\n<meta property=\"og:site_name\" content=\"weinhof KOBLER weblog\" \/>\n<meta property=\"article:publisher\" content=\"https:\/\/www.facebook.com\/armin.kobler\/\" \/>\n<meta property=\"article:author\" content=\"https:\/\/www.facebook.com\/armin.kobler\/\" \/>\n<meta property=\"article:published_time\" content=\"2012-03-23T22:15:10+00:00\" \/>\n<meta property=\"article:modified_time\" content=\"2012-03-24T06:24:11+00:00\" \/>\n<meta property=\"og:image\" content=\"http:\/\/www.kobler-margreid.com\/blog\/wp-content\/2012\/03\/weinhof_kobler_map_2-jpg.jpg\" \/>\n<meta name=\"author\" content=\"armin kobler\" \/>\n<meta name=\"twitter:card\" content=\"summary_large_image\" \/>\n<meta name=\"twitter:label1\" content=\"Verfasst von\" \/>\n\t<meta name=\"twitter:data1\" content=\"armin kobler\" \/>\n\t<meta name=\"twitter:label2\" content=\"Gesch\u00e4tzte Lesezeit\" \/>\n\t<meta name=\"twitter:data2\" content=\"2\u00a0Minuten\" \/>\n<script type=\"application\/ld+json\" class=\"yoast-schema-graph\">{\"@context\":\"https:\\\/\\\/schema.org\",\"@graph\":[{\"@type\":\"Article\",\"@id\":\"https:\\\/\\\/www.kobler-margreid.com\\\/blog\\\/blog\\\/2012\\\/03\\\/23\\\/der-rebenfluesterer_il-sussurratore-di-viti\\\/#article\",\"isPartOf\":{\"@id\":\"https:\\\/\\\/www.kobler-margreid.com\\\/blog\\\/blog\\\/2012\\\/03\\\/23\\\/der-rebenfluesterer_il-sussurratore-di-viti\\\/\"},\"author\":{\"name\":\"armin kobler\",\"@id\":\"https:\\\/\\\/www.kobler-margreid.com\\\/blog\\\/#\\\/schema\\\/person\\\/6a2290c17f680f59c1fa7e1c7a36df3a\"},\"headline\":\"Der Rebenfl\u00fcsterer \u2014 Il sussurratore di viti\",\"datePublished\":\"2012-03-23T22:15:10+00:00\",\"dateModified\":\"2012-03-24T06:24:11+00:00\",\"mainEntityOfPage\":{\"@id\":\"https:\\\/\\\/www.kobler-margreid.com\\\/blog\\\/blog\\\/2012\\\/03\\\/23\\\/der-rebenfluesterer_il-sussurratore-di-viti\\\/\"},\"wordCount\":308,\"commentCount\":0,\"publisher\":{\"@id\":\"https:\\\/\\\/www.kobler-margreid.com\\\/blog\\\/#\\\/schema\\\/person\\\/6a2290c17f680f59c1fa7e1c7a36df3a\"},\"image\":{\"@id\":\"https:\\\/\\\/www.kobler-margreid.com\\\/blog\\\/blog\\\/2012\\\/03\\\/23\\\/der-rebenfluesterer_il-sussurratore-di-viti\\\/#primaryimage\"},\"thumbnailUrl\":\"http:\\\/\\\/www.kobler-margreid.com\\\/blog\\\/wp-content\\\/2012\\\/03\\\/weinhof_kobler_map_2-jpg.jpg\",\"keywords\":[\"Potatura\",\"Rebschnitt\"],\"articleSection\":[\"Weingarten - Vigneto\"],\"inLanguage\":\"de\",\"potentialAction\":[{\"@type\":\"CommentAction\",\"name\":\"Comment\",\"target\":[\"https:\\\/\\\/www.kobler-margreid.com\\\/blog\\\/blog\\\/2012\\\/03\\\/23\\\/der-rebenfluesterer_il-sussurratore-di-viti\\\/#respond\"]}]},{\"@type\":\"WebPage\",\"@id\":\"https:\\\/\\\/www.kobler-margreid.com\\\/blog\\\/blog\\\/2012\\\/03\\\/23\\\/der-rebenfluesterer_il-sussurratore-di-viti\\\/\",\"url\":\"https:\\\/\\\/www.kobler-margreid.com\\\/blog\\\/blog\\\/2012\\\/03\\\/23\\\/der-rebenfluesterer_il-sussurratore-di-viti\\\/\",\"name\":\"Der Rebenfl\u00fcsterer \u2014 Il sussurratore di viti - weinhof KOBLER weblog\",\"isPartOf\":{\"@id\":\"https:\\\/\\\/www.kobler-margreid.com\\\/blog\\\/#website\"},\"primaryImageOfPage\":{\"@id\":\"https:\\\/\\\/www.kobler-margreid.com\\\/blog\\\/blog\\\/2012\\\/03\\\/23\\\/der-rebenfluesterer_il-sussurratore-di-viti\\\/#primaryimage\"},\"image\":{\"@id\":\"https:\\\/\\\/www.kobler-margreid.com\\\/blog\\\/blog\\\/2012\\\/03\\\/23\\\/der-rebenfluesterer_il-sussurratore-di-viti\\\/#primaryimage\"},\"thumbnailUrl\":\"http:\\\/\\\/www.kobler-margreid.com\\\/blog\\\/wp-content\\\/2012\\\/03\\\/weinhof_kobler_map_2-jpg.jpg\",\"datePublished\":\"2012-03-23T22:15:10+00:00\",\"dateModified\":\"2012-03-24T06:24:11+00:00\",\"breadcrumb\":{\"@id\":\"https:\\\/\\\/www.kobler-margreid.com\\\/blog\\\/blog\\\/2012\\\/03\\\/23\\\/der-rebenfluesterer_il-sussurratore-di-viti\\\/#breadcrumb\"},\"inLanguage\":\"de\",\"potentialAction\":[{\"@type\":\"ReadAction\",\"target\":[\"https:\\\/\\\/www.kobler-margreid.com\\\/blog\\\/blog\\\/2012\\\/03\\\/23\\\/der-rebenfluesterer_il-sussurratore-di-viti\\\/\"]}]},{\"@type\":\"ImageObject\",\"inLanguage\":\"de\",\"@id\":\"https:\\\/\\\/www.kobler-margreid.com\\\/blog\\\/blog\\\/2012\\\/03\\\/23\\\/der-rebenfluesterer_il-sussurratore-di-viti\\\/#primaryimage\",\"url\":\"https:\\\/\\\/www.kobler-margreid.com\\\/blog\\\/wp-content\\\/2012\\\/03\\\/weinhof_kobler_map_2-jpg.jpg\",\"contentUrl\":\"https:\\\/\\\/www.kobler-margreid.com\\\/blog\\\/wp-content\\\/2012\\\/03\\\/weinhof_kobler_map_2-jpg.jpg\",\"width\":\"1015\",\"height\":\"644\"},{\"@type\":\"BreadcrumbList\",\"@id\":\"https:\\\/\\\/www.kobler-margreid.com\\\/blog\\\/blog\\\/2012\\\/03\\\/23\\\/der-rebenfluesterer_il-sussurratore-di-viti\\\/#breadcrumb\",\"itemListElement\":[{\"@type\":\"ListItem\",\"position\":1,\"name\":\"Startseite\",\"item\":\"https:\\\/\\\/www.kobler-margreid.com\\\/blog\\\/\"},{\"@type\":\"ListItem\",\"position\":2,\"name\":\"Der Rebenfl\u00fcsterer \u2014 Il sussurratore di viti\"}]},{\"@type\":\"WebSite\",\"@id\":\"https:\\\/\\\/www.kobler-margreid.com\\\/blog\\\/#website\",\"url\":\"https:\\\/\\\/www.kobler-margreid.com\\\/blog\\\/\",\"name\":\"weinhof KOBLER weblog\",\"description\":\"dem wein ganz nah \u2013 all&#039;interno del vino\",\"publisher\":{\"@id\":\"https:\\\/\\\/www.kobler-margreid.com\\\/blog\\\/#\\\/schema\\\/person\\\/6a2290c17f680f59c1fa7e1c7a36df3a\"},\"potentialAction\":[{\"@type\":\"SearchAction\",\"target\":{\"@type\":\"EntryPoint\",\"urlTemplate\":\"https:\\\/\\\/www.kobler-margreid.com\\\/blog\\\/?s={search_term_string}\"},\"query-input\":{\"@type\":\"PropertyValueSpecification\",\"valueRequired\":true,\"valueName\":\"search_term_string\"}}],\"inLanguage\":\"de\"},{\"@type\":[\"Person\",\"Organization\"],\"@id\":\"https:\\\/\\\/www.kobler-margreid.com\\\/blog\\\/#\\\/schema\\\/person\\\/6a2290c17f680f59c1fa7e1c7a36df3a\",\"name\":\"armin kobler\",\"image\":{\"@type\":\"ImageObject\",\"inLanguage\":\"de\",\"@id\":\"https:\\\/\\\/www.kobler-margreid.com\\\/blog\\\/wp-content\\\/2023\\\/11\\\/2012-05-08_09-33-03a.jpg\",\"url\":\"https:\\\/\\\/www.kobler-margreid.com\\\/blog\\\/wp-content\\\/2023\\\/11\\\/2012-05-08_09-33-03a.jpg\",\"contentUrl\":\"https:\\\/\\\/www.kobler-margreid.com\\\/blog\\\/wp-content\\\/2023\\\/11\\\/2012-05-08_09-33-03a.jpg\",\"width\":1088,\"height\":1184,\"caption\":\"armin kobler\"},\"logo\":{\"@id\":\"https:\\\/\\\/www.kobler-margreid.com\\\/blog\\\/wp-content\\\/2023\\\/11\\\/2012-05-08_09-33-03a.jpg\"},\"sameAs\":[\"http:\\\/\\\/www.kobler-margreid.com\",\"https:\\\/\\\/www.facebook.com\\\/armin.kobler\\\/\"],\"url\":\"https:\\\/\\\/www.kobler-margreid.com\\\/blog\\\/blog\\\/author\\\/admin\\\/\"}]}<\/script>\n<!-- \/ Yoast SEO plugin. -->","yoast_head_json":{"title":"Der Rebenfl\u00fcsterer \u2014 Il sussurratore di viti - weinhof KOBLER weblog","robots":{"index":"index","follow":"follow","max-snippet":"max-snippet:-1","max-image-preview":"max-image-preview:large","max-video-preview":"max-video-preview:-1"},"canonical":"https:\/\/www.kobler-margreid.com\/blog\/blog\/2012\/03\/23\/der-rebenfluesterer_il-sussurratore-di-viti\/","og_locale":"de_DE","og_type":"article","og_title":"Der Rebenfl\u00fcsterer \u2014 Il sussurratore di viti - weinhof KOBLER weblog","og_description":"Tats\u00e4chlich braucht es ein intensives Zwiegespr\u00e4ch zwischen dem Rebschneider und der Rebe selbst. Geht es doch nicht nur darum, ungef\u00e4hr 90 % des letztj\u00e4hrigen inzwischen verholzten Zuwachses zu entfernen. Besonders in \u00e4lteren, eher heterogenen Anlagen gilt es, den Schnitt individuell &hellip; Weiterlesen &rarr;","og_url":"https:\/\/www.kobler-margreid.com\/blog\/blog\/2012\/03\/23\/der-rebenfluesterer_il-sussurratore-di-viti\/","og_site_name":"weinhof KOBLER weblog","article_publisher":"https:\/\/www.facebook.com\/armin.kobler\/","article_author":"https:\/\/www.facebook.com\/armin.kobler\/","article_published_time":"2012-03-23T22:15:10+00:00","article_modified_time":"2012-03-24T06:24:11+00:00","og_image":[{"url":"http:\/\/www.kobler-margreid.com\/blog\/wp-content\/2012\/03\/weinhof_kobler_map_2-jpg.jpg","type":"","width":"","height":""}],"author":"armin kobler","twitter_card":"summary_large_image","twitter_misc":{"Verfasst von":"armin kobler","Gesch\u00e4tzte Lesezeit":"2\u00a0Minuten"},"schema":{"@context":"https:\/\/schema.org","@graph":[{"@type":"Article","@id":"https:\/\/www.kobler-margreid.com\/blog\/blog\/2012\/03\/23\/der-rebenfluesterer_il-sussurratore-di-viti\/#article","isPartOf":{"@id":"https:\/\/www.kobler-margreid.com\/blog\/blog\/2012\/03\/23\/der-rebenfluesterer_il-sussurratore-di-viti\/"},"author":{"name":"armin kobler","@id":"https:\/\/www.kobler-margreid.com\/blog\/#\/schema\/person\/6a2290c17f680f59c1fa7e1c7a36df3a"},"headline":"Der Rebenfl\u00fcsterer \u2014 Il sussurratore di viti","datePublished":"2012-03-23T22:15:10+00:00","dateModified":"2012-03-24T06:24:11+00:00","mainEntityOfPage":{"@id":"https:\/\/www.kobler-margreid.com\/blog\/blog\/2012\/03\/23\/der-rebenfluesterer_il-sussurratore-di-viti\/"},"wordCount":308,"commentCount":0,"publisher":{"@id":"https:\/\/www.kobler-margreid.com\/blog\/#\/schema\/person\/6a2290c17f680f59c1fa7e1c7a36df3a"},"image":{"@id":"https:\/\/www.kobler-margreid.com\/blog\/blog\/2012\/03\/23\/der-rebenfluesterer_il-sussurratore-di-viti\/#primaryimage"},"thumbnailUrl":"http:\/\/www.kobler-margreid.com\/blog\/wp-content\/2012\/03\/weinhof_kobler_map_2-jpg.jpg","keywords":["Potatura","Rebschnitt"],"articleSection":["Weingarten - Vigneto"],"inLanguage":"de","potentialAction":[{"@type":"CommentAction","name":"Comment","target":["https:\/\/www.kobler-margreid.com\/blog\/blog\/2012\/03\/23\/der-rebenfluesterer_il-sussurratore-di-viti\/#respond"]}]},{"@type":"WebPage","@id":"https:\/\/www.kobler-margreid.com\/blog\/blog\/2012\/03\/23\/der-rebenfluesterer_il-sussurratore-di-viti\/","url":"https:\/\/www.kobler-margreid.com\/blog\/blog\/2012\/03\/23\/der-rebenfluesterer_il-sussurratore-di-viti\/","name":"Der Rebenfl\u00fcsterer \u2014 Il sussurratore di viti - weinhof KOBLER weblog","isPartOf":{"@id":"https:\/\/www.kobler-margreid.com\/blog\/#website"},"primaryImageOfPage":{"@id":"https:\/\/www.kobler-margreid.com\/blog\/blog\/2012\/03\/23\/der-rebenfluesterer_il-sussurratore-di-viti\/#primaryimage"},"image":{"@id":"https:\/\/www.kobler-margreid.com\/blog\/blog\/2012\/03\/23\/der-rebenfluesterer_il-sussurratore-di-viti\/#primaryimage"},"thumbnailUrl":"http:\/\/www.kobler-margreid.com\/blog\/wp-content\/2012\/03\/weinhof_kobler_map_2-jpg.jpg","datePublished":"2012-03-23T22:15:10+00:00","dateModified":"2012-03-24T06:24:11+00:00","breadcrumb":{"@id":"https:\/\/www.kobler-margreid.com\/blog\/blog\/2012\/03\/23\/der-rebenfluesterer_il-sussurratore-di-viti\/#breadcrumb"},"inLanguage":"de","potentialAction":[{"@type":"ReadAction","target":["https:\/\/www.kobler-margreid.com\/blog\/blog\/2012\/03\/23\/der-rebenfluesterer_il-sussurratore-di-viti\/"]}]},{"@type":"ImageObject","inLanguage":"de","@id":"https:\/\/www.kobler-margreid.com\/blog\/blog\/2012\/03\/23\/der-rebenfluesterer_il-sussurratore-di-viti\/#primaryimage","url":"https:\/\/www.kobler-margreid.com\/blog\/wp-content\/2012\/03\/weinhof_kobler_map_2-jpg.jpg","contentUrl":"https:\/\/www.kobler-margreid.com\/blog\/wp-content\/2012\/03\/weinhof_kobler_map_2-jpg.jpg","width":"1015","height":"644"},{"@type":"BreadcrumbList","@id":"https:\/\/www.kobler-margreid.com\/blog\/blog\/2012\/03\/23\/der-rebenfluesterer_il-sussurratore-di-viti\/#breadcrumb","itemListElement":[{"@type":"ListItem","position":1,"name":"Startseite","item":"https:\/\/www.kobler-margreid.com\/blog\/"},{"@type":"ListItem","position":2,"name":"Der Rebenfl\u00fcsterer \u2014 Il sussurratore di viti"}]},{"@type":"WebSite","@id":"https:\/\/www.kobler-margreid.com\/blog\/#website","url":"https:\/\/www.kobler-margreid.com\/blog\/","name":"weinhof KOBLER weblog","description":"dem wein ganz nah \u2013 all&#039;interno del vino","publisher":{"@id":"https:\/\/www.kobler-margreid.com\/blog\/#\/schema\/person\/6a2290c17f680f59c1fa7e1c7a36df3a"},"potentialAction":[{"@type":"SearchAction","target":{"@type":"EntryPoint","urlTemplate":"https:\/\/www.kobler-margreid.com\/blog\/?s={search_term_string}"},"query-input":{"@type":"PropertyValueSpecification","valueRequired":true,"valueName":"search_term_string"}}],"inLanguage":"de"},{"@type":["Person","Organization"],"@id":"https:\/\/www.kobler-margreid.com\/blog\/#\/schema\/person\/6a2290c17f680f59c1fa7e1c7a36df3a","name":"armin kobler","image":{"@type":"ImageObject","inLanguage":"de","@id":"https:\/\/www.kobler-margreid.com\/blog\/wp-content\/2023\/11\/2012-05-08_09-33-03a.jpg","url":"https:\/\/www.kobler-margreid.com\/blog\/wp-content\/2023\/11\/2012-05-08_09-33-03a.jpg","contentUrl":"https:\/\/www.kobler-margreid.com\/blog\/wp-content\/2023\/11\/2012-05-08_09-33-03a.jpg","width":1088,"height":1184,"caption":"armin kobler"},"logo":{"@id":"https:\/\/www.kobler-margreid.com\/blog\/wp-content\/2023\/11\/2012-05-08_09-33-03a.jpg"},"sameAs":["http:\/\/www.kobler-margreid.com","https:\/\/www.facebook.com\/armin.kobler\/"],"url":"https:\/\/www.kobler-margreid.com\/blog\/blog\/author\/admin\/"}]}},"_links":{"self":[{"href":"https:\/\/www.kobler-margreid.com\/blog\/wp-json\/wp\/v2\/posts\/8217","targetHints":{"allow":["GET"]}}],"collection":[{"href":"https:\/\/www.kobler-margreid.com\/blog\/wp-json\/wp\/v2\/posts"}],"about":[{"href":"https:\/\/www.kobler-margreid.com\/blog\/wp-json\/wp\/v2\/types\/post"}],"author":[{"embeddable":true,"href":"https:\/\/www.kobler-margreid.com\/blog\/wp-json\/wp\/v2\/users\/1"}],"replies":[{"embeddable":true,"href":"https:\/\/www.kobler-margreid.com\/blog\/wp-json\/wp\/v2\/comments?post=8217"}],"version-history":[{"count":0,"href":"https:\/\/www.kobler-margreid.com\/blog\/wp-json\/wp\/v2\/posts\/8217\/revisions"}],"wp:attachment":[{"href":"https:\/\/www.kobler-margreid.com\/blog\/wp-json\/wp\/v2\/media?parent=8217"}],"wp:term":[{"taxonomy":"category","embeddable":true,"href":"https:\/\/www.kobler-margreid.com\/blog\/wp-json\/wp\/v2\/categories?post=8217"},{"taxonomy":"post_tag","embeddable":true,"href":"https:\/\/www.kobler-margreid.com\/blog\/wp-json\/wp\/v2\/tags?post=8217"}],"curies":[{"name":"wp","href":"https:\/\/api.w.org\/{rel}","templated":true}]}}