{"id":8292,"date":"2012-04-08T16:10:34","date_gmt":"2012-04-08T15:10:34","guid":{"rendered":"http:\/\/www.kobler-margreid.com\/blog\/?p=8292"},"modified":"2012-04-09T17:19:55","modified_gmt":"2012-04-09T16:19:55","slug":"wijn-van-zuid-tirol-in-nederland-wijnbedrijf-kobler","status":"publish","type":"post","link":"https:\/\/www.kobler-margreid.com\/blog\/blog\/2012\/04\/08\/wijn-van-zuid-tirol-in-nederland-wijnbedrijf-kobler\/","title":{"rendered":"Wijn van Zuid-Tirol in Nederland: Wijnbedrijf KOBLER"},"content":{"rendered":"<p><a href=\"http:\/\/www.kobler-margreid.com\/blog\/wp-content\/2012\/04\/antje-kobler1.jpg\" rel=\"lightbox[8292]\"><img loading=\"lazy\" decoding=\"async\" class=\"float left alignleft  wp-image-8305\" style=\"border-style: initial; border-color: initial; border-image: initial; margin-top: 0px; margin-bottom: 0px; margin-left: 0px; margin-right: 3px; border-width: 0px;\" title=\"Frau Antje\" src=\"http:\/\/www.kobler-margreid.com\/blog\/wp-content\/2012\/04\/antje-kobler1.jpg\" alt=\"\" width=\"314\" height=\"638\" srcset=\"https:\/\/www.kobler-margreid.com\/blog\/wp-content\/2012\/04\/antje-kobler1.jpg 449w, https:\/\/www.kobler-margreid.com\/blog\/wp-content\/2012\/04\/antje-kobler1-147x300.jpg 147w\" sizes=\"auto, (max-width: 314px) 100vw, 314px\" \/><\/a>Geschafft: auch die holl\u00e4ndischen Weingenie\u00dfer m\u00fcssen nicht mehr ohne die Weine vom <em>weinhof KOBLER<\/em> auskommen. Seit kurzem vertreibt das <strong><a href=\"http:\/\/www.beaugrim.nl\/\" target=\"_blank\">Wijnhuis Beaugrim<\/a>\u00a0<\/strong>unsere Produkte. Dieses\u00a0in Weert befindliche Weinhaus bietet nicht nur die Weine als Vinothek an, sondern beliefert auch den Horeca-Bereich. Zudem werden auch gef\u00fchrte Weinkosten sowie Kurse zu den verschiedenen Weinthemen angeboten. Dass meine Produkte sich in Top-Gesellschaft befinden, zeigt der ausf\u00fchrliche Online-Katalog.<\/p>\n<p><em>Fatta: D&#8217;ora in poi anche gli intenditori olandesi non devono fare da meno dei vini del <\/em>weinhof KOBLER<em>. Da poco vende il\u00a0<strong><a href=\"http:\/\/www.beaugrim.nl\/\" target=\"_blank\">Wijnhuis Beaugrim<\/a>\u00a0<\/strong>i nostri prodotti. Quest&#8217;enoteca non vende solo al consumatore finale, ma fornisce anche il settore Horeca. Inoltre vengono proposte degustazioni guidate e corsi sul vino. Che i miei prodotti si trovano in ottima compagnia si vede dal catalogo online molto esauriente.<\/em><\/p>\n<p><!--more-->Dass S\u00fcdtirol eine willkommene Destination f\u00fcr niederl\u00e4ndische Urlauber mit leicht steigender Tendenz ist, sagen die Statistiken. Dass die Nachfrage nach S\u00fcdtiroler Weinen in den Benelux-L\u00e4ndern im Steigen begriffen ist, ist auch eine erfreuliche Tatsache. Und zeigt, wie stark Wein und Tourismus ineinander verzahnt sind. In beide Richtungen! Die \u00f6rtliche Gastronomie verkauft unsere Weine und tr\u00e4gt auch zur Verbreitung unseres Image bei, doch in welcher Weinbaugegend kann man auf Grund ihrer Sch\u00f6nheit nicht auch Urlaub machen?<\/p>\n<p><em>Che il Sudtirolo sia una destinazione gradita, con un leggero aumento dei pernottamenti, per vacanziere olandesi lo dicono le statistiche. Positivo \u00e8 anche il fatto\u00a0che i vini della nostra provincia trovano sempre pi\u00f9 riscontro nei paesi Benelux. Ci\u00f2 dimostra di nuovo come turismo e vino siano attivit\u00e0 economiche legate tra di loro. Ma in tutte e due le direzioni! La ristorazione locale vende i nostri prodotti e contribuisce alla diffusione del nostro immagine, ma in quale regione viticola non si pu\u00f2 anche far vacanze in quanto l\u00e0 il paesaggio non \u00e8 bello, anzi bellissimo?<\/em><\/p>\n","protected":false},"excerpt":{"rendered":"<p>Geschafft: auch die holl\u00e4ndischen Weingenie\u00dfer m\u00fcssen nicht mehr ohne die Weine vom weinhof KOBLER auskommen. Seit kurzem vertreibt das Wijnhuis Beaugrim\u00a0unsere Produkte. Dieses\u00a0in Weert befindliche Weinhaus bietet nicht nur die Weine als Vinothek an, sondern beliefert auch den Horeca-Bereich. Zudem &hellip; <a href=\"https:\/\/www.kobler-margreid.com\/blog\/blog\/2012\/04\/08\/wijn-van-zuid-tirol-in-nederland-wijnbedrijf-kobler\/\">Weiterlesen <span class=\"meta-nav\">&rarr;<\/span><\/a><\/p>\n","protected":false},"author":1,"featured_media":0,"comment_status":"open","ping_status":"open","sticky":false,"template":"","format":"standard","meta":{"ngg_post_thumbnail":0,"footnotes":"","_links_to":"","_links_to_target":""},"categories":[114],"tags":[1069,1072,1071],"class_list":["post-8292","post","type-post","status-publish","format-standard","hentry","category-verkauf","tag-niederlande","tag-paesi-bassi","tag-wijnhuis-beaugrim"],"yoast_head":"<!-- This site is optimized with the Yoast SEO plugin v27.5 - https:\/\/yoast.com\/product\/yoast-seo-wordpress\/ -->\n<title>Wijn van Zuid-Tirol in Nederland: Wijnbedrijf KOBLER - weinhof KOBLER weblog<\/title>\n<meta name=\"robots\" content=\"index, follow, max-snippet:-1, max-image-preview:large, max-video-preview:-1\" \/>\n<link rel=\"canonical\" href=\"https:\/\/www.kobler-margreid.com\/blog\/blog\/2012\/04\/08\/wijn-van-zuid-tirol-in-nederland-wijnbedrijf-kobler\/\" \/>\n<meta property=\"og:locale\" content=\"de_DE\" \/>\n<meta property=\"og:type\" content=\"article\" \/>\n<meta property=\"og:title\" content=\"Wijn van Zuid-Tirol in Nederland: Wijnbedrijf KOBLER - weinhof KOBLER weblog\" \/>\n<meta property=\"og:description\" content=\"Geschafft: auch die holl\u00e4ndischen Weingenie\u00dfer m\u00fcssen nicht mehr ohne die Weine vom weinhof KOBLER auskommen. Seit kurzem vertreibt das Wijnhuis Beaugrim\u00a0unsere Produkte. Dieses\u00a0in Weert befindliche Weinhaus bietet nicht nur die Weine als Vinothek an, sondern beliefert auch den Horeca-Bereich. Zudem &hellip; Weiterlesen &rarr;\" \/>\n<meta property=\"og:url\" content=\"https:\/\/www.kobler-margreid.com\/blog\/blog\/2012\/04\/08\/wijn-van-zuid-tirol-in-nederland-wijnbedrijf-kobler\/\" \/>\n<meta property=\"og:site_name\" content=\"weinhof KOBLER weblog\" \/>\n<meta property=\"article:publisher\" content=\"https:\/\/www.facebook.com\/armin.kobler\/\" \/>\n<meta property=\"article:author\" content=\"https:\/\/www.facebook.com\/armin.kobler\/\" \/>\n<meta property=\"article:published_time\" content=\"2012-04-08T15:10:34+00:00\" \/>\n<meta property=\"article:modified_time\" content=\"2012-04-09T16:19:55+00:00\" \/>\n<meta property=\"og:image\" content=\"http:\/\/www.kobler-margreid.com\/blog\/wp-content\/2012\/04\/antje-kobler1.jpg\" \/>\n<meta name=\"author\" content=\"armin kobler\" \/>\n<meta name=\"twitter:card\" content=\"summary_large_image\" \/>\n<meta name=\"twitter:label1\" content=\"Verfasst von\" \/>\n\t<meta name=\"twitter:data1\" content=\"armin kobler\" \/>\n\t<meta name=\"twitter:label2\" content=\"Gesch\u00e4tzte Lesezeit\" \/>\n\t<meta name=\"twitter:data2\" content=\"2\u00a0Minuten\" \/>\n<script type=\"application\/ld+json\" class=\"yoast-schema-graph\">{\"@context\":\"https:\\\/\\\/schema.org\",\"@graph\":[{\"@type\":\"Article\",\"@id\":\"https:\\\/\\\/www.kobler-margreid.com\\\/blog\\\/blog\\\/2012\\\/04\\\/08\\\/wijn-van-zuid-tirol-in-nederland-wijnbedrijf-kobler\\\/#article\",\"isPartOf\":{\"@id\":\"https:\\\/\\\/www.kobler-margreid.com\\\/blog\\\/blog\\\/2012\\\/04\\\/08\\\/wijn-van-zuid-tirol-in-nederland-wijnbedrijf-kobler\\\/\"},\"author\":{\"name\":\"armin kobler\",\"@id\":\"https:\\\/\\\/www.kobler-margreid.com\\\/blog\\\/#\\\/schema\\\/person\\\/6a2290c17f680f59c1fa7e1c7a36df3a\"},\"headline\":\"Wijn van Zuid-Tirol in Nederland: Wijnbedrijf KOBLER\",\"datePublished\":\"2012-04-08T15:10:34+00:00\",\"dateModified\":\"2012-04-09T16:19:55+00:00\",\"mainEntityOfPage\":{\"@id\":\"https:\\\/\\\/www.kobler-margreid.com\\\/blog\\\/blog\\\/2012\\\/04\\\/08\\\/wijn-van-zuid-tirol-in-nederland-wijnbedrijf-kobler\\\/\"},\"wordCount\":316,\"commentCount\":0,\"publisher\":{\"@id\":\"https:\\\/\\\/www.kobler-margreid.com\\\/blog\\\/#\\\/schema\\\/person\\\/6a2290c17f680f59c1fa7e1c7a36df3a\"},\"image\":{\"@id\":\"https:\\\/\\\/www.kobler-margreid.com\\\/blog\\\/blog\\\/2012\\\/04\\\/08\\\/wijn-van-zuid-tirol-in-nederland-wijnbedrijf-kobler\\\/#primaryimage\"},\"thumbnailUrl\":\"http:\\\/\\\/www.kobler-margreid.com\\\/blog\\\/wp-content\\\/2012\\\/04\\\/antje-kobler1.jpg\",\"keywords\":[\"Niederlande\",\"Paesi Bassi\",\"Wijnhuis Beaugrim\"],\"articleSection\":[\"Verkauf - Vendita\"],\"inLanguage\":\"de\",\"potentialAction\":[{\"@type\":\"CommentAction\",\"name\":\"Comment\",\"target\":[\"https:\\\/\\\/www.kobler-margreid.com\\\/blog\\\/blog\\\/2012\\\/04\\\/08\\\/wijn-van-zuid-tirol-in-nederland-wijnbedrijf-kobler\\\/#respond\"]}]},{\"@type\":\"WebPage\",\"@id\":\"https:\\\/\\\/www.kobler-margreid.com\\\/blog\\\/blog\\\/2012\\\/04\\\/08\\\/wijn-van-zuid-tirol-in-nederland-wijnbedrijf-kobler\\\/\",\"url\":\"https:\\\/\\\/www.kobler-margreid.com\\\/blog\\\/blog\\\/2012\\\/04\\\/08\\\/wijn-van-zuid-tirol-in-nederland-wijnbedrijf-kobler\\\/\",\"name\":\"Wijn van Zuid-Tirol in Nederland: Wijnbedrijf KOBLER - weinhof KOBLER weblog\",\"isPartOf\":{\"@id\":\"https:\\\/\\\/www.kobler-margreid.com\\\/blog\\\/#website\"},\"primaryImageOfPage\":{\"@id\":\"https:\\\/\\\/www.kobler-margreid.com\\\/blog\\\/blog\\\/2012\\\/04\\\/08\\\/wijn-van-zuid-tirol-in-nederland-wijnbedrijf-kobler\\\/#primaryimage\"},\"image\":{\"@id\":\"https:\\\/\\\/www.kobler-margreid.com\\\/blog\\\/blog\\\/2012\\\/04\\\/08\\\/wijn-van-zuid-tirol-in-nederland-wijnbedrijf-kobler\\\/#primaryimage\"},\"thumbnailUrl\":\"http:\\\/\\\/www.kobler-margreid.com\\\/blog\\\/wp-content\\\/2012\\\/04\\\/antje-kobler1.jpg\",\"datePublished\":\"2012-04-08T15:10:34+00:00\",\"dateModified\":\"2012-04-09T16:19:55+00:00\",\"breadcrumb\":{\"@id\":\"https:\\\/\\\/www.kobler-margreid.com\\\/blog\\\/blog\\\/2012\\\/04\\\/08\\\/wijn-van-zuid-tirol-in-nederland-wijnbedrijf-kobler\\\/#breadcrumb\"},\"inLanguage\":\"de\",\"potentialAction\":[{\"@type\":\"ReadAction\",\"target\":[\"https:\\\/\\\/www.kobler-margreid.com\\\/blog\\\/blog\\\/2012\\\/04\\\/08\\\/wijn-van-zuid-tirol-in-nederland-wijnbedrijf-kobler\\\/\"]}]},{\"@type\":\"ImageObject\",\"inLanguage\":\"de\",\"@id\":\"https:\\\/\\\/www.kobler-margreid.com\\\/blog\\\/blog\\\/2012\\\/04\\\/08\\\/wijn-van-zuid-tirol-in-nederland-wijnbedrijf-kobler\\\/#primaryimage\",\"url\":\"http:\\\/\\\/www.kobler-margreid.com\\\/blog\\\/wp-content\\\/2012\\\/04\\\/antje-kobler1.jpg\",\"contentUrl\":\"http:\\\/\\\/www.kobler-margreid.com\\\/blog\\\/wp-content\\\/2012\\\/04\\\/antje-kobler1.jpg\"},{\"@type\":\"BreadcrumbList\",\"@id\":\"https:\\\/\\\/www.kobler-margreid.com\\\/blog\\\/blog\\\/2012\\\/04\\\/08\\\/wijn-van-zuid-tirol-in-nederland-wijnbedrijf-kobler\\\/#breadcrumb\",\"itemListElement\":[{\"@type\":\"ListItem\",\"position\":1,\"name\":\"Startseite\",\"item\":\"https:\\\/\\\/www.kobler-margreid.com\\\/blog\\\/\"},{\"@type\":\"ListItem\",\"position\":2,\"name\":\"Wijn van Zuid-Tirol in Nederland: Wijnbedrijf KOBLER\"}]},{\"@type\":\"WebSite\",\"@id\":\"https:\\\/\\\/www.kobler-margreid.com\\\/blog\\\/#website\",\"url\":\"https:\\\/\\\/www.kobler-margreid.com\\\/blog\\\/\",\"name\":\"weinhof KOBLER weblog\",\"description\":\"dem wein ganz nah \u2013 all&#039;interno del vino\",\"publisher\":{\"@id\":\"https:\\\/\\\/www.kobler-margreid.com\\\/blog\\\/#\\\/schema\\\/person\\\/6a2290c17f680f59c1fa7e1c7a36df3a\"},\"potentialAction\":[{\"@type\":\"SearchAction\",\"target\":{\"@type\":\"EntryPoint\",\"urlTemplate\":\"https:\\\/\\\/www.kobler-margreid.com\\\/blog\\\/?s={search_term_string}\"},\"query-input\":{\"@type\":\"PropertyValueSpecification\",\"valueRequired\":true,\"valueName\":\"search_term_string\"}}],\"inLanguage\":\"de\"},{\"@type\":[\"Person\",\"Organization\"],\"@id\":\"https:\\\/\\\/www.kobler-margreid.com\\\/blog\\\/#\\\/schema\\\/person\\\/6a2290c17f680f59c1fa7e1c7a36df3a\",\"name\":\"armin kobler\",\"image\":{\"@type\":\"ImageObject\",\"inLanguage\":\"de\",\"@id\":\"https:\\\/\\\/www.kobler-margreid.com\\\/blog\\\/wp-content\\\/2023\\\/11\\\/2012-05-08_09-33-03a.jpg\",\"url\":\"https:\\\/\\\/www.kobler-margreid.com\\\/blog\\\/wp-content\\\/2023\\\/11\\\/2012-05-08_09-33-03a.jpg\",\"contentUrl\":\"https:\\\/\\\/www.kobler-margreid.com\\\/blog\\\/wp-content\\\/2023\\\/11\\\/2012-05-08_09-33-03a.jpg\",\"width\":1088,\"height\":1184,\"caption\":\"armin kobler\"},\"logo\":{\"@id\":\"https:\\\/\\\/www.kobler-margreid.com\\\/blog\\\/wp-content\\\/2023\\\/11\\\/2012-05-08_09-33-03a.jpg\"},\"sameAs\":[\"http:\\\/\\\/www.kobler-margreid.com\",\"https:\\\/\\\/www.facebook.com\\\/armin.kobler\\\/\"],\"url\":\"https:\\\/\\\/www.kobler-margreid.com\\\/blog\\\/blog\\\/author\\\/admin\\\/\"}]}<\/script>\n<!-- \/ Yoast SEO plugin. -->","yoast_head_json":{"title":"Wijn van Zuid-Tirol in Nederland: Wijnbedrijf KOBLER - weinhof KOBLER weblog","robots":{"index":"index","follow":"follow","max-snippet":"max-snippet:-1","max-image-preview":"max-image-preview:large","max-video-preview":"max-video-preview:-1"},"canonical":"https:\/\/www.kobler-margreid.com\/blog\/blog\/2012\/04\/08\/wijn-van-zuid-tirol-in-nederland-wijnbedrijf-kobler\/","og_locale":"de_DE","og_type":"article","og_title":"Wijn van Zuid-Tirol in Nederland: Wijnbedrijf KOBLER - weinhof KOBLER weblog","og_description":"Geschafft: auch die holl\u00e4ndischen Weingenie\u00dfer m\u00fcssen nicht mehr ohne die Weine vom weinhof KOBLER auskommen. Seit kurzem vertreibt das Wijnhuis Beaugrim\u00a0unsere Produkte. Dieses\u00a0in Weert befindliche Weinhaus bietet nicht nur die Weine als Vinothek an, sondern beliefert auch den Horeca-Bereich. Zudem &hellip; Weiterlesen &rarr;","og_url":"https:\/\/www.kobler-margreid.com\/blog\/blog\/2012\/04\/08\/wijn-van-zuid-tirol-in-nederland-wijnbedrijf-kobler\/","og_site_name":"weinhof KOBLER weblog","article_publisher":"https:\/\/www.facebook.com\/armin.kobler\/","article_author":"https:\/\/www.facebook.com\/armin.kobler\/","article_published_time":"2012-04-08T15:10:34+00:00","article_modified_time":"2012-04-09T16:19:55+00:00","og_image":[{"url":"http:\/\/www.kobler-margreid.com\/blog\/wp-content\/2012\/04\/antje-kobler1.jpg","type":"","width":"","height":""}],"author":"armin kobler","twitter_card":"summary_large_image","twitter_misc":{"Verfasst von":"armin kobler","Gesch\u00e4tzte Lesezeit":"2\u00a0Minuten"},"schema":{"@context":"https:\/\/schema.org","@graph":[{"@type":"Article","@id":"https:\/\/www.kobler-margreid.com\/blog\/blog\/2012\/04\/08\/wijn-van-zuid-tirol-in-nederland-wijnbedrijf-kobler\/#article","isPartOf":{"@id":"https:\/\/www.kobler-margreid.com\/blog\/blog\/2012\/04\/08\/wijn-van-zuid-tirol-in-nederland-wijnbedrijf-kobler\/"},"author":{"name":"armin kobler","@id":"https:\/\/www.kobler-margreid.com\/blog\/#\/schema\/person\/6a2290c17f680f59c1fa7e1c7a36df3a"},"headline":"Wijn van Zuid-Tirol in Nederland: Wijnbedrijf KOBLER","datePublished":"2012-04-08T15:10:34+00:00","dateModified":"2012-04-09T16:19:55+00:00","mainEntityOfPage":{"@id":"https:\/\/www.kobler-margreid.com\/blog\/blog\/2012\/04\/08\/wijn-van-zuid-tirol-in-nederland-wijnbedrijf-kobler\/"},"wordCount":316,"commentCount":0,"publisher":{"@id":"https:\/\/www.kobler-margreid.com\/blog\/#\/schema\/person\/6a2290c17f680f59c1fa7e1c7a36df3a"},"image":{"@id":"https:\/\/www.kobler-margreid.com\/blog\/blog\/2012\/04\/08\/wijn-van-zuid-tirol-in-nederland-wijnbedrijf-kobler\/#primaryimage"},"thumbnailUrl":"http:\/\/www.kobler-margreid.com\/blog\/wp-content\/2012\/04\/antje-kobler1.jpg","keywords":["Niederlande","Paesi Bassi","Wijnhuis Beaugrim"],"articleSection":["Verkauf - Vendita"],"inLanguage":"de","potentialAction":[{"@type":"CommentAction","name":"Comment","target":["https:\/\/www.kobler-margreid.com\/blog\/blog\/2012\/04\/08\/wijn-van-zuid-tirol-in-nederland-wijnbedrijf-kobler\/#respond"]}]},{"@type":"WebPage","@id":"https:\/\/www.kobler-margreid.com\/blog\/blog\/2012\/04\/08\/wijn-van-zuid-tirol-in-nederland-wijnbedrijf-kobler\/","url":"https:\/\/www.kobler-margreid.com\/blog\/blog\/2012\/04\/08\/wijn-van-zuid-tirol-in-nederland-wijnbedrijf-kobler\/","name":"Wijn van Zuid-Tirol in Nederland: Wijnbedrijf KOBLER - weinhof KOBLER weblog","isPartOf":{"@id":"https:\/\/www.kobler-margreid.com\/blog\/#website"},"primaryImageOfPage":{"@id":"https:\/\/www.kobler-margreid.com\/blog\/blog\/2012\/04\/08\/wijn-van-zuid-tirol-in-nederland-wijnbedrijf-kobler\/#primaryimage"},"image":{"@id":"https:\/\/www.kobler-margreid.com\/blog\/blog\/2012\/04\/08\/wijn-van-zuid-tirol-in-nederland-wijnbedrijf-kobler\/#primaryimage"},"thumbnailUrl":"http:\/\/www.kobler-margreid.com\/blog\/wp-content\/2012\/04\/antje-kobler1.jpg","datePublished":"2012-04-08T15:10:34+00:00","dateModified":"2012-04-09T16:19:55+00:00","breadcrumb":{"@id":"https:\/\/www.kobler-margreid.com\/blog\/blog\/2012\/04\/08\/wijn-van-zuid-tirol-in-nederland-wijnbedrijf-kobler\/#breadcrumb"},"inLanguage":"de","potentialAction":[{"@type":"ReadAction","target":["https:\/\/www.kobler-margreid.com\/blog\/blog\/2012\/04\/08\/wijn-van-zuid-tirol-in-nederland-wijnbedrijf-kobler\/"]}]},{"@type":"ImageObject","inLanguage":"de","@id":"https:\/\/www.kobler-margreid.com\/blog\/blog\/2012\/04\/08\/wijn-van-zuid-tirol-in-nederland-wijnbedrijf-kobler\/#primaryimage","url":"http:\/\/www.kobler-margreid.com\/blog\/wp-content\/2012\/04\/antje-kobler1.jpg","contentUrl":"http:\/\/www.kobler-margreid.com\/blog\/wp-content\/2012\/04\/antje-kobler1.jpg"},{"@type":"BreadcrumbList","@id":"https:\/\/www.kobler-margreid.com\/blog\/blog\/2012\/04\/08\/wijn-van-zuid-tirol-in-nederland-wijnbedrijf-kobler\/#breadcrumb","itemListElement":[{"@type":"ListItem","position":1,"name":"Startseite","item":"https:\/\/www.kobler-margreid.com\/blog\/"},{"@type":"ListItem","position":2,"name":"Wijn van Zuid-Tirol in Nederland: Wijnbedrijf KOBLER"}]},{"@type":"WebSite","@id":"https:\/\/www.kobler-margreid.com\/blog\/#website","url":"https:\/\/www.kobler-margreid.com\/blog\/","name":"weinhof KOBLER weblog","description":"dem wein ganz nah \u2013 all&#039;interno del vino","publisher":{"@id":"https:\/\/www.kobler-margreid.com\/blog\/#\/schema\/person\/6a2290c17f680f59c1fa7e1c7a36df3a"},"potentialAction":[{"@type":"SearchAction","target":{"@type":"EntryPoint","urlTemplate":"https:\/\/www.kobler-margreid.com\/blog\/?s={search_term_string}"},"query-input":{"@type":"PropertyValueSpecification","valueRequired":true,"valueName":"search_term_string"}}],"inLanguage":"de"},{"@type":["Person","Organization"],"@id":"https:\/\/www.kobler-margreid.com\/blog\/#\/schema\/person\/6a2290c17f680f59c1fa7e1c7a36df3a","name":"armin kobler","image":{"@type":"ImageObject","inLanguage":"de","@id":"https:\/\/www.kobler-margreid.com\/blog\/wp-content\/2023\/11\/2012-05-08_09-33-03a.jpg","url":"https:\/\/www.kobler-margreid.com\/blog\/wp-content\/2023\/11\/2012-05-08_09-33-03a.jpg","contentUrl":"https:\/\/www.kobler-margreid.com\/blog\/wp-content\/2023\/11\/2012-05-08_09-33-03a.jpg","width":1088,"height":1184,"caption":"armin kobler"},"logo":{"@id":"https:\/\/www.kobler-margreid.com\/blog\/wp-content\/2023\/11\/2012-05-08_09-33-03a.jpg"},"sameAs":["http:\/\/www.kobler-margreid.com","https:\/\/www.facebook.com\/armin.kobler\/"],"url":"https:\/\/www.kobler-margreid.com\/blog\/blog\/author\/admin\/"}]}},"_links":{"self":[{"href":"https:\/\/www.kobler-margreid.com\/blog\/wp-json\/wp\/v2\/posts\/8292","targetHints":{"allow":["GET"]}}],"collection":[{"href":"https:\/\/www.kobler-margreid.com\/blog\/wp-json\/wp\/v2\/posts"}],"about":[{"href":"https:\/\/www.kobler-margreid.com\/blog\/wp-json\/wp\/v2\/types\/post"}],"author":[{"embeddable":true,"href":"https:\/\/www.kobler-margreid.com\/blog\/wp-json\/wp\/v2\/users\/1"}],"replies":[{"embeddable":true,"href":"https:\/\/www.kobler-margreid.com\/blog\/wp-json\/wp\/v2\/comments?post=8292"}],"version-history":[{"count":0,"href":"https:\/\/www.kobler-margreid.com\/blog\/wp-json\/wp\/v2\/posts\/8292\/revisions"}],"wp:attachment":[{"href":"https:\/\/www.kobler-margreid.com\/blog\/wp-json\/wp\/v2\/media?parent=8292"}],"wp:term":[{"taxonomy":"category","embeddable":true,"href":"https:\/\/www.kobler-margreid.com\/blog\/wp-json\/wp\/v2\/categories?post=8292"},{"taxonomy":"post_tag","embeddable":true,"href":"https:\/\/www.kobler-margreid.com\/blog\/wp-json\/wp\/v2\/tags?post=8292"}],"curies":[{"name":"wp","href":"https:\/\/api.w.org\/{rel}","templated":true}]}}