{"id":865,"date":"2008-11-02T23:34:47","date_gmt":"2008-11-02T21:34:47","guid":{"rendered":"http:\/\/www.kobler-margreid.com\/blog\/?p=865"},"modified":"2008-11-15T20:52:33","modified_gmt":"2008-11-15T18:52:33","slug":"fws-prasentation-zurich-zwischenbericht","status":"publish","type":"post","link":"https:\/\/www.kobler-margreid.com\/blog\/blog\/2008\/11\/02\/fws-prasentation-zurich-zwischenbericht\/","title":{"rendered":"FWS-Pr\u00e4sentation Z\u00fcrich: Zwischenbericht"},"content":{"rendered":"<p><a href=\"http:\/\/www.kobler-margreid.com\/blog\/wp-content\/2008\/11\/snv80152_cr.jpg\" rel=\"lightbox[865]\"><img loading=\"lazy\" decoding=\"async\" class=\"float left alignleft size-full wp-image-866\" style=\"border: 0pt none; margin: 0px 5px;\" title=\"snv80152_cr\" src=\"http:\/\/www.kobler-margreid.com\/blog\/wp-content\/imagescaler\/d819dc704c86e2c6d073565cc88803ab.jpg\" alt=\"\" width=\"280\" height=\"210\" \/><\/a>Wie angek\u00fcndigt, fanden sich am\u00a0 27. <span style=\"text-decoration: line-through;\">November<\/span> Oktober 2008 26 Freie Weinbauern in Z\u00fcrich ein, um ihre Weine dem Schweizer Publikum zu pr\u00e4sentieren. Der Ort, das <a href=\"http:\/\/www.zunfthauszursaffran.ch\/\" target=\"_blank\">Zunfthaus zur Saffran<\/a>, ist ideal im Zentrum von Z\u00fcrich gelegen, der Saal ist ger\u00e4umig und stilvoll.<\/p>\n<p>Der Andrang war rege, das Publikum verkostete genau, nahm sich viel Zeit und es kam zu angeregten Gespr\u00e4chen. Interessant, wieviele nach dem Chardonnay fragten. Von wegen <a title=\"Definition ABC-Trinker\" href=\"http:\/\/www.arte.tv\/de\/Willkommen\/weinprobe\/508560,CmC=512704.html\" target=\"_blank\">ABC-Ph\u00e4nomen<\/a>. Die Weinsorte\u00a0 der Chablis-Weine kommt <a title=\"Charonnay im Abw\u00e4rtstrend?\" href=\"http:\/\/blog.majestic.co.uk\/2008\/05\/30\/chardonnay-in-decline-have-your-say\/\" target=\"_blank\">wieder<\/a>! Besonders gesch\u00e4tzt wurde, dass mein &#8222;<a title=\"Weinbrief Chardonnay &quot;Ogeaner&quot;\" href=\"http:\/\/kobler-margreid.com\/deutsch\/lagen_weine\/ogeaner_ch\/ogeaner_ch.html\" target=\"_blank\">Ogeaner<\/a>&#8220; im Stahltank (<a title=\"Unwooded chardonnay?\" href=\"http:\/\/www.onlineathens.com\/stories\/102203\/foo_20031022017.shtml\" target=\"_blank\">unwooded<\/a>) und ohne S\u00e4ureabbau hergestellt wird, in krassem Gegensatz zu den \u00fcblicherweise fetten, stark von Holz und BSA gepr\u00e4gten Vettern aus der Neuen Weinwelt.<\/p>\n<p><!--more--><\/p>\n<p>Die Nachfrage nach dem Grauen Burgunder (&#8222;Ah, ein Pinot grigio!&#8220;) war anfangs eher gering, gegen Ende der Pr\u00e4sentation aber auf Grund von Empfehlungen innerhalb der anwesenden Kostergilde massiv. Nach dem Gew\u00fcrztraminer fragten ganz im Gegensatz zum italienischen Publikum wenige und diese waren ob seines geringen Restzuckergehaltes eher erstaunt.<\/p>ngg_shortcode_0_placeholder<p>Nicht geirrt habe ich mich hinsichtlich des Interesses f\u00fcr die Sorte Merlot. Sei es in der Kretzer-Variante wie in der Riserva-Version, hatte diese Sorte die meisten Anh\u00e4nger unter den Anwesenden. Der Merlot aus dem Tessin ist in der Deutschschweiz sehr beliebt, in seinem Fahrwasser k\u00f6nnte der meinige doch einige Abnehmer finden.<\/p>\n<p>Warum hat dieser Beitrag den Untertitel &#8222;Zwischenbericht&#8220;? Ich habe an dieser Fahrt teilgenommen, da ich wie einige andere Weinbauern noch keinen Importeur in der Schweiz habe, der Markt uns aber interessant vorkommt. Dies auch deshalb, weil nur den zunehmend <a title=\"Italienische Verh\u00e4ltnisse\" href=\"http:\/\/poggioargentiera.com\/blog\/2007\/10\/13\/ci-sono-dei-lussi-che-non-ci-possiamo-piu-permettere\/\" target=\"_blank\">zahlungsunsicheren<\/a> italienischen Markt bedienen auf die Dauer immer mehr Risiko birgt.<\/p>\n<p>Doch schon vor Beginn der Kost wurden wir auf dem harten Boden der schweizerisch-s\u00fcdtirolerischen Weinrealit\u00e4t zur\u00fcckgeholt. Der offen sprechende, weinkompetente <a title=\"Sepp Wimmer\" href=\"http:\/\/www.waag.ch\/publikationen\/zuhazwaag\/2004_Pressemitteilung_Neueroeffnung.pdf\" target=\"_blank\">Sepp Wimmer<\/a>, seines Zeichens Direktor des Restaurants im <a title=\"Zunfthaus zur Waag\" href=\"http:\/\/www.zunfthaus-zur-waag.ch\/index.htm\" target=\"_blank\">Zunfthaus zur Waag<\/a>, wo wir gegessen hatten, kl\u00e4rte uns auf. Seiner Erfahrung nach biete die Schweiz aktuell den Weinen aus S\u00fcdtirol wenig Chanchen. Wir leiden immer noch unter dem hausbackenen Image der vergangengen Vernatschwein-Epoche und bieten auch keine allgemein bekannte Marke, einen &#8222;Brand&#8220;, an. Momentan verkaufen sich Weine, welche bekannte Namen wie beispielsweise Amarone oder Barolo haben, fast von alleine, relativ unabh\u00e4ngig von ihrer tats\u00e4chlichen sensorischen Qualit\u00e4t. Letztlich seien die \u00f6sterreichischen Weine sehr in Mode gekommen, die Folge einer sehr konsequenten Qualit\u00e4ts- und Werbepolitik. Nur wenn der Service bewusst einen S\u00fcdtiroler empfiehlt, habe dieser auch eine Chanche, bestellt zu werden. Zum Schluss zeigte er uns die Kataloge einiger bedeutender schweizer Verteiler, dort scheinen unsere Weine seltenst bis nie auf, eine \u00f6nologische Fu\u00dfnote, nicht mehr.<\/p>\n<p>[youtube width=&#8220;320&#8243; height=&#8220;265&#8243;]http:\/\/www.youtube.com\/watch?v=FqoxsLXjIUM[\/youtube]Dementsprechend d\u00fcnn ges\u00e4t waren auch die profesionellen Interessenten bei dieser Pr\u00e4sentation. Zwei m\u00f6gliche Importeure kamen im Laufe der vier Stunden vorbei. Der Veranstaltung hat sicher nicht geholfen, dass zeitgleich in Z\u00fcrich eine <a title=\"Acad\u00e9mie du vin\" href=\"http:\/\/www.academie.org\/100bordeaux.htm#\" target=\"_blank\">Bordeaux-Verkostung<\/a> der besonderen Art stattfand. Ob sich was ergeben wird, wird sich zeigen, ich bin nicht mehr so optimistisch wie noch vor einiger Zeit. Zu oft habe ich inzwischen bemerkt, dass dem bei den Vorstellungen gezeigten Interesse keine Zusammenarbeit gefolgt ist. Mir w\u00e4re es lieber, wenn die Eink\u00e4ufer gleich sagen w\u00fcrden, dass das Produkt ihren Vorstellungen hinsichtlich Preis, Qualit\u00e4t oder Image nicht entspricht, als dass man h\u00f6rt: &#8222;Ein sehr gutes Produkt, eine saubere Qualit\u00e4tslinie, gut umgesetzt, interessantes Preis-Leistungs-Verh\u00e4ltnis, nach so was habe ich gesucht, wir melden uns&#8230;&#8220;.<\/p>\n<p>Ich muss bei diesen Ergebnissen f\u00fcr die Zukunft auch \u00fcberlegen, ob ich weiterhin bei so vielen Pr\u00e4sentationen, die doch sehr zeitintensiv und bei meinem Umsatzvolumen auch sehr teuer sind, teilnehmen werde. Wenn ich diese Zeit nutzen w\u00fcrde, um potentielle Kunden <a title=\"Kundenbesuche\" href=\"http:\/\/www.kobler-margreid.com\/blog\/2008\/06\/28\/meine-wichtigste-begleiterin\/\" target=\"_blank\">pers\u00f6nlich<\/a> zu besuchen? Dort habe ich <a title=\"Merlot Klausner Auslieferung\" href=\"http:\/\/www.kobler-margreid.com\/blog\/2008\/10\/03\/first-merlot-klausner-delivery-tour\/\" target=\"_blank\">momentan<\/a> mehr Erfolg.<\/p>\n","protected":false},"excerpt":{"rendered":"<p>Wie angek\u00fcndigt, fanden sich am\u00a0 27. November Oktober 2008 26 Freie Weinbauern in Z\u00fcrich ein, um ihre Weine dem Schweizer Publikum zu pr\u00e4sentieren. Der Ort, das Zunfthaus zur Saffran, ist ideal im Zentrum von Z\u00fcrich gelegen, der Saal ist ger\u00e4umig &hellip; <a href=\"https:\/\/www.kobler-margreid.com\/blog\/blog\/2008\/11\/02\/fws-prasentation-zurich-zwischenbericht\/\">Weiterlesen <span class=\"meta-nav\">&rarr;<\/span><\/a><\/p>\n","protected":false},"author":1,"featured_media":0,"comment_status":"open","ping_status":"open","sticky":false,"template":"","format":"standard","meta":{"ngg_post_thumbnail":0,"footnotes":"","_links_to":"","_links_to_target":""},"categories":[9],"tags":[140,205,203,206,190],"class_list":["post-865","post","type-post","status-publish","format-standard","hentry","category-oeffentlichkeitsarbeit","tag-fws","tag-sepp-wimmer","tag-zunfthaus-zur-saffran","tag-zunfthaus-zur-waag","tag-zurich"],"yoast_head":"<!-- This site is optimized with the Yoast SEO plugin v27.5 - https:\/\/yoast.com\/product\/yoast-seo-wordpress\/ -->\n<title>FWS-Pr\u00e4sentation Z\u00fcrich: Zwischenbericht - weinhof KOBLER weblog<\/title>\n<meta name=\"robots\" content=\"index, follow, max-snippet:-1, max-image-preview:large, max-video-preview:-1\" \/>\n<link rel=\"canonical\" href=\"https:\/\/www.kobler-margreid.com\/blog\/blog\/2008\/11\/02\/fws-prasentation-zurich-zwischenbericht\/\" \/>\n<meta property=\"og:locale\" content=\"de_DE\" \/>\n<meta property=\"og:type\" content=\"article\" \/>\n<meta property=\"og:title\" content=\"FWS-Pr\u00e4sentation Z\u00fcrich: Zwischenbericht - weinhof KOBLER weblog\" \/>\n<meta property=\"og:description\" content=\"Wie angek\u00fcndigt, fanden sich am\u00a0 27. November Oktober 2008 26 Freie Weinbauern in Z\u00fcrich ein, um ihre Weine dem Schweizer Publikum zu pr\u00e4sentieren. Der Ort, das Zunfthaus zur Saffran, ist ideal im Zentrum von Z\u00fcrich gelegen, der Saal ist ger\u00e4umig &hellip; Weiterlesen &rarr;\" \/>\n<meta property=\"og:url\" content=\"https:\/\/www.kobler-margreid.com\/blog\/blog\/2008\/11\/02\/fws-prasentation-zurich-zwischenbericht\/\" \/>\n<meta property=\"og:site_name\" content=\"weinhof KOBLER weblog\" \/>\n<meta property=\"article:publisher\" content=\"https:\/\/www.facebook.com\/armin.kobler\/\" \/>\n<meta property=\"article:author\" content=\"https:\/\/www.facebook.com\/armin.kobler\/\" \/>\n<meta property=\"article:published_time\" content=\"2008-11-02T21:34:47+00:00\" \/>\n<meta property=\"article:modified_time\" content=\"2008-11-15T18:52:33+00:00\" \/>\n<meta property=\"og:image\" content=\"https:\/\/www.kobler-margreid.com\/blog\/wp-content\/\/home\/pl13659\/websites\/www.kobler-margreid.com\/blog\/wp-content\/2008\/11\/snv80152_cr.jpg\" \/>\n<meta name=\"author\" content=\"armin kobler\" \/>\n<meta name=\"twitter:card\" content=\"summary_large_image\" \/>\n<meta name=\"twitter:label1\" content=\"Verfasst von\" \/>\n\t<meta name=\"twitter:data1\" content=\"armin kobler\" \/>\n\t<meta name=\"twitter:label2\" content=\"Gesch\u00e4tzte Lesezeit\" \/>\n\t<meta name=\"twitter:data2\" content=\"3\u00a0Minuten\" \/>\n<script type=\"application\/ld+json\" class=\"yoast-schema-graph\">{\"@context\":\"https:\\\/\\\/schema.org\",\"@graph\":[{\"@type\":\"Article\",\"@id\":\"https:\\\/\\\/www.kobler-margreid.com\\\/blog\\\/blog\\\/2008\\\/11\\\/02\\\/fws-prasentation-zurich-zwischenbericht\\\/#article\",\"isPartOf\":{\"@id\":\"https:\\\/\\\/www.kobler-margreid.com\\\/blog\\\/blog\\\/2008\\\/11\\\/02\\\/fws-prasentation-zurich-zwischenbericht\\\/\"},\"author\":{\"name\":\"armin kobler\",\"@id\":\"https:\\\/\\\/www.kobler-margreid.com\\\/blog\\\/#\\\/schema\\\/person\\\/6a2290c17f680f59c1fa7e1c7a36df3a\"},\"headline\":\"FWS-Pr\u00e4sentation Z\u00fcrich: Zwischenbericht\",\"datePublished\":\"2008-11-02T21:34:47+00:00\",\"dateModified\":\"2008-11-15T18:52:33+00:00\",\"mainEntityOfPage\":{\"@id\":\"https:\\\/\\\/www.kobler-margreid.com\\\/blog\\\/blog\\\/2008\\\/11\\\/02\\\/fws-prasentation-zurich-zwischenbericht\\\/\"},\"wordCount\":632,\"commentCount\":7,\"publisher\":{\"@id\":\"https:\\\/\\\/www.kobler-margreid.com\\\/blog\\\/#\\\/schema\\\/person\\\/6a2290c17f680f59c1fa7e1c7a36df3a\"},\"image\":{\"@id\":\"https:\\\/\\\/www.kobler-margreid.com\\\/blog\\\/blog\\\/2008\\\/11\\\/02\\\/fws-prasentation-zurich-zwischenbericht\\\/#primaryimage\"},\"thumbnailUrl\":\"http:\\\/\\\/www.kobler-margreid.com\\\/blog\\\/wp-content\\\/imagescaler\\\/d819dc704c86e2c6d073565cc88803ab.jpg\",\"keywords\":[\"FWS\",\"Sepp Wimmer\",\"Zunfthaus zur Saffran\",\"Zunfthaus zur Waag\",\"Z\u00fcrich\"],\"articleSection\":[\"\u00d6ffentlichkeitsarbeit - Pubbliche relazioni\"],\"inLanguage\":\"de\",\"potentialAction\":[{\"@type\":\"CommentAction\",\"name\":\"Comment\",\"target\":[\"https:\\\/\\\/www.kobler-margreid.com\\\/blog\\\/blog\\\/2008\\\/11\\\/02\\\/fws-prasentation-zurich-zwischenbericht\\\/#respond\"]}]},{\"@type\":\"WebPage\",\"@id\":\"https:\\\/\\\/www.kobler-margreid.com\\\/blog\\\/blog\\\/2008\\\/11\\\/02\\\/fws-prasentation-zurich-zwischenbericht\\\/\",\"url\":\"https:\\\/\\\/www.kobler-margreid.com\\\/blog\\\/blog\\\/2008\\\/11\\\/02\\\/fws-prasentation-zurich-zwischenbericht\\\/\",\"name\":\"FWS-Pr\u00e4sentation Z\u00fcrich: Zwischenbericht - weinhof KOBLER weblog\",\"isPartOf\":{\"@id\":\"https:\\\/\\\/www.kobler-margreid.com\\\/blog\\\/#website\"},\"primaryImageOfPage\":{\"@id\":\"https:\\\/\\\/www.kobler-margreid.com\\\/blog\\\/blog\\\/2008\\\/11\\\/02\\\/fws-prasentation-zurich-zwischenbericht\\\/#primaryimage\"},\"image\":{\"@id\":\"https:\\\/\\\/www.kobler-margreid.com\\\/blog\\\/blog\\\/2008\\\/11\\\/02\\\/fws-prasentation-zurich-zwischenbericht\\\/#primaryimage\"},\"thumbnailUrl\":\"http:\\\/\\\/www.kobler-margreid.com\\\/blog\\\/wp-content\\\/imagescaler\\\/d819dc704c86e2c6d073565cc88803ab.jpg\",\"datePublished\":\"2008-11-02T21:34:47+00:00\",\"dateModified\":\"2008-11-15T18:52:33+00:00\",\"breadcrumb\":{\"@id\":\"https:\\\/\\\/www.kobler-margreid.com\\\/blog\\\/blog\\\/2008\\\/11\\\/02\\\/fws-prasentation-zurich-zwischenbericht\\\/#breadcrumb\"},\"inLanguage\":\"de\",\"potentialAction\":[{\"@type\":\"ReadAction\",\"target\":[\"https:\\\/\\\/www.kobler-margreid.com\\\/blog\\\/blog\\\/2008\\\/11\\\/02\\\/fws-prasentation-zurich-zwischenbericht\\\/\"]}]},{\"@type\":\"ImageObject\",\"inLanguage\":\"de\",\"@id\":\"https:\\\/\\\/www.kobler-margreid.com\\\/blog\\\/blog\\\/2008\\\/11\\\/02\\\/fws-prasentation-zurich-zwischenbericht\\\/#primaryimage\",\"url\":\"https:\\\/\\\/www.kobler-margreid.com\\\/blog\\\/wp-content\\\/\\\/home\\\/pl13659\\\/websites\\\/www.kobler-margreid.com\\\/blog\\\/wp-content\\\/2008\\\/11\\\/snv80152_cr.jpg\",\"contentUrl\":\"https:\\\/\\\/www.kobler-margreid.com\\\/blog\\\/wp-content\\\/\\\/home\\\/pl13659\\\/websites\\\/www.kobler-margreid.com\\\/blog\\\/wp-content\\\/2008\\\/11\\\/snv80152_cr.jpg\"},{\"@type\":\"BreadcrumbList\",\"@id\":\"https:\\\/\\\/www.kobler-margreid.com\\\/blog\\\/blog\\\/2008\\\/11\\\/02\\\/fws-prasentation-zurich-zwischenbericht\\\/#breadcrumb\",\"itemListElement\":[{\"@type\":\"ListItem\",\"position\":1,\"name\":\"Startseite\",\"item\":\"https:\\\/\\\/www.kobler-margreid.com\\\/blog\\\/\"},{\"@type\":\"ListItem\",\"position\":2,\"name\":\"FWS-Pr\u00e4sentation Z\u00fcrich: Zwischenbericht\"}]},{\"@type\":\"WebSite\",\"@id\":\"https:\\\/\\\/www.kobler-margreid.com\\\/blog\\\/#website\",\"url\":\"https:\\\/\\\/www.kobler-margreid.com\\\/blog\\\/\",\"name\":\"weinhof KOBLER weblog\",\"description\":\"dem wein ganz nah \u2013 all&#039;interno del vino\",\"publisher\":{\"@id\":\"https:\\\/\\\/www.kobler-margreid.com\\\/blog\\\/#\\\/schema\\\/person\\\/6a2290c17f680f59c1fa7e1c7a36df3a\"},\"potentialAction\":[{\"@type\":\"SearchAction\",\"target\":{\"@type\":\"EntryPoint\",\"urlTemplate\":\"https:\\\/\\\/www.kobler-margreid.com\\\/blog\\\/?s={search_term_string}\"},\"query-input\":{\"@type\":\"PropertyValueSpecification\",\"valueRequired\":true,\"valueName\":\"search_term_string\"}}],\"inLanguage\":\"de\"},{\"@type\":[\"Person\",\"Organization\"],\"@id\":\"https:\\\/\\\/www.kobler-margreid.com\\\/blog\\\/#\\\/schema\\\/person\\\/6a2290c17f680f59c1fa7e1c7a36df3a\",\"name\":\"armin kobler\",\"image\":{\"@type\":\"ImageObject\",\"inLanguage\":\"de\",\"@id\":\"https:\\\/\\\/www.kobler-margreid.com\\\/blog\\\/wp-content\\\/2023\\\/11\\\/2012-05-08_09-33-03a.jpg\",\"url\":\"https:\\\/\\\/www.kobler-margreid.com\\\/blog\\\/wp-content\\\/2023\\\/11\\\/2012-05-08_09-33-03a.jpg\",\"contentUrl\":\"https:\\\/\\\/www.kobler-margreid.com\\\/blog\\\/wp-content\\\/2023\\\/11\\\/2012-05-08_09-33-03a.jpg\",\"width\":1088,\"height\":1184,\"caption\":\"armin kobler\"},\"logo\":{\"@id\":\"https:\\\/\\\/www.kobler-margreid.com\\\/blog\\\/wp-content\\\/2023\\\/11\\\/2012-05-08_09-33-03a.jpg\"},\"sameAs\":[\"http:\\\/\\\/www.kobler-margreid.com\",\"https:\\\/\\\/www.facebook.com\\\/armin.kobler\\\/\"],\"url\":\"https:\\\/\\\/www.kobler-margreid.com\\\/blog\\\/blog\\\/author\\\/admin\\\/\"}]}<\/script>\n<!-- \/ Yoast SEO plugin. -->","yoast_head_json":{"title":"FWS-Pr\u00e4sentation Z\u00fcrich: Zwischenbericht - weinhof KOBLER weblog","robots":{"index":"index","follow":"follow","max-snippet":"max-snippet:-1","max-image-preview":"max-image-preview:large","max-video-preview":"max-video-preview:-1"},"canonical":"https:\/\/www.kobler-margreid.com\/blog\/blog\/2008\/11\/02\/fws-prasentation-zurich-zwischenbericht\/","og_locale":"de_DE","og_type":"article","og_title":"FWS-Pr\u00e4sentation Z\u00fcrich: Zwischenbericht - weinhof KOBLER weblog","og_description":"Wie angek\u00fcndigt, fanden sich am\u00a0 27. November Oktober 2008 26 Freie Weinbauern in Z\u00fcrich ein, um ihre Weine dem Schweizer Publikum zu pr\u00e4sentieren. Der Ort, das Zunfthaus zur Saffran, ist ideal im Zentrum von Z\u00fcrich gelegen, der Saal ist ger\u00e4umig &hellip; Weiterlesen &rarr;","og_url":"https:\/\/www.kobler-margreid.com\/blog\/blog\/2008\/11\/02\/fws-prasentation-zurich-zwischenbericht\/","og_site_name":"weinhof KOBLER weblog","article_publisher":"https:\/\/www.facebook.com\/armin.kobler\/","article_author":"https:\/\/www.facebook.com\/armin.kobler\/","article_published_time":"2008-11-02T21:34:47+00:00","article_modified_time":"2008-11-15T18:52:33+00:00","og_image":[{"url":"https:\/\/www.kobler-margreid.com\/blog\/wp-content\/\/home\/pl13659\/websites\/www.kobler-margreid.com\/blog\/wp-content\/2008\/11\/snv80152_cr.jpg","type":"","width":"","height":""}],"author":"armin kobler","twitter_card":"summary_large_image","twitter_misc":{"Verfasst von":"armin kobler","Gesch\u00e4tzte Lesezeit":"3\u00a0Minuten"},"schema":{"@context":"https:\/\/schema.org","@graph":[{"@type":"Article","@id":"https:\/\/www.kobler-margreid.com\/blog\/blog\/2008\/11\/02\/fws-prasentation-zurich-zwischenbericht\/#article","isPartOf":{"@id":"https:\/\/www.kobler-margreid.com\/blog\/blog\/2008\/11\/02\/fws-prasentation-zurich-zwischenbericht\/"},"author":{"name":"armin kobler","@id":"https:\/\/www.kobler-margreid.com\/blog\/#\/schema\/person\/6a2290c17f680f59c1fa7e1c7a36df3a"},"headline":"FWS-Pr\u00e4sentation Z\u00fcrich: Zwischenbericht","datePublished":"2008-11-02T21:34:47+00:00","dateModified":"2008-11-15T18:52:33+00:00","mainEntityOfPage":{"@id":"https:\/\/www.kobler-margreid.com\/blog\/blog\/2008\/11\/02\/fws-prasentation-zurich-zwischenbericht\/"},"wordCount":632,"commentCount":7,"publisher":{"@id":"https:\/\/www.kobler-margreid.com\/blog\/#\/schema\/person\/6a2290c17f680f59c1fa7e1c7a36df3a"},"image":{"@id":"https:\/\/www.kobler-margreid.com\/blog\/blog\/2008\/11\/02\/fws-prasentation-zurich-zwischenbericht\/#primaryimage"},"thumbnailUrl":"http:\/\/www.kobler-margreid.com\/blog\/wp-content\/imagescaler\/d819dc704c86e2c6d073565cc88803ab.jpg","keywords":["FWS","Sepp Wimmer","Zunfthaus zur Saffran","Zunfthaus zur Waag","Z\u00fcrich"],"articleSection":["\u00d6ffentlichkeitsarbeit - Pubbliche relazioni"],"inLanguage":"de","potentialAction":[{"@type":"CommentAction","name":"Comment","target":["https:\/\/www.kobler-margreid.com\/blog\/blog\/2008\/11\/02\/fws-prasentation-zurich-zwischenbericht\/#respond"]}]},{"@type":"WebPage","@id":"https:\/\/www.kobler-margreid.com\/blog\/blog\/2008\/11\/02\/fws-prasentation-zurich-zwischenbericht\/","url":"https:\/\/www.kobler-margreid.com\/blog\/blog\/2008\/11\/02\/fws-prasentation-zurich-zwischenbericht\/","name":"FWS-Pr\u00e4sentation Z\u00fcrich: Zwischenbericht - weinhof KOBLER weblog","isPartOf":{"@id":"https:\/\/www.kobler-margreid.com\/blog\/#website"},"primaryImageOfPage":{"@id":"https:\/\/www.kobler-margreid.com\/blog\/blog\/2008\/11\/02\/fws-prasentation-zurich-zwischenbericht\/#primaryimage"},"image":{"@id":"https:\/\/www.kobler-margreid.com\/blog\/blog\/2008\/11\/02\/fws-prasentation-zurich-zwischenbericht\/#primaryimage"},"thumbnailUrl":"http:\/\/www.kobler-margreid.com\/blog\/wp-content\/imagescaler\/d819dc704c86e2c6d073565cc88803ab.jpg","datePublished":"2008-11-02T21:34:47+00:00","dateModified":"2008-11-15T18:52:33+00:00","breadcrumb":{"@id":"https:\/\/www.kobler-margreid.com\/blog\/blog\/2008\/11\/02\/fws-prasentation-zurich-zwischenbericht\/#breadcrumb"},"inLanguage":"de","potentialAction":[{"@type":"ReadAction","target":["https:\/\/www.kobler-margreid.com\/blog\/blog\/2008\/11\/02\/fws-prasentation-zurich-zwischenbericht\/"]}]},{"@type":"ImageObject","inLanguage":"de","@id":"https:\/\/www.kobler-margreid.com\/blog\/blog\/2008\/11\/02\/fws-prasentation-zurich-zwischenbericht\/#primaryimage","url":"https:\/\/www.kobler-margreid.com\/blog\/wp-content\/\/home\/pl13659\/websites\/www.kobler-margreid.com\/blog\/wp-content\/2008\/11\/snv80152_cr.jpg","contentUrl":"https:\/\/www.kobler-margreid.com\/blog\/wp-content\/\/home\/pl13659\/websites\/www.kobler-margreid.com\/blog\/wp-content\/2008\/11\/snv80152_cr.jpg"},{"@type":"BreadcrumbList","@id":"https:\/\/www.kobler-margreid.com\/blog\/blog\/2008\/11\/02\/fws-prasentation-zurich-zwischenbericht\/#breadcrumb","itemListElement":[{"@type":"ListItem","position":1,"name":"Startseite","item":"https:\/\/www.kobler-margreid.com\/blog\/"},{"@type":"ListItem","position":2,"name":"FWS-Pr\u00e4sentation Z\u00fcrich: Zwischenbericht"}]},{"@type":"WebSite","@id":"https:\/\/www.kobler-margreid.com\/blog\/#website","url":"https:\/\/www.kobler-margreid.com\/blog\/","name":"weinhof KOBLER weblog","description":"dem wein ganz nah \u2013 all&#039;interno del vino","publisher":{"@id":"https:\/\/www.kobler-margreid.com\/blog\/#\/schema\/person\/6a2290c17f680f59c1fa7e1c7a36df3a"},"potentialAction":[{"@type":"SearchAction","target":{"@type":"EntryPoint","urlTemplate":"https:\/\/www.kobler-margreid.com\/blog\/?s={search_term_string}"},"query-input":{"@type":"PropertyValueSpecification","valueRequired":true,"valueName":"search_term_string"}}],"inLanguage":"de"},{"@type":["Person","Organization"],"@id":"https:\/\/www.kobler-margreid.com\/blog\/#\/schema\/person\/6a2290c17f680f59c1fa7e1c7a36df3a","name":"armin kobler","image":{"@type":"ImageObject","inLanguage":"de","@id":"https:\/\/www.kobler-margreid.com\/blog\/wp-content\/2023\/11\/2012-05-08_09-33-03a.jpg","url":"https:\/\/www.kobler-margreid.com\/blog\/wp-content\/2023\/11\/2012-05-08_09-33-03a.jpg","contentUrl":"https:\/\/www.kobler-margreid.com\/blog\/wp-content\/2023\/11\/2012-05-08_09-33-03a.jpg","width":1088,"height":1184,"caption":"armin kobler"},"logo":{"@id":"https:\/\/www.kobler-margreid.com\/blog\/wp-content\/2023\/11\/2012-05-08_09-33-03a.jpg"},"sameAs":["http:\/\/www.kobler-margreid.com","https:\/\/www.facebook.com\/armin.kobler\/"],"url":"https:\/\/www.kobler-margreid.com\/blog\/blog\/author\/admin\/"}]}},"_links":{"self":[{"href":"https:\/\/www.kobler-margreid.com\/blog\/wp-json\/wp\/v2\/posts\/865","targetHints":{"allow":["GET"]}}],"collection":[{"href":"https:\/\/www.kobler-margreid.com\/blog\/wp-json\/wp\/v2\/posts"}],"about":[{"href":"https:\/\/www.kobler-margreid.com\/blog\/wp-json\/wp\/v2\/types\/post"}],"author":[{"embeddable":true,"href":"https:\/\/www.kobler-margreid.com\/blog\/wp-json\/wp\/v2\/users\/1"}],"replies":[{"embeddable":true,"href":"https:\/\/www.kobler-margreid.com\/blog\/wp-json\/wp\/v2\/comments?post=865"}],"version-history":[{"count":0,"href":"https:\/\/www.kobler-margreid.com\/blog\/wp-json\/wp\/v2\/posts\/865\/revisions"}],"wp:attachment":[{"href":"https:\/\/www.kobler-margreid.com\/blog\/wp-json\/wp\/v2\/media?parent=865"}],"wp:term":[{"taxonomy":"category","embeddable":true,"href":"https:\/\/www.kobler-margreid.com\/blog\/wp-json\/wp\/v2\/categories?post=865"},{"taxonomy":"post_tag","embeddable":true,"href":"https:\/\/www.kobler-margreid.com\/blog\/wp-json\/wp\/v2\/tags?post=865"}],"curies":[{"name":"wp","href":"https:\/\/api.w.org\/{rel}","templated":true}]}}