{"id":87,"date":"2008-06-15T22:25:25","date_gmt":"2008-06-15T20:25:25","guid":{"rendered":"http:\/\/www.kobler-margreid.com\/blog\/?p=87"},"modified":"2008-06-16T13:10:32","modified_gmt":"2008-06-16T11:10:32","slug":"2-nacht-der-keller-am-weinhof-kobler","status":"publish","type":"post","link":"https:\/\/www.kobler-margreid.com\/blog\/blog\/2008\/06\/15\/2-nacht-der-keller-am-weinhof-kobler\/","title":{"rendered":"2. &#8222;Nacht der Keller&#8220; am Weinhof Kobler"},"content":{"rendered":"<p><a title=\"suedtiroler weinstra\u00dfe nacht der keller\" href=\"http:\/\/www.suedtiroler-weinstrasse.it\/deutsch\/aktuelle-veranstaltungen\/nacht-der-keller.html\" target=\"_blank\"><\/a><a href=\"http:\/\/www.kobler-margreid.com\/blog\/wp-content\/2008\/06\/ws__nachtderkeller_08.jpg\" rel=\"lightbox[87]\"><img loading=\"lazy\" decoding=\"async\" class=\"size-full wp-image-93\" style=\"vertical-align: middle;\" title=\"ws__nachtderkeller_08\" src=\"http:\/\/www.kobler-margreid.com\/blog\/wp-content\/imagescaler\/153a0a1ff1e4c64be5a938224c29cdba.jpg\" alt=\"\" width=\"500\" height=\"203\" \/><\/a><\/p>\n<p>Eine konsumentennahe \u00d6ffentlichkeitsarbeit ist f\u00fcr einen Klein(st)produzenten \u00e4u\u00dferst wichtig, weshalb ich mich schnell wieder von der Teilnahme an der &#8222;Nacht der Keller&#8220; \u00fcberzeugen lie\u00df. 35 Kellereien beteiligten sich heuer an dieser  Abschlussveranstaltung der vier Wochen dauernden <a title=\"weinstra\u00dfenwochen\" href=\"http:\/\/www.suedtiroler-weinstrasse.it\/deutsch\/aktuelle-veranstaltungen\/suedtiroler-weinstrassenwochen.html\" target=\"_blank\">Weinstra\u00dfenwochen<\/a> und warteten mit  den verschiedensten <a title=\"Programm Nacht der Keller\" href=\"http:\/\/www.suedtiroler-weinstrasse.it\/cms\/upload\/ws_ndk_programm_de.pdf\" target=\"_blank\">Angeboten<\/a> auf. Wir selbst, auch Dank der begrenzten Mittel, haben den Schwerpunkt auf die Kulinarik gelegt und den Abend unter dem Motto &#8222;Wein, Brot &amp; K\u00e4se im Genuss vereint &#8211; K\u00f6stliches zum Genie\u00dfen und Entdecken&#8220; gestellt. Dazu haben wir die B\u00e4ckerei <a href=\"http:\/\/www.plazotta.it\" target=\"_blank\">Plazotta<\/a> aus St. Pauls und die Hofk\u00e4serei <a title=\"Hofk\u00e4serei Erschbaumerhof\" href=\"http:\/\/www.roterhahn.it\/de\/qualitaetsprodukte\/baeuerliche-produkte-einkaufen-suedtirol\/hofdetail\/erschbaumerhof-ritten+3789.html\" target=\"_blank\">Erschbaumerhof<\/a> aus Unterinn eingeladen.<\/p>\n<p><!--more--><\/p>\n<p>W\u00e4hrend Horst Tschaikner und seine Schwester vor Ort w\u00fcrziges, knusperfrisches Geb\u00e4ck aus ihren mobilen Holzofen holten, verw\u00f6hnte das Ehepaar Lobis von ihrem mobilen Stand aus die G\u00e4ste mit zahlreichen, \u00e4u\u00dferst schmackhaften K\u00e4sesorten verschiedener Herkunft. Viele Besucher nahmen die Gelegenheit wahr, um sich mit diesen K\u00f6stlichkeiten auch f\u00fcr zu Hause einzudecken.<\/p>\n<p><a href=\"http:\/\/www.kobler-margreid.com\/blog\/wp-content\/2008\/06\/etikette_mc_05.jpg\" rel=\"lightbox[87]\"><\/a><a href=\"http:\/\/www.kobler-margreid.com\/blog\/wp-content\/2008\/06\/etikette_mc_05.jpg\" rel=\"lightbox[87]\"><img loading=\"lazy\" decoding=\"async\" class=\"alignleft alignnone size-full wp-image-96\" style=\"margin-left: 10px; margin-right: 10px; float: left;\" title=\"etikette_mc_05\" src=\"http:\/\/www.kobler-margreid.com\/blog\/wp-content\/imagescaler\/df4e4e8c31863c4d9727df0e5a4d329a.jpg\" alt=\"\" width=\"250\" height=\"324\" \/><\/a>Wir selbst pr\u00e4sentierten unsere Weinpalette, die auf ziemliche Zustimmung bei den Besuchern stie\u00df. Ein funktionierender <a href=\"http:\/\/www.suedtiroler-weinstrasse.it\/cms\/upload\/ws_karte_web.pdf\" target=\"_blank\">Shuttledienst<\/a> erlaubte es ihnen, den Zuspruch auch in einen nennenswerten Konsum auszudr\u00fccken. Wahrscheinlich ein letztes Mal wurde ein Wein der ausgelaufenen Hobbylinie, der Merlot-Cabernet Klausner 2005, angeboten. Die weichen aber doch pr\u00e4senten Gerbstoffe sowie der merlot-typische, reife Erdgeruch lie\u00dfen diesen Wein zum Favoriten des (sp\u00e4ten) Abends werden. Welcher Kontrast, die aktuellen, n\u00fcchtern-funktionalen Etiketten neben den alten zu sehen. F\u00fchrungen durch den Keller vervollst\u00e4ndigten das Angebot.<\/p>\n<p>Die Besucherzahl selbst war geringer als im vorigen Jahr. Ob es das ungew\u00f6hnlich kalte und windige Wetter, die Fu\u00dfball-EM, das Dorfturnier in Margreid, die periphere Lage am s\u00fcdlichen Ende der Weinstra\u00dfe, der geringe Bekanntheitsgrad, das fehlende Musikangebot oder einfach nur das vielzitierte \u00dcberangebot an (Wein-)Veranstaltungen waren, ist schwer zu kl\u00e4ren. Ich bin neugierig auf das Echo der Kollegen, welche auch gestern die Kellertore ge\u00f6ffnet hielten. Als teilnehmender Betrieb bekommt man ja selbst nichts mit von den Veranstaltungen anderswo und kann deshalb kaum vergleichen.<\/p>\n<p>Jene, die z.T. auch sehr lange am Hof geblieben sind, haben jedenfalls einen zufriedenen Eindruck gemacht. Ein Danke geht in jedem Fall an Plazotta und Erschbaumer, welche wesentlich zur Qualit\u00e4t dieser Kellernacht beigetragen haben.<\/p>ngg_shortcode_0_placeholder","protected":false},"excerpt":{"rendered":"<p>Eine konsumentennahe \u00d6ffentlichkeitsarbeit ist f\u00fcr einen Klein(st)produzenten \u00e4u\u00dferst wichtig, weshalb ich mich schnell wieder von der Teilnahme an der &#8222;Nacht der Keller&#8220; \u00fcberzeugen lie\u00df. 35 Kellereien beteiligten sich heuer an dieser Abschlussveranstaltung der vier Wochen dauernden Weinstra\u00dfenwochen und warteten mit &hellip; <a href=\"https:\/\/www.kobler-margreid.com\/blog\/blog\/2008\/06\/15\/2-nacht-der-keller-am-weinhof-kobler\/\">Weiterlesen <span class=\"meta-nav\">&rarr;<\/span><\/a><\/p>\n","protected":false},"author":1,"featured_media":0,"comment_status":"open","ping_status":"open","sticky":false,"template":"","format":"standard","meta":{"ngg_post_thumbnail":0,"footnotes":"","_links_to":"","_links_to_target":""},"categories":[9],"tags":[95,81,94,80],"class_list":["post-87","post","type-post","status-publish","format-standard","hentry","category-oeffentlichkeitsarbeit","tag-erschbaumerhof","tag-nacht-der-keller","tag-plazotta","tag-weinstrasenwochen"],"yoast_head":"<!-- This site is optimized with the Yoast SEO plugin v27.5 - https:\/\/yoast.com\/product\/yoast-seo-wordpress\/ -->\n<title>2. &quot;Nacht der Keller&quot; am Weinhof Kobler - weinhof KOBLER weblog<\/title>\n<meta name=\"robots\" content=\"index, follow, max-snippet:-1, max-image-preview:large, max-video-preview:-1\" \/>\n<link rel=\"canonical\" href=\"https:\/\/www.kobler-margreid.com\/blog\/blog\/2008\/06\/15\/2-nacht-der-keller-am-weinhof-kobler\/\" \/>\n<meta property=\"og:locale\" content=\"de_DE\" \/>\n<meta property=\"og:type\" content=\"article\" \/>\n<meta property=\"og:title\" content=\"2. &quot;Nacht der Keller&quot; am Weinhof Kobler - weinhof KOBLER weblog\" \/>\n<meta property=\"og:description\" content=\"Eine konsumentennahe \u00d6ffentlichkeitsarbeit ist f\u00fcr einen Klein(st)produzenten \u00e4u\u00dferst wichtig, weshalb ich mich schnell wieder von der Teilnahme an der &#8222;Nacht der Keller&#8220; \u00fcberzeugen lie\u00df. 35 Kellereien beteiligten sich heuer an dieser Abschlussveranstaltung der vier Wochen dauernden Weinstra\u00dfenwochen und warteten mit &hellip; Weiterlesen &rarr;\" \/>\n<meta property=\"og:url\" content=\"https:\/\/www.kobler-margreid.com\/blog\/blog\/2008\/06\/15\/2-nacht-der-keller-am-weinhof-kobler\/\" \/>\n<meta property=\"og:site_name\" content=\"weinhof KOBLER weblog\" \/>\n<meta property=\"article:publisher\" content=\"https:\/\/www.facebook.com\/armin.kobler\/\" \/>\n<meta property=\"article:author\" content=\"https:\/\/www.facebook.com\/armin.kobler\/\" \/>\n<meta property=\"article:published_time\" content=\"2008-06-15T20:25:25+00:00\" \/>\n<meta property=\"article:modified_time\" content=\"2008-06-16T11:10:32+00:00\" \/>\n<meta property=\"og:image\" content=\"https:\/\/www.kobler-margreid.com\/blog\/wp-content\/\/home\/pl13659\/websites\/www.kobler-margreid.com\/blog\/wp-content\/2008\/06\/logo_ws.png\" \/>\n<meta name=\"author\" content=\"armin kobler\" \/>\n<meta name=\"twitter:card\" content=\"summary_large_image\" \/>\n<meta name=\"twitter:label1\" content=\"Verfasst von\" \/>\n\t<meta name=\"twitter:data1\" content=\"armin kobler\" \/>\n\t<meta name=\"twitter:label2\" content=\"Gesch\u00e4tzte Lesezeit\" \/>\n\t<meta name=\"twitter:data2\" content=\"2\u00a0Minuten\" \/>\n<script type=\"application\/ld+json\" class=\"yoast-schema-graph\">{\"@context\":\"https:\\\/\\\/schema.org\",\"@graph\":[{\"@type\":\"Article\",\"@id\":\"https:\\\/\\\/www.kobler-margreid.com\\\/blog\\\/blog\\\/2008\\\/06\\\/15\\\/2-nacht-der-keller-am-weinhof-kobler\\\/#article\",\"isPartOf\":{\"@id\":\"https:\\\/\\\/www.kobler-margreid.com\\\/blog\\\/blog\\\/2008\\\/06\\\/15\\\/2-nacht-der-keller-am-weinhof-kobler\\\/\"},\"author\":{\"name\":\"armin kobler\",\"@id\":\"https:\\\/\\\/www.kobler-margreid.com\\\/blog\\\/#\\\/schema\\\/person\\\/6a2290c17f680f59c1fa7e1c7a36df3a\"},\"headline\":\"2. &#8222;Nacht der Keller&#8220; am Weinhof Kobler\",\"datePublished\":\"2008-06-15T20:25:25+00:00\",\"dateModified\":\"2008-06-16T11:10:32+00:00\",\"mainEntityOfPage\":{\"@id\":\"https:\\\/\\\/www.kobler-margreid.com\\\/blog\\\/blog\\\/2008\\\/06\\\/15\\\/2-nacht-der-keller-am-weinhof-kobler\\\/\"},\"wordCount\":382,\"commentCount\":0,\"publisher\":{\"@id\":\"https:\\\/\\\/www.kobler-margreid.com\\\/blog\\\/#\\\/schema\\\/person\\\/6a2290c17f680f59c1fa7e1c7a36df3a\"},\"image\":{\"@id\":\"https:\\\/\\\/www.kobler-margreid.com\\\/blog\\\/blog\\\/2008\\\/06\\\/15\\\/2-nacht-der-keller-am-weinhof-kobler\\\/#primaryimage\"},\"thumbnailUrl\":\"http:\\\/\\\/www.kobler-margreid.com\\\/blog\\\/wp-content\\\/imagescaler\\\/153a0a1ff1e4c64be5a938224c29cdba.jpg\",\"keywords\":[\"Erschbaumerhof\",\"Nacht der Keller\",\"Plazotta\",\"Weinstra\u00dfenwochen\"],\"articleSection\":[\"\u00d6ffentlichkeitsarbeit - Pubbliche relazioni\"],\"inLanguage\":\"de\",\"potentialAction\":[{\"@type\":\"CommentAction\",\"name\":\"Comment\",\"target\":[\"https:\\\/\\\/www.kobler-margreid.com\\\/blog\\\/blog\\\/2008\\\/06\\\/15\\\/2-nacht-der-keller-am-weinhof-kobler\\\/#respond\"]}]},{\"@type\":\"WebPage\",\"@id\":\"https:\\\/\\\/www.kobler-margreid.com\\\/blog\\\/blog\\\/2008\\\/06\\\/15\\\/2-nacht-der-keller-am-weinhof-kobler\\\/\",\"url\":\"https:\\\/\\\/www.kobler-margreid.com\\\/blog\\\/blog\\\/2008\\\/06\\\/15\\\/2-nacht-der-keller-am-weinhof-kobler\\\/\",\"name\":\"2. \\\"Nacht der Keller\\\" am Weinhof Kobler - weinhof KOBLER weblog\",\"isPartOf\":{\"@id\":\"https:\\\/\\\/www.kobler-margreid.com\\\/blog\\\/#website\"},\"primaryImageOfPage\":{\"@id\":\"https:\\\/\\\/www.kobler-margreid.com\\\/blog\\\/blog\\\/2008\\\/06\\\/15\\\/2-nacht-der-keller-am-weinhof-kobler\\\/#primaryimage\"},\"image\":{\"@id\":\"https:\\\/\\\/www.kobler-margreid.com\\\/blog\\\/blog\\\/2008\\\/06\\\/15\\\/2-nacht-der-keller-am-weinhof-kobler\\\/#primaryimage\"},\"thumbnailUrl\":\"http:\\\/\\\/www.kobler-margreid.com\\\/blog\\\/wp-content\\\/imagescaler\\\/153a0a1ff1e4c64be5a938224c29cdba.jpg\",\"datePublished\":\"2008-06-15T20:25:25+00:00\",\"dateModified\":\"2008-06-16T11:10:32+00:00\",\"breadcrumb\":{\"@id\":\"https:\\\/\\\/www.kobler-margreid.com\\\/blog\\\/blog\\\/2008\\\/06\\\/15\\\/2-nacht-der-keller-am-weinhof-kobler\\\/#breadcrumb\"},\"inLanguage\":\"de\",\"potentialAction\":[{\"@type\":\"ReadAction\",\"target\":[\"https:\\\/\\\/www.kobler-margreid.com\\\/blog\\\/blog\\\/2008\\\/06\\\/15\\\/2-nacht-der-keller-am-weinhof-kobler\\\/\"]}]},{\"@type\":\"ImageObject\",\"inLanguage\":\"de\",\"@id\":\"https:\\\/\\\/www.kobler-margreid.com\\\/blog\\\/blog\\\/2008\\\/06\\\/15\\\/2-nacht-der-keller-am-weinhof-kobler\\\/#primaryimage\",\"url\":\"https:\\\/\\\/www.kobler-margreid.com\\\/blog\\\/wp-content\\\/\\\/home\\\/pl13659\\\/websites\\\/www.kobler-margreid.com\\\/blog\\\/wp-content\\\/2008\\\/06\\\/ws__nachtderkeller_08.jpg\",\"contentUrl\":\"https:\\\/\\\/www.kobler-margreid.com\\\/blog\\\/wp-content\\\/\\\/home\\\/pl13659\\\/websites\\\/www.kobler-margreid.com\\\/blog\\\/wp-content\\\/2008\\\/06\\\/ws__nachtderkeller_08.jpg\"},{\"@type\":\"BreadcrumbList\",\"@id\":\"https:\\\/\\\/www.kobler-margreid.com\\\/blog\\\/blog\\\/2008\\\/06\\\/15\\\/2-nacht-der-keller-am-weinhof-kobler\\\/#breadcrumb\",\"itemListElement\":[{\"@type\":\"ListItem\",\"position\":1,\"name\":\"Startseite\",\"item\":\"https:\\\/\\\/www.kobler-margreid.com\\\/blog\\\/\"},{\"@type\":\"ListItem\",\"position\":2,\"name\":\"2. &#8222;Nacht der Keller&#8220; am Weinhof Kobler\"}]},{\"@type\":\"WebSite\",\"@id\":\"https:\\\/\\\/www.kobler-margreid.com\\\/blog\\\/#website\",\"url\":\"https:\\\/\\\/www.kobler-margreid.com\\\/blog\\\/\",\"name\":\"weinhof KOBLER weblog\",\"description\":\"dem wein ganz nah \u2013 all&#039;interno del vino\",\"publisher\":{\"@id\":\"https:\\\/\\\/www.kobler-margreid.com\\\/blog\\\/#\\\/schema\\\/person\\\/6a2290c17f680f59c1fa7e1c7a36df3a\"},\"potentialAction\":[{\"@type\":\"SearchAction\",\"target\":{\"@type\":\"EntryPoint\",\"urlTemplate\":\"https:\\\/\\\/www.kobler-margreid.com\\\/blog\\\/?s={search_term_string}\"},\"query-input\":{\"@type\":\"PropertyValueSpecification\",\"valueRequired\":true,\"valueName\":\"search_term_string\"}}],\"inLanguage\":\"de\"},{\"@type\":[\"Person\",\"Organization\"],\"@id\":\"https:\\\/\\\/www.kobler-margreid.com\\\/blog\\\/#\\\/schema\\\/person\\\/6a2290c17f680f59c1fa7e1c7a36df3a\",\"name\":\"armin kobler\",\"image\":{\"@type\":\"ImageObject\",\"inLanguage\":\"de\",\"@id\":\"https:\\\/\\\/www.kobler-margreid.com\\\/blog\\\/wp-content\\\/2023\\\/11\\\/2012-05-08_09-33-03a.jpg\",\"url\":\"https:\\\/\\\/www.kobler-margreid.com\\\/blog\\\/wp-content\\\/2023\\\/11\\\/2012-05-08_09-33-03a.jpg\",\"contentUrl\":\"https:\\\/\\\/www.kobler-margreid.com\\\/blog\\\/wp-content\\\/2023\\\/11\\\/2012-05-08_09-33-03a.jpg\",\"width\":1088,\"height\":1184,\"caption\":\"armin kobler\"},\"logo\":{\"@id\":\"https:\\\/\\\/www.kobler-margreid.com\\\/blog\\\/wp-content\\\/2023\\\/11\\\/2012-05-08_09-33-03a.jpg\"},\"sameAs\":[\"http:\\\/\\\/www.kobler-margreid.com\",\"https:\\\/\\\/www.facebook.com\\\/armin.kobler\\\/\"],\"url\":\"https:\\\/\\\/www.kobler-margreid.com\\\/blog\\\/blog\\\/author\\\/admin\\\/\"}]}<\/script>\n<!-- \/ Yoast SEO plugin. -->","yoast_head_json":{"title":"2. \"Nacht der Keller\" am Weinhof Kobler - weinhof KOBLER weblog","robots":{"index":"index","follow":"follow","max-snippet":"max-snippet:-1","max-image-preview":"max-image-preview:large","max-video-preview":"max-video-preview:-1"},"canonical":"https:\/\/www.kobler-margreid.com\/blog\/blog\/2008\/06\/15\/2-nacht-der-keller-am-weinhof-kobler\/","og_locale":"de_DE","og_type":"article","og_title":"2. \"Nacht der Keller\" am Weinhof Kobler - weinhof KOBLER weblog","og_description":"Eine konsumentennahe \u00d6ffentlichkeitsarbeit ist f\u00fcr einen Klein(st)produzenten \u00e4u\u00dferst wichtig, weshalb ich mich schnell wieder von der Teilnahme an der &#8222;Nacht der Keller&#8220; \u00fcberzeugen lie\u00df. 35 Kellereien beteiligten sich heuer an dieser Abschlussveranstaltung der vier Wochen dauernden Weinstra\u00dfenwochen und warteten mit &hellip; Weiterlesen &rarr;","og_url":"https:\/\/www.kobler-margreid.com\/blog\/blog\/2008\/06\/15\/2-nacht-der-keller-am-weinhof-kobler\/","og_site_name":"weinhof KOBLER weblog","article_publisher":"https:\/\/www.facebook.com\/armin.kobler\/","article_author":"https:\/\/www.facebook.com\/armin.kobler\/","article_published_time":"2008-06-15T20:25:25+00:00","article_modified_time":"2008-06-16T11:10:32+00:00","og_image":[{"url":"https:\/\/www.kobler-margreid.com\/blog\/wp-content\/\/home\/pl13659\/websites\/www.kobler-margreid.com\/blog\/wp-content\/2008\/06\/logo_ws.png","type":"","width":"","height":""}],"author":"armin kobler","twitter_card":"summary_large_image","twitter_misc":{"Verfasst von":"armin kobler","Gesch\u00e4tzte Lesezeit":"2\u00a0Minuten"},"schema":{"@context":"https:\/\/schema.org","@graph":[{"@type":"Article","@id":"https:\/\/www.kobler-margreid.com\/blog\/blog\/2008\/06\/15\/2-nacht-der-keller-am-weinhof-kobler\/#article","isPartOf":{"@id":"https:\/\/www.kobler-margreid.com\/blog\/blog\/2008\/06\/15\/2-nacht-der-keller-am-weinhof-kobler\/"},"author":{"name":"armin kobler","@id":"https:\/\/www.kobler-margreid.com\/blog\/#\/schema\/person\/6a2290c17f680f59c1fa7e1c7a36df3a"},"headline":"2. &#8222;Nacht der Keller&#8220; am Weinhof Kobler","datePublished":"2008-06-15T20:25:25+00:00","dateModified":"2008-06-16T11:10:32+00:00","mainEntityOfPage":{"@id":"https:\/\/www.kobler-margreid.com\/blog\/blog\/2008\/06\/15\/2-nacht-der-keller-am-weinhof-kobler\/"},"wordCount":382,"commentCount":0,"publisher":{"@id":"https:\/\/www.kobler-margreid.com\/blog\/#\/schema\/person\/6a2290c17f680f59c1fa7e1c7a36df3a"},"image":{"@id":"https:\/\/www.kobler-margreid.com\/blog\/blog\/2008\/06\/15\/2-nacht-der-keller-am-weinhof-kobler\/#primaryimage"},"thumbnailUrl":"http:\/\/www.kobler-margreid.com\/blog\/wp-content\/imagescaler\/153a0a1ff1e4c64be5a938224c29cdba.jpg","keywords":["Erschbaumerhof","Nacht der Keller","Plazotta","Weinstra\u00dfenwochen"],"articleSection":["\u00d6ffentlichkeitsarbeit - Pubbliche relazioni"],"inLanguage":"de","potentialAction":[{"@type":"CommentAction","name":"Comment","target":["https:\/\/www.kobler-margreid.com\/blog\/blog\/2008\/06\/15\/2-nacht-der-keller-am-weinhof-kobler\/#respond"]}]},{"@type":"WebPage","@id":"https:\/\/www.kobler-margreid.com\/blog\/blog\/2008\/06\/15\/2-nacht-der-keller-am-weinhof-kobler\/","url":"https:\/\/www.kobler-margreid.com\/blog\/blog\/2008\/06\/15\/2-nacht-der-keller-am-weinhof-kobler\/","name":"2. \"Nacht der Keller\" am Weinhof Kobler - weinhof KOBLER weblog","isPartOf":{"@id":"https:\/\/www.kobler-margreid.com\/blog\/#website"},"primaryImageOfPage":{"@id":"https:\/\/www.kobler-margreid.com\/blog\/blog\/2008\/06\/15\/2-nacht-der-keller-am-weinhof-kobler\/#primaryimage"},"image":{"@id":"https:\/\/www.kobler-margreid.com\/blog\/blog\/2008\/06\/15\/2-nacht-der-keller-am-weinhof-kobler\/#primaryimage"},"thumbnailUrl":"http:\/\/www.kobler-margreid.com\/blog\/wp-content\/imagescaler\/153a0a1ff1e4c64be5a938224c29cdba.jpg","datePublished":"2008-06-15T20:25:25+00:00","dateModified":"2008-06-16T11:10:32+00:00","breadcrumb":{"@id":"https:\/\/www.kobler-margreid.com\/blog\/blog\/2008\/06\/15\/2-nacht-der-keller-am-weinhof-kobler\/#breadcrumb"},"inLanguage":"de","potentialAction":[{"@type":"ReadAction","target":["https:\/\/www.kobler-margreid.com\/blog\/blog\/2008\/06\/15\/2-nacht-der-keller-am-weinhof-kobler\/"]}]},{"@type":"ImageObject","inLanguage":"de","@id":"https:\/\/www.kobler-margreid.com\/blog\/blog\/2008\/06\/15\/2-nacht-der-keller-am-weinhof-kobler\/#primaryimage","url":"https:\/\/www.kobler-margreid.com\/blog\/wp-content\/\/home\/pl13659\/websites\/www.kobler-margreid.com\/blog\/wp-content\/2008\/06\/ws__nachtderkeller_08.jpg","contentUrl":"https:\/\/www.kobler-margreid.com\/blog\/wp-content\/\/home\/pl13659\/websites\/www.kobler-margreid.com\/blog\/wp-content\/2008\/06\/ws__nachtderkeller_08.jpg"},{"@type":"BreadcrumbList","@id":"https:\/\/www.kobler-margreid.com\/blog\/blog\/2008\/06\/15\/2-nacht-der-keller-am-weinhof-kobler\/#breadcrumb","itemListElement":[{"@type":"ListItem","position":1,"name":"Startseite","item":"https:\/\/www.kobler-margreid.com\/blog\/"},{"@type":"ListItem","position":2,"name":"2. &#8222;Nacht der Keller&#8220; am Weinhof Kobler"}]},{"@type":"WebSite","@id":"https:\/\/www.kobler-margreid.com\/blog\/#website","url":"https:\/\/www.kobler-margreid.com\/blog\/","name":"weinhof KOBLER weblog","description":"dem wein ganz nah \u2013 all&#039;interno del vino","publisher":{"@id":"https:\/\/www.kobler-margreid.com\/blog\/#\/schema\/person\/6a2290c17f680f59c1fa7e1c7a36df3a"},"potentialAction":[{"@type":"SearchAction","target":{"@type":"EntryPoint","urlTemplate":"https:\/\/www.kobler-margreid.com\/blog\/?s={search_term_string}"},"query-input":{"@type":"PropertyValueSpecification","valueRequired":true,"valueName":"search_term_string"}}],"inLanguage":"de"},{"@type":["Person","Organization"],"@id":"https:\/\/www.kobler-margreid.com\/blog\/#\/schema\/person\/6a2290c17f680f59c1fa7e1c7a36df3a","name":"armin kobler","image":{"@type":"ImageObject","inLanguage":"de","@id":"https:\/\/www.kobler-margreid.com\/blog\/wp-content\/2023\/11\/2012-05-08_09-33-03a.jpg","url":"https:\/\/www.kobler-margreid.com\/blog\/wp-content\/2023\/11\/2012-05-08_09-33-03a.jpg","contentUrl":"https:\/\/www.kobler-margreid.com\/blog\/wp-content\/2023\/11\/2012-05-08_09-33-03a.jpg","width":1088,"height":1184,"caption":"armin kobler"},"logo":{"@id":"https:\/\/www.kobler-margreid.com\/blog\/wp-content\/2023\/11\/2012-05-08_09-33-03a.jpg"},"sameAs":["http:\/\/www.kobler-margreid.com","https:\/\/www.facebook.com\/armin.kobler\/"],"url":"https:\/\/www.kobler-margreid.com\/blog\/blog\/author\/admin\/"}]}},"_links":{"self":[{"href":"https:\/\/www.kobler-margreid.com\/blog\/wp-json\/wp\/v2\/posts\/87","targetHints":{"allow":["GET"]}}],"collection":[{"href":"https:\/\/www.kobler-margreid.com\/blog\/wp-json\/wp\/v2\/posts"}],"about":[{"href":"https:\/\/www.kobler-margreid.com\/blog\/wp-json\/wp\/v2\/types\/post"}],"author":[{"embeddable":true,"href":"https:\/\/www.kobler-margreid.com\/blog\/wp-json\/wp\/v2\/users\/1"}],"replies":[{"embeddable":true,"href":"https:\/\/www.kobler-margreid.com\/blog\/wp-json\/wp\/v2\/comments?post=87"}],"version-history":[{"count":0,"href":"https:\/\/www.kobler-margreid.com\/blog\/wp-json\/wp\/v2\/posts\/87\/revisions"}],"wp:attachment":[{"href":"https:\/\/www.kobler-margreid.com\/blog\/wp-json\/wp\/v2\/media?parent=87"}],"wp:term":[{"taxonomy":"category","embeddable":true,"href":"https:\/\/www.kobler-margreid.com\/blog\/wp-json\/wp\/v2\/categories?post=87"},{"taxonomy":"post_tag","embeddable":true,"href":"https:\/\/www.kobler-margreid.com\/blog\/wp-json\/wp\/v2\/tags?post=87"}],"curies":[{"name":"wp","href":"https:\/\/api.w.org\/{rel}","templated":true}]}}