{"id":8945,"date":"2012-08-21T23:04:42","date_gmt":"2012-08-21T22:04:42","guid":{"rendered":"http:\/\/www.kobler-margreid.com\/blog\/?p=8945"},"modified":"2012-08-25T22:47:11","modified_gmt":"2012-08-25T21:47:11","slug":"cool-wine-tasting-event-vinea-tirolensis-2012","status":"publish","type":"post","link":"https:\/\/www.kobler-margreid.com\/blog\/blog\/2012\/08\/21\/cool-wine-tasting-event-vinea-tirolensis-2012\/","title":{"rendered":"Cool wine tasting event: Vinea tirolensis 2012"},"content":{"rendered":"<p><a href=\"http:\/\/www.kobler-margreid.com\/blog\/wp-content\/2012\/08\/vinea-20121.jpg\" rel=\"lightbox[8945]\"><img loading=\"lazy\" decoding=\"async\" class=\"float left alignleft  wp-image-8952\" style=\"border: 0px; margin: 0px;\" title=\"vinea 2012\" src=\"http:\/\/www.kobler-margreid.com\/blog\/wp-content\/2012\/08\/vinea-20121.jpg\" alt=\"\" width=\"525\" height=\"326\" \/><\/a><\/p>\n<p>Die Wettervoraussichten sehen wieder einmal hei\u00dfe letzte Augusttage voraus. Bis 34 \u00b0 soll die Quecksilbers\u00e4ule am Tag der Veranstaltung, Freitag den 24., ansteigen. Macht aber nichts, wie schon letztes Jahr findet die 13. Ausgabe der <a href=\"http:\/\/www.fws.it\/vinea-tirolensis-2012.pdf\"><strong>Vinea tirolensis<\/strong><\/a>\u00a0in den gek\u00fchlten\u00a0\u2014\u00a0nat\u00fcrlich freiger\u00e4umten \u2014\u00a0R\u00e4umen der Autocity Barchetti statt. Wir, die Freien Weinbauern S\u00fcdtirol, haben wieder mit viel Einsatz eine Veranstaltung organisiert, welche wenig \u00f6nophile W\u00fcnsche in Bezug auf S\u00fcdtirol offen lassen sollte.<\/p>\n<p><em>Le previsioni del tempo predicono temperature che a Bolzano il giorno della manifestazione, cio\u00e8 venerd\u00ec 24, raggiungeranno i 35 gradi, come di consueto ormai alla fine di agosto. Per\u00f2 ci importa poco, infatti la tredicesima edizione della\u00a0<strong><a href=\"http:\/\/www.fws.it\/vinea-tirolensis-2012.pdf\">Vinea tirolensis<\/a><\/strong>\u00a0avr\u00e0 luogo come l&#8217;anno scorso negli spazi climatizzati (e sgombrati ovviamente) dell&#8217;Autocity Barchetti. Noi Vignaioli sudtirolesi abbiamo di nuovo cercato di fare il possibile per mettere in piedi un evento che dovrebbe soddisfare i gusti enofili circa i vini altoatesini.<\/em><\/p>\n<p>Hier kann man einen Bericht (auf italienisch, deutschsprachige Sender sind leider nicht mit Aufnahmeteam erschienen) der heutigen Pressekonferenz anschauen, er wurde von der Anstalt\u00a0<a href=\"http:\/\/www.altoadigetv.it\" target=\"_blank\">Alto Adige TV<\/a>\u00a0aufgenommen.<\/p>\n<p><em>A seguito una ripresa della conferenza stampa che ha avuto luogo oggi, ripresa da <a href=\"http:\/\/www.altoadigetv.it\" target=\"_blank\">Alto Adige TV<\/a>.<\/em><\/p>\n<p><em><\/em>[youtube width=&#8220;530&#8243; height=&#8220;400&#8243;]http:\/\/youtu.be\/jaUqeP7p_Sc[\/youtube]<\/p>\n<p>Nachdem dieser Blog ja auch ein digitales Tagebuch darstellt, stelle ich der Vollst\u00e4ndigkeit halber noch zwei deutschsprachige (<a href=\"http:\/\/www.kobler-margreid.com\/download_blog\/vinea_pk_2012_tageszeitung_22_08_2012.jpg\" rel=\"lightbox[8945]\">Tageszeitung<\/a>, <a href=\"http:\/\/www.kobler-margreid.com\/download_blog\/vinea_pk_2012_dolomiten_22_08_2012.jpg\" rel=\"lightbox[8945]\">Dolomiten<\/a>) Zeitungsartikel der Pressekonferenz ein.<\/p>\n","protected":false},"excerpt":{"rendered":"<p>Die Wettervoraussichten sehen wieder einmal hei\u00dfe letzte Augusttage voraus. Bis 34 \u00b0 soll die Quecksilbers\u00e4ule am Tag der Veranstaltung, Freitag den 24., ansteigen. Macht aber nichts, wie schon letztes Jahr findet die 13. Ausgabe der Vinea tirolensis\u00a0in den gek\u00fchlten\u00a0\u2014\u00a0nat\u00fcrlich freiger\u00e4umten &hellip; <a href=\"https:\/\/www.kobler-margreid.com\/blog\/blog\/2012\/08\/21\/cool-wine-tasting-event-vinea-tirolensis-2012\/\">Weiterlesen <span class=\"meta-nav\">&rarr;<\/span><\/a><\/p>\n","protected":false},"author":1,"featured_media":0,"comment_status":"open","ping_status":"open","sticky":false,"template":"","format":"standard","meta":{"ngg_post_thumbnail":0,"footnotes":"","_links_to":"","_links_to_target":""},"categories":[138,9],"tags":[957,1120,1119,139],"class_list":["post-8945","post","type-post","status-publish","format-standard","hentry","category-ankundigung","category-oeffentlichkeitsarbeit","tag-autocity-barchetti","tag-conferenza-stampa","tag-pressekonferenz","tag-vinea-tirolensis"],"yoast_head":"<!-- This site is optimized with the Yoast SEO plugin v27.5 - https:\/\/yoast.com\/product\/yoast-seo-wordpress\/ -->\n<title>Cool wine tasting event: Vinea tirolensis 2012 - weinhof KOBLER weblog<\/title>\n<meta name=\"robots\" content=\"index, follow, max-snippet:-1, max-image-preview:large, max-video-preview:-1\" \/>\n<link rel=\"canonical\" href=\"https:\/\/www.kobler-margreid.com\/blog\/blog\/2012\/08\/21\/cool-wine-tasting-event-vinea-tirolensis-2012\/\" \/>\n<meta property=\"og:locale\" content=\"de_DE\" \/>\n<meta property=\"og:type\" content=\"article\" \/>\n<meta property=\"og:title\" content=\"Cool wine tasting event: Vinea tirolensis 2012 - weinhof KOBLER weblog\" \/>\n<meta property=\"og:description\" content=\"Die Wettervoraussichten sehen wieder einmal hei\u00dfe letzte Augusttage voraus. Bis 34 \u00b0 soll die Quecksilbers\u00e4ule am Tag der Veranstaltung, Freitag den 24., ansteigen. Macht aber nichts, wie schon letztes Jahr findet die 13. Ausgabe der Vinea tirolensis\u00a0in den gek\u00fchlten\u00a0\u2014\u00a0nat\u00fcrlich freiger\u00e4umten &hellip; Weiterlesen &rarr;\" \/>\n<meta property=\"og:url\" content=\"https:\/\/www.kobler-margreid.com\/blog\/blog\/2012\/08\/21\/cool-wine-tasting-event-vinea-tirolensis-2012\/\" \/>\n<meta property=\"og:site_name\" content=\"weinhof KOBLER weblog\" \/>\n<meta property=\"article:publisher\" content=\"https:\/\/www.facebook.com\/armin.kobler\/\" \/>\n<meta property=\"article:author\" content=\"https:\/\/www.facebook.com\/armin.kobler\/\" \/>\n<meta property=\"article:published_time\" content=\"2012-08-21T22:04:42+00:00\" \/>\n<meta property=\"article:modified_time\" content=\"2012-08-25T21:47:11+00:00\" \/>\n<meta property=\"og:image\" content=\"http:\/\/www.kobler-margreid.com\/blog\/wp-content\/2012\/08\/vinea-20121.jpg\" \/>\n<meta name=\"author\" content=\"armin kobler\" \/>\n<meta name=\"twitter:card\" content=\"summary_large_image\" \/>\n<meta name=\"twitter:label1\" content=\"Verfasst von\" \/>\n\t<meta name=\"twitter:data1\" content=\"armin kobler\" \/>\n\t<meta name=\"twitter:label2\" content=\"Gesch\u00e4tzte Lesezeit\" \/>\n\t<meta name=\"twitter:data2\" content=\"1\u00a0Minute\" \/>\n<script type=\"application\/ld+json\" class=\"yoast-schema-graph\">{\"@context\":\"https:\\\/\\\/schema.org\",\"@graph\":[{\"@type\":\"Article\",\"@id\":\"https:\\\/\\\/www.kobler-margreid.com\\\/blog\\\/blog\\\/2012\\\/08\\\/21\\\/cool-wine-tasting-event-vinea-tirolensis-2012\\\/#article\",\"isPartOf\":{\"@id\":\"https:\\\/\\\/www.kobler-margreid.com\\\/blog\\\/blog\\\/2012\\\/08\\\/21\\\/cool-wine-tasting-event-vinea-tirolensis-2012\\\/\"},\"author\":{\"name\":\"armin kobler\",\"@id\":\"https:\\\/\\\/www.kobler-margreid.com\\\/blog\\\/#\\\/schema\\\/person\\\/6a2290c17f680f59c1fa7e1c7a36df3a\"},\"headline\":\"Cool wine tasting event: Vinea tirolensis 2012\",\"datePublished\":\"2012-08-21T22:04:42+00:00\",\"dateModified\":\"2012-08-25T21:47:11+00:00\",\"mainEntityOfPage\":{\"@id\":\"https:\\\/\\\/www.kobler-margreid.com\\\/blog\\\/blog\\\/2012\\\/08\\\/21\\\/cool-wine-tasting-event-vinea-tirolensis-2012\\\/\"},\"wordCount\":238,\"commentCount\":2,\"publisher\":{\"@id\":\"https:\\\/\\\/www.kobler-margreid.com\\\/blog\\\/#\\\/schema\\\/person\\\/6a2290c17f680f59c1fa7e1c7a36df3a\"},\"image\":{\"@id\":\"https:\\\/\\\/www.kobler-margreid.com\\\/blog\\\/blog\\\/2012\\\/08\\\/21\\\/cool-wine-tasting-event-vinea-tirolensis-2012\\\/#primaryimage\"},\"thumbnailUrl\":\"http:\\\/\\\/www.kobler-margreid.com\\\/blog\\\/wp-content\\\/2012\\\/08\\\/vinea-20121.jpg\",\"keywords\":[\"Autocity Barchetti\",\"Conferenza stampa\",\"Pressekonferenz\",\"Vinea tirolensis\"],\"articleSection\":[\"Ank\u00fcndigung - Annuncio\",\"\u00d6ffentlichkeitsarbeit - Pubbliche relazioni\"],\"inLanguage\":\"de\",\"potentialAction\":[{\"@type\":\"CommentAction\",\"name\":\"Comment\",\"target\":[\"https:\\\/\\\/www.kobler-margreid.com\\\/blog\\\/blog\\\/2012\\\/08\\\/21\\\/cool-wine-tasting-event-vinea-tirolensis-2012\\\/#respond\"]}]},{\"@type\":\"WebPage\",\"@id\":\"https:\\\/\\\/www.kobler-margreid.com\\\/blog\\\/blog\\\/2012\\\/08\\\/21\\\/cool-wine-tasting-event-vinea-tirolensis-2012\\\/\",\"url\":\"https:\\\/\\\/www.kobler-margreid.com\\\/blog\\\/blog\\\/2012\\\/08\\\/21\\\/cool-wine-tasting-event-vinea-tirolensis-2012\\\/\",\"name\":\"Cool wine tasting event: Vinea tirolensis 2012 - weinhof KOBLER weblog\",\"isPartOf\":{\"@id\":\"https:\\\/\\\/www.kobler-margreid.com\\\/blog\\\/#website\"},\"primaryImageOfPage\":{\"@id\":\"https:\\\/\\\/www.kobler-margreid.com\\\/blog\\\/blog\\\/2012\\\/08\\\/21\\\/cool-wine-tasting-event-vinea-tirolensis-2012\\\/#primaryimage\"},\"image\":{\"@id\":\"https:\\\/\\\/www.kobler-margreid.com\\\/blog\\\/blog\\\/2012\\\/08\\\/21\\\/cool-wine-tasting-event-vinea-tirolensis-2012\\\/#primaryimage\"},\"thumbnailUrl\":\"http:\\\/\\\/www.kobler-margreid.com\\\/blog\\\/wp-content\\\/2012\\\/08\\\/vinea-20121.jpg\",\"datePublished\":\"2012-08-21T22:04:42+00:00\",\"dateModified\":\"2012-08-25T21:47:11+00:00\",\"breadcrumb\":{\"@id\":\"https:\\\/\\\/www.kobler-margreid.com\\\/blog\\\/blog\\\/2012\\\/08\\\/21\\\/cool-wine-tasting-event-vinea-tirolensis-2012\\\/#breadcrumb\"},\"inLanguage\":\"de\",\"potentialAction\":[{\"@type\":\"ReadAction\",\"target\":[\"https:\\\/\\\/www.kobler-margreid.com\\\/blog\\\/blog\\\/2012\\\/08\\\/21\\\/cool-wine-tasting-event-vinea-tirolensis-2012\\\/\"]}]},{\"@type\":\"ImageObject\",\"inLanguage\":\"de\",\"@id\":\"https:\\\/\\\/www.kobler-margreid.com\\\/blog\\\/blog\\\/2012\\\/08\\\/21\\\/cool-wine-tasting-event-vinea-tirolensis-2012\\\/#primaryimage\",\"url\":\"http:\\\/\\\/www.kobler-margreid.com\\\/blog\\\/wp-content\\\/2012\\\/08\\\/vinea-20121.jpg\",\"contentUrl\":\"http:\\\/\\\/www.kobler-margreid.com\\\/blog\\\/wp-content\\\/2012\\\/08\\\/vinea-20121.jpg\"},{\"@type\":\"BreadcrumbList\",\"@id\":\"https:\\\/\\\/www.kobler-margreid.com\\\/blog\\\/blog\\\/2012\\\/08\\\/21\\\/cool-wine-tasting-event-vinea-tirolensis-2012\\\/#breadcrumb\",\"itemListElement\":[{\"@type\":\"ListItem\",\"position\":1,\"name\":\"Startseite\",\"item\":\"https:\\\/\\\/www.kobler-margreid.com\\\/blog\\\/\"},{\"@type\":\"ListItem\",\"position\":2,\"name\":\"Cool wine tasting event: Vinea tirolensis 2012\"}]},{\"@type\":\"WebSite\",\"@id\":\"https:\\\/\\\/www.kobler-margreid.com\\\/blog\\\/#website\",\"url\":\"https:\\\/\\\/www.kobler-margreid.com\\\/blog\\\/\",\"name\":\"weinhof KOBLER weblog\",\"description\":\"dem wein ganz nah \u2013 all&#039;interno del vino\",\"publisher\":{\"@id\":\"https:\\\/\\\/www.kobler-margreid.com\\\/blog\\\/#\\\/schema\\\/person\\\/6a2290c17f680f59c1fa7e1c7a36df3a\"},\"potentialAction\":[{\"@type\":\"SearchAction\",\"target\":{\"@type\":\"EntryPoint\",\"urlTemplate\":\"https:\\\/\\\/www.kobler-margreid.com\\\/blog\\\/?s={search_term_string}\"},\"query-input\":{\"@type\":\"PropertyValueSpecification\",\"valueRequired\":true,\"valueName\":\"search_term_string\"}}],\"inLanguage\":\"de\"},{\"@type\":[\"Person\",\"Organization\"],\"@id\":\"https:\\\/\\\/www.kobler-margreid.com\\\/blog\\\/#\\\/schema\\\/person\\\/6a2290c17f680f59c1fa7e1c7a36df3a\",\"name\":\"armin kobler\",\"image\":{\"@type\":\"ImageObject\",\"inLanguage\":\"de\",\"@id\":\"https:\\\/\\\/www.kobler-margreid.com\\\/blog\\\/wp-content\\\/2023\\\/11\\\/2012-05-08_09-33-03a.jpg\",\"url\":\"https:\\\/\\\/www.kobler-margreid.com\\\/blog\\\/wp-content\\\/2023\\\/11\\\/2012-05-08_09-33-03a.jpg\",\"contentUrl\":\"https:\\\/\\\/www.kobler-margreid.com\\\/blog\\\/wp-content\\\/2023\\\/11\\\/2012-05-08_09-33-03a.jpg\",\"width\":1088,\"height\":1184,\"caption\":\"armin kobler\"},\"logo\":{\"@id\":\"https:\\\/\\\/www.kobler-margreid.com\\\/blog\\\/wp-content\\\/2023\\\/11\\\/2012-05-08_09-33-03a.jpg\"},\"sameAs\":[\"http:\\\/\\\/www.kobler-margreid.com\",\"https:\\\/\\\/www.facebook.com\\\/armin.kobler\\\/\"],\"url\":\"https:\\\/\\\/www.kobler-margreid.com\\\/blog\\\/blog\\\/author\\\/admin\\\/\"}]}<\/script>\n<!-- \/ Yoast SEO plugin. -->","yoast_head_json":{"title":"Cool wine tasting event: Vinea tirolensis 2012 - weinhof KOBLER weblog","robots":{"index":"index","follow":"follow","max-snippet":"max-snippet:-1","max-image-preview":"max-image-preview:large","max-video-preview":"max-video-preview:-1"},"canonical":"https:\/\/www.kobler-margreid.com\/blog\/blog\/2012\/08\/21\/cool-wine-tasting-event-vinea-tirolensis-2012\/","og_locale":"de_DE","og_type":"article","og_title":"Cool wine tasting event: Vinea tirolensis 2012 - weinhof KOBLER weblog","og_description":"Die Wettervoraussichten sehen wieder einmal hei\u00dfe letzte Augusttage voraus. Bis 34 \u00b0 soll die Quecksilbers\u00e4ule am Tag der Veranstaltung, Freitag den 24., ansteigen. Macht aber nichts, wie schon letztes Jahr findet die 13. Ausgabe der Vinea tirolensis\u00a0in den gek\u00fchlten\u00a0\u2014\u00a0nat\u00fcrlich freiger\u00e4umten &hellip; Weiterlesen &rarr;","og_url":"https:\/\/www.kobler-margreid.com\/blog\/blog\/2012\/08\/21\/cool-wine-tasting-event-vinea-tirolensis-2012\/","og_site_name":"weinhof KOBLER weblog","article_publisher":"https:\/\/www.facebook.com\/armin.kobler\/","article_author":"https:\/\/www.facebook.com\/armin.kobler\/","article_published_time":"2012-08-21T22:04:42+00:00","article_modified_time":"2012-08-25T21:47:11+00:00","og_image":[{"url":"http:\/\/www.kobler-margreid.com\/blog\/wp-content\/2012\/08\/vinea-20121.jpg","type":"","width":"","height":""}],"author":"armin kobler","twitter_card":"summary_large_image","twitter_misc":{"Verfasst von":"armin kobler","Gesch\u00e4tzte Lesezeit":"1\u00a0Minute"},"schema":{"@context":"https:\/\/schema.org","@graph":[{"@type":"Article","@id":"https:\/\/www.kobler-margreid.com\/blog\/blog\/2012\/08\/21\/cool-wine-tasting-event-vinea-tirolensis-2012\/#article","isPartOf":{"@id":"https:\/\/www.kobler-margreid.com\/blog\/blog\/2012\/08\/21\/cool-wine-tasting-event-vinea-tirolensis-2012\/"},"author":{"name":"armin kobler","@id":"https:\/\/www.kobler-margreid.com\/blog\/#\/schema\/person\/6a2290c17f680f59c1fa7e1c7a36df3a"},"headline":"Cool wine tasting event: Vinea tirolensis 2012","datePublished":"2012-08-21T22:04:42+00:00","dateModified":"2012-08-25T21:47:11+00:00","mainEntityOfPage":{"@id":"https:\/\/www.kobler-margreid.com\/blog\/blog\/2012\/08\/21\/cool-wine-tasting-event-vinea-tirolensis-2012\/"},"wordCount":238,"commentCount":2,"publisher":{"@id":"https:\/\/www.kobler-margreid.com\/blog\/#\/schema\/person\/6a2290c17f680f59c1fa7e1c7a36df3a"},"image":{"@id":"https:\/\/www.kobler-margreid.com\/blog\/blog\/2012\/08\/21\/cool-wine-tasting-event-vinea-tirolensis-2012\/#primaryimage"},"thumbnailUrl":"http:\/\/www.kobler-margreid.com\/blog\/wp-content\/2012\/08\/vinea-20121.jpg","keywords":["Autocity Barchetti","Conferenza stampa","Pressekonferenz","Vinea tirolensis"],"articleSection":["Ank\u00fcndigung - Annuncio","\u00d6ffentlichkeitsarbeit - Pubbliche relazioni"],"inLanguage":"de","potentialAction":[{"@type":"CommentAction","name":"Comment","target":["https:\/\/www.kobler-margreid.com\/blog\/blog\/2012\/08\/21\/cool-wine-tasting-event-vinea-tirolensis-2012\/#respond"]}]},{"@type":"WebPage","@id":"https:\/\/www.kobler-margreid.com\/blog\/blog\/2012\/08\/21\/cool-wine-tasting-event-vinea-tirolensis-2012\/","url":"https:\/\/www.kobler-margreid.com\/blog\/blog\/2012\/08\/21\/cool-wine-tasting-event-vinea-tirolensis-2012\/","name":"Cool wine tasting event: Vinea tirolensis 2012 - weinhof KOBLER weblog","isPartOf":{"@id":"https:\/\/www.kobler-margreid.com\/blog\/#website"},"primaryImageOfPage":{"@id":"https:\/\/www.kobler-margreid.com\/blog\/blog\/2012\/08\/21\/cool-wine-tasting-event-vinea-tirolensis-2012\/#primaryimage"},"image":{"@id":"https:\/\/www.kobler-margreid.com\/blog\/blog\/2012\/08\/21\/cool-wine-tasting-event-vinea-tirolensis-2012\/#primaryimage"},"thumbnailUrl":"http:\/\/www.kobler-margreid.com\/blog\/wp-content\/2012\/08\/vinea-20121.jpg","datePublished":"2012-08-21T22:04:42+00:00","dateModified":"2012-08-25T21:47:11+00:00","breadcrumb":{"@id":"https:\/\/www.kobler-margreid.com\/blog\/blog\/2012\/08\/21\/cool-wine-tasting-event-vinea-tirolensis-2012\/#breadcrumb"},"inLanguage":"de","potentialAction":[{"@type":"ReadAction","target":["https:\/\/www.kobler-margreid.com\/blog\/blog\/2012\/08\/21\/cool-wine-tasting-event-vinea-tirolensis-2012\/"]}]},{"@type":"ImageObject","inLanguage":"de","@id":"https:\/\/www.kobler-margreid.com\/blog\/blog\/2012\/08\/21\/cool-wine-tasting-event-vinea-tirolensis-2012\/#primaryimage","url":"http:\/\/www.kobler-margreid.com\/blog\/wp-content\/2012\/08\/vinea-20121.jpg","contentUrl":"http:\/\/www.kobler-margreid.com\/blog\/wp-content\/2012\/08\/vinea-20121.jpg"},{"@type":"BreadcrumbList","@id":"https:\/\/www.kobler-margreid.com\/blog\/blog\/2012\/08\/21\/cool-wine-tasting-event-vinea-tirolensis-2012\/#breadcrumb","itemListElement":[{"@type":"ListItem","position":1,"name":"Startseite","item":"https:\/\/www.kobler-margreid.com\/blog\/"},{"@type":"ListItem","position":2,"name":"Cool wine tasting event: Vinea tirolensis 2012"}]},{"@type":"WebSite","@id":"https:\/\/www.kobler-margreid.com\/blog\/#website","url":"https:\/\/www.kobler-margreid.com\/blog\/","name":"weinhof KOBLER weblog","description":"dem wein ganz nah \u2013 all&#039;interno del vino","publisher":{"@id":"https:\/\/www.kobler-margreid.com\/blog\/#\/schema\/person\/6a2290c17f680f59c1fa7e1c7a36df3a"},"potentialAction":[{"@type":"SearchAction","target":{"@type":"EntryPoint","urlTemplate":"https:\/\/www.kobler-margreid.com\/blog\/?s={search_term_string}"},"query-input":{"@type":"PropertyValueSpecification","valueRequired":true,"valueName":"search_term_string"}}],"inLanguage":"de"},{"@type":["Person","Organization"],"@id":"https:\/\/www.kobler-margreid.com\/blog\/#\/schema\/person\/6a2290c17f680f59c1fa7e1c7a36df3a","name":"armin kobler","image":{"@type":"ImageObject","inLanguage":"de","@id":"https:\/\/www.kobler-margreid.com\/blog\/wp-content\/2023\/11\/2012-05-08_09-33-03a.jpg","url":"https:\/\/www.kobler-margreid.com\/blog\/wp-content\/2023\/11\/2012-05-08_09-33-03a.jpg","contentUrl":"https:\/\/www.kobler-margreid.com\/blog\/wp-content\/2023\/11\/2012-05-08_09-33-03a.jpg","width":1088,"height":1184,"caption":"armin kobler"},"logo":{"@id":"https:\/\/www.kobler-margreid.com\/blog\/wp-content\/2023\/11\/2012-05-08_09-33-03a.jpg"},"sameAs":["http:\/\/www.kobler-margreid.com","https:\/\/www.facebook.com\/armin.kobler\/"],"url":"https:\/\/www.kobler-margreid.com\/blog\/blog\/author\/admin\/"}]}},"_links":{"self":[{"href":"https:\/\/www.kobler-margreid.com\/blog\/wp-json\/wp\/v2\/posts\/8945","targetHints":{"allow":["GET"]}}],"collection":[{"href":"https:\/\/www.kobler-margreid.com\/blog\/wp-json\/wp\/v2\/posts"}],"about":[{"href":"https:\/\/www.kobler-margreid.com\/blog\/wp-json\/wp\/v2\/types\/post"}],"author":[{"embeddable":true,"href":"https:\/\/www.kobler-margreid.com\/blog\/wp-json\/wp\/v2\/users\/1"}],"replies":[{"embeddable":true,"href":"https:\/\/www.kobler-margreid.com\/blog\/wp-json\/wp\/v2\/comments?post=8945"}],"version-history":[{"count":0,"href":"https:\/\/www.kobler-margreid.com\/blog\/wp-json\/wp\/v2\/posts\/8945\/revisions"}],"wp:attachment":[{"href":"https:\/\/www.kobler-margreid.com\/blog\/wp-json\/wp\/v2\/media?parent=8945"}],"wp:term":[{"taxonomy":"category","embeddable":true,"href":"https:\/\/www.kobler-margreid.com\/blog\/wp-json\/wp\/v2\/categories?post=8945"},{"taxonomy":"post_tag","embeddable":true,"href":"https:\/\/www.kobler-margreid.com\/blog\/wp-json\/wp\/v2\/tags?post=8945"}],"curies":[{"name":"wp","href":"https:\/\/api.w.org\/{rel}","templated":true}]}}