{"id":9623,"date":"2012-12-21T01:35:40","date_gmt":"2012-12-21T00:35:40","guid":{"rendered":"http:\/\/www.kobler-margreid.com\/blog\/?p=9623"},"modified":"2012-12-21T15:09:12","modified_gmt":"2012-12-21T14:09:12","slug":"bei-den-helvetiern_presso-gli-elvetici","status":"publish","type":"post","link":"https:\/\/www.kobler-margreid.com\/blog\/blog\/2012\/12\/21\/bei-den-helvetiern_presso-gli-elvetici\/","title":{"rendered":"Bei den Helvetiern \u2014 Presso gli Elvetici"},"content":{"rendered":"<p><a href=\"http:\/\/www.kobler-margreid.com\/blog\/wp-content\/2012\/12\/13_Zuerich_Waag.jpg\" rel=\"lightbox[9623]\"><img loading=\"lazy\" decoding=\"async\" class=\"float left alignleft  wp-image-9625\" style=\"border: 0px;\" alt=\"13_Zuerich_Waag\" src=\"http:\/\/www.kobler-margreid.com\/blog\/wp-content\/2012\/12\/13_Zuerich_Waag.jpg\" width=\"322\" height=\"291\" srcset=\"https:\/\/www.kobler-margreid.com\/blog\/wp-content\/2012\/12\/13_Zuerich_Waag.jpg 511w, https:\/\/www.kobler-margreid.com\/blog\/wp-content\/2012\/12\/13_Zuerich_Waag-300x270.jpg 300w\" sizes=\"auto, (max-width: 322px) 100vw, 322px\" \/><\/a>Nein, einen Importeur habe ich in der Schweiz (noch?) nicht. Aber der Privatkunde kann trotzdem schon jetzt befriedigt werden. Seit ein paar Wochen k\u00f6nnen meine Weine im <strong><a href=\"http:\/\/zunfthaus-zur-waag.ch\/\" target=\"_blank\">Zunfthaus zur Waag<\/a><\/strong> in Z\u00fcrich k\u00e4uflich erworben werden. Nachdem wir immer mehr Besuche aus der Schweiz in der Urlaubszeit verzeichnen k\u00f6nnen, war es mir wichtig, dass die eidgen\u00f6ssischen Kunden auch unterm Jahr eine M\u00f6glichkeit haben, zu unseren Weinen zu kommen.<\/p>\n<p><em>No, non ho (ancora?) un importatore in Svizzera. Il cliente privato pu\u00f2 venire per\u00f2 lo stesso servito. Infatti da qualche settimana si possono comprare i miei vini nel ristorante \u00a0<strong><a href=\"http:\/\/zunfthaus-zur-waag.ch\/\" target=\"_blank\">Zunfthaus zur Waag<\/a><\/strong>\u00a0a Zurigo. Siccome durante il periodo vacanziero\u00a0abbiamo sempre di pi\u00f9 visite \u00a0in azienda\u00a0dalla Svizzera mi sembrava importante che i vini siano reperibili da loro anche nel restante periodo.<\/em><\/p>\n<p><!--more-->2010 hat die <a href=\"http:\/\/www.kobler-margreid.com\/blog\/2010\/01\/23\/in-zuerich_a-zurigo\" target=\"_blank\">Zusammenarbeit<\/a> mit <a href=\"http:\/\/zunfthaus-zur-waag.ch\/ueber-uns\/team\/\" target=\"_blank\">Sepp Wimmer<\/a>, dem umtriebigen Wirt dieses Z\u00fcricher Top-Restaurants, begonnen. Er hat ein besonderes Gesp\u00fcr f\u00fcr Wein und eine Schw\u00e4che auch f\u00fcr jene Produkte, welche nicht so sehr bekannt sind. Die G\u00e4ste wissen seine Erfahrung zu sch\u00e4tzen und lassen sich gerne von ihm Weine empfehlen, auch immer wieder was ausgefallenes. Um den Horizont der G\u00e4ste von allf\u00e4lligen Vorurteilen zu befreien, bietet er den G\u00e4sten bei Gelegenheit immer wieder kleine Blindverkostungen (mit \u00fcberraschenden Ergebnissen) ganz spontan an. Das Angebot an Weinen ist recht stattlich, zus\u00e4tzlich gibt es Produkte, welche auf der <a href=\"https:\/\/docs.google.com\/viewer?url=http%3A%2F%2Fzunfthaus-zur-waag.ch%2Fwp-content%2Fuploads%2F2010%2F08%2FWeinkarte45.pdf\" target=\"_blank\">Weinkarte<\/a> nicht verzeichnet sind.<\/p>\n<p><em>Nel 2010 \u00e8 cominciata la <a href=\"http:\/\/www.kobler-margreid.com\/blog\/2010\/01\/23\/in-zuerich_a-zurigo\" target=\"_blank\">collaborazione<\/a> con <a href=\"http:\/\/zunfthaus-zur-waag.ch\/ueber-uns\/team\/\" target=\"_blank\">Sepp Wimmer<\/a>, l&#8217;attivo gestore di questo ristorante di punta di Zurigo. \u00c8 un appassionato vero di vino e ha un debole anche per prodotti meno conosciuti. Gli ospiti sanno della sua esperienza ed accettano volentieri i suoi consigli, pure quando si tratta di cose nuove. Per liberare l&#8217;orizzonte degli ospiti da eventuali pregiudizi organizza all&#8217;occasione anche delle piccole degustazioni alla cieca (con esiti spesso sorprendenti). La proposta di vini \u00e8 gi\u00e0 considerevole, diversi prodotti non sono per\u00f2 neanche elencati nella <a href=\"https:\/\/docs.google.com\/viewer?url=http%3A%2F%2Fzunfthaus-zur-waag.ch%2Fwp-content%2Fuploads%2F2010%2F08%2FWeinkarte45.pdf\" target=\"_blank\">carta dei vini<\/a>.<\/em><\/p>\n","protected":false},"excerpt":{"rendered":"<p>Nein, einen Importeur habe ich in der Schweiz (noch?) nicht. Aber der Privatkunde kann trotzdem schon jetzt befriedigt werden. Seit ein paar Wochen k\u00f6nnen meine Weine im Zunfthaus zur Waag in Z\u00fcrich k\u00e4uflich erworben werden. Nachdem wir immer mehr Besuche &hellip; <a href=\"https:\/\/www.kobler-margreid.com\/blog\/blog\/2012\/12\/21\/bei-den-helvetiern_presso-gli-elvetici\/\">Weiterlesen <span class=\"meta-nav\">&rarr;<\/span><\/a><\/p>\n","protected":false},"author":1,"featured_media":0,"comment_status":"open","ping_status":"open","sticky":false,"template":"","format":"standard","meta":{"ngg_post_thumbnail":0,"footnotes":"","_links_to":"","_links_to_target":""},"categories":[111,114],"tags":[1164,205,1165,206,190,644],"class_list":["post-9623","post","type-post","status-publish","format-standard","hentry","category-restaurants","category-verkauf","tag-schweiz","tag-sepp-wimmer","tag-svizzera","tag-zunfthaus-zur-waag","tag-zurich","tag-zurigo"],"yoast_head":"<!-- This site is optimized with the Yoast SEO plugin v27.5 - https:\/\/yoast.com\/product\/yoast-seo-wordpress\/ -->\n<title>Bei den Helvetiern \u2014 Presso gli Elvetici - weinhof KOBLER weblog<\/title>\n<meta name=\"robots\" content=\"index, follow, max-snippet:-1, max-image-preview:large, max-video-preview:-1\" \/>\n<link rel=\"canonical\" href=\"https:\/\/www.kobler-margreid.com\/blog\/blog\/2012\/12\/21\/bei-den-helvetiern_presso-gli-elvetici\/\" \/>\n<meta property=\"og:locale\" content=\"de_DE\" \/>\n<meta property=\"og:type\" content=\"article\" \/>\n<meta property=\"og:title\" content=\"Bei den Helvetiern \u2014 Presso gli Elvetici - weinhof KOBLER weblog\" \/>\n<meta property=\"og:description\" content=\"Nein, einen Importeur habe ich in der Schweiz (noch?) nicht. Aber der Privatkunde kann trotzdem schon jetzt befriedigt werden. Seit ein paar Wochen k\u00f6nnen meine Weine im Zunfthaus zur Waag in Z\u00fcrich k\u00e4uflich erworben werden. Nachdem wir immer mehr Besuche &hellip; Weiterlesen &rarr;\" \/>\n<meta property=\"og:url\" content=\"https:\/\/www.kobler-margreid.com\/blog\/blog\/2012\/12\/21\/bei-den-helvetiern_presso-gli-elvetici\/\" \/>\n<meta property=\"og:site_name\" content=\"weinhof KOBLER weblog\" \/>\n<meta property=\"article:publisher\" content=\"https:\/\/www.facebook.com\/armin.kobler\/\" \/>\n<meta property=\"article:author\" content=\"https:\/\/www.facebook.com\/armin.kobler\/\" \/>\n<meta property=\"article:published_time\" content=\"2012-12-21T00:35:40+00:00\" \/>\n<meta property=\"article:modified_time\" content=\"2012-12-21T14:09:12+00:00\" \/>\n<meta property=\"og:image\" content=\"http:\/\/www.kobler-margreid.com\/blog\/wp-content\/2012\/12\/13_Zuerich_Waag.jpg\" \/>\n<meta name=\"author\" content=\"armin kobler\" \/>\n<meta name=\"twitter:card\" content=\"summary_large_image\" \/>\n<meta name=\"twitter:label1\" content=\"Verfasst von\" \/>\n\t<meta name=\"twitter:data1\" content=\"armin kobler\" \/>\n\t<meta name=\"twitter:label2\" content=\"Gesch\u00e4tzte Lesezeit\" \/>\n\t<meta name=\"twitter:data2\" content=\"2\u00a0Minuten\" \/>\n<script type=\"application\/ld+json\" class=\"yoast-schema-graph\">{\"@context\":\"https:\\\/\\\/schema.org\",\"@graph\":[{\"@type\":\"Article\",\"@id\":\"https:\\\/\\\/www.kobler-margreid.com\\\/blog\\\/blog\\\/2012\\\/12\\\/21\\\/bei-den-helvetiern_presso-gli-elvetici\\\/#article\",\"isPartOf\":{\"@id\":\"https:\\\/\\\/www.kobler-margreid.com\\\/blog\\\/blog\\\/2012\\\/12\\\/21\\\/bei-den-helvetiern_presso-gli-elvetici\\\/\"},\"author\":{\"name\":\"armin kobler\",\"@id\":\"https:\\\/\\\/www.kobler-margreid.com\\\/blog\\\/#\\\/schema\\\/person\\\/6a2290c17f680f59c1fa7e1c7a36df3a\"},\"headline\":\"Bei den Helvetiern \u2014 Presso gli Elvetici\",\"datePublished\":\"2012-12-21T00:35:40+00:00\",\"dateModified\":\"2012-12-21T14:09:12+00:00\",\"mainEntityOfPage\":{\"@id\":\"https:\\\/\\\/www.kobler-margreid.com\\\/blog\\\/blog\\\/2012\\\/12\\\/21\\\/bei-den-helvetiern_presso-gli-elvetici\\\/\"},\"wordCount\":335,\"commentCount\":4,\"publisher\":{\"@id\":\"https:\\\/\\\/www.kobler-margreid.com\\\/blog\\\/#\\\/schema\\\/person\\\/6a2290c17f680f59c1fa7e1c7a36df3a\"},\"image\":{\"@id\":\"https:\\\/\\\/www.kobler-margreid.com\\\/blog\\\/blog\\\/2012\\\/12\\\/21\\\/bei-den-helvetiern_presso-gli-elvetici\\\/#primaryimage\"},\"thumbnailUrl\":\"http:\\\/\\\/www.kobler-margreid.com\\\/blog\\\/wp-content\\\/2012\\\/12\\\/13_Zuerich_Waag.jpg\",\"keywords\":[\"Schweiz\",\"Sepp Wimmer\",\"Svizzera\",\"Zunfthaus zur Waag\",\"Z\u00fcrich\",\"Zurigo\"],\"articleSection\":[\"Restaurants - Ristoranti\",\"Verkauf - Vendita\"],\"inLanguage\":\"de\",\"potentialAction\":[{\"@type\":\"CommentAction\",\"name\":\"Comment\",\"target\":[\"https:\\\/\\\/www.kobler-margreid.com\\\/blog\\\/blog\\\/2012\\\/12\\\/21\\\/bei-den-helvetiern_presso-gli-elvetici\\\/#respond\"]}]},{\"@type\":\"WebPage\",\"@id\":\"https:\\\/\\\/www.kobler-margreid.com\\\/blog\\\/blog\\\/2012\\\/12\\\/21\\\/bei-den-helvetiern_presso-gli-elvetici\\\/\",\"url\":\"https:\\\/\\\/www.kobler-margreid.com\\\/blog\\\/blog\\\/2012\\\/12\\\/21\\\/bei-den-helvetiern_presso-gli-elvetici\\\/\",\"name\":\"Bei den Helvetiern \u2014 Presso gli Elvetici - weinhof KOBLER weblog\",\"isPartOf\":{\"@id\":\"https:\\\/\\\/www.kobler-margreid.com\\\/blog\\\/#website\"},\"primaryImageOfPage\":{\"@id\":\"https:\\\/\\\/www.kobler-margreid.com\\\/blog\\\/blog\\\/2012\\\/12\\\/21\\\/bei-den-helvetiern_presso-gli-elvetici\\\/#primaryimage\"},\"image\":{\"@id\":\"https:\\\/\\\/www.kobler-margreid.com\\\/blog\\\/blog\\\/2012\\\/12\\\/21\\\/bei-den-helvetiern_presso-gli-elvetici\\\/#primaryimage\"},\"thumbnailUrl\":\"http:\\\/\\\/www.kobler-margreid.com\\\/blog\\\/wp-content\\\/2012\\\/12\\\/13_Zuerich_Waag.jpg\",\"datePublished\":\"2012-12-21T00:35:40+00:00\",\"dateModified\":\"2012-12-21T14:09:12+00:00\",\"breadcrumb\":{\"@id\":\"https:\\\/\\\/www.kobler-margreid.com\\\/blog\\\/blog\\\/2012\\\/12\\\/21\\\/bei-den-helvetiern_presso-gli-elvetici\\\/#breadcrumb\"},\"inLanguage\":\"de\",\"potentialAction\":[{\"@type\":\"ReadAction\",\"target\":[\"https:\\\/\\\/www.kobler-margreid.com\\\/blog\\\/blog\\\/2012\\\/12\\\/21\\\/bei-den-helvetiern_presso-gli-elvetici\\\/\"]}]},{\"@type\":\"ImageObject\",\"inLanguage\":\"de\",\"@id\":\"https:\\\/\\\/www.kobler-margreid.com\\\/blog\\\/blog\\\/2012\\\/12\\\/21\\\/bei-den-helvetiern_presso-gli-elvetici\\\/#primaryimage\",\"url\":\"http:\\\/\\\/www.kobler-margreid.com\\\/blog\\\/wp-content\\\/2012\\\/12\\\/13_Zuerich_Waag.jpg\",\"contentUrl\":\"http:\\\/\\\/www.kobler-margreid.com\\\/blog\\\/wp-content\\\/2012\\\/12\\\/13_Zuerich_Waag.jpg\"},{\"@type\":\"BreadcrumbList\",\"@id\":\"https:\\\/\\\/www.kobler-margreid.com\\\/blog\\\/blog\\\/2012\\\/12\\\/21\\\/bei-den-helvetiern_presso-gli-elvetici\\\/#breadcrumb\",\"itemListElement\":[{\"@type\":\"ListItem\",\"position\":1,\"name\":\"Startseite\",\"item\":\"https:\\\/\\\/www.kobler-margreid.com\\\/blog\\\/\"},{\"@type\":\"ListItem\",\"position\":2,\"name\":\"Bei den Helvetiern \u2014 Presso gli Elvetici\"}]},{\"@type\":\"WebSite\",\"@id\":\"https:\\\/\\\/www.kobler-margreid.com\\\/blog\\\/#website\",\"url\":\"https:\\\/\\\/www.kobler-margreid.com\\\/blog\\\/\",\"name\":\"weinhof KOBLER weblog\",\"description\":\"dem wein ganz nah \u2013 all&#039;interno del vino\",\"publisher\":{\"@id\":\"https:\\\/\\\/www.kobler-margreid.com\\\/blog\\\/#\\\/schema\\\/person\\\/6a2290c17f680f59c1fa7e1c7a36df3a\"},\"potentialAction\":[{\"@type\":\"SearchAction\",\"target\":{\"@type\":\"EntryPoint\",\"urlTemplate\":\"https:\\\/\\\/www.kobler-margreid.com\\\/blog\\\/?s={search_term_string}\"},\"query-input\":{\"@type\":\"PropertyValueSpecification\",\"valueRequired\":true,\"valueName\":\"search_term_string\"}}],\"inLanguage\":\"de\"},{\"@type\":[\"Person\",\"Organization\"],\"@id\":\"https:\\\/\\\/www.kobler-margreid.com\\\/blog\\\/#\\\/schema\\\/person\\\/6a2290c17f680f59c1fa7e1c7a36df3a\",\"name\":\"armin kobler\",\"image\":{\"@type\":\"ImageObject\",\"inLanguage\":\"de\",\"@id\":\"https:\\\/\\\/www.kobler-margreid.com\\\/blog\\\/wp-content\\\/2023\\\/11\\\/2012-05-08_09-33-03a.jpg\",\"url\":\"https:\\\/\\\/www.kobler-margreid.com\\\/blog\\\/wp-content\\\/2023\\\/11\\\/2012-05-08_09-33-03a.jpg\",\"contentUrl\":\"https:\\\/\\\/www.kobler-margreid.com\\\/blog\\\/wp-content\\\/2023\\\/11\\\/2012-05-08_09-33-03a.jpg\",\"width\":1088,\"height\":1184,\"caption\":\"armin kobler\"},\"logo\":{\"@id\":\"https:\\\/\\\/www.kobler-margreid.com\\\/blog\\\/wp-content\\\/2023\\\/11\\\/2012-05-08_09-33-03a.jpg\"},\"sameAs\":[\"http:\\\/\\\/www.kobler-margreid.com\",\"https:\\\/\\\/www.facebook.com\\\/armin.kobler\\\/\"],\"url\":\"https:\\\/\\\/www.kobler-margreid.com\\\/blog\\\/blog\\\/author\\\/admin\\\/\"}]}<\/script>\n<!-- \/ Yoast SEO plugin. -->","yoast_head_json":{"title":"Bei den Helvetiern \u2014 Presso gli Elvetici - weinhof KOBLER weblog","robots":{"index":"index","follow":"follow","max-snippet":"max-snippet:-1","max-image-preview":"max-image-preview:large","max-video-preview":"max-video-preview:-1"},"canonical":"https:\/\/www.kobler-margreid.com\/blog\/blog\/2012\/12\/21\/bei-den-helvetiern_presso-gli-elvetici\/","og_locale":"de_DE","og_type":"article","og_title":"Bei den Helvetiern \u2014 Presso gli Elvetici - weinhof KOBLER weblog","og_description":"Nein, einen Importeur habe ich in der Schweiz (noch?) nicht. Aber der Privatkunde kann trotzdem schon jetzt befriedigt werden. Seit ein paar Wochen k\u00f6nnen meine Weine im Zunfthaus zur Waag in Z\u00fcrich k\u00e4uflich erworben werden. Nachdem wir immer mehr Besuche &hellip; Weiterlesen &rarr;","og_url":"https:\/\/www.kobler-margreid.com\/blog\/blog\/2012\/12\/21\/bei-den-helvetiern_presso-gli-elvetici\/","og_site_name":"weinhof KOBLER weblog","article_publisher":"https:\/\/www.facebook.com\/armin.kobler\/","article_author":"https:\/\/www.facebook.com\/armin.kobler\/","article_published_time":"2012-12-21T00:35:40+00:00","article_modified_time":"2012-12-21T14:09:12+00:00","og_image":[{"url":"http:\/\/www.kobler-margreid.com\/blog\/wp-content\/2012\/12\/13_Zuerich_Waag.jpg","type":"","width":"","height":""}],"author":"armin kobler","twitter_card":"summary_large_image","twitter_misc":{"Verfasst von":"armin kobler","Gesch\u00e4tzte Lesezeit":"2\u00a0Minuten"},"schema":{"@context":"https:\/\/schema.org","@graph":[{"@type":"Article","@id":"https:\/\/www.kobler-margreid.com\/blog\/blog\/2012\/12\/21\/bei-den-helvetiern_presso-gli-elvetici\/#article","isPartOf":{"@id":"https:\/\/www.kobler-margreid.com\/blog\/blog\/2012\/12\/21\/bei-den-helvetiern_presso-gli-elvetici\/"},"author":{"name":"armin kobler","@id":"https:\/\/www.kobler-margreid.com\/blog\/#\/schema\/person\/6a2290c17f680f59c1fa7e1c7a36df3a"},"headline":"Bei den Helvetiern \u2014 Presso gli Elvetici","datePublished":"2012-12-21T00:35:40+00:00","dateModified":"2012-12-21T14:09:12+00:00","mainEntityOfPage":{"@id":"https:\/\/www.kobler-margreid.com\/blog\/blog\/2012\/12\/21\/bei-den-helvetiern_presso-gli-elvetici\/"},"wordCount":335,"commentCount":4,"publisher":{"@id":"https:\/\/www.kobler-margreid.com\/blog\/#\/schema\/person\/6a2290c17f680f59c1fa7e1c7a36df3a"},"image":{"@id":"https:\/\/www.kobler-margreid.com\/blog\/blog\/2012\/12\/21\/bei-den-helvetiern_presso-gli-elvetici\/#primaryimage"},"thumbnailUrl":"http:\/\/www.kobler-margreid.com\/blog\/wp-content\/2012\/12\/13_Zuerich_Waag.jpg","keywords":["Schweiz","Sepp Wimmer","Svizzera","Zunfthaus zur Waag","Z\u00fcrich","Zurigo"],"articleSection":["Restaurants - Ristoranti","Verkauf - Vendita"],"inLanguage":"de","potentialAction":[{"@type":"CommentAction","name":"Comment","target":["https:\/\/www.kobler-margreid.com\/blog\/blog\/2012\/12\/21\/bei-den-helvetiern_presso-gli-elvetici\/#respond"]}]},{"@type":"WebPage","@id":"https:\/\/www.kobler-margreid.com\/blog\/blog\/2012\/12\/21\/bei-den-helvetiern_presso-gli-elvetici\/","url":"https:\/\/www.kobler-margreid.com\/blog\/blog\/2012\/12\/21\/bei-den-helvetiern_presso-gli-elvetici\/","name":"Bei den Helvetiern \u2014 Presso gli Elvetici - weinhof KOBLER weblog","isPartOf":{"@id":"https:\/\/www.kobler-margreid.com\/blog\/#website"},"primaryImageOfPage":{"@id":"https:\/\/www.kobler-margreid.com\/blog\/blog\/2012\/12\/21\/bei-den-helvetiern_presso-gli-elvetici\/#primaryimage"},"image":{"@id":"https:\/\/www.kobler-margreid.com\/blog\/blog\/2012\/12\/21\/bei-den-helvetiern_presso-gli-elvetici\/#primaryimage"},"thumbnailUrl":"http:\/\/www.kobler-margreid.com\/blog\/wp-content\/2012\/12\/13_Zuerich_Waag.jpg","datePublished":"2012-12-21T00:35:40+00:00","dateModified":"2012-12-21T14:09:12+00:00","breadcrumb":{"@id":"https:\/\/www.kobler-margreid.com\/blog\/blog\/2012\/12\/21\/bei-den-helvetiern_presso-gli-elvetici\/#breadcrumb"},"inLanguage":"de","potentialAction":[{"@type":"ReadAction","target":["https:\/\/www.kobler-margreid.com\/blog\/blog\/2012\/12\/21\/bei-den-helvetiern_presso-gli-elvetici\/"]}]},{"@type":"ImageObject","inLanguage":"de","@id":"https:\/\/www.kobler-margreid.com\/blog\/blog\/2012\/12\/21\/bei-den-helvetiern_presso-gli-elvetici\/#primaryimage","url":"http:\/\/www.kobler-margreid.com\/blog\/wp-content\/2012\/12\/13_Zuerich_Waag.jpg","contentUrl":"http:\/\/www.kobler-margreid.com\/blog\/wp-content\/2012\/12\/13_Zuerich_Waag.jpg"},{"@type":"BreadcrumbList","@id":"https:\/\/www.kobler-margreid.com\/blog\/blog\/2012\/12\/21\/bei-den-helvetiern_presso-gli-elvetici\/#breadcrumb","itemListElement":[{"@type":"ListItem","position":1,"name":"Startseite","item":"https:\/\/www.kobler-margreid.com\/blog\/"},{"@type":"ListItem","position":2,"name":"Bei den Helvetiern \u2014 Presso gli Elvetici"}]},{"@type":"WebSite","@id":"https:\/\/www.kobler-margreid.com\/blog\/#website","url":"https:\/\/www.kobler-margreid.com\/blog\/","name":"weinhof KOBLER weblog","description":"dem wein ganz nah \u2013 all&#039;interno del vino","publisher":{"@id":"https:\/\/www.kobler-margreid.com\/blog\/#\/schema\/person\/6a2290c17f680f59c1fa7e1c7a36df3a"},"potentialAction":[{"@type":"SearchAction","target":{"@type":"EntryPoint","urlTemplate":"https:\/\/www.kobler-margreid.com\/blog\/?s={search_term_string}"},"query-input":{"@type":"PropertyValueSpecification","valueRequired":true,"valueName":"search_term_string"}}],"inLanguage":"de"},{"@type":["Person","Organization"],"@id":"https:\/\/www.kobler-margreid.com\/blog\/#\/schema\/person\/6a2290c17f680f59c1fa7e1c7a36df3a","name":"armin kobler","image":{"@type":"ImageObject","inLanguage":"de","@id":"https:\/\/www.kobler-margreid.com\/blog\/wp-content\/2023\/11\/2012-05-08_09-33-03a.jpg","url":"https:\/\/www.kobler-margreid.com\/blog\/wp-content\/2023\/11\/2012-05-08_09-33-03a.jpg","contentUrl":"https:\/\/www.kobler-margreid.com\/blog\/wp-content\/2023\/11\/2012-05-08_09-33-03a.jpg","width":1088,"height":1184,"caption":"armin kobler"},"logo":{"@id":"https:\/\/www.kobler-margreid.com\/blog\/wp-content\/2023\/11\/2012-05-08_09-33-03a.jpg"},"sameAs":["http:\/\/www.kobler-margreid.com","https:\/\/www.facebook.com\/armin.kobler\/"],"url":"https:\/\/www.kobler-margreid.com\/blog\/blog\/author\/admin\/"}]}},"_links":{"self":[{"href":"https:\/\/www.kobler-margreid.com\/blog\/wp-json\/wp\/v2\/posts\/9623","targetHints":{"allow":["GET"]}}],"collection":[{"href":"https:\/\/www.kobler-margreid.com\/blog\/wp-json\/wp\/v2\/posts"}],"about":[{"href":"https:\/\/www.kobler-margreid.com\/blog\/wp-json\/wp\/v2\/types\/post"}],"author":[{"embeddable":true,"href":"https:\/\/www.kobler-margreid.com\/blog\/wp-json\/wp\/v2\/users\/1"}],"replies":[{"embeddable":true,"href":"https:\/\/www.kobler-margreid.com\/blog\/wp-json\/wp\/v2\/comments?post=9623"}],"version-history":[{"count":0,"href":"https:\/\/www.kobler-margreid.com\/blog\/wp-json\/wp\/v2\/posts\/9623\/revisions"}],"wp:attachment":[{"href":"https:\/\/www.kobler-margreid.com\/blog\/wp-json\/wp\/v2\/media?parent=9623"}],"wp:term":[{"taxonomy":"category","embeddable":true,"href":"https:\/\/www.kobler-margreid.com\/blog\/wp-json\/wp\/v2\/categories?post=9623"},{"taxonomy":"post_tag","embeddable":true,"href":"https:\/\/www.kobler-margreid.com\/blog\/wp-json\/wp\/v2\/tags?post=9623"}],"curies":[{"name":"wp","href":"https:\/\/api.w.org\/{rel}","templated":true}]}}