{"id":97,"date":"2008-06-19T20:27:04","date_gmt":"2008-06-19T18:27:04","guid":{"rendered":"http:\/\/www.kobler-margreid.com\/blog\/?p=97"},"modified":"2013-01-09T19:04:17","modified_gmt":"2013-01-09T18:04:17","slug":"mi-provate-sti-vini","status":"publish","type":"post","link":"https:\/\/www.kobler-margreid.com\/blog\/blog\/2008\/06\/19\/mi-provate-sti-vini\/","title":{"rendered":"&#8222;Mi provate \u2019sti vini?&#8220; Kostet ihr mir diese Weine?"},"content":{"rendered":"<p><img loading=\"lazy\" decoding=\"async\" class=\"size-full wp-image-98\" style=\"vertical-align: middle;\" title=\"2008-06-19_11-44-57_1024\" alt=\"Tasting Dream Team\" src=\"http:\/\/www.kobler-margreid.com\/blog\/wp-content\/imagescaler\/f4c817305b151963a1ac076946b7b7b0.jpg\" width=\"500\" height=\"368\" \/><\/p>\n<p>Gianpaolo Paglia vom Weingut <a title=\"Poggio Argentiera\" href=\"http:\/\/poggioargentiera.com\" target=\"_blank\">Poggio Argentiera<\/a> ist nicht nur daf\u00fcr bekannt, interessante Weine zu produzieren und innovative Wege in der \u00d6ffentlichkeitsarbeit zu gehen, sondern er setzt auch so konsequent wie kaum ein anderer mir bekannter Produzent den <a title=\"Was ist Web 2.0?\" href=\"http:\/\/web-zweinull.de\/index.php\/was-ist-web-2\/\" target=\"_blank\">Web-2.0<\/a>-Gedanken um.<\/p>\n<p>In diesem Sinne hat er die aktiven Bloggerfreunde gebeten, seine neueste, im Moment noch versuchsweise ausgebaute <a title=\"Mi provate 'sti vini?\" href=\"http:\/\/poggioargentiera.com\/blog\/2008\/05\/30\/dove-andremo-a-finire\/\" target=\"_blank\">Wei\u00dfweinkreation<\/a> mit den schon etablierten Weinen sensorisch zu vergleichen und ihm das Kostergebnis als Kommentar zu seinem Beitrag auch mitzuteilen.<\/p>\n<p>Nun, die drei Weine sind nach ein paar Tagen \u00fcberaschend schnell mit der Post angekommen, beurteilt haben\u00a0 wir sie aber aus verschiedenen Gr\u00fcnden erst gestern (sorry Gianpaolo!). Damit meine bisherigen (Vor-)Urteile gegen schalenvergorene Wei\u00dfweine &#8211; wobei ich nicht der Einzige bin, der diese Entwicklungen eher <a title=\"Buccismo senza limitismo\" href=\"http:\/\/vinotecaonline.blogspot.com\/2008\/06\/buccismo-senza-limitismo.html\" target=\"_blank\">skeptisch<\/a> sieht &#8211; nicht zu sehr das Ergebniss verf\u00e4lschen, habe ich die Weine mit den aufgeschlossenen Kolleginnen und Kollegen der <a title=\"Sektionm Kellerwirtschaft VZ Laimburg\" href=\"http:\/\/www.laimburg.it\/de\/themen\/370.asp\" target=\"_blank\">Sektion Kellerwirtschaft<\/a> im VZ Laimburg gekostet. Es sind dies von links nach rechts: Erwin Eccli, Andreas S\u00f6lva, Ulrich Pedri, Armin Raifer, Eva \u00dcberegger und Christoph Patauner.<\/p>\n<p>Einige Weinblogger haben in der Zwischenzeit ihr <a title=\"Prime impressioni d'assaggio\" href=\"http:\/\/poggioargentiera.com\/blog\/2008\/06\/13\/prime-impressioni-assaggi\/\" target=\"_blank\">Urteil<\/a> schon abgegeben. Uns hat diese kleine Kost jedenfalls sehr gefallen, danke Gianpaolo f\u00fcr die Weine!<\/p>\n<p><em>Gianpaolo Paglia della tenuta <a title=\"Poggio Argentiera\" href=\"http:\/\/poggioargentiera.com\" target=\"_blank\">Poggio Argentiera<\/a> non \u00e8 solo conosciuto per i suoi vini interessanti e per il lavoro molto innovato circa le pubbliche relazioni, ma lui concretizza come nessun&#8217;altro produttore <\/em><em>a me conosciuto <\/em><em>il concetto di <a title=\"cos'\u00e8 il web 2.0?\" href=\"http:\/\/www.dynamick.it\/web-20-una-definizione-in-10-punti-534.html\" target=\"_blank\">web 2.0<\/a>. <\/em><\/p>\n<p><em>Inserito in questo contesto, ha chiesto ai suoi amici dotati di blog di degustare tre suoi vini bianchi, tra cui la sua ultima creazione, il <a title=\"Mi provate 'sti vini?\" href=\"http:\/\/poggioargentiera.com\/blog\/2008\/05\/30\/dove-andremo-a-finire\/\" target=\"_blank\">Bucce<\/a> ancora in fase sperimentale e di pubblicare i risultati della degustazione come commento al suo post.<\/em><\/p>\n<p><em>Le tre bottiglie sono arrivate sorpredentemente veloci dopo qualche giorno a casa mia come pacco postale ma per diversi motivi siamo arrivati solo ieri ad assaggiarle (scusa Gianpaolo!). Anche per evitare che i miei (pre-)giudizi nei confronti di bianchi fermentati con le bucce non influiscano troppo sui risultati, ho deciso di valutare i vini con i miei colleghi di lavoro della <a title=\"Sezione Enologia Laimburg\" href=\"http:\/\/www.laimburg.it\/it\/370.asp\" target=\"_blank\">sezione enologia<\/a> del centro sperimentale Laimburg che sono molto <span class=\"ZIEL\">accessibili. <\/span>Essi sono da sinistra a destra Erwin Eccli, Andreas S\u00f6lva, Ulrich Pedri, Armin Raifer, Eva \u00dcberegger e Christoph Patauner. La mia scetticit\u00e0 comunque viene condivisa anche da <a title=\"Buccismo senza limitismo\" href=\"http:\/\/vinotecaonline.blogspot.com\/2008\/06\/buccismo-senza-limitismo.html\" target=\"_blank\">altri<\/a><\/em><em>, come vedo.<\/em><\/p>\n<p><em>Alcuni blogger hanno gi\u00e0 espresso il loro <a title=\"Prime impressioni d'assaggio\" href=\"http:\/\/poggioargentiera.com\/blog\/2008\/06\/13\/prime-impressioni-assaggi\/\" target=\"_blank\">giudizio<\/a>. A noi comunque <\/em><em>\u00e8 piaciuta molto <\/em><em>questa piccola degustazione, grazie Gianpaolo per i vini!<\/em><\/p>\n<p><!--more--><\/p>\n<p>Anbei die Zusammenfassung unserer Kostnotizen:<\/p>\n<p><strong><a title=\"Scheda tecnica Alture\" href=\"http:\/\/shop.poggioargentiera.com\/scheda.asp?lingua=0&amp;id=11\" target=\"_blank\">Alture<\/a>:<\/strong><\/p>\n<p>\u00dcberraschend typisch f\u00fcr die s\u00fcdlichen Gefilde und als wei\u00dfer Sauvignon im Geruch leicht erkennbar. Als Aromakomponenten wurden Stachelbeere, Passionsfrucht und Pfirsich genannt. Einige Koster fanden die schwefelige S\u00e4ure in der Nase noch etwas stechend. Im Mund wurde der Alture als recht voll und trotzdem trinkig empfunden, der Alkoholgehalt wird aber st\u00e4rker gesp\u00fcrt als es die erkl\u00e4rten 14,0 %Vol angeben. Der S\u00e4uregehalt passt, f\u00fcr die Sorte sicher am unteren Limit, wobei sie f\u00fcr ein paar Kollegen so schmeckte, als stammte sie zum Teil von einer Aufs\u00e4uerung. Zusammengefasst ein guter Wein, besonders wenn man sich vor Augen h\u00e4lt, dass Mittelitalien allgemein als zu s\u00fcdlich f\u00fcr diese Sorte gehalten wird.<\/p>\n<p><strong><a title=\"Scheda tecnica Fonte 40\" href=\"http:\/\/shop.poggioargentiera.com\/scheda.asp?lingua=0&amp;id=7\" target=\"_blank\">Fonte 40<\/a>:<\/strong><\/p>\n<p>Dieser Wein (40 % Ansonica, 40 % Vermentino, 20 % Fiano) wurde hinsichtlich des Aromas als sehr komplex empfunden, was durch die recht verschiedenen Beschreibungen der Koster dokumentiert wird. Die fruchtigen Aromen (haupts\u00e4chlich Apfel, etwas Marille) sind eher im Hintergrund, es \u00fcberwiegen Geruchsnoten, die stark an Weihrauch, Myrte und andere Gew\u00fcrze erinnern. Im Mund zeigt sich dieser Wein sehr koherent, Nase und Geschmack passen sehr gut zusammen. Er wirkt weniger alkoholisch als der vorige, gibt Trinkfreude und hat doch noch eine sch\u00f6ne F\u00fclle. Der angemessene Gehalt an feinem Tannin putzt den Mund sehr gut aus ohne bitter oder astringierend zu wirken. Dieser Wein hat allen sehr gut gefallen und ist im positiven Sinn das, was man sich unter einem guten Wei\u00dfwein aus dem Mittelmeerraum erwartet.<\/p>\n<p><strong>Bianco Bucce:<\/strong><\/p>\n<p>Als das Aroma beschreibende Elemente dieses Ansonica-Weines wurden genannt: Nuss, Heu, Mandel (Amaretti), eher w\u00fcrzig als fruchtig. Er ist an sich nicht reduktiv, erinnert aber auch an die vegetalen Aromen von vergorenem Trubwein. Im Mund \u00fcberwiegt der Gerbstoff, der \u00fcberaus intensiv ist und alle Schleimh\u00e4ute so belegt, dass zus\u00e4tzliche Geschmacksempfindungen nicht m\u00f6glich sind. Dieser Wein hat keinem der Koster Freude bereitet. Die Entwicklung und damit der zuk\u00fcnftige Wert dieses Produktes sind im Moment schwierig einzusch\u00e4tzen und es stellt sich nat\u00fcrlich auch die Sinnfrage, besonders wenn man sieht, was eine konventionell verstandene \u00d6nologie f\u00fcr interessante Produkte in einer sicher k\u00fcrzeren Zeit z.B. mit der Sorte Ansonica\u00a0 m\u00f6glich macht.<\/p>\n<p><em>Ecco i nostri giudizi:<\/em><\/p>\n<p><em><strong><a title=\"Scheda tecnica Alture\" href=\"http:\/\/shop.poggioargentiera.com\/scheda.asp?lingua=0&amp;id=11\" target=\"_blank\">Alture<\/a>:<\/strong><\/em><\/p>\n<p><em>Inaspettata per la zona la tipicit\u00e0 pronunciata e la chiara riconoscibilit\u00e0 come Sauvignon. Come descrittori aromatici sono stati nominati l&#8217;uva spina, il frutto della passione e la pesca. Alcuni degustatori hanno notato ancora leggere note di solforosa. In bocca \u00e8 caratterizzato da un bel corpo pur conservando una certa bevibilit\u00e0. La sensazione di alcol \u00e8 sembrata pi\u00f9 forte dei dichiarati 14 %Vol. L&#8217;acidit\u00e0 \u00e8 a posto, per la variet\u00e0 costituisce certamente il limite inferiore, ed ad alcuni colleghi essa \u00e8 parsa anche come il risultato di una <\/em><em>parziale <\/em><em>acidificazione. Riassumendo, un buon vino soprattutto se si tiene presente che normalmente il centro d&#8217;italia viene considerato troppo meridionale per questo vitigno.<\/em><\/p>\n<p><em><strong><a title=\"Scheda tecnica Fonte 40\" href=\"http:\/\/shop.poggioargentiera.com\/scheda.asp?lingua=0&amp;id=7\" target=\"_blank\">Fonte 40<\/a>:<\/strong><\/em><\/p>\n<p><em>Questo vino (40 % Ansonica, 40 % Vermentino, 20 % Fiano) \u00e8 caratterizzato da uno spettro aromatico molto complesso e vario, stando alla descrizione dei degustatori. I sentori fruttati (soprattutto mela, un po&#8216; di albicocca) restano nel sottofondo, prevalgono le note che ricordano l&#8217;incenso, il mirto ed altre spezie. Il vino si presenta molto coerente, in quanto le sensazioni olfattive e gustative si integrano perfettamente. Sembra meno alocolico del primo, regala una bella bevibilit\u00e0 nonostante abbia un bel corpo. Un tannino fine e ben dosato pulisce molto bene la bocca senza lasciare l&#8217;impressione di amaro o astringente. Questo vino ci \u00e8 piaciuto molto e rappresenta per noi l&#8217;esempio positivo di un bianco del bacino mediterraneo.<\/em><\/p>\n<p><em><strong>Bianco Bucce:<\/strong><\/em><\/p>\n<p><em>Come descrittori olfattivi sono stati segnati: nocciola, fieno, mandorla (amaretti), pi\u00f9 speziato che fruttato. Non \u00e8 veramente ridotto, ricorda per\u00f2 le note verdi che per esempio hanno i residui della defecazione se hanno fermentato. In bocca prevale il tannino che ricopre talmente le mucose che non \u00e8 possibile percepire altre sensazioni gustative. Questo vino non \u00e8 piaciuto a nessuno. L&#8217;evoluzione e di conseguenza il valore futuro di questo prodotto al momento sono difficilmente stimabili. C&#8217;\u00e8 da porsi naturalmente anche la domanda del perch\u00e8 di una possibile scelta di questo tipo, in quanto si vede che con un&#8217;enologia convenzionale il vitigno Ansonica per esempio riesce a dare in tempi molto pi\u00f9 brevi dei risultati pi\u00f9 che soddisfacenti.<\/em><\/p>\n","protected":false},"excerpt":{"rendered":"<p>Gianpaolo Paglia vom Weingut Poggio Argentiera ist nicht nur daf\u00fcr bekannt, interessante Weine zu produzieren und innovative Wege in der \u00d6ffentlichkeitsarbeit zu gehen, sondern er setzt auch so konsequent wie kaum ein anderer mir bekannter Produzent den Web-2.0-Gedanken um. In &hellip; <a href=\"https:\/\/www.kobler-margreid.com\/blog\/blog\/2008\/06\/19\/mi-provate-sti-vini\/\">Weiterlesen <span class=\"meta-nav\">&rarr;<\/span><\/a><\/p>\n","protected":false},"author":1,"featured_media":0,"comment_status":"open","ping_status":"open","sticky":false,"template":"","format":"standard","meta":{"ngg_post_thumbnail":0,"footnotes":"","_links_to":"","_links_to_target":""},"categories":[16],"tags":[98,110,102,108,100,106,74,107,104,99,96,97,105,812,109,103,101],"class_list":["post-97","post","type-post","status-publish","format-standard","hentry","category-weinkost","tag-alture","tag-andreas-solva","tag-ansonica","tag-armin-raifer","tag-bianco-bucce","tag-christoph-patauner","tag-erwin-eccli","tag-eva-uberegger","tag-fiano","tag-fonte-40","tag-gianpaolo-paglia","tag-poggio-argentiera","tag-sauvignon","tag-tasting-panel","tag-ulrich-pedri","tag-vermentino","tag-web-20"],"yoast_head":"<!-- This site is optimized with the Yoast SEO plugin v27.5 - https:\/\/yoast.com\/product\/yoast-seo-wordpress\/ -->\n<title>&quot;Mi provate \u2019sti vini?&quot; Kostet ihr mir diese Weine? - weinhof KOBLER weblog<\/title>\n<meta name=\"robots\" content=\"index, follow, max-snippet:-1, max-image-preview:large, max-video-preview:-1\" \/>\n<link rel=\"canonical\" href=\"https:\/\/www.kobler-margreid.com\/blog\/blog\/2008\/06\/19\/mi-provate-sti-vini\/\" \/>\n<meta property=\"og:locale\" content=\"de_DE\" \/>\n<meta property=\"og:type\" content=\"article\" \/>\n<meta property=\"og:title\" content=\"&quot;Mi provate \u2019sti vini?&quot; Kostet ihr mir diese Weine? - weinhof KOBLER weblog\" \/>\n<meta property=\"og:description\" content=\"Gianpaolo Paglia vom Weingut Poggio Argentiera ist nicht nur daf\u00fcr bekannt, interessante Weine zu produzieren und innovative Wege in der \u00d6ffentlichkeitsarbeit zu gehen, sondern er setzt auch so konsequent wie kaum ein anderer mir bekannter Produzent den Web-2.0-Gedanken um. In &hellip; Weiterlesen &rarr;\" \/>\n<meta property=\"og:url\" content=\"https:\/\/www.kobler-margreid.com\/blog\/blog\/2008\/06\/19\/mi-provate-sti-vini\/\" \/>\n<meta property=\"og:site_name\" content=\"weinhof KOBLER weblog\" \/>\n<meta property=\"article:publisher\" content=\"https:\/\/www.facebook.com\/armin.kobler\/\" \/>\n<meta property=\"article:author\" content=\"https:\/\/www.facebook.com\/armin.kobler\/\" \/>\n<meta property=\"article:published_time\" content=\"2008-06-19T18:27:04+00:00\" \/>\n<meta property=\"article:modified_time\" content=\"2013-01-09T18:04:17+00:00\" \/>\n<meta property=\"og:image\" content=\"http:\/\/www.kobler-margreid.com\/blog\/wp-content\/imagescaler\/f4c817305b151963a1ac076946b7b7b0.jpg\" \/>\n<meta name=\"author\" content=\"armin kobler\" \/>\n<meta name=\"twitter:card\" content=\"summary_large_image\" \/>\n<meta name=\"twitter:label1\" content=\"Verfasst von\" \/>\n\t<meta name=\"twitter:data1\" content=\"armin kobler\" \/>\n\t<meta name=\"twitter:label2\" content=\"Gesch\u00e4tzte Lesezeit\" \/>\n\t<meta name=\"twitter:data2\" content=\"6\u00a0Minuten\" \/>\n<script type=\"application\/ld+json\" class=\"yoast-schema-graph\">{\"@context\":\"https:\\\/\\\/schema.org\",\"@graph\":[{\"@type\":\"Article\",\"@id\":\"https:\\\/\\\/www.kobler-margreid.com\\\/blog\\\/blog\\\/2008\\\/06\\\/19\\\/mi-provate-sti-vini\\\/#article\",\"isPartOf\":{\"@id\":\"https:\\\/\\\/www.kobler-margreid.com\\\/blog\\\/blog\\\/2008\\\/06\\\/19\\\/mi-provate-sti-vini\\\/\"},\"author\":{\"name\":\"armin kobler\",\"@id\":\"https:\\\/\\\/www.kobler-margreid.com\\\/blog\\\/#\\\/schema\\\/person\\\/6a2290c17f680f59c1fa7e1c7a36df3a\"},\"headline\":\"&#8222;Mi provate \u2019sti vini?&#8220; Kostet ihr mir diese Weine?\",\"datePublished\":\"2008-06-19T18:27:04+00:00\",\"dateModified\":\"2013-01-09T18:04:17+00:00\",\"mainEntityOfPage\":{\"@id\":\"https:\\\/\\\/www.kobler-margreid.com\\\/blog\\\/blog\\\/2008\\\/06\\\/19\\\/mi-provate-sti-vini\\\/\"},\"wordCount\":1114,\"commentCount\":8,\"publisher\":{\"@id\":\"https:\\\/\\\/www.kobler-margreid.com\\\/blog\\\/#\\\/schema\\\/person\\\/6a2290c17f680f59c1fa7e1c7a36df3a\"},\"image\":{\"@id\":\"https:\\\/\\\/www.kobler-margreid.com\\\/blog\\\/blog\\\/2008\\\/06\\\/19\\\/mi-provate-sti-vini\\\/#primaryimage\"},\"thumbnailUrl\":\"http:\\\/\\\/www.kobler-margreid.com\\\/blog\\\/wp-content\\\/imagescaler\\\/f4c817305b151963a1ac076946b7b7b0.jpg\",\"keywords\":[\"Alture\",\"Andreas S\u00f6lva\",\"Ansonica\",\"Armin Raifer\",\"Bianco Bucce\",\"Christoph Patauner\",\"Erwin Eccli\",\"Eva \u00dcberegger\",\"Fiano\",\"Fonte 40\",\"Gianpaolo Paglia\",\"Poggio Argentiera\",\"Sauvignon\",\"Tasting Panel\",\"Ulrich Pedri\",\"Vermentino\",\"Web 2.0\"],\"articleSection\":[\"Weinkost - Degustazione\"],\"inLanguage\":\"de\",\"potentialAction\":[{\"@type\":\"CommentAction\",\"name\":\"Comment\",\"target\":[\"https:\\\/\\\/www.kobler-margreid.com\\\/blog\\\/blog\\\/2008\\\/06\\\/19\\\/mi-provate-sti-vini\\\/#respond\"]}]},{\"@type\":\"WebPage\",\"@id\":\"https:\\\/\\\/www.kobler-margreid.com\\\/blog\\\/blog\\\/2008\\\/06\\\/19\\\/mi-provate-sti-vini\\\/\",\"url\":\"https:\\\/\\\/www.kobler-margreid.com\\\/blog\\\/blog\\\/2008\\\/06\\\/19\\\/mi-provate-sti-vini\\\/\",\"name\":\"\\\"Mi provate \u2019sti vini?\\\" Kostet ihr mir diese Weine? - weinhof KOBLER weblog\",\"isPartOf\":{\"@id\":\"https:\\\/\\\/www.kobler-margreid.com\\\/blog\\\/#website\"},\"primaryImageOfPage\":{\"@id\":\"https:\\\/\\\/www.kobler-margreid.com\\\/blog\\\/blog\\\/2008\\\/06\\\/19\\\/mi-provate-sti-vini\\\/#primaryimage\"},\"image\":{\"@id\":\"https:\\\/\\\/www.kobler-margreid.com\\\/blog\\\/blog\\\/2008\\\/06\\\/19\\\/mi-provate-sti-vini\\\/#primaryimage\"},\"thumbnailUrl\":\"http:\\\/\\\/www.kobler-margreid.com\\\/blog\\\/wp-content\\\/imagescaler\\\/f4c817305b151963a1ac076946b7b7b0.jpg\",\"datePublished\":\"2008-06-19T18:27:04+00:00\",\"dateModified\":\"2013-01-09T18:04:17+00:00\",\"breadcrumb\":{\"@id\":\"https:\\\/\\\/www.kobler-margreid.com\\\/blog\\\/blog\\\/2008\\\/06\\\/19\\\/mi-provate-sti-vini\\\/#breadcrumb\"},\"inLanguage\":\"de\",\"potentialAction\":[{\"@type\":\"ReadAction\",\"target\":[\"https:\\\/\\\/www.kobler-margreid.com\\\/blog\\\/blog\\\/2008\\\/06\\\/19\\\/mi-provate-sti-vini\\\/\"]}]},{\"@type\":\"ImageObject\",\"inLanguage\":\"de\",\"@id\":\"https:\\\/\\\/www.kobler-margreid.com\\\/blog\\\/blog\\\/2008\\\/06\\\/19\\\/mi-provate-sti-vini\\\/#primaryimage\",\"url\":\"https:\\\/\\\/www.kobler-margreid.com\\\/blog\\\/wp-content\\\/\\\/home\\\/pl13659\\\/websites\\\/www.kobler-margreid.com\\\/blog\\\/wp-content\\\/2008\\\/06\\\/2008-06-19_11-44-57_1024.jpg\",\"contentUrl\":\"https:\\\/\\\/www.kobler-margreid.com\\\/blog\\\/wp-content\\\/\\\/home\\\/pl13659\\\/websites\\\/www.kobler-margreid.com\\\/blog\\\/wp-content\\\/2008\\\/06\\\/2008-06-19_11-44-57_1024.jpg\"},{\"@type\":\"BreadcrumbList\",\"@id\":\"https:\\\/\\\/www.kobler-margreid.com\\\/blog\\\/blog\\\/2008\\\/06\\\/19\\\/mi-provate-sti-vini\\\/#breadcrumb\",\"itemListElement\":[{\"@type\":\"ListItem\",\"position\":1,\"name\":\"Startseite\",\"item\":\"https:\\\/\\\/www.kobler-margreid.com\\\/blog\\\/\"},{\"@type\":\"ListItem\",\"position\":2,\"name\":\"&#8222;Mi provate \u2019sti vini?&#8220; Kostet ihr mir diese Weine?\"}]},{\"@type\":\"WebSite\",\"@id\":\"https:\\\/\\\/www.kobler-margreid.com\\\/blog\\\/#website\",\"url\":\"https:\\\/\\\/www.kobler-margreid.com\\\/blog\\\/\",\"name\":\"weinhof KOBLER weblog\",\"description\":\"dem wein ganz nah \u2013 all&#039;interno del vino\",\"publisher\":{\"@id\":\"https:\\\/\\\/www.kobler-margreid.com\\\/blog\\\/#\\\/schema\\\/person\\\/6a2290c17f680f59c1fa7e1c7a36df3a\"},\"potentialAction\":[{\"@type\":\"SearchAction\",\"target\":{\"@type\":\"EntryPoint\",\"urlTemplate\":\"https:\\\/\\\/www.kobler-margreid.com\\\/blog\\\/?s={search_term_string}\"},\"query-input\":{\"@type\":\"PropertyValueSpecification\",\"valueRequired\":true,\"valueName\":\"search_term_string\"}}],\"inLanguage\":\"de\"},{\"@type\":[\"Person\",\"Organization\"],\"@id\":\"https:\\\/\\\/www.kobler-margreid.com\\\/blog\\\/#\\\/schema\\\/person\\\/6a2290c17f680f59c1fa7e1c7a36df3a\",\"name\":\"armin kobler\",\"image\":{\"@type\":\"ImageObject\",\"inLanguage\":\"de\",\"@id\":\"https:\\\/\\\/www.kobler-margreid.com\\\/blog\\\/wp-content\\\/2023\\\/11\\\/2012-05-08_09-33-03a.jpg\",\"url\":\"https:\\\/\\\/www.kobler-margreid.com\\\/blog\\\/wp-content\\\/2023\\\/11\\\/2012-05-08_09-33-03a.jpg\",\"contentUrl\":\"https:\\\/\\\/www.kobler-margreid.com\\\/blog\\\/wp-content\\\/2023\\\/11\\\/2012-05-08_09-33-03a.jpg\",\"width\":1088,\"height\":1184,\"caption\":\"armin kobler\"},\"logo\":{\"@id\":\"https:\\\/\\\/www.kobler-margreid.com\\\/blog\\\/wp-content\\\/2023\\\/11\\\/2012-05-08_09-33-03a.jpg\"},\"sameAs\":[\"http:\\\/\\\/www.kobler-margreid.com\",\"https:\\\/\\\/www.facebook.com\\\/armin.kobler\\\/\"],\"url\":\"https:\\\/\\\/www.kobler-margreid.com\\\/blog\\\/blog\\\/author\\\/admin\\\/\"}]}<\/script>\n<!-- \/ Yoast SEO plugin. -->","yoast_head_json":{"title":"\"Mi provate \u2019sti vini?\" Kostet ihr mir diese Weine? - weinhof KOBLER weblog","robots":{"index":"index","follow":"follow","max-snippet":"max-snippet:-1","max-image-preview":"max-image-preview:large","max-video-preview":"max-video-preview:-1"},"canonical":"https:\/\/www.kobler-margreid.com\/blog\/blog\/2008\/06\/19\/mi-provate-sti-vini\/","og_locale":"de_DE","og_type":"article","og_title":"\"Mi provate \u2019sti vini?\" Kostet ihr mir diese Weine? - weinhof KOBLER weblog","og_description":"Gianpaolo Paglia vom Weingut Poggio Argentiera ist nicht nur daf\u00fcr bekannt, interessante Weine zu produzieren und innovative Wege in der \u00d6ffentlichkeitsarbeit zu gehen, sondern er setzt auch so konsequent wie kaum ein anderer mir bekannter Produzent den Web-2.0-Gedanken um. In &hellip; Weiterlesen &rarr;","og_url":"https:\/\/www.kobler-margreid.com\/blog\/blog\/2008\/06\/19\/mi-provate-sti-vini\/","og_site_name":"weinhof KOBLER weblog","article_publisher":"https:\/\/www.facebook.com\/armin.kobler\/","article_author":"https:\/\/www.facebook.com\/armin.kobler\/","article_published_time":"2008-06-19T18:27:04+00:00","article_modified_time":"2013-01-09T18:04:17+00:00","og_image":[{"url":"http:\/\/www.kobler-margreid.com\/blog\/wp-content\/imagescaler\/f4c817305b151963a1ac076946b7b7b0.jpg","type":"","width":"","height":""}],"author":"armin kobler","twitter_card":"summary_large_image","twitter_misc":{"Verfasst von":"armin kobler","Gesch\u00e4tzte Lesezeit":"6\u00a0Minuten"},"schema":{"@context":"https:\/\/schema.org","@graph":[{"@type":"Article","@id":"https:\/\/www.kobler-margreid.com\/blog\/blog\/2008\/06\/19\/mi-provate-sti-vini\/#article","isPartOf":{"@id":"https:\/\/www.kobler-margreid.com\/blog\/blog\/2008\/06\/19\/mi-provate-sti-vini\/"},"author":{"name":"armin kobler","@id":"https:\/\/www.kobler-margreid.com\/blog\/#\/schema\/person\/6a2290c17f680f59c1fa7e1c7a36df3a"},"headline":"&#8222;Mi provate \u2019sti vini?&#8220; Kostet ihr mir diese Weine?","datePublished":"2008-06-19T18:27:04+00:00","dateModified":"2013-01-09T18:04:17+00:00","mainEntityOfPage":{"@id":"https:\/\/www.kobler-margreid.com\/blog\/blog\/2008\/06\/19\/mi-provate-sti-vini\/"},"wordCount":1114,"commentCount":8,"publisher":{"@id":"https:\/\/www.kobler-margreid.com\/blog\/#\/schema\/person\/6a2290c17f680f59c1fa7e1c7a36df3a"},"image":{"@id":"https:\/\/www.kobler-margreid.com\/blog\/blog\/2008\/06\/19\/mi-provate-sti-vini\/#primaryimage"},"thumbnailUrl":"http:\/\/www.kobler-margreid.com\/blog\/wp-content\/imagescaler\/f4c817305b151963a1ac076946b7b7b0.jpg","keywords":["Alture","Andreas S\u00f6lva","Ansonica","Armin Raifer","Bianco Bucce","Christoph Patauner","Erwin Eccli","Eva \u00dcberegger","Fiano","Fonte 40","Gianpaolo Paglia","Poggio Argentiera","Sauvignon","Tasting Panel","Ulrich Pedri","Vermentino","Web 2.0"],"articleSection":["Weinkost - Degustazione"],"inLanguage":"de","potentialAction":[{"@type":"CommentAction","name":"Comment","target":["https:\/\/www.kobler-margreid.com\/blog\/blog\/2008\/06\/19\/mi-provate-sti-vini\/#respond"]}]},{"@type":"WebPage","@id":"https:\/\/www.kobler-margreid.com\/blog\/blog\/2008\/06\/19\/mi-provate-sti-vini\/","url":"https:\/\/www.kobler-margreid.com\/blog\/blog\/2008\/06\/19\/mi-provate-sti-vini\/","name":"\"Mi provate \u2019sti vini?\" Kostet ihr mir diese Weine? - weinhof KOBLER weblog","isPartOf":{"@id":"https:\/\/www.kobler-margreid.com\/blog\/#website"},"primaryImageOfPage":{"@id":"https:\/\/www.kobler-margreid.com\/blog\/blog\/2008\/06\/19\/mi-provate-sti-vini\/#primaryimage"},"image":{"@id":"https:\/\/www.kobler-margreid.com\/blog\/blog\/2008\/06\/19\/mi-provate-sti-vini\/#primaryimage"},"thumbnailUrl":"http:\/\/www.kobler-margreid.com\/blog\/wp-content\/imagescaler\/f4c817305b151963a1ac076946b7b7b0.jpg","datePublished":"2008-06-19T18:27:04+00:00","dateModified":"2013-01-09T18:04:17+00:00","breadcrumb":{"@id":"https:\/\/www.kobler-margreid.com\/blog\/blog\/2008\/06\/19\/mi-provate-sti-vini\/#breadcrumb"},"inLanguage":"de","potentialAction":[{"@type":"ReadAction","target":["https:\/\/www.kobler-margreid.com\/blog\/blog\/2008\/06\/19\/mi-provate-sti-vini\/"]}]},{"@type":"ImageObject","inLanguage":"de","@id":"https:\/\/www.kobler-margreid.com\/blog\/blog\/2008\/06\/19\/mi-provate-sti-vini\/#primaryimage","url":"https:\/\/www.kobler-margreid.com\/blog\/wp-content\/\/home\/pl13659\/websites\/www.kobler-margreid.com\/blog\/wp-content\/2008\/06\/2008-06-19_11-44-57_1024.jpg","contentUrl":"https:\/\/www.kobler-margreid.com\/blog\/wp-content\/\/home\/pl13659\/websites\/www.kobler-margreid.com\/blog\/wp-content\/2008\/06\/2008-06-19_11-44-57_1024.jpg"},{"@type":"BreadcrumbList","@id":"https:\/\/www.kobler-margreid.com\/blog\/blog\/2008\/06\/19\/mi-provate-sti-vini\/#breadcrumb","itemListElement":[{"@type":"ListItem","position":1,"name":"Startseite","item":"https:\/\/www.kobler-margreid.com\/blog\/"},{"@type":"ListItem","position":2,"name":"&#8222;Mi provate \u2019sti vini?&#8220; Kostet ihr mir diese Weine?"}]},{"@type":"WebSite","@id":"https:\/\/www.kobler-margreid.com\/blog\/#website","url":"https:\/\/www.kobler-margreid.com\/blog\/","name":"weinhof KOBLER weblog","description":"dem wein ganz nah \u2013 all&#039;interno del vino","publisher":{"@id":"https:\/\/www.kobler-margreid.com\/blog\/#\/schema\/person\/6a2290c17f680f59c1fa7e1c7a36df3a"},"potentialAction":[{"@type":"SearchAction","target":{"@type":"EntryPoint","urlTemplate":"https:\/\/www.kobler-margreid.com\/blog\/?s={search_term_string}"},"query-input":{"@type":"PropertyValueSpecification","valueRequired":true,"valueName":"search_term_string"}}],"inLanguage":"de"},{"@type":["Person","Organization"],"@id":"https:\/\/www.kobler-margreid.com\/blog\/#\/schema\/person\/6a2290c17f680f59c1fa7e1c7a36df3a","name":"armin kobler","image":{"@type":"ImageObject","inLanguage":"de","@id":"https:\/\/www.kobler-margreid.com\/blog\/wp-content\/2023\/11\/2012-05-08_09-33-03a.jpg","url":"https:\/\/www.kobler-margreid.com\/blog\/wp-content\/2023\/11\/2012-05-08_09-33-03a.jpg","contentUrl":"https:\/\/www.kobler-margreid.com\/blog\/wp-content\/2023\/11\/2012-05-08_09-33-03a.jpg","width":1088,"height":1184,"caption":"armin kobler"},"logo":{"@id":"https:\/\/www.kobler-margreid.com\/blog\/wp-content\/2023\/11\/2012-05-08_09-33-03a.jpg"},"sameAs":["http:\/\/www.kobler-margreid.com","https:\/\/www.facebook.com\/armin.kobler\/"],"url":"https:\/\/www.kobler-margreid.com\/blog\/blog\/author\/admin\/"}]}},"_links":{"self":[{"href":"https:\/\/www.kobler-margreid.com\/blog\/wp-json\/wp\/v2\/posts\/97","targetHints":{"allow":["GET"]}}],"collection":[{"href":"https:\/\/www.kobler-margreid.com\/blog\/wp-json\/wp\/v2\/posts"}],"about":[{"href":"https:\/\/www.kobler-margreid.com\/blog\/wp-json\/wp\/v2\/types\/post"}],"author":[{"embeddable":true,"href":"https:\/\/www.kobler-margreid.com\/blog\/wp-json\/wp\/v2\/users\/1"}],"replies":[{"embeddable":true,"href":"https:\/\/www.kobler-margreid.com\/blog\/wp-json\/wp\/v2\/comments?post=97"}],"version-history":[{"count":0,"href":"https:\/\/www.kobler-margreid.com\/blog\/wp-json\/wp\/v2\/posts\/97\/revisions"}],"wp:attachment":[{"href":"https:\/\/www.kobler-margreid.com\/blog\/wp-json\/wp\/v2\/media?parent=97"}],"wp:term":[{"taxonomy":"category","embeddable":true,"href":"https:\/\/www.kobler-margreid.com\/blog\/wp-json\/wp\/v2\/categories?post=97"},{"taxonomy":"post_tag","embeddable":true,"href":"https:\/\/www.kobler-margreid.com\/blog\/wp-json\/wp\/v2\/tags?post=97"}],"curies":[{"name":"wp","href":"https:\/\/api.w.org\/{rel}","templated":true}]}}