{"id":9702,"date":"2012-12-30T23:28:52","date_gmt":"2012-12-30T22:28:52","guid":{"rendered":"http:\/\/www.kobler-margreid.com\/blog\/?p=9702"},"modified":"2013-01-03T21:08:20","modified_gmt":"2013-01-03T20:08:20","slug":"handwerklich-oder-industriell_artigianala-o-industriale","status":"publish","type":"post","link":"https:\/\/www.kobler-margreid.com\/blog\/blog\/2012\/12\/30\/handwerklich-oder-industriell_artigianala-o-industriale\/","title":{"rendered":"Handwerklich oder industriell? \u2014 Artigianale o industriale?"},"content":{"rendered":"<p><a href=\"http:\/\/shalomisraeltours.com\/contemporary-wine-industry-israel\/\"><img loading=\"lazy\" decoding=\"async\" class=\"float left alignleft  wp-image-9704\" style=\"border: 0px; margin: -3px 5px -5px -5px;\" alt=\"weintanks\" src=\"http:\/\/www.kobler-margreid.com\/blog\/wp-content\/2012\/12\/weintanks.jpg\" width=\"278\" height=\"293\" srcset=\"https:\/\/www.kobler-margreid.com\/blog\/wp-content\/2012\/12\/weintanks.jpg 741w, https:\/\/www.kobler-margreid.com\/blog\/wp-content\/2012\/12\/weintanks-284x300.jpg 284w\" sizes=\"auto, (max-width: 278px) 100vw, 278px\" \/><\/a>Besonders auf den italienischsprachigen Internetseiten, welche sich mit Wein besch\u00e4ftigen, werden letztlich sehr h\u00e4ufig diese Begriffe gegen\u00fcbergestellt. Es gen\u00fcgt nicht mehr zu wissen, ob der Anbau der Trauben biologisch, biodynamisch oder konventionell erfolgt (von integriert spricht leider fast niemand mehr), auch die Verarbeitung im Keller will kategorisiert sein. Leicht zu erraten, dass in der momentanen Befindlichkeit der enoischen Meinungsmacher eine handwerkliche Herstellungsmethodik bei weitem bevorzugt wird. &#8222;Industriell geht gar nicht&#8220; lautet der allgemeine Grundtenor zum Thema.<\/p>\n<p><em>Soprattutto sui siti italiani che si occupano di vino, ultimamente vengono contrapposti i termini artigianale ed industriale. Non basta pi\u00f9 sapere se le uve sono state prodotte in biologico, biodinamico o convenzionale (dell&#8217;integrato purtroppo non parla pi\u00f9 quasi nessuno), anche i lavori in cantina devono essere categorizzati. \u00c8 facile immaginarsi che al momentaneo stato d&#8217;amine degli opinion maker enoici viene preferito di gran lunga la produzione artigianale. &#8222;L&#8217;industriale? Neanche a pensarci&#8220; \u00e8 la massima a proposito.<\/em><\/p>\n<p><!--more-->Unabh\u00e4ngig von meiner pers\u00f6nlichen Gewichtung der Begriffe habe ich mir schon vor l\u00e4ngerer Zeit die m.E. gar nicht so unwichtige Frage gestellt, wo eigentlich die Grenze zwischen Handwerk und Industrie beim Wein verl\u00e4uft. Ausgel\u00f6st von einem Posting auf <a href=\"http:\/\/www.intravino.com\/grande-notizia\/del-tuderi-2006-di-alessandro-dettori-potremmo-discutere-fino-al-capodanno-2014\/\" target=\"_blank\">Intravino<\/a>, wo der Begriff prominent verwendet wurde, habe ich spontan auf <a href=\"https:\/\/www.facebook.com\/armin.kobler\/posts\/10200350065020769\" target=\"_blank\">Facebook<\/a> diese Frage gepostet.\u00a0Es sei vorweggenommen, niemand der Antwortenden konnte, leider, eine klare Grenze ziehen: f\u00fcr dem einen wird weiterhin ein bestimmter Winzer handwerklich arbeiten, der in den Augen eines anderen schon industrielle Methoden anwendet und umgekehrt, die Grenze bleibt flie\u00dfend.<\/p>\n<p><em>Indipendentemente delle mie valutazioni mi sono posto gi\u00e0 tempo fa la domanda secondo me neanche troppo trascurabile, dove passa esattamente il confine tra artigianale ed industriale. Preso lo spunto da un post su\u00a0<a href=\"http:\/\/www.intravino.com\/grande-notizia\/del-tuderi-2006-di-alessandro-dettori-potremmo-discutere-fino-al-capodanno-2014\/\" target=\"_blank\">Intravino<\/a>\u00a0dove questo termine \u00e8 stato usato in modo importante, ho chiesto su <a href=\"https:\/\/www.facebook.com\/armin.kobler\/posts\/10200350065020769\" target=\"_blank\">Facebook<\/a> un parere.\u00a0<\/em><em>Anticipo gi\u00e0 adesso, che nessuno dei partecipanti alla discussione ha potuto tracciare una linea di confine precisa: c&#8217;\u00e8 chi vede in una certo produttore un artigiano, per un altro lo stesso \u00e8 gi\u00e0 industriale, e viceversa. La demarcazione rimane fluttuante.<\/em><\/p>\n<p>Von interesse und auch irgendwie hilfreich sind in jedem Fall die genannten Kriterien, welche einen Betrieb als mehr oder weniger handwerklich ausweisen. F\u00fcr <a href=\"https:\/\/www.facebook.com\/robertoseba\" target=\"_blank\">Roberto Sebastiani<\/a> z.B. ist die Anzahl der Mitarbeiter ein Kriterium. Die Anzahl der verwendeten Hilfsstoffe bei der Weinbereitung ist hingegen f\u00fcr <a href=\"https:\/\/www.facebook.com\/amorichetti\" target=\"_blank\">Alessandro Morichetti<\/a> ausschlaggebend. Ein Betrieb ist dann handwerklich, wenn der Eigent\u00fcmer alle Arbeiten selbst verrichtet, sich eventuell helfen l\u00e4sst, aber nichts delegiert, so <a href=\"https:\/\/www.facebook.com\/marco.detomasi.5\" target=\"_blank\">Marco De Tomasi<\/a>. <a id=\".reactRoot[637].[1][2][1]{comment10200350065020769_6040938}.0.[1].0.[1].0.[0].[0][0]\" href=\"https:\/\/www.facebook.com\/sartore\" target=\"_blank\" data-hovercard=\"\/ajax\/hovercard\/hovercard.php?id=699653879\" data-ft=\"{&quot;tn&quot;:&quot;;&quot;}\">Fiorenzo Sartore<\/a>\u00a0meint, das Augenma\u00df sei ausschlaggebend<em>.\u00a0<\/em>Im Empfinden von <a href=\"https:\/\/www.facebook.com\/marilena.barbera\" target=\"_blank\">Marilena Barbera <\/a>h\u00e4ngt die Einordnung in handwerklich oder industriell vom Verh\u00e4ltnis zwischen Handarbeit und Maschineneinsatz ab. Laut ihr ist zudem ein Betrieb dann industriell, wenn die Materie dem Arbeitsablauf angepasst wird, in einem handwerklichen werden hingegen die Prozesse der Materie untergeordnet.\u00a0<a href=\"https:\/\/www.facebook.com\/LucaFerraro77\" target=\"_blank\">Luca Ferraro<\/a> bringt die Produzierte Menge ins Spiel, f\u00fcr <a href=\"https:\/\/www.facebook.com\/fmdefranco\" target=\"_blank\">Francesco Maria De Franco<\/a> ist ein Produkt industriell, wenn es serienm\u00e4\u00dfig und standardisiert hergestellt wird.\u00a0<a id=\".reactRoot[161].[1][2][1]{comment10200350065020769_6065397}.0.[1].0.[1].0.[0].[0][0]\" href=\"https:\/\/www.facebook.com\/hannes.rottensteiner.9\" target=\"_blank\" data-hovercard=\"\/ajax\/hovercard\/hovercard.php?id=1590897134\" data-ft=\"{&quot;tn&quot;:&quot;;&quot;}\">Hannes Rottensteiner<\/a>\u00a0ist der Meinung, dass handwerklich mit der Betriebsstruktur zusammenh\u00e4ngt: wenn mehr als 50 % der Menge von eigenen Trauben stammt, ist der Betrieb &#8222;Landwirtschaft&#8220; und damit handwerklich, bei mehr Zukauf ist es ein Industriebetrieb. Er bevorzugt aber zu wissen, dass der Wein gut ist, die betriebliche Struktur ist ihm egal.<em><br \/>\n<\/em><\/p>\n<p><em>\u00c8 per\u00f2 stimolante ed anche utile ricordare i criteri che classificano un&#8217;azienda pi\u00f9 o meno artigianale:<br \/>\n<\/em><em><a href=\"https:\/\/www.facebook.com\/robertoseba\" target=\"_blank\">Roberto Sebastiani<\/a>: &#8222;Stringi stringi il numero di dipendenti&#8230;\u00a0La differenza non \u00e8 come lo fai, ma quanto ne fai&#8230;&#8220;<br \/>\n<\/em><em><a href=\"https:\/\/www.facebook.com\/amorichetti\" target=\"_blank\">Alessandro Morichetti<\/a>: &#8222;Ma un vino fatto con uva e zolfo \u00e8 pi\u00f9 artigianale di uno fatto con uva, tannino, enzimi, lieviti, ecc ecc ecc.&#8220;<br \/>\n<\/em><em><a href=\"https:\/\/www.facebook.com\/marco.detomasi.5\" target=\"_blank\">Marco De Tomasi<\/a>: &#8222;Se parliamo di aziende agricole io valuto come &#8222;artigianale&#8220; quel produttore che riesce a seguire tutte le fasi di produzione, dal vigneto alla cantina, personalmente, senza delegare il lavoro ad altri. E&#8216; in pratica il vignaiolo. Certo pu\u00f2 avere chi lo aiuta a potare o a vendemmiare, pu\u00f2 avvalersi di consulenti, ma alla fine tutte le decisioni e le azioni sono sue.&#8220;<br \/>\n<\/em><em><a id=\".reactRoot[637].[1][2][1]{comment10200350065020769_6040938}.0.[1].0.[1].0.[0].[0][0]\" href=\"https:\/\/www.facebook.com\/sartore\" target=\"_blank\" data-hovercard=\"\/ajax\/hovercard\/hovercard.php?id=699653879\" data-ft=\"{&quot;tn&quot;:&quot;;&quot;}\">Fiorenzo Sartore<\/a>:\u00a0&#8222;La differenza si vede a occhio.&#8220;<a href=\"https:\/\/www.facebook.com\/marilena.barbera\" target=\"_blank\"><br \/>\nMarilena Barbera<\/a>: &#8222;La differenza sta nel rapporto uomo-macchina, quanto \u00e8 prevalente l&#8217;apporto dell&#8217;uno rispetto alle altre nella realizzazione del prodotto.\u00a0Secondo me l&#8217;industria adatta la materia al processo, l&#8217;artigiano adatta il processo alla materia. E non \u00e8 solo un problema di quantit\u00e0 di macchine o di meccanizzazione, ma di approccio alla materia che viene trasformata e di standardizzazione dei processi produttivi.\u00a0Secondo me l&#8217;industria adatta la materia al processo, l&#8217;artigiano adatta il processo alla materia. E non \u00e8 solo un problema di quantit\u00e0 di macchine o di meccanizzazione, ma di approccio alla materia che viene trasformata e di standardizzazione dei processi produttivi.&#8220;<br \/>\n<\/em><em><a href=\"https:\/\/www.facebook.com\/LucaFerraro77\" target=\"_blank\">Luca Ferraro<\/a>: &#8222;Mi hanno risposto che legalmente i 1000 ettolitri x anno sono limite massimo x essere <\/em>piccole aziende<em>.&#8220;<br \/>\n<\/em><em><a href=\"https:\/\/www.facebook.com\/fmdefranco\" target=\"_blank\">Francesco Maria De Franco<\/a>: &#8222;Un prodotto \u00e8 industriale quando \u00e8 seriale e standard. Per il vino fate voi&#8230;&#8220;<br \/>\n<a id=\".reactRoot[161].[1][2][1]{comment10200350065020769_6065397}.0.[1].0.[1].0.[0].[0][0]\" href=\"https:\/\/www.facebook.com\/hannes.rottensteiner.9\" target=\"_blank\" data-hovercard=\"\/ajax\/hovercard\/hovercard.php?id=1590897134\" data-ft=\"{&quot;tn&quot;:&quot;;&quot;}\">Hannes Rottensteiner<\/a>:\u00a0Se tu lavori pi\u00f9 del 50 % uva propria, sei azienda agricola e quindi fai il vino &#8222;artigianale&#8220;. Se tu acquisti pi\u00f9 del 50 % dell&#8217;uva che tu lavori, sei impresa industriale, e quindi il tuo vino diventa &#8222;industriale&#8220;. Comunque, io preferisco la suddivisione in vino buono e cattivo, poi, come sia organizzata l&#8217;azienda internamente \u00e8 una cosa che mi pu\u00f2 anche fregare a meno&#8230;<br \/>\n<\/em><\/p>\n<p>Mal schauen, ob von den gesch\u00e4tzten Bloglesern auch noch vielleicht Beitr\u00e4ge zum Thema kommen. Spannend wird auch das Beobachten sein, wie lange diese Gegen\u00fcberstellung handwerklich\/industriell \u00fcberhaupt noch aktuell sein wird.<\/p>\n<p><em>Sono fiducioso che i gentili lettori del blog apporteranno qualche loro interpretazione. Interessante sar\u00e0 infine vedere per quanto tempo la questione artigianale\/industriale rimar\u00e0 d&#8217;attualit\u00e0.<\/em><\/p>\n","protected":false},"excerpt":{"rendered":"<p>Besonders auf den italienischsprachigen Internetseiten, welche sich mit Wein besch\u00e4ftigen, werden letztlich sehr h\u00e4ufig diese Begriffe gegen\u00fcbergestellt. Es gen\u00fcgt nicht mehr zu wissen, ob der Anbau der Trauben biologisch, biodynamisch oder konventionell erfolgt (von integriert spricht leider fast niemand mehr), &hellip; <a href=\"https:\/\/www.kobler-margreid.com\/blog\/blog\/2012\/12\/30\/handwerklich-oder-industriell_artigianala-o-industriale\/\">Weiterlesen <span class=\"meta-nav\">&rarr;<\/span><\/a><\/p>\n","protected":false},"author":1,"featured_media":0,"comment_status":"open","ping_status":"open","sticky":false,"template":"","format":"standard","meta":{"ngg_post_thumbnail":0,"footnotes":"","_links_to":"","_links_to_target":""},"categories":[15,14],"tags":[1167,1174,1169,1172,93,309,1175,1173,1171,1168,1170,421],"class_list":["post-9702","post","type-post","status-publish","format-standard","hentry","category-keller","category-weingarten","tag-alessandro-morichetti","tag-artigianale","tag-fiorenzo-sartore","tag-francesco-maria-de-franco","tag-handwerk","tag-hannes-rottensteiner","tag-industriale","tag-industrie","tag-luca-ferraro","tag-marco-de-tomasi","tag-marilena-barbera","tag-roberto-sebastiani"],"yoast_head":"<!-- This site is optimized with the Yoast SEO plugin v27.5 - https:\/\/yoast.com\/product\/yoast-seo-wordpress\/ -->\n<title>Handwerklich oder industriell? \u2014 Artigianale o industriale? - weinhof KOBLER weblog<\/title>\n<meta name=\"robots\" content=\"index, follow, max-snippet:-1, max-image-preview:large, max-video-preview:-1\" \/>\n<link rel=\"canonical\" href=\"https:\/\/www.kobler-margreid.com\/blog\/blog\/2012\/12\/30\/handwerklich-oder-industriell_artigianala-o-industriale\/\" \/>\n<meta property=\"og:locale\" content=\"de_DE\" \/>\n<meta property=\"og:type\" content=\"article\" \/>\n<meta property=\"og:title\" content=\"Handwerklich oder industriell? \u2014 Artigianale o industriale? - weinhof KOBLER weblog\" \/>\n<meta property=\"og:description\" content=\"Besonders auf den italienischsprachigen Internetseiten, welche sich mit Wein besch\u00e4ftigen, werden letztlich sehr h\u00e4ufig diese Begriffe gegen\u00fcbergestellt. Es gen\u00fcgt nicht mehr zu wissen, ob der Anbau der Trauben biologisch, biodynamisch oder konventionell erfolgt (von integriert spricht leider fast niemand mehr), &hellip; Weiterlesen &rarr;\" \/>\n<meta property=\"og:url\" content=\"https:\/\/www.kobler-margreid.com\/blog\/blog\/2012\/12\/30\/handwerklich-oder-industriell_artigianala-o-industriale\/\" \/>\n<meta property=\"og:site_name\" content=\"weinhof KOBLER weblog\" \/>\n<meta property=\"article:publisher\" content=\"https:\/\/www.facebook.com\/armin.kobler\/\" \/>\n<meta property=\"article:author\" content=\"https:\/\/www.facebook.com\/armin.kobler\/\" \/>\n<meta property=\"article:published_time\" content=\"2012-12-30T22:28:52+00:00\" \/>\n<meta property=\"article:modified_time\" content=\"2013-01-03T20:08:20+00:00\" \/>\n<meta property=\"og:image\" content=\"http:\/\/www.kobler-margreid.com\/blog\/wp-content\/2012\/12\/weintanks.jpg\" \/>\n<meta name=\"author\" content=\"armin kobler\" \/>\n<meta name=\"twitter:card\" content=\"summary_large_image\" \/>\n<meta name=\"twitter:label1\" content=\"Verfasst von\" \/>\n\t<meta name=\"twitter:data1\" content=\"armin kobler\" \/>\n\t<meta name=\"twitter:label2\" content=\"Gesch\u00e4tzte Lesezeit\" \/>\n\t<meta name=\"twitter:data2\" content=\"5\u00a0Minuten\" \/>\n<script type=\"application\/ld+json\" class=\"yoast-schema-graph\">{\"@context\":\"https:\\\/\\\/schema.org\",\"@graph\":[{\"@type\":\"Article\",\"@id\":\"https:\\\/\\\/www.kobler-margreid.com\\\/blog\\\/blog\\\/2012\\\/12\\\/30\\\/handwerklich-oder-industriell_artigianala-o-industriale\\\/#article\",\"isPartOf\":{\"@id\":\"https:\\\/\\\/www.kobler-margreid.com\\\/blog\\\/blog\\\/2012\\\/12\\\/30\\\/handwerklich-oder-industriell_artigianala-o-industriale\\\/\"},\"author\":{\"name\":\"armin kobler\",\"@id\":\"https:\\\/\\\/www.kobler-margreid.com\\\/blog\\\/#\\\/schema\\\/person\\\/6a2290c17f680f59c1fa7e1c7a36df3a\"},\"headline\":\"Handwerklich oder industriell? \u2014 Artigianale o industriale?\",\"datePublished\":\"2012-12-30T22:28:52+00:00\",\"dateModified\":\"2013-01-03T20:08:20+00:00\",\"mainEntityOfPage\":{\"@id\":\"https:\\\/\\\/www.kobler-margreid.com\\\/blog\\\/blog\\\/2012\\\/12\\\/30\\\/handwerklich-oder-industriell_artigianala-o-industriale\\\/\"},\"wordCount\":934,\"commentCount\":13,\"publisher\":{\"@id\":\"https:\\\/\\\/www.kobler-margreid.com\\\/blog\\\/#\\\/schema\\\/person\\\/6a2290c17f680f59c1fa7e1c7a36df3a\"},\"image\":{\"@id\":\"https:\\\/\\\/www.kobler-margreid.com\\\/blog\\\/blog\\\/2012\\\/12\\\/30\\\/handwerklich-oder-industriell_artigianala-o-industriale\\\/#primaryimage\"},\"thumbnailUrl\":\"http:\\\/\\\/www.kobler-margreid.com\\\/blog\\\/wp-content\\\/2012\\\/12\\\/weintanks.jpg\",\"keywords\":[\"Alessandro Morichetti\",\"Artigianale\",\"Fiorenzo Sartore\",\"Francesco Maria De Franco\",\"Handwerk\",\"Hannes Rottensteiner\",\"Industriale\",\"Industrie\",\"Luca Ferraro\",\"Marco De Tomasi\",\"Marilena Barbera\",\"Roberto Sebastiani\"],\"articleSection\":[\"Keller - Cantina\",\"Weingarten - Vigneto\"],\"inLanguage\":\"de\",\"potentialAction\":[{\"@type\":\"CommentAction\",\"name\":\"Comment\",\"target\":[\"https:\\\/\\\/www.kobler-margreid.com\\\/blog\\\/blog\\\/2012\\\/12\\\/30\\\/handwerklich-oder-industriell_artigianala-o-industriale\\\/#respond\"]}]},{\"@type\":\"WebPage\",\"@id\":\"https:\\\/\\\/www.kobler-margreid.com\\\/blog\\\/blog\\\/2012\\\/12\\\/30\\\/handwerklich-oder-industriell_artigianala-o-industriale\\\/\",\"url\":\"https:\\\/\\\/www.kobler-margreid.com\\\/blog\\\/blog\\\/2012\\\/12\\\/30\\\/handwerklich-oder-industriell_artigianala-o-industriale\\\/\",\"name\":\"Handwerklich oder industriell? \u2014 Artigianale o industriale? - weinhof KOBLER weblog\",\"isPartOf\":{\"@id\":\"https:\\\/\\\/www.kobler-margreid.com\\\/blog\\\/#website\"},\"primaryImageOfPage\":{\"@id\":\"https:\\\/\\\/www.kobler-margreid.com\\\/blog\\\/blog\\\/2012\\\/12\\\/30\\\/handwerklich-oder-industriell_artigianala-o-industriale\\\/#primaryimage\"},\"image\":{\"@id\":\"https:\\\/\\\/www.kobler-margreid.com\\\/blog\\\/blog\\\/2012\\\/12\\\/30\\\/handwerklich-oder-industriell_artigianala-o-industriale\\\/#primaryimage\"},\"thumbnailUrl\":\"http:\\\/\\\/www.kobler-margreid.com\\\/blog\\\/wp-content\\\/2012\\\/12\\\/weintanks.jpg\",\"datePublished\":\"2012-12-30T22:28:52+00:00\",\"dateModified\":\"2013-01-03T20:08:20+00:00\",\"breadcrumb\":{\"@id\":\"https:\\\/\\\/www.kobler-margreid.com\\\/blog\\\/blog\\\/2012\\\/12\\\/30\\\/handwerklich-oder-industriell_artigianala-o-industriale\\\/#breadcrumb\"},\"inLanguage\":\"de\",\"potentialAction\":[{\"@type\":\"ReadAction\",\"target\":[\"https:\\\/\\\/www.kobler-margreid.com\\\/blog\\\/blog\\\/2012\\\/12\\\/30\\\/handwerklich-oder-industriell_artigianala-o-industriale\\\/\"]}]},{\"@type\":\"ImageObject\",\"inLanguage\":\"de\",\"@id\":\"https:\\\/\\\/www.kobler-margreid.com\\\/blog\\\/blog\\\/2012\\\/12\\\/30\\\/handwerklich-oder-industriell_artigianala-o-industriale\\\/#primaryimage\",\"url\":\"https:\\\/\\\/www.kobler-margreid.com\\\/blog\\\/wp-content\\\/2012\\\/12\\\/weintanks.jpg\",\"contentUrl\":\"https:\\\/\\\/www.kobler-margreid.com\\\/blog\\\/wp-content\\\/2012\\\/12\\\/weintanks.jpg\",\"width\":741,\"height\":782},{\"@type\":\"BreadcrumbList\",\"@id\":\"https:\\\/\\\/www.kobler-margreid.com\\\/blog\\\/blog\\\/2012\\\/12\\\/30\\\/handwerklich-oder-industriell_artigianala-o-industriale\\\/#breadcrumb\",\"itemListElement\":[{\"@type\":\"ListItem\",\"position\":1,\"name\":\"Startseite\",\"item\":\"https:\\\/\\\/www.kobler-margreid.com\\\/blog\\\/\"},{\"@type\":\"ListItem\",\"position\":2,\"name\":\"Handwerklich oder industriell? \u2014 Artigianale o industriale?\"}]},{\"@type\":\"WebSite\",\"@id\":\"https:\\\/\\\/www.kobler-margreid.com\\\/blog\\\/#website\",\"url\":\"https:\\\/\\\/www.kobler-margreid.com\\\/blog\\\/\",\"name\":\"weinhof KOBLER weblog\",\"description\":\"dem wein ganz nah \u2013 all&#039;interno del vino\",\"publisher\":{\"@id\":\"https:\\\/\\\/www.kobler-margreid.com\\\/blog\\\/#\\\/schema\\\/person\\\/6a2290c17f680f59c1fa7e1c7a36df3a\"},\"potentialAction\":[{\"@type\":\"SearchAction\",\"target\":{\"@type\":\"EntryPoint\",\"urlTemplate\":\"https:\\\/\\\/www.kobler-margreid.com\\\/blog\\\/?s={search_term_string}\"},\"query-input\":{\"@type\":\"PropertyValueSpecification\",\"valueRequired\":true,\"valueName\":\"search_term_string\"}}],\"inLanguage\":\"de\"},{\"@type\":[\"Person\",\"Organization\"],\"@id\":\"https:\\\/\\\/www.kobler-margreid.com\\\/blog\\\/#\\\/schema\\\/person\\\/6a2290c17f680f59c1fa7e1c7a36df3a\",\"name\":\"armin kobler\",\"image\":{\"@type\":\"ImageObject\",\"inLanguage\":\"de\",\"@id\":\"https:\\\/\\\/www.kobler-margreid.com\\\/blog\\\/wp-content\\\/2023\\\/11\\\/2012-05-08_09-33-03a.jpg\",\"url\":\"https:\\\/\\\/www.kobler-margreid.com\\\/blog\\\/wp-content\\\/2023\\\/11\\\/2012-05-08_09-33-03a.jpg\",\"contentUrl\":\"https:\\\/\\\/www.kobler-margreid.com\\\/blog\\\/wp-content\\\/2023\\\/11\\\/2012-05-08_09-33-03a.jpg\",\"width\":1088,\"height\":1184,\"caption\":\"armin kobler\"},\"logo\":{\"@id\":\"https:\\\/\\\/www.kobler-margreid.com\\\/blog\\\/wp-content\\\/2023\\\/11\\\/2012-05-08_09-33-03a.jpg\"},\"sameAs\":[\"http:\\\/\\\/www.kobler-margreid.com\",\"https:\\\/\\\/www.facebook.com\\\/armin.kobler\\\/\"],\"url\":\"https:\\\/\\\/www.kobler-margreid.com\\\/blog\\\/blog\\\/author\\\/admin\\\/\"}]}<\/script>\n<!-- \/ Yoast SEO plugin. -->","yoast_head_json":{"title":"Handwerklich oder industriell? \u2014 Artigianale o industriale? - weinhof KOBLER weblog","robots":{"index":"index","follow":"follow","max-snippet":"max-snippet:-1","max-image-preview":"max-image-preview:large","max-video-preview":"max-video-preview:-1"},"canonical":"https:\/\/www.kobler-margreid.com\/blog\/blog\/2012\/12\/30\/handwerklich-oder-industriell_artigianala-o-industriale\/","og_locale":"de_DE","og_type":"article","og_title":"Handwerklich oder industriell? \u2014 Artigianale o industriale? - weinhof KOBLER weblog","og_description":"Besonders auf den italienischsprachigen Internetseiten, welche sich mit Wein besch\u00e4ftigen, werden letztlich sehr h\u00e4ufig diese Begriffe gegen\u00fcbergestellt. Es gen\u00fcgt nicht mehr zu wissen, ob der Anbau der Trauben biologisch, biodynamisch oder konventionell erfolgt (von integriert spricht leider fast niemand mehr), &hellip; Weiterlesen &rarr;","og_url":"https:\/\/www.kobler-margreid.com\/blog\/blog\/2012\/12\/30\/handwerklich-oder-industriell_artigianala-o-industriale\/","og_site_name":"weinhof KOBLER weblog","article_publisher":"https:\/\/www.facebook.com\/armin.kobler\/","article_author":"https:\/\/www.facebook.com\/armin.kobler\/","article_published_time":"2012-12-30T22:28:52+00:00","article_modified_time":"2013-01-03T20:08:20+00:00","og_image":[{"url":"http:\/\/www.kobler-margreid.com\/blog\/wp-content\/2012\/12\/weintanks.jpg","type":"","width":"","height":""}],"author":"armin kobler","twitter_card":"summary_large_image","twitter_misc":{"Verfasst von":"armin kobler","Gesch\u00e4tzte Lesezeit":"5\u00a0Minuten"},"schema":{"@context":"https:\/\/schema.org","@graph":[{"@type":"Article","@id":"https:\/\/www.kobler-margreid.com\/blog\/blog\/2012\/12\/30\/handwerklich-oder-industriell_artigianala-o-industriale\/#article","isPartOf":{"@id":"https:\/\/www.kobler-margreid.com\/blog\/blog\/2012\/12\/30\/handwerklich-oder-industriell_artigianala-o-industriale\/"},"author":{"name":"armin kobler","@id":"https:\/\/www.kobler-margreid.com\/blog\/#\/schema\/person\/6a2290c17f680f59c1fa7e1c7a36df3a"},"headline":"Handwerklich oder industriell? \u2014 Artigianale o industriale?","datePublished":"2012-12-30T22:28:52+00:00","dateModified":"2013-01-03T20:08:20+00:00","mainEntityOfPage":{"@id":"https:\/\/www.kobler-margreid.com\/blog\/blog\/2012\/12\/30\/handwerklich-oder-industriell_artigianala-o-industriale\/"},"wordCount":934,"commentCount":13,"publisher":{"@id":"https:\/\/www.kobler-margreid.com\/blog\/#\/schema\/person\/6a2290c17f680f59c1fa7e1c7a36df3a"},"image":{"@id":"https:\/\/www.kobler-margreid.com\/blog\/blog\/2012\/12\/30\/handwerklich-oder-industriell_artigianala-o-industriale\/#primaryimage"},"thumbnailUrl":"http:\/\/www.kobler-margreid.com\/blog\/wp-content\/2012\/12\/weintanks.jpg","keywords":["Alessandro Morichetti","Artigianale","Fiorenzo Sartore","Francesco Maria De Franco","Handwerk","Hannes Rottensteiner","Industriale","Industrie","Luca Ferraro","Marco De Tomasi","Marilena Barbera","Roberto Sebastiani"],"articleSection":["Keller - Cantina","Weingarten - Vigneto"],"inLanguage":"de","potentialAction":[{"@type":"CommentAction","name":"Comment","target":["https:\/\/www.kobler-margreid.com\/blog\/blog\/2012\/12\/30\/handwerklich-oder-industriell_artigianala-o-industriale\/#respond"]}]},{"@type":"WebPage","@id":"https:\/\/www.kobler-margreid.com\/blog\/blog\/2012\/12\/30\/handwerklich-oder-industriell_artigianala-o-industriale\/","url":"https:\/\/www.kobler-margreid.com\/blog\/blog\/2012\/12\/30\/handwerklich-oder-industriell_artigianala-o-industriale\/","name":"Handwerklich oder industriell? \u2014 Artigianale o industriale? - weinhof KOBLER weblog","isPartOf":{"@id":"https:\/\/www.kobler-margreid.com\/blog\/#website"},"primaryImageOfPage":{"@id":"https:\/\/www.kobler-margreid.com\/blog\/blog\/2012\/12\/30\/handwerklich-oder-industriell_artigianala-o-industriale\/#primaryimage"},"image":{"@id":"https:\/\/www.kobler-margreid.com\/blog\/blog\/2012\/12\/30\/handwerklich-oder-industriell_artigianala-o-industriale\/#primaryimage"},"thumbnailUrl":"http:\/\/www.kobler-margreid.com\/blog\/wp-content\/2012\/12\/weintanks.jpg","datePublished":"2012-12-30T22:28:52+00:00","dateModified":"2013-01-03T20:08:20+00:00","breadcrumb":{"@id":"https:\/\/www.kobler-margreid.com\/blog\/blog\/2012\/12\/30\/handwerklich-oder-industriell_artigianala-o-industriale\/#breadcrumb"},"inLanguage":"de","potentialAction":[{"@type":"ReadAction","target":["https:\/\/www.kobler-margreid.com\/blog\/blog\/2012\/12\/30\/handwerklich-oder-industriell_artigianala-o-industriale\/"]}]},{"@type":"ImageObject","inLanguage":"de","@id":"https:\/\/www.kobler-margreid.com\/blog\/blog\/2012\/12\/30\/handwerklich-oder-industriell_artigianala-o-industriale\/#primaryimage","url":"https:\/\/www.kobler-margreid.com\/blog\/wp-content\/2012\/12\/weintanks.jpg","contentUrl":"https:\/\/www.kobler-margreid.com\/blog\/wp-content\/2012\/12\/weintanks.jpg","width":741,"height":782},{"@type":"BreadcrumbList","@id":"https:\/\/www.kobler-margreid.com\/blog\/blog\/2012\/12\/30\/handwerklich-oder-industriell_artigianala-o-industriale\/#breadcrumb","itemListElement":[{"@type":"ListItem","position":1,"name":"Startseite","item":"https:\/\/www.kobler-margreid.com\/blog\/"},{"@type":"ListItem","position":2,"name":"Handwerklich oder industriell? \u2014 Artigianale o industriale?"}]},{"@type":"WebSite","@id":"https:\/\/www.kobler-margreid.com\/blog\/#website","url":"https:\/\/www.kobler-margreid.com\/blog\/","name":"weinhof KOBLER weblog","description":"dem wein ganz nah \u2013 all&#039;interno del vino","publisher":{"@id":"https:\/\/www.kobler-margreid.com\/blog\/#\/schema\/person\/6a2290c17f680f59c1fa7e1c7a36df3a"},"potentialAction":[{"@type":"SearchAction","target":{"@type":"EntryPoint","urlTemplate":"https:\/\/www.kobler-margreid.com\/blog\/?s={search_term_string}"},"query-input":{"@type":"PropertyValueSpecification","valueRequired":true,"valueName":"search_term_string"}}],"inLanguage":"de"},{"@type":["Person","Organization"],"@id":"https:\/\/www.kobler-margreid.com\/blog\/#\/schema\/person\/6a2290c17f680f59c1fa7e1c7a36df3a","name":"armin kobler","image":{"@type":"ImageObject","inLanguage":"de","@id":"https:\/\/www.kobler-margreid.com\/blog\/wp-content\/2023\/11\/2012-05-08_09-33-03a.jpg","url":"https:\/\/www.kobler-margreid.com\/blog\/wp-content\/2023\/11\/2012-05-08_09-33-03a.jpg","contentUrl":"https:\/\/www.kobler-margreid.com\/blog\/wp-content\/2023\/11\/2012-05-08_09-33-03a.jpg","width":1088,"height":1184,"caption":"armin kobler"},"logo":{"@id":"https:\/\/www.kobler-margreid.com\/blog\/wp-content\/2023\/11\/2012-05-08_09-33-03a.jpg"},"sameAs":["http:\/\/www.kobler-margreid.com","https:\/\/www.facebook.com\/armin.kobler\/"],"url":"https:\/\/www.kobler-margreid.com\/blog\/blog\/author\/admin\/"}]}},"_links":{"self":[{"href":"https:\/\/www.kobler-margreid.com\/blog\/wp-json\/wp\/v2\/posts\/9702","targetHints":{"allow":["GET"]}}],"collection":[{"href":"https:\/\/www.kobler-margreid.com\/blog\/wp-json\/wp\/v2\/posts"}],"about":[{"href":"https:\/\/www.kobler-margreid.com\/blog\/wp-json\/wp\/v2\/types\/post"}],"author":[{"embeddable":true,"href":"https:\/\/www.kobler-margreid.com\/blog\/wp-json\/wp\/v2\/users\/1"}],"replies":[{"embeddable":true,"href":"https:\/\/www.kobler-margreid.com\/blog\/wp-json\/wp\/v2\/comments?post=9702"}],"version-history":[{"count":0,"href":"https:\/\/www.kobler-margreid.com\/blog\/wp-json\/wp\/v2\/posts\/9702\/revisions"}],"wp:attachment":[{"href":"https:\/\/www.kobler-margreid.com\/blog\/wp-json\/wp\/v2\/media?parent=9702"}],"wp:term":[{"taxonomy":"category","embeddable":true,"href":"https:\/\/www.kobler-margreid.com\/blog\/wp-json\/wp\/v2\/categories?post=9702"},{"taxonomy":"post_tag","embeddable":true,"href":"https:\/\/www.kobler-margreid.com\/blog\/wp-json\/wp\/v2\/tags?post=9702"}],"curies":[{"name":"wp","href":"https:\/\/api.w.org\/{rel}","templated":true}]}}