{"id":9857,"date":"2013-01-24T00:40:27","date_gmt":"2013-01-23T23:40:27","guid":{"rendered":"http:\/\/www.kobler-margreid.com\/blog\/?p=9857"},"modified":"2014-06-04T14:08:46","modified_gmt":"2014-06-04T12:08:46","slug":"in-die-tiefe_in-profondita","status":"publish","type":"post","link":"https:\/\/www.kobler-margreid.com\/blog\/blog\/2013\/01\/24\/in-die-tiefe_in-profondita\/","title":{"rendered":"In die Tiefe \u2014 In profondit\u00e0 (1)"},"content":{"rendered":"<p><a href=\"http:\/\/www.kobler-margreid.com\/blog\/wp-content\/2013\/01\/130103_ap_kobler_a1_ap2_schnitte_kg_kopie.jpg\" rel=\"lightbox[9857]\"><img loading=\"lazy\" decoding=\"async\" class=\"alignleft size-full wp-image-9858\" style=\"border: 0px;\" alt=\"130103_ap_kobler_a1_ap2_schnitte_kg_kopie\" src=\"http:\/\/www.kobler-margreid.com\/blog\/wp-content\/2013\/01\/130103_ap_kobler_a1_ap2_schnitte_kg_kopie.jpg\" width=\"530\" height=\"279\" srcset=\"https:\/\/www.kobler-margreid.com\/blog\/wp-content\/2013\/01\/130103_ap_kobler_a1_ap2_schnitte_kg_kopie.jpg 530w, https:\/\/www.kobler-margreid.com\/blog\/wp-content\/2013\/01\/130103_ap_kobler_a1_ap2_schnitte_kg_kopie-300x157.jpg 300w\" sizes=\"auto, (max-width: 530px) 100vw, 530px\" \/><\/a><\/p>\n<p>Als unsere Hofstelle gebaut wurde, war sie als das Wohnhaus und Betriebsgeb\u00e4ude eines mittleren S\u00fcdtiroler Obst- und Weinbauers geplant.\u00a0D.h. es sollten, wie es zu 90 % in unserer Gegend der Fall ist, Trauben und \u00c4pfel angebaut werden, deren Verarbeitung und Lagerung sollte aber in einer Genossenschaft oder durch einen H\u00e4ndler erfolgen.<\/p>\n<p><em>Quando \u00e8 stato costruito il nostro maso, esso doveva ospitare un&#8217;azienda fruttiviticola sudtirolese di medie dimensioni.\u00a0Si pensava, come succede in pi\u00f9 del 90 % dei casi in zona, alla coltivazione di mele ed uve, da trasformare e conservare in cooperative o presso commercianti.\u00a0<\/em><\/p>\n<p><!--more-->Als wir dann 2006 begannen, selbst zumindest einen Teil der Trauben zu verarbeiten, hat es begonnen enger zu werden: Im befahrbaren Keller, wo die landwirtschaftlichen Anh\u00e4nger standen und allerhand Betriebsmittel lagerten, haben Edelstahl- und Eichenholzf\u00e4sser sowie die Presse deren Platz eingenommen. Wo der Traktor stand, kam zwei Jahre sp\u00e4ter das k\u00fchlbare Flaschenlager hin und 2010 mussten sogar die Autos weichen, der Kost- und Verkaufsraum entstand n\u00e4mlich im Parterre.<\/p>\n<p><em>Quando nel 2006 abbiamo deciso di trasformare una parte delle nostre uve in vino, hanno comiciato i problemi con lo spazio: Nella cantina dotata di rampa d&#8217;accesso, dove prima stavono i rimorchi agricoli ed altri attrezzi, adesso stanno botti in inox e fusti di rovere oltre alla pressa. Dove era parcheggiato il trattore arriv\u00f2 due anni dopo la cella frigo per lo stoccaggio delle bottiglie e nel 2010 dovevano uscire anche le autovetture in quanto abbiamo costruito una sala per la degustazione e la vendita.<\/em><\/p>\n<p>Dass wir zus\u00e4tzlichen Platz brauchen, wurde uns letztlich immer klarer. Lange haben wir aber \u00fcberlegt, wo, wie gro\u00df und wie eingeteilt der zus\u00e4tzliche Raum sein sollte. Schnell fasste ich aber den Entschluss, dass ich keine neuen Fl\u00e4chen versiegeln wollte. Aus \u00dcberzeugung in erster Linie, aber auch weil ich als Urbanistikreferent meiner Gemeinde mit gutem Beispiel vorangehen sollte, wird der gesamt Zubau unterirdisch erfolgen. Die Reben des <em>Kotzners<\/em>, welche jetzt f\u00fcr den Bau gerodet wurden, werden im Mai in genau gleicher Anzahl an der gleichen Stelle wieder angepflanzt werden. Dem Beobachter wird diese Verdoppelung unserer Betriebsr\u00e4ume von au\u00dfen niemals auffallen. An den Innenraum hingegen werden hohe Anforderungen hinsichtlich der Funktion gestellt und nat\u00fcrlich wird auch auf eine passende architektonische Gestaltung Wert gelegt. Zu diesem Zweck habe ich wie schon beim <a href=\"http:\/\/www.kobler-margreid.com\/blog\/2010\/01\/08\/weinraum-kobler-das-abenteuer-beginnt-lavventura-comincia\/\" target=\"_blank\"><em>weinraum KOBLER<\/em><\/a>\u00a0die Architekten Theodor Gallmetzer und Lukas Mayr um ihre wertvolle Mitarbeit gebeten.<\/p>\n<p><em>La mancanza di spazio si \u00e8 fatta sentire sempre di pi\u00f9 ma abbiamo pensato a lungo dove, come e di che genere dovrebbe essere l&#8217;ampliamento. Molto pi\u00f9 velocemente ho invece deciso di non voler consumare altri terreni. L&#8217;intera espansione sar\u00e0 sotterranea; per convinzione ma anche per dare buon esempio come assessore per l&#8217;urbanistica del mio comune. Le viti del vigneto <\/em>Kotzner<em> che hanno dovute venire estirpate, saranno ripiantate in ugual numero nello stesso posto. Dall&#8217;esterno nessuno si accorger\u00e0 del duplicamento della superficie dedicata all&#8217;attivit\u00e0 aziendale. L&#8217;interno invece dovr\u00e0 essere il pi\u00f9 funzionale possibile e dovr\u00e0 tenere conto nello stesso momento anche di un&#8217;appropriata esecuzione architettonica. Per questo ho chiesto ai progettisti del <\/em><a href=\"http:\/\/www.kobler-margreid.com\/blog\/2010\/01\/08\/weinraum-kobler-das-abenteuer-beginnt-lavventura-comincia\/\" target=\"_blank\">weinraum KOBLER<\/a><em> Theodor Gallmetzer e Lukas Mayr\u00a0nuovamente il loro prezioso contributo.<\/em><\/p>\n<p><a href=\"http:\/\/www.kobler-margreid.com\/blog\/wp-content\/2013\/01\/130103_ap_kobler_a1_ap2_schnitte_kg1.jpg\" rel=\"lightbox[9857]\"><img loading=\"lazy\" decoding=\"async\" class=\"alignleft size-full wp-image-9868\" style=\"border: 0px;\" alt=\"130103_ap_kobler_a1_ap2_schnitte_kg\" src=\"http:\/\/www.kobler-margreid.com\/blog\/wp-content\/2013\/01\/130103_ap_kobler_a1_ap2_schnitte_kg1.jpg\" width=\"530\" height=\"279\" srcset=\"https:\/\/www.kobler-margreid.com\/blog\/wp-content\/2013\/01\/130103_ap_kobler_a1_ap2_schnitte_kg1.jpg 530w, https:\/\/www.kobler-margreid.com\/blog\/wp-content\/2013\/01\/130103_ap_kobler_a1_ap2_schnitte_kg1-300x157.jpg 300w\" sizes=\"auto, (max-width: 530px) 100vw, 530px\" \/><\/a><\/p>\n","protected":false},"excerpt":{"rendered":"<p>Als unsere Hofstelle gebaut wurde, war sie als das Wohnhaus und Betriebsgeb\u00e4ude eines mittleren S\u00fcdtiroler Obst- und Weinbauers geplant.\u00a0D.h. es sollten, wie es zu 90 % in unserer Gegend der Fall ist, Trauben und \u00c4pfel angebaut werden, deren Verarbeitung und &hellip; <a href=\"https:\/\/www.kobler-margreid.com\/blog\/blog\/2013\/01\/24\/in-die-tiefe_in-profondita\/\">Weiterlesen <span class=\"meta-nav\">&rarr;<\/span><\/a><\/p>\n","protected":false},"author":1,"featured_media":0,"comment_status":"open","ping_status":"open","sticky":false,"template":"","format":"standard","meta":{"ngg_post_thumbnail":0,"footnotes":"","_links_to":"","_links_to_target":""},"categories":[1198],"tags":[1381,1380,639,1187,1186,640],"class_list":["post-9857","post","type-post","status-publish","format-standard","hentry","category-bau-costruzione","tag-ampliamento-cantina","tag-kellererweiterung","tag-lukas-mayr","tag-progetto","tag-projekt","tag-theodor-gallmetzer"],"yoast_head":"<!-- This site is optimized with the Yoast SEO plugin v27.5 - https:\/\/yoast.com\/product\/yoast-seo-wordpress\/ -->\n<title>In die Tiefe \u2014 In profondit\u00e0 (1)  - weinhof KOBLER weblog<\/title>\n<meta name=\"robots\" content=\"index, follow, max-snippet:-1, max-image-preview:large, max-video-preview:-1\" \/>\n<link rel=\"canonical\" href=\"https:\/\/www.kobler-margreid.com\/blog\/blog\/2013\/01\/24\/in-die-tiefe_in-profondita\/\" \/>\n<meta property=\"og:locale\" content=\"de_DE\" \/>\n<meta property=\"og:type\" content=\"article\" \/>\n<meta property=\"og:title\" content=\"In die Tiefe \u2014 In profondit\u00e0 (1)  - weinhof KOBLER weblog\" \/>\n<meta property=\"og:description\" content=\"Als unsere Hofstelle gebaut wurde, war sie als das Wohnhaus und Betriebsgeb\u00e4ude eines mittleren S\u00fcdtiroler Obst- und Weinbauers geplant.\u00a0D.h. es sollten, wie es zu 90 % in unserer Gegend der Fall ist, Trauben und \u00c4pfel angebaut werden, deren Verarbeitung und &hellip; Weiterlesen &rarr;\" \/>\n<meta property=\"og:url\" content=\"https:\/\/www.kobler-margreid.com\/blog\/blog\/2013\/01\/24\/in-die-tiefe_in-profondita\/\" \/>\n<meta property=\"og:site_name\" content=\"weinhof KOBLER weblog\" \/>\n<meta property=\"article:publisher\" content=\"https:\/\/www.facebook.com\/armin.kobler\/\" \/>\n<meta property=\"article:author\" content=\"https:\/\/www.facebook.com\/armin.kobler\/\" \/>\n<meta property=\"article:published_time\" content=\"2013-01-23T23:40:27+00:00\" \/>\n<meta property=\"article:modified_time\" content=\"2014-06-04T12:08:46+00:00\" \/>\n<meta property=\"og:image\" content=\"http:\/\/www.kobler-margreid.com\/blog\/wp-content\/2013\/01\/130103_ap_kobler_a1_ap2_schnitte_kg_kopie.jpg\" \/>\n<meta name=\"author\" content=\"armin kobler\" \/>\n<meta name=\"twitter:card\" content=\"summary_large_image\" \/>\n<meta name=\"twitter:label1\" content=\"Verfasst von\" \/>\n\t<meta name=\"twitter:data1\" content=\"armin kobler\" \/>\n\t<meta name=\"twitter:label2\" content=\"Gesch\u00e4tzte Lesezeit\" \/>\n\t<meta name=\"twitter:data2\" content=\"3\u00a0Minuten\" \/>\n<script type=\"application\/ld+json\" class=\"yoast-schema-graph\">{\"@context\":\"https:\\\/\\\/schema.org\",\"@graph\":[{\"@type\":\"Article\",\"@id\":\"https:\\\/\\\/www.kobler-margreid.com\\\/blog\\\/blog\\\/2013\\\/01\\\/24\\\/in-die-tiefe_in-profondita\\\/#article\",\"isPartOf\":{\"@id\":\"https:\\\/\\\/www.kobler-margreid.com\\\/blog\\\/blog\\\/2013\\\/01\\\/24\\\/in-die-tiefe_in-profondita\\\/\"},\"author\":{\"name\":\"armin kobler\",\"@id\":\"https:\\\/\\\/www.kobler-margreid.com\\\/blog\\\/#\\\/schema\\\/person\\\/6a2290c17f680f59c1fa7e1c7a36df3a\"},\"headline\":\"In die Tiefe \u2014 In profondit\u00e0 (1)\",\"datePublished\":\"2013-01-23T23:40:27+00:00\",\"dateModified\":\"2014-06-04T12:08:46+00:00\",\"mainEntityOfPage\":{\"@id\":\"https:\\\/\\\/www.kobler-margreid.com\\\/blog\\\/blog\\\/2013\\\/01\\\/24\\\/in-die-tiefe_in-profondita\\\/\"},\"wordCount\":527,\"commentCount\":6,\"publisher\":{\"@id\":\"https:\\\/\\\/www.kobler-margreid.com\\\/blog\\\/#\\\/schema\\\/person\\\/6a2290c17f680f59c1fa7e1c7a36df3a\"},\"image\":{\"@id\":\"https:\\\/\\\/www.kobler-margreid.com\\\/blog\\\/blog\\\/2013\\\/01\\\/24\\\/in-die-tiefe_in-profondita\\\/#primaryimage\"},\"thumbnailUrl\":\"http:\\\/\\\/www.kobler-margreid.com\\\/blog\\\/wp-content\\\/2013\\\/01\\\/130103_ap_kobler_a1_ap2_schnitte_kg_kopie.jpg\",\"keywords\":[\"Ampliamento cantina\",\"Kellererweiterung\",\"Lukas Mayr\",\"Progetto\",\"Projekt\",\"Theodor Gallmetzer\"],\"articleSection\":[\"Bau - Costruzione\"],\"inLanguage\":\"de\",\"potentialAction\":[{\"@type\":\"CommentAction\",\"name\":\"Comment\",\"target\":[\"https:\\\/\\\/www.kobler-margreid.com\\\/blog\\\/blog\\\/2013\\\/01\\\/24\\\/in-die-tiefe_in-profondita\\\/#respond\"]}]},{\"@type\":\"WebPage\",\"@id\":\"https:\\\/\\\/www.kobler-margreid.com\\\/blog\\\/blog\\\/2013\\\/01\\\/24\\\/in-die-tiefe_in-profondita\\\/\",\"url\":\"https:\\\/\\\/www.kobler-margreid.com\\\/blog\\\/blog\\\/2013\\\/01\\\/24\\\/in-die-tiefe_in-profondita\\\/\",\"name\":\"In die Tiefe \u2014 In profondit\u00e0 (1) - weinhof KOBLER weblog\",\"isPartOf\":{\"@id\":\"https:\\\/\\\/www.kobler-margreid.com\\\/blog\\\/#website\"},\"primaryImageOfPage\":{\"@id\":\"https:\\\/\\\/www.kobler-margreid.com\\\/blog\\\/blog\\\/2013\\\/01\\\/24\\\/in-die-tiefe_in-profondita\\\/#primaryimage\"},\"image\":{\"@id\":\"https:\\\/\\\/www.kobler-margreid.com\\\/blog\\\/blog\\\/2013\\\/01\\\/24\\\/in-die-tiefe_in-profondita\\\/#primaryimage\"},\"thumbnailUrl\":\"http:\\\/\\\/www.kobler-margreid.com\\\/blog\\\/wp-content\\\/2013\\\/01\\\/130103_ap_kobler_a1_ap2_schnitte_kg_kopie.jpg\",\"datePublished\":\"2013-01-23T23:40:27+00:00\",\"dateModified\":\"2014-06-04T12:08:46+00:00\",\"breadcrumb\":{\"@id\":\"https:\\\/\\\/www.kobler-margreid.com\\\/blog\\\/blog\\\/2013\\\/01\\\/24\\\/in-die-tiefe_in-profondita\\\/#breadcrumb\"},\"inLanguage\":\"de\",\"potentialAction\":[{\"@type\":\"ReadAction\",\"target\":[\"https:\\\/\\\/www.kobler-margreid.com\\\/blog\\\/blog\\\/2013\\\/01\\\/24\\\/in-die-tiefe_in-profondita\\\/\"]}]},{\"@type\":\"ImageObject\",\"inLanguage\":\"de\",\"@id\":\"https:\\\/\\\/www.kobler-margreid.com\\\/blog\\\/blog\\\/2013\\\/01\\\/24\\\/in-die-tiefe_in-profondita\\\/#primaryimage\",\"url\":\"http:\\\/\\\/www.kobler-margreid.com\\\/blog\\\/wp-content\\\/2013\\\/01\\\/130103_ap_kobler_a1_ap2_schnitte_kg_kopie.jpg\",\"contentUrl\":\"http:\\\/\\\/www.kobler-margreid.com\\\/blog\\\/wp-content\\\/2013\\\/01\\\/130103_ap_kobler_a1_ap2_schnitte_kg_kopie.jpg\"},{\"@type\":\"BreadcrumbList\",\"@id\":\"https:\\\/\\\/www.kobler-margreid.com\\\/blog\\\/blog\\\/2013\\\/01\\\/24\\\/in-die-tiefe_in-profondita\\\/#breadcrumb\",\"itemListElement\":[{\"@type\":\"ListItem\",\"position\":1,\"name\":\"Startseite\",\"item\":\"https:\\\/\\\/www.kobler-margreid.com\\\/blog\\\/\"},{\"@type\":\"ListItem\",\"position\":2,\"name\":\"In die Tiefe \u2014 In profondit\u00e0 (1)\"}]},{\"@type\":\"WebSite\",\"@id\":\"https:\\\/\\\/www.kobler-margreid.com\\\/blog\\\/#website\",\"url\":\"https:\\\/\\\/www.kobler-margreid.com\\\/blog\\\/\",\"name\":\"weinhof KOBLER weblog\",\"description\":\"dem wein ganz nah \u2013 all&#039;interno del vino\",\"publisher\":{\"@id\":\"https:\\\/\\\/www.kobler-margreid.com\\\/blog\\\/#\\\/schema\\\/person\\\/6a2290c17f680f59c1fa7e1c7a36df3a\"},\"potentialAction\":[{\"@type\":\"SearchAction\",\"target\":{\"@type\":\"EntryPoint\",\"urlTemplate\":\"https:\\\/\\\/www.kobler-margreid.com\\\/blog\\\/?s={search_term_string}\"},\"query-input\":{\"@type\":\"PropertyValueSpecification\",\"valueRequired\":true,\"valueName\":\"search_term_string\"}}],\"inLanguage\":\"de\"},{\"@type\":[\"Person\",\"Organization\"],\"@id\":\"https:\\\/\\\/www.kobler-margreid.com\\\/blog\\\/#\\\/schema\\\/person\\\/6a2290c17f680f59c1fa7e1c7a36df3a\",\"name\":\"armin kobler\",\"image\":{\"@type\":\"ImageObject\",\"inLanguage\":\"de\",\"@id\":\"https:\\\/\\\/www.kobler-margreid.com\\\/blog\\\/wp-content\\\/2023\\\/11\\\/2012-05-08_09-33-03a.jpg\",\"url\":\"https:\\\/\\\/www.kobler-margreid.com\\\/blog\\\/wp-content\\\/2023\\\/11\\\/2012-05-08_09-33-03a.jpg\",\"contentUrl\":\"https:\\\/\\\/www.kobler-margreid.com\\\/blog\\\/wp-content\\\/2023\\\/11\\\/2012-05-08_09-33-03a.jpg\",\"width\":1088,\"height\":1184,\"caption\":\"armin kobler\"},\"logo\":{\"@id\":\"https:\\\/\\\/www.kobler-margreid.com\\\/blog\\\/wp-content\\\/2023\\\/11\\\/2012-05-08_09-33-03a.jpg\"},\"sameAs\":[\"http:\\\/\\\/www.kobler-margreid.com\",\"https:\\\/\\\/www.facebook.com\\\/armin.kobler\\\/\"],\"url\":\"https:\\\/\\\/www.kobler-margreid.com\\\/blog\\\/blog\\\/author\\\/admin\\\/\"}]}<\/script>\n<!-- \/ Yoast SEO plugin. -->","yoast_head_json":{"title":"In die Tiefe \u2014 In profondit\u00e0 (1)  - weinhof KOBLER weblog","robots":{"index":"index","follow":"follow","max-snippet":"max-snippet:-1","max-image-preview":"max-image-preview:large","max-video-preview":"max-video-preview:-1"},"canonical":"https:\/\/www.kobler-margreid.com\/blog\/blog\/2013\/01\/24\/in-die-tiefe_in-profondita\/","og_locale":"de_DE","og_type":"article","og_title":"In die Tiefe \u2014 In profondit\u00e0 (1)  - weinhof KOBLER weblog","og_description":"Als unsere Hofstelle gebaut wurde, war sie als das Wohnhaus und Betriebsgeb\u00e4ude eines mittleren S\u00fcdtiroler Obst- und Weinbauers geplant.\u00a0D.h. es sollten, wie es zu 90 % in unserer Gegend der Fall ist, Trauben und \u00c4pfel angebaut werden, deren Verarbeitung und &hellip; Weiterlesen &rarr;","og_url":"https:\/\/www.kobler-margreid.com\/blog\/blog\/2013\/01\/24\/in-die-tiefe_in-profondita\/","og_site_name":"weinhof KOBLER weblog","article_publisher":"https:\/\/www.facebook.com\/armin.kobler\/","article_author":"https:\/\/www.facebook.com\/armin.kobler\/","article_published_time":"2013-01-23T23:40:27+00:00","article_modified_time":"2014-06-04T12:08:46+00:00","og_image":[{"url":"http:\/\/www.kobler-margreid.com\/blog\/wp-content\/2013\/01\/130103_ap_kobler_a1_ap2_schnitte_kg_kopie.jpg","type":"","width":"","height":""}],"author":"armin kobler","twitter_card":"summary_large_image","twitter_misc":{"Verfasst von":"armin kobler","Gesch\u00e4tzte Lesezeit":"3\u00a0Minuten"},"schema":{"@context":"https:\/\/schema.org","@graph":[{"@type":"Article","@id":"https:\/\/www.kobler-margreid.com\/blog\/blog\/2013\/01\/24\/in-die-tiefe_in-profondita\/#article","isPartOf":{"@id":"https:\/\/www.kobler-margreid.com\/blog\/blog\/2013\/01\/24\/in-die-tiefe_in-profondita\/"},"author":{"name":"armin kobler","@id":"https:\/\/www.kobler-margreid.com\/blog\/#\/schema\/person\/6a2290c17f680f59c1fa7e1c7a36df3a"},"headline":"In die Tiefe \u2014 In profondit\u00e0 (1)","datePublished":"2013-01-23T23:40:27+00:00","dateModified":"2014-06-04T12:08:46+00:00","mainEntityOfPage":{"@id":"https:\/\/www.kobler-margreid.com\/blog\/blog\/2013\/01\/24\/in-die-tiefe_in-profondita\/"},"wordCount":527,"commentCount":6,"publisher":{"@id":"https:\/\/www.kobler-margreid.com\/blog\/#\/schema\/person\/6a2290c17f680f59c1fa7e1c7a36df3a"},"image":{"@id":"https:\/\/www.kobler-margreid.com\/blog\/blog\/2013\/01\/24\/in-die-tiefe_in-profondita\/#primaryimage"},"thumbnailUrl":"http:\/\/www.kobler-margreid.com\/blog\/wp-content\/2013\/01\/130103_ap_kobler_a1_ap2_schnitte_kg_kopie.jpg","keywords":["Ampliamento cantina","Kellererweiterung","Lukas Mayr","Progetto","Projekt","Theodor Gallmetzer"],"articleSection":["Bau - Costruzione"],"inLanguage":"de","potentialAction":[{"@type":"CommentAction","name":"Comment","target":["https:\/\/www.kobler-margreid.com\/blog\/blog\/2013\/01\/24\/in-die-tiefe_in-profondita\/#respond"]}]},{"@type":"WebPage","@id":"https:\/\/www.kobler-margreid.com\/blog\/blog\/2013\/01\/24\/in-die-tiefe_in-profondita\/","url":"https:\/\/www.kobler-margreid.com\/blog\/blog\/2013\/01\/24\/in-die-tiefe_in-profondita\/","name":"In die Tiefe \u2014 In profondit\u00e0 (1) - weinhof KOBLER weblog","isPartOf":{"@id":"https:\/\/www.kobler-margreid.com\/blog\/#website"},"primaryImageOfPage":{"@id":"https:\/\/www.kobler-margreid.com\/blog\/blog\/2013\/01\/24\/in-die-tiefe_in-profondita\/#primaryimage"},"image":{"@id":"https:\/\/www.kobler-margreid.com\/blog\/blog\/2013\/01\/24\/in-die-tiefe_in-profondita\/#primaryimage"},"thumbnailUrl":"http:\/\/www.kobler-margreid.com\/blog\/wp-content\/2013\/01\/130103_ap_kobler_a1_ap2_schnitte_kg_kopie.jpg","datePublished":"2013-01-23T23:40:27+00:00","dateModified":"2014-06-04T12:08:46+00:00","breadcrumb":{"@id":"https:\/\/www.kobler-margreid.com\/blog\/blog\/2013\/01\/24\/in-die-tiefe_in-profondita\/#breadcrumb"},"inLanguage":"de","potentialAction":[{"@type":"ReadAction","target":["https:\/\/www.kobler-margreid.com\/blog\/blog\/2013\/01\/24\/in-die-tiefe_in-profondita\/"]}]},{"@type":"ImageObject","inLanguage":"de","@id":"https:\/\/www.kobler-margreid.com\/blog\/blog\/2013\/01\/24\/in-die-tiefe_in-profondita\/#primaryimage","url":"http:\/\/www.kobler-margreid.com\/blog\/wp-content\/2013\/01\/130103_ap_kobler_a1_ap2_schnitte_kg_kopie.jpg","contentUrl":"http:\/\/www.kobler-margreid.com\/blog\/wp-content\/2013\/01\/130103_ap_kobler_a1_ap2_schnitte_kg_kopie.jpg"},{"@type":"BreadcrumbList","@id":"https:\/\/www.kobler-margreid.com\/blog\/blog\/2013\/01\/24\/in-die-tiefe_in-profondita\/#breadcrumb","itemListElement":[{"@type":"ListItem","position":1,"name":"Startseite","item":"https:\/\/www.kobler-margreid.com\/blog\/"},{"@type":"ListItem","position":2,"name":"In die Tiefe \u2014 In profondit\u00e0 (1)"}]},{"@type":"WebSite","@id":"https:\/\/www.kobler-margreid.com\/blog\/#website","url":"https:\/\/www.kobler-margreid.com\/blog\/","name":"weinhof KOBLER weblog","description":"dem wein ganz nah \u2013 all&#039;interno del vino","publisher":{"@id":"https:\/\/www.kobler-margreid.com\/blog\/#\/schema\/person\/6a2290c17f680f59c1fa7e1c7a36df3a"},"potentialAction":[{"@type":"SearchAction","target":{"@type":"EntryPoint","urlTemplate":"https:\/\/www.kobler-margreid.com\/blog\/?s={search_term_string}"},"query-input":{"@type":"PropertyValueSpecification","valueRequired":true,"valueName":"search_term_string"}}],"inLanguage":"de"},{"@type":["Person","Organization"],"@id":"https:\/\/www.kobler-margreid.com\/blog\/#\/schema\/person\/6a2290c17f680f59c1fa7e1c7a36df3a","name":"armin kobler","image":{"@type":"ImageObject","inLanguage":"de","@id":"https:\/\/www.kobler-margreid.com\/blog\/wp-content\/2023\/11\/2012-05-08_09-33-03a.jpg","url":"https:\/\/www.kobler-margreid.com\/blog\/wp-content\/2023\/11\/2012-05-08_09-33-03a.jpg","contentUrl":"https:\/\/www.kobler-margreid.com\/blog\/wp-content\/2023\/11\/2012-05-08_09-33-03a.jpg","width":1088,"height":1184,"caption":"armin kobler"},"logo":{"@id":"https:\/\/www.kobler-margreid.com\/blog\/wp-content\/2023\/11\/2012-05-08_09-33-03a.jpg"},"sameAs":["http:\/\/www.kobler-margreid.com","https:\/\/www.facebook.com\/armin.kobler\/"],"url":"https:\/\/www.kobler-margreid.com\/blog\/blog\/author\/admin\/"}]}},"_links":{"self":[{"href":"https:\/\/www.kobler-margreid.com\/blog\/wp-json\/wp\/v2\/posts\/9857","targetHints":{"allow":["GET"]}}],"collection":[{"href":"https:\/\/www.kobler-margreid.com\/blog\/wp-json\/wp\/v2\/posts"}],"about":[{"href":"https:\/\/www.kobler-margreid.com\/blog\/wp-json\/wp\/v2\/types\/post"}],"author":[{"embeddable":true,"href":"https:\/\/www.kobler-margreid.com\/blog\/wp-json\/wp\/v2\/users\/1"}],"replies":[{"embeddable":true,"href":"https:\/\/www.kobler-margreid.com\/blog\/wp-json\/wp\/v2\/comments?post=9857"}],"version-history":[{"count":0,"href":"https:\/\/www.kobler-margreid.com\/blog\/wp-json\/wp\/v2\/posts\/9857\/revisions"}],"wp:attachment":[{"href":"https:\/\/www.kobler-margreid.com\/blog\/wp-json\/wp\/v2\/media?parent=9857"}],"wp:term":[{"taxonomy":"category","embeddable":true,"href":"https:\/\/www.kobler-margreid.com\/blog\/wp-json\/wp\/v2\/categories?post=9857"},{"taxonomy":"post_tag","embeddable":true,"href":"https:\/\/www.kobler-margreid.com\/blog\/wp-json\/wp\/v2\/tags?post=9857"}],"curies":[{"name":"wp","href":"https:\/\/api.w.org\/{rel}","templated":true}]}}