{"id":990,"date":"2011-02-22T01:18:12","date_gmt":"2011-02-22T00:18:12","guid":{"rendered":"http:\/\/www.kobler-margreid.com\/blog\/?p=990"},"modified":"2021-03-30T21:24:47","modified_gmt":"2021-03-30T19:24:47","slug":"bag-in-box-wann-bricht-der-damm_e-giunta-la-svolta","status":"publish","type":"post","link":"https:\/\/www.kobler-margreid.com\/blog\/blog\/2011\/02\/22\/bag-in-box-wann-bricht-der-damm_e-giunta-la-svolta\/","title":{"rendered":"Bag in Box: Wann bricht der Damm? \u2014 \u00c8 giunta la svolta?"},"content":{"rendered":"<p><a href=\"http:\/\/www.seriousaboutwine.co.za\/?p=4654\"><img loading=\"lazy\" decoding=\"async\" class=\"float left alignleft size-full wp-image-5788\" style=\"border: 0pt none; margin: 0px 5px;\" title=\"vernissage-05\" src=\"http:\/\/www.kobler-margreid.com\/blog\/wp-content\/2011\/02\/vernissage-051.jpg\" alt=\"\" width=\"320\" height=\"320\" srcset=\"https:\/\/www.kobler-margreid.com\/blog\/wp-content\/2011\/02\/vernissage-051.jpg 420w, https:\/\/www.kobler-margreid.com\/blog\/wp-content\/2011\/02\/vernissage-051-150x150.jpg 150w, https:\/\/www.kobler-margreid.com\/blog\/wp-content\/2011\/02\/vernissage-051-300x300.jpg 300w\" sizes=\"auto, (max-width: 320px) 100vw, 320px\" \/><\/a><\/p>\n<p>Damit keine Zweifel aufkommen: Ich plane nicht, meine Weine demn\u00e4chst in anderen Beh\u00e4lterformen zu f\u00fcllen. Aber meine Einstellung zu alternativen Verpackungsarten hat sich letztlich schon ge\u00e4ndert. Eigentlich, das ist wichtig festzustellen, wurde der erste unvollst\u00e4ndige Entwurf dieses Artikels bereits im Dezember 2008 geschrieben. Denn damals bin ich auf die Seite von <a title=\"homepage von: hauswein.de\" href=\"http:\/\/www.hauswein.de\/uber-uns\/einfach-guter-wein\/\" target=\"_blank\" rel=\"noopener\">hauswein.de<\/a> gesto\u00dfen. Und das schlichte Design ihres Weinw\u00fcrfels hat es mir angetan, immer noch.<\/p>\n<p><em>Non che sorgano dubbi: non sto pensando a cambiare la tipologia dei miei contenitori. Per\u00f2 il mio atteggiamento circa un packaging alternativo \u00e8 cambiato ultimamente. In verit\u00e0, una bozza incompleta di questo articolo risala gi\u00e0 al dicembre 2008. Allora ho scoperto <\/em><a title=\"homepage von: hauswein.de\" href=\"http:\/\/www.hauswein.de\/uber-uns\/einfach-guter-wein\/\" target=\"_blank\" rel=\"noopener\"><em>hauswein.de<\/em><\/a><em> (letteralmente: vino di casa). Il disegno sobrio del cubo mi ha colpito e mi piace tuttora.<\/em><\/p>\n<p><em><!--more--><br \/><\/em><\/p>\n<p><a href=\"http:\/\/www.kobler-margreid.com\/blog\/wp-content\/2011\/02\/hauswein2.jpg\" rel=\"lightbox[990]\"><img loading=\"lazy\" decoding=\"async\" class=\"float left alignleft size-full wp-image-5800\" style=\"border: 0pt none; margin: 0px 5px;\" title=\"hauswein2\" src=\"http:\/\/www.kobler-margreid.com\/blog\/wp-content\/2011\/02\/hauswein2.jpg\" alt=\"\" width=\"320\" height=\"343\" srcset=\"https:\/\/www.kobler-margreid.com\/blog\/wp-content\/2011\/02\/hauswein2.jpg 509w, https:\/\/www.kobler-margreid.com\/blog\/wp-content\/2011\/02\/hauswein2-280x300.jpg 280w\" sizes=\"auto, (max-width: 320px) 100vw, 320px\" \/><\/a><\/p>\n<p>Dass die Qualit\u00e4t des eigentlichen Weines sich von der Art der Verpackung abgekoppelt hat, ist inzwischen Tatsache. Nat\u00fcrlich, in Italien verbindet man mit Bag in Box (BIB) und Tretrapack trotz gegenteiliger Versuche (<a href=\"http:\/\/www.intravino.com\/vino\/bag-in-box-io-vorrei-non-vorrei-ma-se-vuoi\/\" target=\"_blank\" rel=\"noopener\">1<\/a>,&nbsp;<a href=\"http:\/\/doktorfaustblog.blogspot.com\/2008\/08\/bag-in-box-in-vino-in-scatola.html\" target=\"_blank\" rel=\"noopener\">2<\/a>)&nbsp;immer noch in erster Linie den <a title=\"Tevernello Homepage\" href=\"http:\/\/www.tavernello.it\" target=\"_blank\" rel=\"noopener\">Tavernello<\/a>, den ich vor ein paar Tagen selbst verkosten durfte\/musste. Der gr\u00f6\u00dfte italienische Weinproduzent vinifiziert laut Eigenerkl\u00e4rung die Trauben von 6 % der nationalen Rebfl\u00e4che, was meiner Sch\u00e4tzung nach bei den f\u00fcr diese Stilistik angeneommenen Hektarertr\u00e4gen 10 % der italienischen Weinproduktion entsprechen d\u00fcrfte.<\/p>\n<p><em>\u00c8 un dato di fatto che la qualit\u00e0 interiore si \u00e8 ormai distaccata dalla tipologia del contenitore. Certo, in Italia<\/em><em> nonostante qualche sforzo (<a href=\"http:\/\/www.intravino.com\/vino\/bag-in-box-io-vorrei-non-vorrei-ma-se-vuoi\/\" target=\"_blank\" rel=\"noopener\">1<\/a>, <a href=\"http:\/\/doktorfaustblog.blogspot.com\/2008\/08\/bag-in-box-in-vino-in-scatola.html\" target=\"_blank\" rel=\"noopener\">2<\/a>)&nbsp;quando si nomina Bag in Box (BIB) e cartone si pensa comunemente al <\/em><a title=\"Tevernello Homepage\" href=\"http:\/\/www.tavernello.it\" target=\"_blank\" rel=\"noopener\"><em>Tavernello<\/em><\/a><em> che io stesso ho potuto\/dovuto assaggiare qualche giorno fa. Il pi\u00f9 grande produttore di vino italiano dice di vinificare le uve di 6 % della superficie nazionale. Ci\u00f3 secondo me dovrebbe corrispondere al 10 % della produzione nazionale di vino, vista la tipologia ed i rendimenti corrispondenti che suppongo.<\/em><\/p>\n<p>Daneben gibt es aber international gesehen immer mehr Hersteller (<a href=\"http:\/\/drunkenmonday.wordpress.com\/2010\/05\/23\/riesling-2-0-2009-fritzs-riesling\/\" target=\"_blank\" rel=\"noopener\">1<\/a>, <a href=\"http:\/\/wuertz-wein.de\/wordpress\/2010\/04\/20\/nackt-auf-der-box\/\" target=\"_blank\" rel=\"noopener\">2<\/a>, <a href=\"http:\/\/www.aboutboxedwine.com\/wine\/dtour-chardonnay\/\" target=\"_blank\" rel=\"noopener\">3<\/a>), welche Weine korrekter Qualit\u00e4t in diese Beh\u00e4lter, welche inzwischen alle m\u00f6glichen <a title=\"Beh\u00e4lterformen\" href=\"http:\/\/www.google.com\/images?q=Bag-in-Box+wine&amp;hl=de&amp;newwindow=1&amp;safe=off&amp;biw=1388&amp;bih=901&amp;tbs=isch:1,isz:m&amp;source=lnt&amp;sa=X&amp;ei=sophTa2UFcy2tge786HiCw&amp;ved=0CAgQpwUoAg\" target=\"_blank\" rel=\"noopener\">Formen<\/a> angenommen haben, abf\u00fcllen. Es bleibt also das Argument der \u00c4sthetik und der Tradition. Nun ja, in Skandinavien \u2014 sicherlich nicht die Wiege des Weinanbaus und dessen Genusses, aber warum sollte es ihnen auf ewig verwehrt bleiben? \u2014 wo diese Beh\u00e4lterart ein betr\u00e4chtliches Marktsegment abdeckt, ist es \u00fcblich, so las ich k\u00fcrzlich, in der K\u00fcche diesen so abgef\u00fcllten Wein in Kr\u00fcge oder&nbsp;<a title=\"Karaffe - Caraffa\" href=\"http:\/\/www.hauswein.de\/extras\/2\/\" target=\"_blank\" rel=\"noopener\">Karaffen<\/a> umzusch\u00fctten, welche dann am Tisch serviert werden. Also?<\/p>\n<p><em>Per\u00f2 soprattutto a livello internazionale ci sono sempre pi\u00f9 produttori (<a href=\"http:\/\/drunkenmonday.wordpress.com\/2010\/05\/23\/riesling-2-0-2009-fritzs-riesling\/\" target=\"_blank\" rel=\"noopener\">1<\/a>,&nbsp;<a href=\"http:\/\/wuertz-wein.de\/wordpress\/2010\/04\/20\/nackt-auf-der-box\/\" target=\"_blank\" rel=\"noopener\">2<\/a>,&nbsp;<a href=\"http:\/\/www.aboutboxedwine.com\/wine\/dtour-chardonnay\/\" target=\"_blank\" rel=\"noopener\">3<\/a>)&nbsp;che commercializzano dei vini di qualit\u00e0 corretta in questi contenitori dalle <a title=\"Beh\u00e4lterformen\" href=\"http:\/\/www.google.com\/images?q=Bag-in-Box+wine&amp;hl=de&amp;newwindow=1&amp;safe=off&amp;biw=1388&amp;bih=901&amp;tbs=isch:1,isz:m&amp;source=lnt&amp;sa=X&amp;ei=sophTa2UFcy2tge786HiCw&amp;ved=0CAgQpwUoAg\" target=\"_blank\" rel=\"noopener\">forme<\/a> ormai pi\u00f9 svariate. Resta allora l&#8217;argomento dell&#8217;estetica e della tradizione. In Scandinavia, certamente non la culla della viticoltura e della cultura enoica (devono restare per\u00f2 fuori in eterno?) il bag in box copre un bel po&#8216; del mercato del vino. L\u00ec \u00e8 consueto, cos\u00ec ho letto, versare in cucina questo vino in <a title=\"Karaffe - Caraffa\" href=\"http:\/\/www.hauswein.de\/extras\/2\/\" target=\"_blank\" rel=\"noopener\">caraffe<\/a> che vengono portate dopo al tavolo. Quindi?<\/em><\/p>\n<p>Und wie ist es mit dem Umweltaspekt, welchen CO2-Abdruck hinterlassen Bag in Box &amp; Co? <a href=\"http:\/\/www.treehugger.com\/files\/2009\/06\/wine-in-a-box.php\" target=\"_blank\" rel=\"noopener\">Pablo Paster<\/a> rechnet uns vor, dass der so abgef\u00fcllte Wein deutlich wenige Treibgase bis zum Konsum freisetzt. Also, rational gesehen, gibt es kaum mehr Gr\u00fcnde, den Weinen des t\u00e4glichen Konsums den Eintritt in der Bag in Box zu verwehren.&nbsp;<a href=\"http:\/\/www.seriousaboutwine.co.za\/?p=4654\" target=\"_blank\" rel=\"noopener\">Trendig<\/a> ist das Produkt in den eher au\u00dferhalb der (selbsternannten) Weinbaukernzonen allemal und Spa\u00df scheint es auch zu machen, wie man unten sehen kann. Fast so sehr wie <a href=\"http:\/\/www.1jour1vin.com\/fr\/landingpages\/usbwine\" target=\"_blank\" rel=\"noopener\">USB Wine<\/a>.<\/p>\n<p><em>E per l&#8217;ambiente? Quale impronta ecologia lascia l&#8217;utilizzo di questa tipologia di packaging? <\/em><a href=\"http:\/\/www.treehugger.com\/files\/2009\/06\/wine-in-a-box.php\" target=\"_blank\" rel=\"noopener\"><em>Pablo Paster<\/em><\/a><em> per esempio ci spiega come l&#8217;utilizzo del BIB libera meno gas responsabili del riscaldamento globale che non il vetro tradizionale. Quindi, dal punto di vista razionale non sembra che ci siano pi\u00f9 argomenti sufficienti per impedire al vino del consumo quotidiano di entrare nel BIB. Fuori dalle regioni centrali (autoproclamate) del vino comunque questo tipo di contenitore \u00e8 <a href=\"http:\/\/www.seriousaboutwine.co.za\/?p=4654\" target=\"_blank\" rel=\"noopener\">trendy<\/a> e diverte oltrettutto come si pu\u00f2 vedere sotto. Quasi come l&#8216;<a href=\"http:\/\/www.1jour1vin.com\/fr\/landingpages\/usbwine\" target=\"_blank\" rel=\"noopener\">USB Wine<\/a>.<\/em><\/p>\n\n\n<figure class=\"wp-block-embed is-type-video is-provider-youtube wp-block-embed-youtube wp-embed-aspect-4-3 wp-has-aspect-ratio\"><div class=\"wp-block-embed__wrapper\">\n<iframe loading=\"lazy\" title=\"DJ Tune feat. Orremannen - Bag in da Box\" width=\"584\" height=\"438\" src=\"https:\/\/www.youtube.com\/embed\/c2pmVwFryV8?feature=oembed\" frameborder=\"0\" allow=\"accelerometer; autoplay; clipboard-write; encrypted-media; gyroscope; picture-in-picture; web-share\" referrerpolicy=\"strict-origin-when-cross-origin\" allowfullscreen><\/iframe>\n<\/div><\/figure>\n","protected":false},"excerpt":{"rendered":"<p>Damit keine Zweifel aufkommen: Ich plane nicht, meine Weine demn\u00e4chst in anderen Beh\u00e4lterformen zu f\u00fcllen. Aber meine Einstellung zu alternativen Verpackungsarten hat sich letztlich schon ge\u00e4ndert. Eigentlich, das ist wichtig festzustellen, wurde der erste unvollst\u00e4ndige Entwurf dieses Artikels bereits im &hellip; <a href=\"https:\/\/www.kobler-margreid.com\/blog\/blog\/2011\/02\/22\/bag-in-box-wann-bricht-der-damm_e-giunta-la-svolta\/\">Weiterlesen <span class=\"meta-nav\">&rarr;<\/span><\/a><\/p>\n","protected":false},"author":1,"featured_media":0,"comment_status":"open","ping_status":"open","sticky":false,"template":"","format":"standard","meta":{"ngg_post_thumbnail":0,"footnotes":"","_links_to":"","_links_to_target":""},"categories":[855],"tags":[859,856,860,858,857],"class_list":["post-990","post","type-post","status-publish","format-standard","hentry","category-packaging","tag-alternative-verpackungsarten","tag-bag-in-box","tag-contenitori-alternativi","tag-scandinavia","tag-skandinavien"],"yoast_head":"<!-- This site is optimized with the Yoast SEO plugin v27.5 - https:\/\/yoast.com\/product\/yoast-seo-wordpress\/ -->\n<title>Bag in Box: Wann bricht der Damm? \u2014 \u00c8 giunta la svolta? - weinhof KOBLER weblog<\/title>\n<meta name=\"robots\" content=\"index, follow, max-snippet:-1, max-image-preview:large, max-video-preview:-1\" \/>\n<link rel=\"canonical\" href=\"https:\/\/www.kobler-margreid.com\/blog\/blog\/2011\/02\/22\/bag-in-box-wann-bricht-der-damm_e-giunta-la-svolta\/\" \/>\n<meta property=\"og:locale\" content=\"de_DE\" \/>\n<meta property=\"og:type\" content=\"article\" \/>\n<meta property=\"og:title\" content=\"Bag in Box: Wann bricht der Damm? \u2014 \u00c8 giunta la svolta? - weinhof KOBLER weblog\" \/>\n<meta property=\"og:description\" content=\"Damit keine Zweifel aufkommen: Ich plane nicht, meine Weine demn\u00e4chst in anderen Beh\u00e4lterformen zu f\u00fcllen. Aber meine Einstellung zu alternativen Verpackungsarten hat sich letztlich schon ge\u00e4ndert. Eigentlich, das ist wichtig festzustellen, wurde der erste unvollst\u00e4ndige Entwurf dieses Artikels bereits im &hellip; Weiterlesen &rarr;\" \/>\n<meta property=\"og:url\" content=\"https:\/\/www.kobler-margreid.com\/blog\/blog\/2011\/02\/22\/bag-in-box-wann-bricht-der-damm_e-giunta-la-svolta\/\" \/>\n<meta property=\"og:site_name\" content=\"weinhof KOBLER weblog\" \/>\n<meta property=\"article:publisher\" content=\"https:\/\/www.facebook.com\/armin.kobler\/\" \/>\n<meta property=\"article:author\" content=\"https:\/\/www.facebook.com\/armin.kobler\/\" \/>\n<meta property=\"article:published_time\" content=\"2011-02-22T00:18:12+00:00\" \/>\n<meta property=\"article:modified_time\" content=\"2021-03-30T19:24:47+00:00\" \/>\n<meta property=\"og:image\" content=\"http:\/\/www.kobler-margreid.com\/blog\/wp-content\/2011\/02\/vernissage-051.jpg\" \/>\n<meta name=\"author\" content=\"armin kobler\" \/>\n<meta name=\"twitter:card\" content=\"summary_large_image\" \/>\n<meta name=\"twitter:label1\" content=\"Verfasst von\" \/>\n\t<meta name=\"twitter:data1\" content=\"armin kobler\" \/>\n\t<meta name=\"twitter:label2\" content=\"Gesch\u00e4tzte Lesezeit\" \/>\n\t<meta name=\"twitter:data2\" content=\"3\u00a0Minuten\" \/>\n<script type=\"application\/ld+json\" class=\"yoast-schema-graph\">{\"@context\":\"https:\\\/\\\/schema.org\",\"@graph\":[{\"@type\":\"Article\",\"@id\":\"https:\\\/\\\/www.kobler-margreid.com\\\/blog\\\/blog\\\/2011\\\/02\\\/22\\\/bag-in-box-wann-bricht-der-damm_e-giunta-la-svolta\\\/#article\",\"isPartOf\":{\"@id\":\"https:\\\/\\\/www.kobler-margreid.com\\\/blog\\\/blog\\\/2011\\\/02\\\/22\\\/bag-in-box-wann-bricht-der-damm_e-giunta-la-svolta\\\/\"},\"author\":{\"name\":\"armin kobler\",\"@id\":\"https:\\\/\\\/www.kobler-margreid.com\\\/blog\\\/#\\\/schema\\\/person\\\/6a2290c17f680f59c1fa7e1c7a36df3a\"},\"headline\":\"Bag in Box: Wann bricht der Damm? \u2014 \u00c8 giunta la svolta?\",\"datePublished\":\"2011-02-22T00:18:12+00:00\",\"dateModified\":\"2021-03-30T19:24:47+00:00\",\"mainEntityOfPage\":{\"@id\":\"https:\\\/\\\/www.kobler-margreid.com\\\/blog\\\/blog\\\/2011\\\/02\\\/22\\\/bag-in-box-wann-bricht-der-damm_e-giunta-la-svolta\\\/\"},\"wordCount\":678,\"commentCount\":14,\"publisher\":{\"@id\":\"https:\\\/\\\/www.kobler-margreid.com\\\/blog\\\/#\\\/schema\\\/person\\\/6a2290c17f680f59c1fa7e1c7a36df3a\"},\"image\":{\"@id\":\"https:\\\/\\\/www.kobler-margreid.com\\\/blog\\\/blog\\\/2011\\\/02\\\/22\\\/bag-in-box-wann-bricht-der-damm_e-giunta-la-svolta\\\/#primaryimage\"},\"thumbnailUrl\":\"http:\\\/\\\/www.kobler-margreid.com\\\/blog\\\/wp-content\\\/2011\\\/02\\\/vernissage-051.jpg\",\"keywords\":[\"Alternative Verpackungsarten\",\"Bag in Box\",\"Contenitori alternativi\",\"Scandinavia\",\"Skandinavien\"],\"articleSection\":[\"Packaging\"],\"inLanguage\":\"de\",\"potentialAction\":[{\"@type\":\"CommentAction\",\"name\":\"Comment\",\"target\":[\"https:\\\/\\\/www.kobler-margreid.com\\\/blog\\\/blog\\\/2011\\\/02\\\/22\\\/bag-in-box-wann-bricht-der-damm_e-giunta-la-svolta\\\/#respond\"]}]},{\"@type\":\"WebPage\",\"@id\":\"https:\\\/\\\/www.kobler-margreid.com\\\/blog\\\/blog\\\/2011\\\/02\\\/22\\\/bag-in-box-wann-bricht-der-damm_e-giunta-la-svolta\\\/\",\"url\":\"https:\\\/\\\/www.kobler-margreid.com\\\/blog\\\/blog\\\/2011\\\/02\\\/22\\\/bag-in-box-wann-bricht-der-damm_e-giunta-la-svolta\\\/\",\"name\":\"Bag in Box: Wann bricht der Damm? \u2014 \u00c8 giunta la svolta? - weinhof KOBLER weblog\",\"isPartOf\":{\"@id\":\"https:\\\/\\\/www.kobler-margreid.com\\\/blog\\\/#website\"},\"primaryImageOfPage\":{\"@id\":\"https:\\\/\\\/www.kobler-margreid.com\\\/blog\\\/blog\\\/2011\\\/02\\\/22\\\/bag-in-box-wann-bricht-der-damm_e-giunta-la-svolta\\\/#primaryimage\"},\"image\":{\"@id\":\"https:\\\/\\\/www.kobler-margreid.com\\\/blog\\\/blog\\\/2011\\\/02\\\/22\\\/bag-in-box-wann-bricht-der-damm_e-giunta-la-svolta\\\/#primaryimage\"},\"thumbnailUrl\":\"http:\\\/\\\/www.kobler-margreid.com\\\/blog\\\/wp-content\\\/2011\\\/02\\\/vernissage-051.jpg\",\"datePublished\":\"2011-02-22T00:18:12+00:00\",\"dateModified\":\"2021-03-30T19:24:47+00:00\",\"breadcrumb\":{\"@id\":\"https:\\\/\\\/www.kobler-margreid.com\\\/blog\\\/blog\\\/2011\\\/02\\\/22\\\/bag-in-box-wann-bricht-der-damm_e-giunta-la-svolta\\\/#breadcrumb\"},\"inLanguage\":\"de\",\"potentialAction\":[{\"@type\":\"ReadAction\",\"target\":[\"https:\\\/\\\/www.kobler-margreid.com\\\/blog\\\/blog\\\/2011\\\/02\\\/22\\\/bag-in-box-wann-bricht-der-damm_e-giunta-la-svolta\\\/\"]}]},{\"@type\":\"ImageObject\",\"inLanguage\":\"de\",\"@id\":\"https:\\\/\\\/www.kobler-margreid.com\\\/blog\\\/blog\\\/2011\\\/02\\\/22\\\/bag-in-box-wann-bricht-der-damm_e-giunta-la-svolta\\\/#primaryimage\",\"url\":\"https:\\\/\\\/www.kobler-margreid.com\\\/blog\\\/wp-content\\\/2011\\\/02\\\/vernissage-051.jpg\",\"contentUrl\":\"https:\\\/\\\/www.kobler-margreid.com\\\/blog\\\/wp-content\\\/2011\\\/02\\\/vernissage-051.jpg\",\"width\":\"420\",\"height\":\"420\"},{\"@type\":\"BreadcrumbList\",\"@id\":\"https:\\\/\\\/www.kobler-margreid.com\\\/blog\\\/blog\\\/2011\\\/02\\\/22\\\/bag-in-box-wann-bricht-der-damm_e-giunta-la-svolta\\\/#breadcrumb\",\"itemListElement\":[{\"@type\":\"ListItem\",\"position\":1,\"name\":\"Startseite\",\"item\":\"https:\\\/\\\/www.kobler-margreid.com\\\/blog\\\/\"},{\"@type\":\"ListItem\",\"position\":2,\"name\":\"Bag in Box: Wann bricht der Damm? \u2014 \u00c8 giunta la svolta?\"}]},{\"@type\":\"WebSite\",\"@id\":\"https:\\\/\\\/www.kobler-margreid.com\\\/blog\\\/#website\",\"url\":\"https:\\\/\\\/www.kobler-margreid.com\\\/blog\\\/\",\"name\":\"weinhof KOBLER weblog\",\"description\":\"dem wein ganz nah \u2013 all&#039;interno del vino\",\"publisher\":{\"@id\":\"https:\\\/\\\/www.kobler-margreid.com\\\/blog\\\/#\\\/schema\\\/person\\\/6a2290c17f680f59c1fa7e1c7a36df3a\"},\"potentialAction\":[{\"@type\":\"SearchAction\",\"target\":{\"@type\":\"EntryPoint\",\"urlTemplate\":\"https:\\\/\\\/www.kobler-margreid.com\\\/blog\\\/?s={search_term_string}\"},\"query-input\":{\"@type\":\"PropertyValueSpecification\",\"valueRequired\":true,\"valueName\":\"search_term_string\"}}],\"inLanguage\":\"de\"},{\"@type\":[\"Person\",\"Organization\"],\"@id\":\"https:\\\/\\\/www.kobler-margreid.com\\\/blog\\\/#\\\/schema\\\/person\\\/6a2290c17f680f59c1fa7e1c7a36df3a\",\"name\":\"armin kobler\",\"image\":{\"@type\":\"ImageObject\",\"inLanguage\":\"de\",\"@id\":\"https:\\\/\\\/www.kobler-margreid.com\\\/blog\\\/wp-content\\\/2023\\\/11\\\/2012-05-08_09-33-03a.jpg\",\"url\":\"https:\\\/\\\/www.kobler-margreid.com\\\/blog\\\/wp-content\\\/2023\\\/11\\\/2012-05-08_09-33-03a.jpg\",\"contentUrl\":\"https:\\\/\\\/www.kobler-margreid.com\\\/blog\\\/wp-content\\\/2023\\\/11\\\/2012-05-08_09-33-03a.jpg\",\"width\":1088,\"height\":1184,\"caption\":\"armin kobler\"},\"logo\":{\"@id\":\"https:\\\/\\\/www.kobler-margreid.com\\\/blog\\\/wp-content\\\/2023\\\/11\\\/2012-05-08_09-33-03a.jpg\"},\"sameAs\":[\"http:\\\/\\\/www.kobler-margreid.com\",\"https:\\\/\\\/www.facebook.com\\\/armin.kobler\\\/\"],\"url\":\"https:\\\/\\\/www.kobler-margreid.com\\\/blog\\\/blog\\\/author\\\/admin\\\/\"}]}<\/script>\n<!-- \/ Yoast SEO plugin. -->","yoast_head_json":{"title":"Bag in Box: Wann bricht der Damm? \u2014 \u00c8 giunta la svolta? - weinhof KOBLER weblog","robots":{"index":"index","follow":"follow","max-snippet":"max-snippet:-1","max-image-preview":"max-image-preview:large","max-video-preview":"max-video-preview:-1"},"canonical":"https:\/\/www.kobler-margreid.com\/blog\/blog\/2011\/02\/22\/bag-in-box-wann-bricht-der-damm_e-giunta-la-svolta\/","og_locale":"de_DE","og_type":"article","og_title":"Bag in Box: Wann bricht der Damm? \u2014 \u00c8 giunta la svolta? - weinhof KOBLER weblog","og_description":"Damit keine Zweifel aufkommen: Ich plane nicht, meine Weine demn\u00e4chst in anderen Beh\u00e4lterformen zu f\u00fcllen. Aber meine Einstellung zu alternativen Verpackungsarten hat sich letztlich schon ge\u00e4ndert. Eigentlich, das ist wichtig festzustellen, wurde der erste unvollst\u00e4ndige Entwurf dieses Artikels bereits im &hellip; Weiterlesen &rarr;","og_url":"https:\/\/www.kobler-margreid.com\/blog\/blog\/2011\/02\/22\/bag-in-box-wann-bricht-der-damm_e-giunta-la-svolta\/","og_site_name":"weinhof KOBLER weblog","article_publisher":"https:\/\/www.facebook.com\/armin.kobler\/","article_author":"https:\/\/www.facebook.com\/armin.kobler\/","article_published_time":"2011-02-22T00:18:12+00:00","article_modified_time":"2021-03-30T19:24:47+00:00","og_image":[{"url":"http:\/\/www.kobler-margreid.com\/blog\/wp-content\/2011\/02\/vernissage-051.jpg","type":"","width":"","height":""}],"author":"armin kobler","twitter_card":"summary_large_image","twitter_misc":{"Verfasst von":"armin kobler","Gesch\u00e4tzte Lesezeit":"3\u00a0Minuten"},"schema":{"@context":"https:\/\/schema.org","@graph":[{"@type":"Article","@id":"https:\/\/www.kobler-margreid.com\/blog\/blog\/2011\/02\/22\/bag-in-box-wann-bricht-der-damm_e-giunta-la-svolta\/#article","isPartOf":{"@id":"https:\/\/www.kobler-margreid.com\/blog\/blog\/2011\/02\/22\/bag-in-box-wann-bricht-der-damm_e-giunta-la-svolta\/"},"author":{"name":"armin kobler","@id":"https:\/\/www.kobler-margreid.com\/blog\/#\/schema\/person\/6a2290c17f680f59c1fa7e1c7a36df3a"},"headline":"Bag in Box: Wann bricht der Damm? \u2014 \u00c8 giunta la svolta?","datePublished":"2011-02-22T00:18:12+00:00","dateModified":"2021-03-30T19:24:47+00:00","mainEntityOfPage":{"@id":"https:\/\/www.kobler-margreid.com\/blog\/blog\/2011\/02\/22\/bag-in-box-wann-bricht-der-damm_e-giunta-la-svolta\/"},"wordCount":678,"commentCount":14,"publisher":{"@id":"https:\/\/www.kobler-margreid.com\/blog\/#\/schema\/person\/6a2290c17f680f59c1fa7e1c7a36df3a"},"image":{"@id":"https:\/\/www.kobler-margreid.com\/blog\/blog\/2011\/02\/22\/bag-in-box-wann-bricht-der-damm_e-giunta-la-svolta\/#primaryimage"},"thumbnailUrl":"http:\/\/www.kobler-margreid.com\/blog\/wp-content\/2011\/02\/vernissage-051.jpg","keywords":["Alternative Verpackungsarten","Bag in Box","Contenitori alternativi","Scandinavia","Skandinavien"],"articleSection":["Packaging"],"inLanguage":"de","potentialAction":[{"@type":"CommentAction","name":"Comment","target":["https:\/\/www.kobler-margreid.com\/blog\/blog\/2011\/02\/22\/bag-in-box-wann-bricht-der-damm_e-giunta-la-svolta\/#respond"]}]},{"@type":"WebPage","@id":"https:\/\/www.kobler-margreid.com\/blog\/blog\/2011\/02\/22\/bag-in-box-wann-bricht-der-damm_e-giunta-la-svolta\/","url":"https:\/\/www.kobler-margreid.com\/blog\/blog\/2011\/02\/22\/bag-in-box-wann-bricht-der-damm_e-giunta-la-svolta\/","name":"Bag in Box: Wann bricht der Damm? \u2014 \u00c8 giunta la svolta? - weinhof KOBLER weblog","isPartOf":{"@id":"https:\/\/www.kobler-margreid.com\/blog\/#website"},"primaryImageOfPage":{"@id":"https:\/\/www.kobler-margreid.com\/blog\/blog\/2011\/02\/22\/bag-in-box-wann-bricht-der-damm_e-giunta-la-svolta\/#primaryimage"},"image":{"@id":"https:\/\/www.kobler-margreid.com\/blog\/blog\/2011\/02\/22\/bag-in-box-wann-bricht-der-damm_e-giunta-la-svolta\/#primaryimage"},"thumbnailUrl":"http:\/\/www.kobler-margreid.com\/blog\/wp-content\/2011\/02\/vernissage-051.jpg","datePublished":"2011-02-22T00:18:12+00:00","dateModified":"2021-03-30T19:24:47+00:00","breadcrumb":{"@id":"https:\/\/www.kobler-margreid.com\/blog\/blog\/2011\/02\/22\/bag-in-box-wann-bricht-der-damm_e-giunta-la-svolta\/#breadcrumb"},"inLanguage":"de","potentialAction":[{"@type":"ReadAction","target":["https:\/\/www.kobler-margreid.com\/blog\/blog\/2011\/02\/22\/bag-in-box-wann-bricht-der-damm_e-giunta-la-svolta\/"]}]},{"@type":"ImageObject","inLanguage":"de","@id":"https:\/\/www.kobler-margreid.com\/blog\/blog\/2011\/02\/22\/bag-in-box-wann-bricht-der-damm_e-giunta-la-svolta\/#primaryimage","url":"https:\/\/www.kobler-margreid.com\/blog\/wp-content\/2011\/02\/vernissage-051.jpg","contentUrl":"https:\/\/www.kobler-margreid.com\/blog\/wp-content\/2011\/02\/vernissage-051.jpg","width":"420","height":"420"},{"@type":"BreadcrumbList","@id":"https:\/\/www.kobler-margreid.com\/blog\/blog\/2011\/02\/22\/bag-in-box-wann-bricht-der-damm_e-giunta-la-svolta\/#breadcrumb","itemListElement":[{"@type":"ListItem","position":1,"name":"Startseite","item":"https:\/\/www.kobler-margreid.com\/blog\/"},{"@type":"ListItem","position":2,"name":"Bag in Box: Wann bricht der Damm? \u2014 \u00c8 giunta la svolta?"}]},{"@type":"WebSite","@id":"https:\/\/www.kobler-margreid.com\/blog\/#website","url":"https:\/\/www.kobler-margreid.com\/blog\/","name":"weinhof KOBLER weblog","description":"dem wein ganz nah \u2013 all&#039;interno del vino","publisher":{"@id":"https:\/\/www.kobler-margreid.com\/blog\/#\/schema\/person\/6a2290c17f680f59c1fa7e1c7a36df3a"},"potentialAction":[{"@type":"SearchAction","target":{"@type":"EntryPoint","urlTemplate":"https:\/\/www.kobler-margreid.com\/blog\/?s={search_term_string}"},"query-input":{"@type":"PropertyValueSpecification","valueRequired":true,"valueName":"search_term_string"}}],"inLanguage":"de"},{"@type":["Person","Organization"],"@id":"https:\/\/www.kobler-margreid.com\/blog\/#\/schema\/person\/6a2290c17f680f59c1fa7e1c7a36df3a","name":"armin kobler","image":{"@type":"ImageObject","inLanguage":"de","@id":"https:\/\/www.kobler-margreid.com\/blog\/wp-content\/2023\/11\/2012-05-08_09-33-03a.jpg","url":"https:\/\/www.kobler-margreid.com\/blog\/wp-content\/2023\/11\/2012-05-08_09-33-03a.jpg","contentUrl":"https:\/\/www.kobler-margreid.com\/blog\/wp-content\/2023\/11\/2012-05-08_09-33-03a.jpg","width":1088,"height":1184,"caption":"armin kobler"},"logo":{"@id":"https:\/\/www.kobler-margreid.com\/blog\/wp-content\/2023\/11\/2012-05-08_09-33-03a.jpg"},"sameAs":["http:\/\/www.kobler-margreid.com","https:\/\/www.facebook.com\/armin.kobler\/"],"url":"https:\/\/www.kobler-margreid.com\/blog\/blog\/author\/admin\/"}]}},"_links":{"self":[{"href":"https:\/\/www.kobler-margreid.com\/blog\/wp-json\/wp\/v2\/posts\/990","targetHints":{"allow":["GET"]}}],"collection":[{"href":"https:\/\/www.kobler-margreid.com\/blog\/wp-json\/wp\/v2\/posts"}],"about":[{"href":"https:\/\/www.kobler-margreid.com\/blog\/wp-json\/wp\/v2\/types\/post"}],"author":[{"embeddable":true,"href":"https:\/\/www.kobler-margreid.com\/blog\/wp-json\/wp\/v2\/users\/1"}],"replies":[{"embeddable":true,"href":"https:\/\/www.kobler-margreid.com\/blog\/wp-json\/wp\/v2\/comments?post=990"}],"version-history":[{"count":1,"href":"https:\/\/www.kobler-margreid.com\/blog\/wp-json\/wp\/v2\/posts\/990\/revisions"}],"predecessor-version":[{"id":19918,"href":"https:\/\/www.kobler-margreid.com\/blog\/wp-json\/wp\/v2\/posts\/990\/revisions\/19918"}],"wp:attachment":[{"href":"https:\/\/www.kobler-margreid.com\/blog\/wp-json\/wp\/v2\/media?parent=990"}],"wp:term":[{"taxonomy":"category","embeddable":true,"href":"https:\/\/www.kobler-margreid.com\/blog\/wp-json\/wp\/v2\/categories?post=990"},{"taxonomy":"post_tag","embeddable":true,"href":"https:\/\/www.kobler-margreid.com\/blog\/wp-json\/wp\/v2\/tags?post=990"}],"curies":[{"name":"wp","href":"https:\/\/api.w.org\/{rel}","templated":true}]}}