{"id":995,"date":"2008-12-26T16:09:38","date_gmt":"2008-12-26T14:09:38","guid":{"rendered":"http:\/\/www.kobler-margreid.com\/blog\/?p=995"},"modified":"2008-12-26T21:13:12","modified_gmt":"2008-12-26T19:13:12","slug":"weine-zum-weihnachtsessen-2008-am-weinhof-kobler","status":"publish","type":"post","link":"https:\/\/www.kobler-margreid.com\/blog\/blog\/2008\/12\/26\/weine-zum-weihnachtsessen-2008-am-weinhof-kobler\/","title":{"rendered":"Weine zum Weihnachtsessen 2008 am Weinhof Kobler"},"content":{"rendered":"<p><a href=\"http:\/\/www.kobler-margreid.com\/blog\/wp-content\/2008\/12\/2008-12-25_22-57-20.jpg\" rel=\"lightbox[995]\"><img loading=\"lazy\" decoding=\"async\" class=\"float left alignleft size-full wp-image-1028\" style=\"border: 0pt none; margin: 0px 5px;\" title=\"2008-12-25_22-57-20\" src=\"http:\/\/www.kobler-margreid.com\/blog\/wp-content\/2008\/12\/2008-12-25_22-57-20.jpg\" alt=\"2008-12-25_22-57-20\" width=\"336\" height=\"387\" srcset=\"https:\/\/www.kobler-margreid.com\/blog\/wp-content\/2008\/12\/2008-12-25_22-57-20.jpg 800w, https:\/\/www.kobler-margreid.com\/blog\/wp-content\/2008\/12\/2008-12-25_22-57-20-260x300.jpg 260w\" sizes=\"auto, (max-width: 336px) 100vw, 336px\" \/><\/a>Feiertage sind immer willkommene Momente, um wieder ohne lange zu z\u00f6gern in der Weinsammlung Platz f\u00fcr Neues zu schaffen. Das Aussuchen ist immer spannend. Diese Weine sollten nicht nur zu den Gerichten passen, sondern auch nicht ganz verblassen, wenn sie den Speisen, die Monika in gewohnter Qualit\u00e4t auf den Wohnzimmertisch zaubert, gegen\u00fcberstehen.<\/p>\n<p><!--more--><\/p>\n<p>Am Heiligen Abend gab es zuerst <em>Kartoffelcremesuppe mit Speckstreifen,<\/em> danach <em>Italienischen Salat mit verschiedenen Aufschnitten und K\u00e4se<\/em>, gefolgt von <em>Weihnachtsgeb\u00e4ck<\/em>. Zu ersteren G\u00e4ngen holte ich einen <em>Cahors AOC Prince Probus 2000<\/em> von <a title=\"HP von: Clos Triguedina\" href=\"http:\/\/www.jlbaldes.com\/catalog\/index2.php?language=fr\" target=\"_blank\">Clos Triguedina<\/a> aus dem Keller. Gekeltert aus der Sorte Malbec, erinnert dieser Wein &#8211; der Ausbau inzwischen im kleinen Holzfass tut sein \u00fcbriges &#8211; im Geruch deutlich an die Familie der anderen Bordeaux-Sorten. Trotz der angenehmen Reife hat er sich aber die deutlichen Brombeer-Aromen erhalten. Im Mund wiederholt sich die Typologie, wobei der Gerbstoff f\u00fcr eine deutliche Struktur ohne unn\u00f6tige sensorischen Verzierungen sorgt.<\/p>\n<p>Am Weihnachtstag wurde traditionell \u00fcppig aufgetischt: Zu den <em>gef\u00fcllten Lachsr\u00f6llchen auf Lollo-rosso-Blattsalat<\/em> wurde ein <em>Nosiola IGT 2007 Le Frate<\/em> von <a title=\"HP von: Az. Agr. Pravis\" href=\"http:\/\/www.pravis.it\/ger\/chisiamo.htm\" target=\"_blank\">Pravis<\/a> serviert. In der Nase etwas zur\u00fcckhaltend, aber mit sch\u00f6nen Ankl\u00e4ngen an getrocknetes Kernobst und einen dezenten Anflug von Holz. Die wahre St\u00e4rke pr\u00e4sentiert dieses Produkt aber im Mundgef\u00fchl, das \u00fcberaus harmonisch ist. Der Wein hat eine sch\u00f6ne F\u00fclle ohne pappig zu sein, er bleibt trinkig bis zuletzt. Das findet man nicht oft. Meines Erachtens verdient sich die Sorte mehr Beachtung &#8211; und nicht nur als Ausgangsmaterial f\u00fcr S\u00fc\u00dfweine. Aber vielleicht habe ich auch nur einen Top-Vertreter davon vorgefunden, noch wei\u00df ich es nicht\u00a0 genau.<\/p>\n<p>Dieser Wein blieb auf Grund des Zuspruchs auch noch bei der folgenden <em>Milzschnittensuppe<\/em> in den Gl\u00e4sern.<\/p>\n<p>Der <em>Wolfsbarsch in der Salzkruste mit geschmorten Tomaten<\/em> war nicht nur wegen der doch etwas exotischen Zubereitung sicher der kulinarische H\u00f6hepunkt des Mittagessens. Der Chardonnay <em>Pouilly-Fuiss\u00e9 AOC Les Perri\u00e8res 2004<\/em> der <a title=\"Winespectator: \u00dcbernahme von Ferret durch Jadot \" href=\"http:\/\/www.winespectator.com\/Wine\/Features\/0,1197,4461,00.html\" target=\"_blank\">Domaine J.A. Ferret<\/a> passte gl\u00fccklicherweise sehr gut dazu. Typisch klassisch franz\u00f6sisch, so sehe ich es zumindest, spielte dieser Klassiker seine Qualit\u00e4ten erst so richtig nach etwas Zeit im Glas aus. Nat\u00fcrlich von S\u00e4ureabbau und Holzausbau gepr\u00e4gt, dominieren trotzdem noch die sortentypischen, an tropische Fr\u00fcchte erinnernden Aromen. Im Mund eine angenehmen S\u00e4ure und ein dezenter Gerbstoffgehalt, welche im Duett den Mund angenehm &#8222;ausputzen&#8220;, wie man hierzulande in Weinkreisen sagt. Dass vier Jahre f\u00fcr diesen idealen Essensbegleiter kein Alter darstellen, muss nicht extra betont werden.<\/p>\n<p>Dulcis in fundo servierte Monika <em>Mandarinen-Halbefrorenes<\/em>. Davor, damit man den Wein auch noch mit sauberem Mund kosten und sch\u00e4tzen kann, schenkte ich einen <em>Eiswein Heideboden 2003<\/em> der Sorte Welschriesling, produziert von den <a title=\"HP von: Golser Wein\" href=\"http:\/\/www.golserwein.at\/deu\/frames\/index_mainpage.htm\" target=\"_blank\">Pannonischen Weing\u00e4rtner<\/a>, ein. Ich bin der Meinung, dass Eisweine generell etwas \u00fcberbewertet werden. Der Grund daf\u00fcr d\u00fcrfte in der exotischen und sicherlich aufw\u00e4ndigen und risikoreichen Herstellungsweise liegen. Sensorisch bieten aber im S\u00fc\u00dfweinbereich Trockenbeerenauslesen wegen des Botrytisbefalls deutlich mehr Komplexit\u00e4t. Auch wenn der getrunkene Dessertwein Anfl\u00fcge von Botrytiston hatte, bleibe ich vorerst bei meiner Meinung. Dass im Burgenland die S\u00fc\u00dfweinherstellung Tradition hat, merkt man deutlich: das Mundgef\u00fchl ist nicht nur von S\u00fc\u00dfe gepr\u00e4gt. Der Geschmack war wegen des gelungenen Zucker-S\u00e4ure-Verh\u00e4ltnisses die ganze restliche Zeit \u00fcber nie pappig.<\/p>\n<p>Gro\u00dfe Fehler scheine ich dieses Jahr bei der Auswahl der Weine nicht gemacht zu haben, bescheinigte mir Monika. Na dann&#8230;<\/p>\n","protected":false},"excerpt":{"rendered":"<p>Feiertage sind immer willkommene Momente, um wieder ohne lange zu z\u00f6gern in der Weinsammlung Platz f\u00fcr Neues zu schaffen. Das Aussuchen ist immer spannend. Diese Weine sollten nicht nur zu den Gerichten passen, sondern auch nicht ganz verblassen, wenn sie &hellip; <a href=\"https:\/\/www.kobler-margreid.com\/blog\/blog\/2008\/12\/26\/weine-zum-weihnachtsessen-2008-am-weinhof-kobler\/\">Weiterlesen <span class=\"meta-nav\">&rarr;<\/span><\/a><\/p>\n","protected":false},"author":1,"featured_media":0,"comment_status":"open","ping_status":"open","sticky":false,"template":"","format":"standard","meta":{"ngg_post_thumbnail":0,"footnotes":"","_links_to":"","_links_to_target":""},"categories":[16],"tags":[249,248,251,255,262,258,263,58,254,252,257,264,239,260],"class_list":["post-995","post","type-post","status-publish","format-standard","hentry","category-weinkost","tag-cahors-aoc","tag-clos-triguedina","tag-domaine-j-a-ferret","tag-eiswein","tag-heideboden","tag-le-frate","tag-les-perrieres","tag-nosiola","tag-pannonische-weingartner","tag-pouily-fuise-aoc","tag-pravis","tag-prince-probus","tag-weihnachtsessen","tag-welschriesling"],"yoast_head":"<!-- This site is optimized with the Yoast SEO plugin v27.5 - https:\/\/yoast.com\/product\/yoast-seo-wordpress\/ -->\n<title>Weine zum Weihnachtsessen 2008 am Weinhof Kobler - weinhof KOBLER weblog<\/title>\n<meta name=\"robots\" content=\"index, follow, max-snippet:-1, max-image-preview:large, max-video-preview:-1\" \/>\n<link rel=\"canonical\" href=\"https:\/\/www.kobler-margreid.com\/blog\/blog\/2008\/12\/26\/weine-zum-weihnachtsessen-2008-am-weinhof-kobler\/\" \/>\n<meta property=\"og:locale\" content=\"de_DE\" \/>\n<meta property=\"og:type\" content=\"article\" \/>\n<meta property=\"og:title\" content=\"Weine zum Weihnachtsessen 2008 am Weinhof Kobler - weinhof KOBLER weblog\" \/>\n<meta property=\"og:description\" content=\"Feiertage sind immer willkommene Momente, um wieder ohne lange zu z\u00f6gern in der Weinsammlung Platz f\u00fcr Neues zu schaffen. Das Aussuchen ist immer spannend. Diese Weine sollten nicht nur zu den Gerichten passen, sondern auch nicht ganz verblassen, wenn sie &hellip; Weiterlesen &rarr;\" \/>\n<meta property=\"og:url\" content=\"https:\/\/www.kobler-margreid.com\/blog\/blog\/2008\/12\/26\/weine-zum-weihnachtsessen-2008-am-weinhof-kobler\/\" \/>\n<meta property=\"og:site_name\" content=\"weinhof KOBLER weblog\" \/>\n<meta property=\"article:publisher\" content=\"https:\/\/www.facebook.com\/armin.kobler\/\" \/>\n<meta property=\"article:author\" content=\"https:\/\/www.facebook.com\/armin.kobler\/\" \/>\n<meta property=\"article:published_time\" content=\"2008-12-26T14:09:38+00:00\" \/>\n<meta property=\"article:modified_time\" content=\"2008-12-26T19:13:12+00:00\" \/>\n<meta property=\"og:image\" content=\"http:\/\/www.kobler-margreid.com\/blog\/wp-content\/2008\/12\/2008-12-25_22-57-20.jpg\" \/>\n<meta name=\"author\" content=\"armin kobler\" \/>\n<meta name=\"twitter:card\" content=\"summary_large_image\" \/>\n<meta name=\"twitter:label1\" content=\"Verfasst von\" \/>\n\t<meta name=\"twitter:data1\" content=\"armin kobler\" \/>\n\t<meta name=\"twitter:label2\" content=\"Gesch\u00e4tzte Lesezeit\" \/>\n\t<meta name=\"twitter:data2\" content=\"3\u00a0Minuten\" \/>\n<script type=\"application\/ld+json\" class=\"yoast-schema-graph\">{\"@context\":\"https:\\\/\\\/schema.org\",\"@graph\":[{\"@type\":\"Article\",\"@id\":\"https:\\\/\\\/www.kobler-margreid.com\\\/blog\\\/blog\\\/2008\\\/12\\\/26\\\/weine-zum-weihnachtsessen-2008-am-weinhof-kobler\\\/#article\",\"isPartOf\":{\"@id\":\"https:\\\/\\\/www.kobler-margreid.com\\\/blog\\\/blog\\\/2008\\\/12\\\/26\\\/weine-zum-weihnachtsessen-2008-am-weinhof-kobler\\\/\"},\"author\":{\"name\":\"armin kobler\",\"@id\":\"https:\\\/\\\/www.kobler-margreid.com\\\/blog\\\/#\\\/schema\\\/person\\\/6a2290c17f680f59c1fa7e1c7a36df3a\"},\"headline\":\"Weine zum Weihnachtsessen 2008 am Weinhof Kobler\",\"datePublished\":\"2008-12-26T14:09:38+00:00\",\"dateModified\":\"2008-12-26T19:13:12+00:00\",\"mainEntityOfPage\":{\"@id\":\"https:\\\/\\\/www.kobler-margreid.com\\\/blog\\\/blog\\\/2008\\\/12\\\/26\\\/weine-zum-weihnachtsessen-2008-am-weinhof-kobler\\\/\"},\"wordCount\":571,\"commentCount\":0,\"publisher\":{\"@id\":\"https:\\\/\\\/www.kobler-margreid.com\\\/blog\\\/#\\\/schema\\\/person\\\/6a2290c17f680f59c1fa7e1c7a36df3a\"},\"image\":{\"@id\":\"https:\\\/\\\/www.kobler-margreid.com\\\/blog\\\/blog\\\/2008\\\/12\\\/26\\\/weine-zum-weihnachtsessen-2008-am-weinhof-kobler\\\/#primaryimage\"},\"thumbnailUrl\":\"http:\\\/\\\/www.kobler-margreid.com\\\/blog\\\/wp-content\\\/2008\\\/12\\\/2008-12-25_22-57-20.jpg\",\"keywords\":[\"Cahors AOC\",\"Clos Triguedina\",\"Domaine J.-A. Ferret\",\"Eiswein\",\"Heideboden\",\"Le Frate\",\"Les Perri\u00e8res\",\"Nosiola\",\"Pannonische Weing\u00e4rtner\",\"Pouily-Fuis\u00e9 AOC\",\"Pravis\",\"Prince Probus\",\"Weihnachtsessen\",\"Welschriesling\"],\"articleSection\":[\"Weinkost - Degustazione\"],\"inLanguage\":\"de\",\"potentialAction\":[{\"@type\":\"CommentAction\",\"name\":\"Comment\",\"target\":[\"https:\\\/\\\/www.kobler-margreid.com\\\/blog\\\/blog\\\/2008\\\/12\\\/26\\\/weine-zum-weihnachtsessen-2008-am-weinhof-kobler\\\/#respond\"]}]},{\"@type\":\"WebPage\",\"@id\":\"https:\\\/\\\/www.kobler-margreid.com\\\/blog\\\/blog\\\/2008\\\/12\\\/26\\\/weine-zum-weihnachtsessen-2008-am-weinhof-kobler\\\/\",\"url\":\"https:\\\/\\\/www.kobler-margreid.com\\\/blog\\\/blog\\\/2008\\\/12\\\/26\\\/weine-zum-weihnachtsessen-2008-am-weinhof-kobler\\\/\",\"name\":\"Weine zum Weihnachtsessen 2008 am Weinhof Kobler - weinhof KOBLER weblog\",\"isPartOf\":{\"@id\":\"https:\\\/\\\/www.kobler-margreid.com\\\/blog\\\/#website\"},\"primaryImageOfPage\":{\"@id\":\"https:\\\/\\\/www.kobler-margreid.com\\\/blog\\\/blog\\\/2008\\\/12\\\/26\\\/weine-zum-weihnachtsessen-2008-am-weinhof-kobler\\\/#primaryimage\"},\"image\":{\"@id\":\"https:\\\/\\\/www.kobler-margreid.com\\\/blog\\\/blog\\\/2008\\\/12\\\/26\\\/weine-zum-weihnachtsessen-2008-am-weinhof-kobler\\\/#primaryimage\"},\"thumbnailUrl\":\"http:\\\/\\\/www.kobler-margreid.com\\\/blog\\\/wp-content\\\/2008\\\/12\\\/2008-12-25_22-57-20.jpg\",\"datePublished\":\"2008-12-26T14:09:38+00:00\",\"dateModified\":\"2008-12-26T19:13:12+00:00\",\"breadcrumb\":{\"@id\":\"https:\\\/\\\/www.kobler-margreid.com\\\/blog\\\/blog\\\/2008\\\/12\\\/26\\\/weine-zum-weihnachtsessen-2008-am-weinhof-kobler\\\/#breadcrumb\"},\"inLanguage\":\"de\",\"potentialAction\":[{\"@type\":\"ReadAction\",\"target\":[\"https:\\\/\\\/www.kobler-margreid.com\\\/blog\\\/blog\\\/2008\\\/12\\\/26\\\/weine-zum-weihnachtsessen-2008-am-weinhof-kobler\\\/\"]}]},{\"@type\":\"ImageObject\",\"inLanguage\":\"de\",\"@id\":\"https:\\\/\\\/www.kobler-margreid.com\\\/blog\\\/blog\\\/2008\\\/12\\\/26\\\/weine-zum-weihnachtsessen-2008-am-weinhof-kobler\\\/#primaryimage\",\"url\":\"http:\\\/\\\/www.kobler-margreid.com\\\/blog\\\/wp-content\\\/2008\\\/12\\\/2008-12-25_22-57-20.jpg\",\"contentUrl\":\"http:\\\/\\\/www.kobler-margreid.com\\\/blog\\\/wp-content\\\/2008\\\/12\\\/2008-12-25_22-57-20.jpg\"},{\"@type\":\"BreadcrumbList\",\"@id\":\"https:\\\/\\\/www.kobler-margreid.com\\\/blog\\\/blog\\\/2008\\\/12\\\/26\\\/weine-zum-weihnachtsessen-2008-am-weinhof-kobler\\\/#breadcrumb\",\"itemListElement\":[{\"@type\":\"ListItem\",\"position\":1,\"name\":\"Startseite\",\"item\":\"https:\\\/\\\/www.kobler-margreid.com\\\/blog\\\/\"},{\"@type\":\"ListItem\",\"position\":2,\"name\":\"Weine zum Weihnachtsessen 2008 am Weinhof Kobler\"}]},{\"@type\":\"WebSite\",\"@id\":\"https:\\\/\\\/www.kobler-margreid.com\\\/blog\\\/#website\",\"url\":\"https:\\\/\\\/www.kobler-margreid.com\\\/blog\\\/\",\"name\":\"weinhof KOBLER weblog\",\"description\":\"dem wein ganz nah \u2013 all&#039;interno del vino\",\"publisher\":{\"@id\":\"https:\\\/\\\/www.kobler-margreid.com\\\/blog\\\/#\\\/schema\\\/person\\\/6a2290c17f680f59c1fa7e1c7a36df3a\"},\"potentialAction\":[{\"@type\":\"SearchAction\",\"target\":{\"@type\":\"EntryPoint\",\"urlTemplate\":\"https:\\\/\\\/www.kobler-margreid.com\\\/blog\\\/?s={search_term_string}\"},\"query-input\":{\"@type\":\"PropertyValueSpecification\",\"valueRequired\":true,\"valueName\":\"search_term_string\"}}],\"inLanguage\":\"de\"},{\"@type\":[\"Person\",\"Organization\"],\"@id\":\"https:\\\/\\\/www.kobler-margreid.com\\\/blog\\\/#\\\/schema\\\/person\\\/6a2290c17f680f59c1fa7e1c7a36df3a\",\"name\":\"armin kobler\",\"image\":{\"@type\":\"ImageObject\",\"inLanguage\":\"de\",\"@id\":\"https:\\\/\\\/www.kobler-margreid.com\\\/blog\\\/wp-content\\\/2023\\\/11\\\/2012-05-08_09-33-03a.jpg\",\"url\":\"https:\\\/\\\/www.kobler-margreid.com\\\/blog\\\/wp-content\\\/2023\\\/11\\\/2012-05-08_09-33-03a.jpg\",\"contentUrl\":\"https:\\\/\\\/www.kobler-margreid.com\\\/blog\\\/wp-content\\\/2023\\\/11\\\/2012-05-08_09-33-03a.jpg\",\"width\":1088,\"height\":1184,\"caption\":\"armin kobler\"},\"logo\":{\"@id\":\"https:\\\/\\\/www.kobler-margreid.com\\\/blog\\\/wp-content\\\/2023\\\/11\\\/2012-05-08_09-33-03a.jpg\"},\"sameAs\":[\"http:\\\/\\\/www.kobler-margreid.com\",\"https:\\\/\\\/www.facebook.com\\\/armin.kobler\\\/\"],\"url\":\"https:\\\/\\\/www.kobler-margreid.com\\\/blog\\\/blog\\\/author\\\/admin\\\/\"}]}<\/script>\n<!-- \/ Yoast SEO plugin. -->","yoast_head_json":{"title":"Weine zum Weihnachtsessen 2008 am Weinhof Kobler - weinhof KOBLER weblog","robots":{"index":"index","follow":"follow","max-snippet":"max-snippet:-1","max-image-preview":"max-image-preview:large","max-video-preview":"max-video-preview:-1"},"canonical":"https:\/\/www.kobler-margreid.com\/blog\/blog\/2008\/12\/26\/weine-zum-weihnachtsessen-2008-am-weinhof-kobler\/","og_locale":"de_DE","og_type":"article","og_title":"Weine zum Weihnachtsessen 2008 am Weinhof Kobler - weinhof KOBLER weblog","og_description":"Feiertage sind immer willkommene Momente, um wieder ohne lange zu z\u00f6gern in der Weinsammlung Platz f\u00fcr Neues zu schaffen. Das Aussuchen ist immer spannend. Diese Weine sollten nicht nur zu den Gerichten passen, sondern auch nicht ganz verblassen, wenn sie &hellip; Weiterlesen &rarr;","og_url":"https:\/\/www.kobler-margreid.com\/blog\/blog\/2008\/12\/26\/weine-zum-weihnachtsessen-2008-am-weinhof-kobler\/","og_site_name":"weinhof KOBLER weblog","article_publisher":"https:\/\/www.facebook.com\/armin.kobler\/","article_author":"https:\/\/www.facebook.com\/armin.kobler\/","article_published_time":"2008-12-26T14:09:38+00:00","article_modified_time":"2008-12-26T19:13:12+00:00","og_image":[{"url":"http:\/\/www.kobler-margreid.com\/blog\/wp-content\/2008\/12\/2008-12-25_22-57-20.jpg","type":"","width":"","height":""}],"author":"armin kobler","twitter_card":"summary_large_image","twitter_misc":{"Verfasst von":"armin kobler","Gesch\u00e4tzte Lesezeit":"3\u00a0Minuten"},"schema":{"@context":"https:\/\/schema.org","@graph":[{"@type":"Article","@id":"https:\/\/www.kobler-margreid.com\/blog\/blog\/2008\/12\/26\/weine-zum-weihnachtsessen-2008-am-weinhof-kobler\/#article","isPartOf":{"@id":"https:\/\/www.kobler-margreid.com\/blog\/blog\/2008\/12\/26\/weine-zum-weihnachtsessen-2008-am-weinhof-kobler\/"},"author":{"name":"armin kobler","@id":"https:\/\/www.kobler-margreid.com\/blog\/#\/schema\/person\/6a2290c17f680f59c1fa7e1c7a36df3a"},"headline":"Weine zum Weihnachtsessen 2008 am Weinhof Kobler","datePublished":"2008-12-26T14:09:38+00:00","dateModified":"2008-12-26T19:13:12+00:00","mainEntityOfPage":{"@id":"https:\/\/www.kobler-margreid.com\/blog\/blog\/2008\/12\/26\/weine-zum-weihnachtsessen-2008-am-weinhof-kobler\/"},"wordCount":571,"commentCount":0,"publisher":{"@id":"https:\/\/www.kobler-margreid.com\/blog\/#\/schema\/person\/6a2290c17f680f59c1fa7e1c7a36df3a"},"image":{"@id":"https:\/\/www.kobler-margreid.com\/blog\/blog\/2008\/12\/26\/weine-zum-weihnachtsessen-2008-am-weinhof-kobler\/#primaryimage"},"thumbnailUrl":"http:\/\/www.kobler-margreid.com\/blog\/wp-content\/2008\/12\/2008-12-25_22-57-20.jpg","keywords":["Cahors AOC","Clos Triguedina","Domaine J.-A. Ferret","Eiswein","Heideboden","Le Frate","Les Perri\u00e8res","Nosiola","Pannonische Weing\u00e4rtner","Pouily-Fuis\u00e9 AOC","Pravis","Prince Probus","Weihnachtsessen","Welschriesling"],"articleSection":["Weinkost - Degustazione"],"inLanguage":"de","potentialAction":[{"@type":"CommentAction","name":"Comment","target":["https:\/\/www.kobler-margreid.com\/blog\/blog\/2008\/12\/26\/weine-zum-weihnachtsessen-2008-am-weinhof-kobler\/#respond"]}]},{"@type":"WebPage","@id":"https:\/\/www.kobler-margreid.com\/blog\/blog\/2008\/12\/26\/weine-zum-weihnachtsessen-2008-am-weinhof-kobler\/","url":"https:\/\/www.kobler-margreid.com\/blog\/blog\/2008\/12\/26\/weine-zum-weihnachtsessen-2008-am-weinhof-kobler\/","name":"Weine zum Weihnachtsessen 2008 am Weinhof Kobler - weinhof KOBLER weblog","isPartOf":{"@id":"https:\/\/www.kobler-margreid.com\/blog\/#website"},"primaryImageOfPage":{"@id":"https:\/\/www.kobler-margreid.com\/blog\/blog\/2008\/12\/26\/weine-zum-weihnachtsessen-2008-am-weinhof-kobler\/#primaryimage"},"image":{"@id":"https:\/\/www.kobler-margreid.com\/blog\/blog\/2008\/12\/26\/weine-zum-weihnachtsessen-2008-am-weinhof-kobler\/#primaryimage"},"thumbnailUrl":"http:\/\/www.kobler-margreid.com\/blog\/wp-content\/2008\/12\/2008-12-25_22-57-20.jpg","datePublished":"2008-12-26T14:09:38+00:00","dateModified":"2008-12-26T19:13:12+00:00","breadcrumb":{"@id":"https:\/\/www.kobler-margreid.com\/blog\/blog\/2008\/12\/26\/weine-zum-weihnachtsessen-2008-am-weinhof-kobler\/#breadcrumb"},"inLanguage":"de","potentialAction":[{"@type":"ReadAction","target":["https:\/\/www.kobler-margreid.com\/blog\/blog\/2008\/12\/26\/weine-zum-weihnachtsessen-2008-am-weinhof-kobler\/"]}]},{"@type":"ImageObject","inLanguage":"de","@id":"https:\/\/www.kobler-margreid.com\/blog\/blog\/2008\/12\/26\/weine-zum-weihnachtsessen-2008-am-weinhof-kobler\/#primaryimage","url":"http:\/\/www.kobler-margreid.com\/blog\/wp-content\/2008\/12\/2008-12-25_22-57-20.jpg","contentUrl":"http:\/\/www.kobler-margreid.com\/blog\/wp-content\/2008\/12\/2008-12-25_22-57-20.jpg"},{"@type":"BreadcrumbList","@id":"https:\/\/www.kobler-margreid.com\/blog\/blog\/2008\/12\/26\/weine-zum-weihnachtsessen-2008-am-weinhof-kobler\/#breadcrumb","itemListElement":[{"@type":"ListItem","position":1,"name":"Startseite","item":"https:\/\/www.kobler-margreid.com\/blog\/"},{"@type":"ListItem","position":2,"name":"Weine zum Weihnachtsessen 2008 am Weinhof Kobler"}]},{"@type":"WebSite","@id":"https:\/\/www.kobler-margreid.com\/blog\/#website","url":"https:\/\/www.kobler-margreid.com\/blog\/","name":"weinhof KOBLER weblog","description":"dem wein ganz nah \u2013 all&#039;interno del vino","publisher":{"@id":"https:\/\/www.kobler-margreid.com\/blog\/#\/schema\/person\/6a2290c17f680f59c1fa7e1c7a36df3a"},"potentialAction":[{"@type":"SearchAction","target":{"@type":"EntryPoint","urlTemplate":"https:\/\/www.kobler-margreid.com\/blog\/?s={search_term_string}"},"query-input":{"@type":"PropertyValueSpecification","valueRequired":true,"valueName":"search_term_string"}}],"inLanguage":"de"},{"@type":["Person","Organization"],"@id":"https:\/\/www.kobler-margreid.com\/blog\/#\/schema\/person\/6a2290c17f680f59c1fa7e1c7a36df3a","name":"armin kobler","image":{"@type":"ImageObject","inLanguage":"de","@id":"https:\/\/www.kobler-margreid.com\/blog\/wp-content\/2023\/11\/2012-05-08_09-33-03a.jpg","url":"https:\/\/www.kobler-margreid.com\/blog\/wp-content\/2023\/11\/2012-05-08_09-33-03a.jpg","contentUrl":"https:\/\/www.kobler-margreid.com\/blog\/wp-content\/2023\/11\/2012-05-08_09-33-03a.jpg","width":1088,"height":1184,"caption":"armin kobler"},"logo":{"@id":"https:\/\/www.kobler-margreid.com\/blog\/wp-content\/2023\/11\/2012-05-08_09-33-03a.jpg"},"sameAs":["http:\/\/www.kobler-margreid.com","https:\/\/www.facebook.com\/armin.kobler\/"],"url":"https:\/\/www.kobler-margreid.com\/blog\/blog\/author\/admin\/"}]}},"_links":{"self":[{"href":"https:\/\/www.kobler-margreid.com\/blog\/wp-json\/wp\/v2\/posts\/995","targetHints":{"allow":["GET"]}}],"collection":[{"href":"https:\/\/www.kobler-margreid.com\/blog\/wp-json\/wp\/v2\/posts"}],"about":[{"href":"https:\/\/www.kobler-margreid.com\/blog\/wp-json\/wp\/v2\/types\/post"}],"author":[{"embeddable":true,"href":"https:\/\/www.kobler-margreid.com\/blog\/wp-json\/wp\/v2\/users\/1"}],"replies":[{"embeddable":true,"href":"https:\/\/www.kobler-margreid.com\/blog\/wp-json\/wp\/v2\/comments?post=995"}],"version-history":[{"count":0,"href":"https:\/\/www.kobler-margreid.com\/blog\/wp-json\/wp\/v2\/posts\/995\/revisions"}],"wp:attachment":[{"href":"https:\/\/www.kobler-margreid.com\/blog\/wp-json\/wp\/v2\/media?parent=995"}],"wp:term":[{"taxonomy":"category","embeddable":true,"href":"https:\/\/www.kobler-margreid.com\/blog\/wp-json\/wp\/v2\/categories?post=995"},{"taxonomy":"post_tag","embeddable":true,"href":"https:\/\/www.kobler-margreid.com\/blog\/wp-json\/wp\/v2\/tags?post=995"}],"curies":[{"name":"wp","href":"https:\/\/api.w.org\/{rel}","templated":true}]}}